{"id":4407,"date":"2021-04-16T06:16:07","date_gmt":"2021-04-16T05:16:07","guid":{"rendered":"https:\/\/www.inforesidencias.com\/blog\/?p=4407"},"modified":"2021-10-21T12:49:22","modified_gmt":"2021-10-21T11:49:22","slug":"gafas-3d-en-mirador-de-mataro-y-los-cuidados-a-perros-senior","status":"publish","type":"post","link":"https:\/\/www.inforesidencias.com\/blog\/index.php\/2021\/04\/16\/gafas-3d-en-mirador-de-mataro-y-los-cuidados-a-perros-senior\/","title":{"rendered":"Gafas 3D en Mirador de Matar\u00f3 y los cuidados a perros senior"},"content":{"rendered":"\n<p><\/p>\n\n\n\n<p><\/p>\n\n\n\n<p>El <a href=\"https:\/\/www.estelfitxers.com\/audio\/2020-2021\/20210414-17_00ESGRANSERGRAN.MP3\" target=\"_blank\" rel=\"noreferrer noopener\">programa del mi\u00e9rcoles <\/a>de \u00ab\u00c9s gran ser gran\u00bb empez\u00f3 hablando de los videos del canal de youtube de inforesidencias en los que Josep de Marti nos muestra terapias y centros interesantes de los viajes geroasistenciales que realiza a muchos pa\u00edses europeos. Unos viajes que tienen como objetivo el aprendizaje para poder aplicarlo en nuestro pa\u00eds<\/p>\n\n\n\n<p>En la entrevista del mi\u00e9rcoles ,contamos con Laura Fernandez trabajadora social de la residencia <a href=\"https:\/\/www.inforesidencias.com\/centros\/residencia\/2459\/residencia-assistida-i-centre-de-dia-per-a-gent-gran-mirador-de-mataro\">Mirador de Matar\u00f3 <\/a>y con la psic\u00f3loga, Elsa Ortega. Con Laura, empezamos hablando sobre donde esta situada la residencia, cuantas plazas tiene y como esta distribuida. Y es que la residencia Mirador de Matar\u00f3 dispone de varias plantas, cada una orientada a dar el mejor servicio a un tipo de personas mayores. Adem\u00e1s, dispone de varias <a href=\"https:\/\/www.inforesidencias.com\/blog\/index.php\/2016\/07\/09\/aspectos-arquitectonicos-de-las-unidades-de-convivencia-en-residencias\/\">unidades de convivencia<\/a>, lo que hace que dentro de la residencia haya en \u00abpeque\u00f1as residencias\u00bb. Am\u00e9n de trabajadora social, Laura es tambi\u00e9n la coordinadora de los proyectos de vida. Una forma de trabajar en la residencia que junto con la atenci\u00f3n centrada en la persona buscan dar una atenci\u00f3n lo m\u00e1s cercana posible, a los gustos y preferencias de cada residente.<\/p>\n\n\n\n<p>Seguidamente hablamos con Elsa, quien como hemos explicado antes, es la psic\u00f3loga de la residencia. Con Elsa hicimos hincapi\u00e9 en la <a href=\"https:\/\/dependencia.info\/noticia\/4111\/sector\/unas-gafas-3d-que-son-una-puerta-al-mundo-en-la-residencia-mirador-de-mataro.html\">terapia con gafas <\/a><a href=\"https:\/\/dependencia.info\/noticia\/4111\/sector\/unas-gafas-3d-que-son-una-puerta-al-mundo-en-la-residencia-mirador-de-mataro.html\" target=\"_blank\" rel=\"noreferrer noopener\">3D <\/a>que llevan ya unos meses haciendo. Nos explic\u00f3 de donde surgi\u00f3 la idea de empezar a usarlas y en que consiste. Asimismo nos dijo como se sienten los residentes al ponerse esas gafas y que beneficios tiene para ellos. Por descontado, tuvimos en cuenta en cuenta que no todos las personas que viven en Mirador de Matar\u00f3 pueden participar debido a su estado cognitivo. No obstante, est\u00e1n muy contentos con los resultados.<\/p>\n\n\n\n<div class=\"wp-block-image\"><figure class=\"alignleft size-large is-resized\"><img decoding=\"async\" loading=\"lazy\" src=\"https:\/\/www.inforesidencias.com\/blog\/wp-content\/uploads\/2021\/02\/voluntariaado-en-residencias.png\" alt=\"\" class=\"wp-image-4099\" width=\"306\" height=\"247\" srcset=\"https:\/\/www.inforesidencias.com\/blog\/wp-content\/uploads\/2021\/02\/voluntariaado-en-residencias.png 400w, https:\/\/www.inforesidencias.com\/blog\/wp-content\/uploads\/2021\/02\/voluntariaado-en-residencias-300x242.png 300w\" sizes=\"(max-width: 306px) 100vw, 306px\" \/><\/figure><\/div>\n\n\n\n<p>En la secci\u00f3n de la <a href=\"https:\/\/www.inforesidencias.com\/bolsa\/ofertas-de-trabajo\">bolsa de emple<\/a><a href=\"https:\/\/www.inforesidencias.com\/bolsa\/ofertas-de-trabajo\" target=\"_blank\" rel=\"noreferrer noopener\">o<\/a>, hablamos de preguntas para hacer o temas a tener en cuenta cuando estemos en una residencia de mayores haciendo una entrevista de trabajo. Finalmente en la consulta del trabajador social, a ra\u00edz de la pregunta de un oyente, hablamos sobre la discapacidad, como tramitarla y que beneficios puede tener a nivel administrativo y tributario, por ejemplo.<\/p>\n\n\n\n<p>Al d\u00eda siguiente, dimos inicio al <a href=\"https:\/\/www.estelfitxers.com\/audio\/2020-2021\/20210415-17_00ESGRANSERGRAN.MP3\" target=\"_blank\" rel=\"noreferrer noopener\">programa del jueves<\/a> charlando sobre la silver economy y las personas senior,<a href=\"https:\/\/www.inforesidencias.com\/blog\/index.php\/2020\/02\/07\/residencias-de-mayores-llenas-y-el-cambio-en-la-tercera-edad\/\"> temas de los que que ya hablamos largo y tendido hace un tiempo<\/a>. No obstante, este tema fue la excusa para introducir el tema sobre el que girar\u00eda la entrevista del d\u00eda.<\/p>\n\n\n\n<p>Y es que el jueves entrevistamos a <a href=\"https:\/\/www.annareixach.com\/\">Anna Reixach, educadora, fisioterapeuta y acupuntora canina<\/a>. El objetivo de entrevistar a Anna fue hablar sobre los cuidados de los perros senior. Empezamos hablando de la alimentaci\u00f3n, de los tipos que hay y de los suplementos. Todo un mundo en si mismo del que solo pudimos descubrir un poquito. Seguidamente, hablamos de dolencias propias y t\u00edpicas de los perros senior y de como tratarlas. Acabamos con algunos consejos para poder hacer desde casa nosotros mismos si nuestro perro tiene alg\u00fan problemilla f\u00edsico, aunque siempre lo mejor es llevarlo a un profesional como Anna.<\/p>\n\n\n\n<p>En la recta final del programa, en la consulta del trabajador social, abordamos el sentimiento de culpa cuando alguien piensa que lo mejor para un ser querido es que vaya a vivir a una residencia. Carles dio su punto de vista de porqu\u00e9 tenemos este sentimiento y de como paliarlo si realmente se decide que la residencia es la mejor opci\u00f3n.<\/p>\n","protected":false},"excerpt":{"rendered":"<p>El programa del mi\u00e9rcoles de \u00ab\u00c9s gran ser gran\u00bb empez\u00f3 hablando de los videos del canal de youtube de inforesidencias en los que Josep de Marti nos muestra terapias y centros interesantes de los viajes geroasistenciales que realiza a muchos pa\u00edses europeos. Unos viajes que tienen como objetivo el aprendizaje para poder aplicarlo en nuestro pa\u00eds En la entrevista del mi\u00e9rcoles ,contamos con Laura Fernandez trabajadora social de la residencia Mirador de Matar\u00f3 y con la psic\u00f3loga, Elsa Ortega. Con Laura, empezamos hablando sobre donde esta situada la residencia, cuantas plazas tiene y como esta distribuida. Y es que la residencia Mirador de Matar\u00f3 dispone de varias plantas, cada una orientada a dar el mejor servicio a un tipo de personas mayores. Adem\u00e1s, dispone de varias unidades de convivencia, lo que hace que dentro de la residencia haya en \u00abpeque\u00f1as residencias\u00bb. Am\u00e9n de trabajadora social, Laura es tambi\u00e9n la coordinadora [&hellip;]<\/p>\n","protected":false},"author":2,"featured_media":4099,"comment_status":"open","ping_status":"open","sticky":false,"template":"","format":"standard","meta":{"footnotes":""},"categories":[1],"tags":[],"yoast_head":"<!-- This site is optimized with the Yoast SEO plugin v21.7 - https:\/\/yoast.com\/wordpress\/plugins\/seo\/ -->\n<title>Gafas 3D en Mirador de Matar\u00f3 y los cuidados a perros senior - Blog Inforesidencias.com<\/title>\n<meta name=\"description\" content=\"Hablamos con profesionales de la residencia de mayores el Mirador de Matar\u00f3 y con Anna Reixach, educadora, fisioterapeuta y acupuntora canina\" \/>\n<meta name=\"robots\" content=\"index, follow, max-snippet:-1, max-image-preview:large, max-video-preview:-1\" \/>\n<link rel=\"canonical\" href=\"https:\/\/www.inforesidencias.com\/blog\/index.php\/2021\/04\/16\/gafas-3d-en-mirador-de-mataro-y-los-cuidados-a-perros-senior\/\" \/>\n<meta property=\"og:locale\" content=\"es_ES\" \/>\n<meta property=\"og:type\" content=\"article\" \/>\n<meta property=\"og:title\" content=\"Gafas 3D en Mirador de Matar\u00f3 y los cuidados a perros senior - Blog Inforesidencias.com\" \/>\n<meta property=\"og:description\" content=\"Hablamos con profesionales de la residencia de mayores el Mirador de Matar\u00f3 y con Anna Reixach, educadora, fisioterapeuta y acupuntora canina\" \/>\n<meta property=\"og:url\" content=\"https:\/\/www.inforesidencias.com\/blog\/index.php\/2021\/04\/16\/gafas-3d-en-mirador-de-mataro-y-los-cuidados-a-perros-senior\/\" \/>\n<meta property=\"og:site_name\" content=\"Blog Inforesidencias.com\" \/>\n<meta property=\"article:publisher\" content=\"https:\/\/www.facebook.com\/Inforesidencias\/\" \/>\n<meta property=\"article:author\" content=\"https:\/\/www.facebook.com\/josep.demarti\" \/>\n<meta property=\"article:published_time\" content=\"2021-04-16T05:16:07+00:00\" \/>\n<meta property=\"article:modified_time\" content=\"2021-10-21T11:49:22+00:00\" \/>\n<meta property=\"og:image\" content=\"https:\/\/www.inforesidencias.com\/blog\/wp-content\/uploads\/2021\/02\/voluntariaado-en-residencias.png\" \/>\n\t<meta property=\"og:image:width\" content=\"400\" \/>\n\t<meta property=\"og:image:height\" content=\"322\" \/>\n\t<meta property=\"og:image:type\" content=\"image\/png\" \/>\n<meta name=\"author\" content=\"Josep de Mart\u00ed\" \/>\n<meta name=\"twitter:card\" content=\"summary_large_image\" \/>\n<meta name=\"twitter:creator\" content=\"@blog-ir\" \/>\n<meta name=\"twitter:site\" content=\"@inforesidencias\" \/>\n<meta name=\"twitter:label1\" content=\"Escrito por\" \/>\n\t<meta name=\"twitter:data1\" content=\"Josep de Mart\u00ed\" \/>\n\t<meta name=\"twitter:label2\" content=\"Tiempo de lectura\" \/>\n\t<meta name=\"twitter:data2\" content=\"3 minutos\" \/>\n<script type=\"application\/ld+json\" class=\"yoast-schema-graph\">{\"@context\":\"https:\/\/schema.org\",\"@graph\":[{\"@type\":\"WebPage\",\"@id\":\"https:\/\/www.inforesidencias.com\/blog\/index.php\/2021\/04\/16\/gafas-3d-en-mirador-de-mataro-y-los-cuidados-a-perros-senior\/\",\"url\":\"https:\/\/www.inforesidencias.com\/blog\/index.php\/2021\/04\/16\/gafas-3d-en-mirador-de-mataro-y-los-cuidados-a-perros-senior\/\",\"name\":\"Gafas 3D en Mirador de Matar\u00f3 y los cuidados a perros senior - Blog Inforesidencias.com\",\"isPartOf\":{\"@id\":\"https:\/\/www.inforesidencias.com\/blog\/#website\"},\"datePublished\":\"2021-04-16T05:16:07+00:00\",\"dateModified\":\"2021-10-21T11:49:22+00:00\",\"author\":{\"@id\":\"https:\/\/www.inforesidencias.com\/blog\/#\/schema\/person\/9e146774d1eb3bc1c0316242a3898628\"},\"description\":\"Hablamos con profesionales de la residencia de mayores el Mirador de Matar\u00f3 y con Anna Reixach, educadora, fisioterapeuta y acupuntora canina\",\"breadcrumb\":{\"@id\":\"https:\/\/www.inforesidencias.com\/blog\/index.php\/2021\/04\/16\/gafas-3d-en-mirador-de-mataro-y-los-cuidados-a-perros-senior\/#breadcrumb\"},\"inLanguage\":\"es\",\"potentialAction\":[{\"@type\":\"ReadAction\",\"target\":[\"https:\/\/www.inforesidencias.com\/blog\/index.php\/2021\/04\/16\/gafas-3d-en-mirador-de-mataro-y-los-cuidados-a-perros-senior\/\"]}]},{\"@type\":\"BreadcrumbList\",\"@id\":\"https:\/\/www.inforesidencias.com\/blog\/index.php\/2021\/04\/16\/gafas-3d-en-mirador-de-mataro-y-los-cuidados-a-perros-senior\/#breadcrumb\",\"itemListElement\":[{\"@type\":\"ListItem\",\"position\":1,\"name\":\"Home\",\"item\":\"https:\/\/www.inforesidencias.com\/blog\/\"},{\"@type\":\"ListItem\",\"position\":2,\"name\":\"Gafas 3D en Mirador de Matar\u00f3 y los cuidados a perros senior\"}]},{\"@type\":\"WebSite\",\"@id\":\"https:\/\/www.inforesidencias.com\/blog\/#website\",\"url\":\"https:\/\/www.inforesidencias.com\/blog\/\",\"name\":\"Blog Inforesidencias.com\",\"description\":\"El buscador de residencias de la 3\u00aa edad\",\"potentialAction\":[{\"@type\":\"SearchAction\",\"target\":{\"@type\":\"EntryPoint\",\"urlTemplate\":\"https:\/\/www.inforesidencias.com\/blog\/?s={search_term_string}\"},\"query-input\":\"required name=search_term_string\"}],\"inLanguage\":\"es\"},{\"@type\":\"Person\",\"@id\":\"https:\/\/www.inforesidencias.com\/blog\/#\/schema\/person\/9e146774d1eb3bc1c0316242a3898628\",\"name\":\"Josep de Mart\u00ed\",\"image\":{\"@type\":\"ImageObject\",\"inLanguage\":\"es\",\"@id\":\"https:\/\/www.inforesidencias.com\/blog\/#\/schema\/person\/image\/\",\"url\":\"https:\/\/secure.gravatar.com\/avatar\/de0302c4806c00c4cebff396a798c1ff?s=96&d=mm&r=g\",\"contentUrl\":\"https:\/\/secure.gravatar.com\/avatar\/de0302c4806c00c4cebff396a798c1ff?s=96&d=mm&r=g\",\"caption\":\"Josep de Mart\u00ed\"},\"sameAs\":[\"https:\/\/www.inforesidencias.com\",\"https:\/\/www.facebook.com\/josep.demarti\",\"https:\/\/twitter.com\/blog-ir\"],\"url\":\"https:\/\/www.inforesidencias.com\/blog\/index.php\/author\/josepdemarti\/\"}]}<\/script>\n<!-- \/ Yoast SEO plugin. -->","yoast_head_json":{"title":"Gafas 3D en Mirador de Matar\u00f3 y los cuidados a perros senior - Blog Inforesidencias.com","description":"Hablamos con profesionales de la residencia de mayores el Mirador de Matar\u00f3 y con Anna Reixach, educadora, fisioterapeuta y acupuntora canina","robots":{"index":"index","follow":"follow","max-snippet":"max-snippet:-1","max-image-preview":"max-image-preview:large","max-video-preview":"max-video-preview:-1"},"canonical":"https:\/\/www.inforesidencias.com\/blog\/index.php\/2021\/04\/16\/gafas-3d-en-mirador-de-mataro-y-los-cuidados-a-perros-senior\/","og_locale":"es_ES","og_type":"article","og_title":"Gafas 3D en Mirador de Matar\u00f3 y los cuidados a perros senior - Blog Inforesidencias.com","og_description":"Hablamos con profesionales de la residencia de mayores el Mirador de Matar\u00f3 y con Anna Reixach, educadora, fisioterapeuta y acupuntora canina","og_url":"https:\/\/www.inforesidencias.com\/blog\/index.php\/2021\/04\/16\/gafas-3d-en-mirador-de-mataro-y-los-cuidados-a-perros-senior\/","og_site_name":"Blog Inforesidencias.com","article_publisher":"https:\/\/www.facebook.com\/Inforesidencias\/","article_author":"https:\/\/www.facebook.com\/josep.demarti","article_published_time":"2021-04-16T05:16:07+00:00","article_modified_time":"2021-10-21T11:49:22+00:00","og_image":[{"width":400,"height":322,"url":"https:\/\/www.inforesidencias.com\/blog\/wp-content\/uploads\/2021\/02\/voluntariaado-en-residencias.png","type":"image\/png"}],"author":"Josep de Mart\u00ed","twitter_card":"summary_large_image","twitter_creator":"@blog-ir","twitter_site":"@inforesidencias","twitter_misc":{"Escrito por":"Josep de Mart\u00ed","Tiempo de lectura":"3 minutos"},"schema":{"@context":"https:\/\/schema.org","@graph":[{"@type":"WebPage","@id":"https:\/\/www.inforesidencias.com\/blog\/index.php\/2021\/04\/16\/gafas-3d-en-mirador-de-mataro-y-los-cuidados-a-perros-senior\/","url":"https:\/\/www.inforesidencias.com\/blog\/index.php\/2021\/04\/16\/gafas-3d-en-mirador-de-mataro-y-los-cuidados-a-perros-senior\/","name":"Gafas 3D en Mirador de Matar\u00f3 y los cuidados a perros senior - Blog Inforesidencias.com","isPartOf":{"@id":"https:\/\/www.inforesidencias.com\/blog\/#website"},"datePublished":"2021-04-16T05:16:07+00:00","dateModified":"2021-10-21T11:49:22+00:00","author":{"@id":"https:\/\/www.inforesidencias.com\/blog\/#\/schema\/person\/9e146774d1eb3bc1c0316242a3898628"},"description":"Hablamos con profesionales de la residencia de mayores el Mirador de Matar\u00f3 y con Anna Reixach, educadora, fisioterapeuta y acupuntora canina","breadcrumb":{"@id":"https:\/\/www.inforesidencias.com\/blog\/index.php\/2021\/04\/16\/gafas-3d-en-mirador-de-mataro-y-los-cuidados-a-perros-senior\/#breadcrumb"},"inLanguage":"es","potentialAction":[{"@type":"ReadAction","target":["https:\/\/www.inforesidencias.com\/blog\/index.php\/2021\/04\/16\/gafas-3d-en-mirador-de-mataro-y-los-cuidados-a-perros-senior\/"]}]},{"@type":"BreadcrumbList","@id":"https:\/\/www.inforesidencias.com\/blog\/index.php\/2021\/04\/16\/gafas-3d-en-mirador-de-mataro-y-los-cuidados-a-perros-senior\/#breadcrumb","itemListElement":[{"@type":"ListItem","position":1,"name":"Home","item":"https:\/\/www.inforesidencias.com\/blog\/"},{"@type":"ListItem","position":2,"name":"Gafas 3D en Mirador de Matar\u00f3 y los cuidados a perros senior"}]},{"@type":"WebSite","@id":"https:\/\/www.inforesidencias.com\/blog\/#website","url":"https:\/\/www.inforesidencias.com\/blog\/","name":"Blog Inforesidencias.com","description":"El buscador de residencias de la 3\u00aa edad","potentialAction":[{"@type":"SearchAction","target":{"@type":"EntryPoint","urlTemplate":"https:\/\/www.inforesidencias.com\/blog\/?s={search_term_string}"},"query-input":"required name=search_term_string"}],"inLanguage":"es"},{"@type":"Person","@id":"https:\/\/www.inforesidencias.com\/blog\/#\/schema\/person\/9e146774d1eb3bc1c0316242a3898628","name":"Josep de Mart\u00ed","image":{"@type":"ImageObject","inLanguage":"es","@id":"https:\/\/www.inforesidencias.com\/blog\/#\/schema\/person\/image\/","url":"https:\/\/secure.gravatar.com\/avatar\/de0302c4806c00c4cebff396a798c1ff?s=96&d=mm&r=g","contentUrl":"https:\/\/secure.gravatar.com\/avatar\/de0302c4806c00c4cebff396a798c1ff?s=96&d=mm&r=g","caption":"Josep de Mart\u00ed"},"sameAs":["https:\/\/www.inforesidencias.com","https:\/\/www.facebook.com\/josep.demarti","https:\/\/twitter.com\/blog-ir"],"url":"https:\/\/www.inforesidencias.com\/blog\/index.php\/author\/josepdemarti\/"}]}},"_links":{"self":[{"href":"https:\/\/www.inforesidencias.com\/blog\/index.php\/wp-json\/wp\/v2\/posts\/4407"}],"collection":[{"href":"https:\/\/www.inforesidencias.com\/blog\/index.php\/wp-json\/wp\/v2\/posts"}],"about":[{"href":"https:\/\/www.inforesidencias.com\/blog\/index.php\/wp-json\/wp\/v2\/types\/post"}],"author":[{"embeddable":true,"href":"https:\/\/www.inforesidencias.com\/blog\/index.php\/wp-json\/wp\/v2\/users\/2"}],"replies":[{"embeddable":true,"href":"https:\/\/www.inforesidencias.com\/blog\/index.php\/wp-json\/wp\/v2\/comments?post=4407"}],"version-history":[{"count":12,"href":"https:\/\/www.inforesidencias.com\/blog\/index.php\/wp-json\/wp\/v2\/posts\/4407\/revisions"}],"predecessor-version":[{"id":5112,"href":"https:\/\/www.inforesidencias.com\/blog\/index.php\/wp-json\/wp\/v2\/posts\/4407\/revisions\/5112"}],"wp:featuredmedia":[{"embeddable":true,"href":"https:\/\/www.inforesidencias.com\/blog\/index.php\/wp-json\/wp\/v2\/media\/4099"}],"wp:attachment":[{"href":"https:\/\/www.inforesidencias.com\/blog\/index.php\/wp-json\/wp\/v2\/media?parent=4407"}],"wp:term":[{"taxonomy":"category","embeddable":true,"href":"https:\/\/www.inforesidencias.com\/blog\/index.php\/wp-json\/wp\/v2\/categories?post=4407"},{"taxonomy":"post_tag","embeddable":true,"href":"https:\/\/www.inforesidencias.com\/blog\/index.php\/wp-json\/wp\/v2\/tags?post=4407"}],"curies":[{"name":"wp","href":"https:\/\/api.w.org\/{rel}","templated":true}]}}