{"id":4422,"date":"2021-04-20T11:17:14","date_gmt":"2021-04-20T10:17:14","guid":{"rendered":"https:\/\/www.inforesidencias.com\/blog\/?p=4422"},"modified":"2021-04-20T11:17:16","modified_gmt":"2021-04-20T10:17:16","slug":"huelva-refuerza-su-atencion-a-las-personas-mayores","status":"publish","type":"post","link":"https:\/\/www.inforesidencias.com\/blog\/index.php\/2021\/04\/20\/huelva-refuerza-su-atencion-a-las-personas-mayores\/","title":{"rendered":"Huelva refuerza su atenci\u00f3n a las personas mayores"},"content":{"rendered":"\n<p>Las provincias espa\u00f1olas, como la de Huelva, para este a\u00f1o disponen de m\u00e1s recursos econ\u00f3micos para poder hacer frente a las m\u00faltiples demandas que dejo la pandemia, se tuvieron que abrir\u00a0 l\u00edneas de tel\u00e9fono especiales para la poblaci\u00f3n de la tercera edad, crear grupos de trabajo especializados para atender las demandas de las residencias geri\u00e1tricas y de los servicios de ayuda a domicilio, se crearon grupos de voluntarios para escuchar y acompa\u00f1ar a los mayores y evitar la soledad y aislamiento que estaban viviendo. Por otro lado la poblaci\u00f3n econ\u00f3micamente activa muchos\u00a0 han perdido su empleo y las provincias tienen que dar respuestas y soluciones.\u00a0<\/p>\n\n\n\n<p>La Diputaci\u00f3n de Huelva ha implementado nuevas prestaciones y en otras ha incrementado los servicios, se ha reforzado el personal de los servicios sociales y se han impulsado redes comunitarias para optimizar los recursos, las familias m\u00e1s vulnerables han recibido apoyos de acuerdo a sus necesidades. La ayuda a domicilio la reciben alrededor de 5.000 beneficiarios entre ancianos y familias vulnerables, las encargadas de este servicio son las auxiliares de ayuda a domicilio, profesionales qu\u00e9 prestan un servicio en el domicilio, el cual va desde ayuda para actividades b\u00e1sicas de vida diaria hasta apoyo para hacer la compra, pagar servicios y hacer compa\u00f1\u00eda.\u00a0 Sin embargo, la poblaci\u00f3n de la tercera edad tiene diferentes necesidades, la edad y las patolog\u00edas son factores que aceleran la discapacidad y dependencia, de all\u00ed la necesidad de ampliar otros recursos como las plazas de residencias geri\u00e1tricas y centros de d\u00eda, los clubs de jubilados y pensionados y las viviendas para mayores.<\/p>\n\n\n\n<div class=\"wp-block-image\"><figure class=\"alignleft size-large is-resized\"><a href=\"https:\/\/www.inforesidencias.com\/centros\/buscador\/residencias\/andalucia\/huelva\"><img decoding=\"async\" loading=\"lazy\" src=\"https:\/\/www.inforesidencias.com\/blog\/wp-content\/uploads\/2021\/04\/huelva.jpg\" alt=\"\" class=\"wp-image-4423\" width=\"339\" height=\"226\" srcset=\"https:\/\/www.inforesidencias.com\/blog\/wp-content\/uploads\/2021\/04\/huelva.jpg 450w, https:\/\/www.inforesidencias.com\/blog\/wp-content\/uploads\/2021\/04\/huelva-300x200.jpg 300w\" sizes=\"(max-width: 339px) 100vw, 339px\" \/><\/a><\/figure><\/div>\n\n\n\n<p>La comida a domicilio en Huelva ha sido otro recurso solicitado por parte de la poblaci\u00f3n mayor, se ha proporcionado a los mayores que tienen mas riesgo de sufrir accidentes dentro del hogar y m\u00e1s dificultad para desplazarse. La ventaja de la comida a domicilio es que su elaboraci\u00f3n cumple con las normas de higiene y calidad, es supervisada por profesionales que vigilan calidad y cantidad, los men\u00fas son variados, equilibrados y cumplen con los requerimientos nutricionales de los ancianos.<\/p>\n\n\n\n<p>Un servicio m\u00e1s son los centros geri\u00e1tricos, los cuales se han convertido en los espacios m\u00e1s seguros, fueron los primeros en recibir la vacuna, as\u00ed como los trabajadores, fueron los primeros en implementar protocolos de seguridad, a un a\u00f1o&nbsp; de inicio de la pandemia los protocolos se han mejorado y se siguen aplicando, lo mismo que los test PCR a los empleados y a los ancianos que salen fuera del centro y a los visitantes, el \u00fanico objetivo de estas medidas es mantener a salvo y libres de contagio por covid-19.<\/p>\n\n\n\n<p>En el caso de\u00a0<a href=\"https:\/\/www.inforesidencias.com\/blog\/index.php\/2020\/01\/17\/un-medico-de-cuatro-residencias-y-el-porque-de-un-centro-de-dia\/\"> los centros de<\/a><a href=\"https:\/\/www.inforesidencias.com\/blog\/index.php\/2020\/01\/17\/un-medico-de-cuatro-residencias-y-el-porque-de-un-centro-de-dia\/\" target=\"_blank\" rel=\"noreferrer noopener\"> d\u00eda<\/a><a href=\"https:\/\/www.inforesidencias.com\/blog\/index.php\/2020\/01\/17\/un-medico-de-cuatro-residencias-y-el-porque-de-un-centro-de-dia\/\"> <\/a> de la diputaci\u00f3n de Huelva, estos empiezan a abrir sus puertas, se vigilan cuidadosamente todos los protocolos al igual que los centros geri\u00e1tricos. Algunos centros de d\u00eda aprovecharon el cierre temporal por la pandemia, para mejorar las instalaciones y ampliarlas, as\u00ed como tambi\u00e9n ampliar las oferta de servicios, actualmente se mantienen en alerta constante para evitar contagios. El incremento de recursos econ\u00f3micos tambi\u00e9n ha sido para poner en marcha programas para evitar la soledad y el aislamientos que viven muchos mayores, la pandemia solo vino a acentuar un problema que estaba presente, as\u00ed que las autoridades se han dado a la tarea\u00a0 de proporcionar<\/p>\n","protected":false},"excerpt":{"rendered":"<p>Las provincias espa\u00f1olas, como la de Huelva, para este a\u00f1o disponen de m\u00e1s recursos econ\u00f3micos para poder hacer frente a las m\u00faltiples demandas que dejo la pandemia, se tuvieron que abrir\u00a0 l\u00edneas de tel\u00e9fono especiales para la poblaci\u00f3n de la tercera edad, crear grupos de trabajo especializados para atender las demandas de las residencias geri\u00e1tricas y de los servicios de ayuda a domicilio, se crearon grupos de voluntarios para escuchar y acompa\u00f1ar a los mayores y evitar la soledad y aislamiento que estaban viviendo. Por otro lado la poblaci\u00f3n econ\u00f3micamente activa muchos\u00a0 han perdido su empleo y las provincias tienen que dar respuestas y soluciones.\u00a0 La Diputaci\u00f3n de Huelva ha implementado nuevas prestaciones y en otras ha incrementado los servicios, se ha reforzado el personal de los servicios sociales y se han impulsado redes comunitarias para optimizar los recursos, las familias m\u00e1s vulnerables han recibido apoyos de acuerdo a sus [&hellip;]<\/p>\n","protected":false},"author":2,"featured_media":4423,"comment_status":"open","ping_status":"open","sticky":false,"template":"","format":"standard","meta":{"footnotes":""},"categories":[1],"tags":[],"yoast_head":"<!-- This site is optimized with the Yoast SEO plugin v21.7 - https:\/\/yoast.com\/wordpress\/plugins\/seo\/ -->\n<title>Huelva refuerza su atenci\u00f3n a las personas mayores - Blog Inforesidencias.com<\/title>\n<meta name=\"description\" content=\"Huelva refuerza las prestaciones y servicios para personas mayores de su diputaci\u00f3n con el objetivo de combatir el aislamiento y la soledad\" \/>\n<meta name=\"robots\" content=\"index, follow, max-snippet:-1, max-image-preview:large, max-video-preview:-1\" \/>\n<link rel=\"canonical\" href=\"https:\/\/www.inforesidencias.com\/blog\/index.php\/2021\/04\/20\/huelva-refuerza-su-atencion-a-las-personas-mayores\/\" \/>\n<meta property=\"og:locale\" content=\"es_ES\" \/>\n<meta property=\"og:type\" content=\"article\" \/>\n<meta property=\"og:title\" content=\"Huelva refuerza su atenci\u00f3n a las personas mayores - Blog Inforesidencias.com\" \/>\n<meta property=\"og:description\" content=\"Huelva refuerza las prestaciones y servicios para personas mayores de su diputaci\u00f3n con el objetivo de combatir el aislamiento y la soledad\" \/>\n<meta property=\"og:url\" content=\"https:\/\/www.inforesidencias.com\/blog\/index.php\/2021\/04\/20\/huelva-refuerza-su-atencion-a-las-personas-mayores\/\" \/>\n<meta property=\"og:site_name\" content=\"Blog Inforesidencias.com\" \/>\n<meta property=\"article:publisher\" content=\"https:\/\/www.facebook.com\/Inforesidencias\/\" \/>\n<meta property=\"article:author\" content=\"https:\/\/www.facebook.com\/josep.demarti\" \/>\n<meta property=\"article:published_time\" content=\"2021-04-20T10:17:14+00:00\" \/>\n<meta property=\"article:modified_time\" content=\"2021-04-20T10:17:16+00:00\" \/>\n<meta property=\"og:image\" content=\"https:\/\/www.inforesidencias.com\/blog\/wp-content\/uploads\/2021\/04\/huelva.jpg\" \/>\n\t<meta property=\"og:image:width\" content=\"450\" \/>\n\t<meta property=\"og:image:height\" content=\"300\" \/>\n\t<meta property=\"og:image:type\" content=\"image\/jpeg\" \/>\n<meta name=\"author\" content=\"Josep de Mart\u00ed\" \/>\n<meta name=\"twitter:card\" content=\"summary_large_image\" \/>\n<meta name=\"twitter:creator\" content=\"@blog-ir\" \/>\n<meta name=\"twitter:site\" content=\"@inforesidencias\" \/>\n<meta name=\"twitter:label1\" content=\"Escrito por\" \/>\n\t<meta name=\"twitter:data1\" content=\"Josep de Mart\u00ed\" \/>\n\t<meta name=\"twitter:label2\" content=\"Tiempo de lectura\" \/>\n\t<meta name=\"twitter:data2\" content=\"3 minutos\" \/>\n<script type=\"application\/ld+json\" class=\"yoast-schema-graph\">{\"@context\":\"https:\/\/schema.org\",\"@graph\":[{\"@type\":\"WebPage\",\"@id\":\"https:\/\/www.inforesidencias.com\/blog\/index.php\/2021\/04\/20\/huelva-refuerza-su-atencion-a-las-personas-mayores\/\",\"url\":\"https:\/\/www.inforesidencias.com\/blog\/index.php\/2021\/04\/20\/huelva-refuerza-su-atencion-a-las-personas-mayores\/\",\"name\":\"Huelva refuerza su atenci\u00f3n a las personas mayores - Blog Inforesidencias.com\",\"isPartOf\":{\"@id\":\"https:\/\/www.inforesidencias.com\/blog\/#website\"},\"datePublished\":\"2021-04-20T10:17:14+00:00\",\"dateModified\":\"2021-04-20T10:17:16+00:00\",\"author\":{\"@id\":\"https:\/\/www.inforesidencias.com\/blog\/#\/schema\/person\/9e146774d1eb3bc1c0316242a3898628\"},\"description\":\"Huelva refuerza las prestaciones y servicios para personas mayores de su diputaci\u00f3n con el objetivo de combatir el aislamiento y la soledad\",\"breadcrumb\":{\"@id\":\"https:\/\/www.inforesidencias.com\/blog\/index.php\/2021\/04\/20\/huelva-refuerza-su-atencion-a-las-personas-mayores\/#breadcrumb\"},\"inLanguage\":\"es\",\"potentialAction\":[{\"@type\":\"ReadAction\",\"target\":[\"https:\/\/www.inforesidencias.com\/blog\/index.php\/2021\/04\/20\/huelva-refuerza-su-atencion-a-las-personas-mayores\/\"]}]},{\"@type\":\"BreadcrumbList\",\"@id\":\"https:\/\/www.inforesidencias.com\/blog\/index.php\/2021\/04\/20\/huelva-refuerza-su-atencion-a-las-personas-mayores\/#breadcrumb\",\"itemListElement\":[{\"@type\":\"ListItem\",\"position\":1,\"name\":\"Home\",\"item\":\"https:\/\/www.inforesidencias.com\/blog\/\"},{\"@type\":\"ListItem\",\"position\":2,\"name\":\"Huelva refuerza su atenci\u00f3n a las personas mayores\"}]},{\"@type\":\"WebSite\",\"@id\":\"https:\/\/www.inforesidencias.com\/blog\/#website\",\"url\":\"https:\/\/www.inforesidencias.com\/blog\/\",\"name\":\"Blog Inforesidencias.com\",\"description\":\"El buscador de residencias de la 3\u00aa edad\",\"potentialAction\":[{\"@type\":\"SearchAction\",\"target\":{\"@type\":\"EntryPoint\",\"urlTemplate\":\"https:\/\/www.inforesidencias.com\/blog\/?s={search_term_string}\"},\"query-input\":\"required name=search_term_string\"}],\"inLanguage\":\"es\"},{\"@type\":\"Person\",\"@id\":\"https:\/\/www.inforesidencias.com\/blog\/#\/schema\/person\/9e146774d1eb3bc1c0316242a3898628\",\"name\":\"Josep de Mart\u00ed\",\"image\":{\"@type\":\"ImageObject\",\"inLanguage\":\"es\",\"@id\":\"https:\/\/www.inforesidencias.com\/blog\/#\/schema\/person\/image\/\",\"url\":\"https:\/\/secure.gravatar.com\/avatar\/de0302c4806c00c4cebff396a798c1ff?s=96&d=mm&r=g\",\"contentUrl\":\"https:\/\/secure.gravatar.com\/avatar\/de0302c4806c00c4cebff396a798c1ff?s=96&d=mm&r=g\",\"caption\":\"Josep de Mart\u00ed\"},\"sameAs\":[\"https:\/\/www.inforesidencias.com\",\"https:\/\/www.facebook.com\/josep.demarti\",\"https:\/\/twitter.com\/blog-ir\"],\"url\":\"https:\/\/www.inforesidencias.com\/blog\/index.php\/author\/josepdemarti\/\"}]}<\/script>\n<!-- \/ Yoast SEO plugin. -->","yoast_head_json":{"title":"Huelva refuerza su atenci\u00f3n a las personas mayores - Blog Inforesidencias.com","description":"Huelva refuerza las prestaciones y servicios para personas mayores de su diputaci\u00f3n con el objetivo de combatir el aislamiento y la soledad","robots":{"index":"index","follow":"follow","max-snippet":"max-snippet:-1","max-image-preview":"max-image-preview:large","max-video-preview":"max-video-preview:-1"},"canonical":"https:\/\/www.inforesidencias.com\/blog\/index.php\/2021\/04\/20\/huelva-refuerza-su-atencion-a-las-personas-mayores\/","og_locale":"es_ES","og_type":"article","og_title":"Huelva refuerza su atenci\u00f3n a las personas mayores - Blog Inforesidencias.com","og_description":"Huelva refuerza las prestaciones y servicios para personas mayores de su diputaci\u00f3n con el objetivo de combatir el aislamiento y la soledad","og_url":"https:\/\/www.inforesidencias.com\/blog\/index.php\/2021\/04\/20\/huelva-refuerza-su-atencion-a-las-personas-mayores\/","og_site_name":"Blog Inforesidencias.com","article_publisher":"https:\/\/www.facebook.com\/Inforesidencias\/","article_author":"https:\/\/www.facebook.com\/josep.demarti","article_published_time":"2021-04-20T10:17:14+00:00","article_modified_time":"2021-04-20T10:17:16+00:00","og_image":[{"width":450,"height":300,"url":"https:\/\/www.inforesidencias.com\/blog\/wp-content\/uploads\/2021\/04\/huelva.jpg","type":"image\/jpeg"}],"author":"Josep de Mart\u00ed","twitter_card":"summary_large_image","twitter_creator":"@blog-ir","twitter_site":"@inforesidencias","twitter_misc":{"Escrito por":"Josep de Mart\u00ed","Tiempo de lectura":"3 minutos"},"schema":{"@context":"https:\/\/schema.org","@graph":[{"@type":"WebPage","@id":"https:\/\/www.inforesidencias.com\/blog\/index.php\/2021\/04\/20\/huelva-refuerza-su-atencion-a-las-personas-mayores\/","url":"https:\/\/www.inforesidencias.com\/blog\/index.php\/2021\/04\/20\/huelva-refuerza-su-atencion-a-las-personas-mayores\/","name":"Huelva refuerza su atenci\u00f3n a las personas mayores - Blog Inforesidencias.com","isPartOf":{"@id":"https:\/\/www.inforesidencias.com\/blog\/#website"},"datePublished":"2021-04-20T10:17:14+00:00","dateModified":"2021-04-20T10:17:16+00:00","author":{"@id":"https:\/\/www.inforesidencias.com\/blog\/#\/schema\/person\/9e146774d1eb3bc1c0316242a3898628"},"description":"Huelva refuerza las prestaciones y servicios para personas mayores de su diputaci\u00f3n con el objetivo de combatir el aislamiento y la soledad","breadcrumb":{"@id":"https:\/\/www.inforesidencias.com\/blog\/index.php\/2021\/04\/20\/huelva-refuerza-su-atencion-a-las-personas-mayores\/#breadcrumb"},"inLanguage":"es","potentialAction":[{"@type":"ReadAction","target":["https:\/\/www.inforesidencias.com\/blog\/index.php\/2021\/04\/20\/huelva-refuerza-su-atencion-a-las-personas-mayores\/"]}]},{"@type":"BreadcrumbList","@id":"https:\/\/www.inforesidencias.com\/blog\/index.php\/2021\/04\/20\/huelva-refuerza-su-atencion-a-las-personas-mayores\/#breadcrumb","itemListElement":[{"@type":"ListItem","position":1,"name":"Home","item":"https:\/\/www.inforesidencias.com\/blog\/"},{"@type":"ListItem","position":2,"name":"Huelva refuerza su atenci\u00f3n a las personas mayores"}]},{"@type":"WebSite","@id":"https:\/\/www.inforesidencias.com\/blog\/#website","url":"https:\/\/www.inforesidencias.com\/blog\/","name":"Blog Inforesidencias.com","description":"El buscador de residencias de la 3\u00aa edad","potentialAction":[{"@type":"SearchAction","target":{"@type":"EntryPoint","urlTemplate":"https:\/\/www.inforesidencias.com\/blog\/?s={search_term_string}"},"query-input":"required name=search_term_string"}],"inLanguage":"es"},{"@type":"Person","@id":"https:\/\/www.inforesidencias.com\/blog\/#\/schema\/person\/9e146774d1eb3bc1c0316242a3898628","name":"Josep de Mart\u00ed","image":{"@type":"ImageObject","inLanguage":"es","@id":"https:\/\/www.inforesidencias.com\/blog\/#\/schema\/person\/image\/","url":"https:\/\/secure.gravatar.com\/avatar\/de0302c4806c00c4cebff396a798c1ff?s=96&d=mm&r=g","contentUrl":"https:\/\/secure.gravatar.com\/avatar\/de0302c4806c00c4cebff396a798c1ff?s=96&d=mm&r=g","caption":"Josep de Mart\u00ed"},"sameAs":["https:\/\/www.inforesidencias.com","https:\/\/www.facebook.com\/josep.demarti","https:\/\/twitter.com\/blog-ir"],"url":"https:\/\/www.inforesidencias.com\/blog\/index.php\/author\/josepdemarti\/"}]}},"_links":{"self":[{"href":"https:\/\/www.inforesidencias.com\/blog\/index.php\/wp-json\/wp\/v2\/posts\/4422"}],"collection":[{"href":"https:\/\/www.inforesidencias.com\/blog\/index.php\/wp-json\/wp\/v2\/posts"}],"about":[{"href":"https:\/\/www.inforesidencias.com\/blog\/index.php\/wp-json\/wp\/v2\/types\/post"}],"author":[{"embeddable":true,"href":"https:\/\/www.inforesidencias.com\/blog\/index.php\/wp-json\/wp\/v2\/users\/2"}],"replies":[{"embeddable":true,"href":"https:\/\/www.inforesidencias.com\/blog\/index.php\/wp-json\/wp\/v2\/comments?post=4422"}],"version-history":[{"count":7,"href":"https:\/\/www.inforesidencias.com\/blog\/index.php\/wp-json\/wp\/v2\/posts\/4422\/revisions"}],"predecessor-version":[{"id":4430,"href":"https:\/\/www.inforesidencias.com\/blog\/index.php\/wp-json\/wp\/v2\/posts\/4422\/revisions\/4430"}],"wp:featuredmedia":[{"embeddable":true,"href":"https:\/\/www.inforesidencias.com\/blog\/index.php\/wp-json\/wp\/v2\/media\/4423"}],"wp:attachment":[{"href":"https:\/\/www.inforesidencias.com\/blog\/index.php\/wp-json\/wp\/v2\/media?parent=4422"}],"wp:term":[{"taxonomy":"category","embeddable":true,"href":"https:\/\/www.inforesidencias.com\/blog\/index.php\/wp-json\/wp\/v2\/categories?post=4422"},{"taxonomy":"post_tag","embeddable":true,"href":"https:\/\/www.inforesidencias.com\/blog\/index.php\/wp-json\/wp\/v2\/tags?post=4422"}],"curies":[{"name":"wp","href":"https:\/\/api.w.org\/{rel}","templated":true}]}}