{"id":46,"date":"2008-04-24T09:09:00","date_gmt":"2008-04-24T09:09:00","guid":{"rendered":"http:\/\/inforesidencias.wordpress.com\/2008\/04\/24\/el-reto-de-desprofesionalizar-los-servicios-sociales"},"modified":"2008-04-24T09:09:00","modified_gmt":"2008-04-24T09:09:00","slug":"el-reto-de-desprofesionalizar-los-servicios-sociales","status":"publish","type":"post","link":"https:\/\/www.inforesidencias.com\/blog\/index.php\/2008\/04\/24\/el-reto-de-desprofesionalizar-los-servicios-sociales\/","title":{"rendered":">EL RETO DE DESPROFESIONALIZAR LOS SERVICIOS SOCIALES"},"content":{"rendered":"<p>&gt;Tres acontecimientos sucedidos en un lapso de quince a\u00f1os me llevan a pensar que en el sector geroasistencial deber\u00edamos empezar a plantearnos un reto importante.<br \/>En 1993, durante el congreso de la sociedad mundial de geriatr\u00eda en Budapest, la entonces ministra de servicios sociales de Dinamarca dijo que se deb\u00eda afrontar el reto de la desprofesionalizaci\u00f3n de los servicios sociales acotando muy bien qu\u00e9 parte de \u00e9stos requiere de la intervenci\u00f3n de profesionales altamente preparados.  El motivo no era otro que garantizar la sostenibilidad del sistema.  <br \/>Unos a\u00f1os m\u00e1s tarde, durante el viaje a Suecia que organizamos en Inforesidencias.com para conocer el funcionamiento del sistema escandinavo de servicios sociales, nos sorprendi\u00f3 que en las residencias s\u00f3lo trabajasen enfermeras, auxiliares de enfermer\u00eda y \u201cayudantes de enfermer\u00eda\u201d.  Cuando les dijimos que en Espa\u00f1a las residencias ten\u00edan m\u00e9dicos, fisioterapeutas, trabajadores  sociales, terapeutas ocupacionales y otros profesionales nos dijeron: \u201cas\u00ed es como lo hac\u00edamos nosotros en los a\u00f1os setenta.  Despu\u00e9s nos dimos cuenta de que no hac\u00eda falta tantos profesionales.  Al fin y al cabo la residencia s\u00f3lo pretende ser un sustituto del hogar.\u201d <br \/>Hace pocos d\u00edas le\u00ed que en diferentes lugares de Espa\u00f1a se plantea una pol\u00e9mica sobre la posibilidad de que los enfermeros puedan prescribir medicamentos e incluso, en alg\u00fan ambulatorio de Barcelona se plantea que los DUEs puedan sustituir a los m\u00e9dicos en consultas que, seg\u00fan su criterio no requieran la intervenci\u00f3n del facultativo.<br \/>Las tres situaciones tienen algo en com\u00fan.  En primer lugar, la creciente dificultad para encontrar profesionales preparados, por otro  un problema de coste y sostenibilidad de servicios  financiados con dinero p\u00fablico y por otro una pregunta relacionada \u201c\u00bfse justifica con criterios coste\/resultado la intervenci\u00f3n de profesionales en un proceso?\u201d.<br \/>S\u00e9 que en Dinamarca y Suecia hicieron el viaje a la superprofeisonalizaci\u00f3n antes de emprender el de regreso cosa que aqu\u00ed no ha sucedido.  Tambi\u00e9n s\u00e9 que el mero hecho de plantear en serio una desprofesionalizaci\u00f3n levantar\u00eda muchas ampollas corporativas, pero a\u00fan as\u00ed. \u00bfNo podr\u00edamos explorar aunque sea  m\u00ednimamente el camino? \u00bfPodr\u00eda plantearse alguna unidad experimental en la que la sanidad p\u00fablica prestase los servicios que le corresponden y la residencia fuese un mero sustituto del hogar?. En Suecia la seguridad social  atiende a los residentes como si fuesen personas que viven en sus casas, cuando necesitan un m\u00e9dico van al ambulatorio o el m\u00e9dico se traslada al centro.  Lo mismo sucede con el fisioterapeuta y otros profesionales sanitarios.  Eso les permite racionalizar la exigencia de profesionales.  \u201c\u00a1Cosas vederes, Sancho que non crederes!\u201d. <br \/>Pero, espera un momento \u00bfno es eso exactamente igual a lo que \u201cen teor\u00eda\u201d sucede en Espa\u00f1a? <br \/>\u00bfDeber\u00edamos afrontar primero el reto de la coordinaci\u00f3n sociosanitaria y despu\u00e9s el de la desprofesionalizaci\u00f3n? Quiz\u00e1s s\u00ed. \u00a1Tantos retos y tan poca audacia!<\/p>\n","protected":false},"excerpt":{"rendered":"<p>&gt;Tres acontecimientos sucedidos en un lapso de quince a\u00f1os me llevan a pensar que en el sector geroasistencial deber\u00edamos empezar a plantearnos un reto importante.En 1993, durante el congreso de la sociedad mundial de geriatr\u00eda en Budapest, la entonces ministra de servicios sociales de Dinamarca dijo que se deb\u00eda afrontar el reto de la desprofesionalizaci\u00f3n de los servicios sociales acotando muy bien qu\u00e9 parte de \u00e9stos requiere de la intervenci\u00f3n de profesionales altamente preparados. El motivo no era otro que garantizar la sostenibilidad del sistema. Unos a\u00f1os m\u00e1s tarde, durante el viaje a Suecia que organizamos en Inforesidencias.com para conocer el funcionamiento del sistema escandinavo de servicios sociales, nos sorprendi\u00f3 que en las residencias s\u00f3lo trabajasen enfermeras, auxiliares de enfermer\u00eda y \u201cayudantes de enfermer\u00eda\u201d. Cuando les dijimos que en Espa\u00f1a las residencias ten\u00edan m\u00e9dicos, fisioterapeutas, trabajadores sociales, terapeutas ocupacionales y otros profesionales nos dijeron: \u201cas\u00ed es como lo hac\u00edamos nosotros [&hellip;]<\/p>\n","protected":false},"author":2,"featured_media":0,"comment_status":"open","ping_status":"open","sticky":false,"template":"","format":"standard","meta":{"footnotes":""},"categories":[1],"tags":[],"yoast_head":"<!-- This site is optimized with the Yoast SEO plugin v21.7 - https:\/\/yoast.com\/wordpress\/plugins\/seo\/ -->\n<title>&gt;EL RETO DE DESPROFESIONALIZAR LOS SERVICIOS SOCIALES - Blog Inforesidencias.com<\/title>\n<meta name=\"robots\" content=\"index, follow, max-snippet:-1, max-image-preview:large, max-video-preview:-1\" \/>\n<link rel=\"canonical\" href=\"https:\/\/www.inforesidencias.com\/blog\/index.php\/2008\/04\/24\/el-reto-de-desprofesionalizar-los-servicios-sociales\/\" \/>\n<meta property=\"og:locale\" content=\"es_ES\" \/>\n<meta property=\"og:type\" content=\"article\" \/>\n<meta property=\"og:title\" content=\"&gt;EL RETO DE DESPROFESIONALIZAR LOS SERVICIOS SOCIALES - Blog Inforesidencias.com\" \/>\n<meta property=\"og:description\" content=\"&gt;Tres acontecimientos sucedidos en un lapso de quince a\u00f1os me llevan a pensar que en el sector geroasistencial deber\u00edamos empezar a plantearnos un reto importante.En 1993, durante el congreso de la sociedad mundial de geriatr\u00eda en Budapest, la entonces ministra de servicios sociales de Dinamarca dijo que se deb\u00eda afrontar el reto de la desprofesionalizaci\u00f3n de los servicios sociales acotando muy bien qu\u00e9 parte de \u00e9stos requiere de la intervenci\u00f3n de profesionales altamente preparados. El motivo no era otro que garantizar la sostenibilidad del sistema. Unos a\u00f1os m\u00e1s tarde, durante el viaje a Suecia que organizamos en Inforesidencias.com para conocer el funcionamiento del sistema escandinavo de servicios sociales, nos sorprendi\u00f3 que en las residencias s\u00f3lo trabajasen enfermeras, auxiliares de enfermer\u00eda y \u201cayudantes de enfermer\u00eda\u201d. Cuando les dijimos que en Espa\u00f1a las residencias ten\u00edan m\u00e9dicos, fisioterapeutas, trabajadores sociales, terapeutas ocupacionales y otros profesionales nos dijeron: \u201cas\u00ed es como lo hac\u00edamos nosotros [&hellip;]\" \/>\n<meta property=\"og:url\" content=\"https:\/\/www.inforesidencias.com\/blog\/index.php\/2008\/04\/24\/el-reto-de-desprofesionalizar-los-servicios-sociales\/\" \/>\n<meta property=\"og:site_name\" content=\"Blog Inforesidencias.com\" \/>\n<meta property=\"article:publisher\" content=\"https:\/\/www.facebook.com\/Inforesidencias\/\" \/>\n<meta property=\"article:author\" content=\"https:\/\/www.facebook.com\/josep.demarti\" \/>\n<meta property=\"article:published_time\" content=\"2008-04-24T09:09:00+00:00\" \/>\n<meta name=\"author\" content=\"Josep de Mart\u00ed\" \/>\n<meta name=\"twitter:card\" content=\"summary_large_image\" \/>\n<meta name=\"twitter:creator\" content=\"@blog-ir\" \/>\n<meta name=\"twitter:site\" content=\"@inforesidencias\" \/>\n<meta name=\"twitter:label1\" content=\"Escrito por\" \/>\n\t<meta name=\"twitter:data1\" content=\"Josep de Mart\u00ed\" \/>\n\t<meta name=\"twitter:label2\" content=\"Tiempo de lectura\" \/>\n\t<meta name=\"twitter:data2\" content=\"3 minutos\" \/>\n<script type=\"application\/ld+json\" class=\"yoast-schema-graph\">{\"@context\":\"https:\/\/schema.org\",\"@graph\":[{\"@type\":\"WebPage\",\"@id\":\"https:\/\/www.inforesidencias.com\/blog\/index.php\/2008\/04\/24\/el-reto-de-desprofesionalizar-los-servicios-sociales\/\",\"url\":\"https:\/\/www.inforesidencias.com\/blog\/index.php\/2008\/04\/24\/el-reto-de-desprofesionalizar-los-servicios-sociales\/\",\"name\":\">EL RETO DE DESPROFESIONALIZAR LOS SERVICIOS SOCIALES - Blog Inforesidencias.com\",\"isPartOf\":{\"@id\":\"https:\/\/www.inforesidencias.com\/blog\/#website\"},\"datePublished\":\"2008-04-24T09:09:00+00:00\",\"dateModified\":\"2008-04-24T09:09:00+00:00\",\"author\":{\"@id\":\"https:\/\/www.inforesidencias.com\/blog\/#\/schema\/person\/9e146774d1eb3bc1c0316242a3898628\"},\"breadcrumb\":{\"@id\":\"https:\/\/www.inforesidencias.com\/blog\/index.php\/2008\/04\/24\/el-reto-de-desprofesionalizar-los-servicios-sociales\/#breadcrumb\"},\"inLanguage\":\"es\",\"potentialAction\":[{\"@type\":\"ReadAction\",\"target\":[\"https:\/\/www.inforesidencias.com\/blog\/index.php\/2008\/04\/24\/el-reto-de-desprofesionalizar-los-servicios-sociales\/\"]}]},{\"@type\":\"BreadcrumbList\",\"@id\":\"https:\/\/www.inforesidencias.com\/blog\/index.php\/2008\/04\/24\/el-reto-de-desprofesionalizar-los-servicios-sociales\/#breadcrumb\",\"itemListElement\":[{\"@type\":\"ListItem\",\"position\":1,\"name\":\"Home\",\"item\":\"https:\/\/www.inforesidencias.com\/blog\/\"},{\"@type\":\"ListItem\",\"position\":2,\"name\":\">EL RETO DE DESPROFESIONALIZAR LOS SERVICIOS SOCIALES\"}]},{\"@type\":\"WebSite\",\"@id\":\"https:\/\/www.inforesidencias.com\/blog\/#website\",\"url\":\"https:\/\/www.inforesidencias.com\/blog\/\",\"name\":\"Blog Inforesidencias.com\",\"description\":\"El buscador de residencias de la 3\u00aa edad\",\"potentialAction\":[{\"@type\":\"SearchAction\",\"target\":{\"@type\":\"EntryPoint\",\"urlTemplate\":\"https:\/\/www.inforesidencias.com\/blog\/?s={search_term_string}\"},\"query-input\":\"required name=search_term_string\"}],\"inLanguage\":\"es\"},{\"@type\":\"Person\",\"@id\":\"https:\/\/www.inforesidencias.com\/blog\/#\/schema\/person\/9e146774d1eb3bc1c0316242a3898628\",\"name\":\"Josep de Mart\u00ed\",\"image\":{\"@type\":\"ImageObject\",\"inLanguage\":\"es\",\"@id\":\"https:\/\/www.inforesidencias.com\/blog\/#\/schema\/person\/image\/\",\"url\":\"https:\/\/secure.gravatar.com\/avatar\/de0302c4806c00c4cebff396a798c1ff?s=96&d=mm&r=g\",\"contentUrl\":\"https:\/\/secure.gravatar.com\/avatar\/de0302c4806c00c4cebff396a798c1ff?s=96&d=mm&r=g\",\"caption\":\"Josep de Mart\u00ed\"},\"sameAs\":[\"https:\/\/www.inforesidencias.com\",\"https:\/\/www.facebook.com\/josep.demarti\",\"https:\/\/twitter.com\/blog-ir\"],\"url\":\"https:\/\/www.inforesidencias.com\/blog\/index.php\/author\/josepdemarti\/\"}]}<\/script>\n<!-- \/ Yoast SEO plugin. -->","yoast_head_json":{"title":">EL RETO DE DESPROFESIONALIZAR LOS SERVICIOS SOCIALES - Blog Inforesidencias.com","robots":{"index":"index","follow":"follow","max-snippet":"max-snippet:-1","max-image-preview":"max-image-preview:large","max-video-preview":"max-video-preview:-1"},"canonical":"https:\/\/www.inforesidencias.com\/blog\/index.php\/2008\/04\/24\/el-reto-de-desprofesionalizar-los-servicios-sociales\/","og_locale":"es_ES","og_type":"article","og_title":">EL RETO DE DESPROFESIONALIZAR LOS SERVICIOS SOCIALES - Blog Inforesidencias.com","og_description":"&gt;Tres acontecimientos sucedidos en un lapso de quince a\u00f1os me llevan a pensar que en el sector geroasistencial deber\u00edamos empezar a plantearnos un reto importante.En 1993, durante el congreso de la sociedad mundial de geriatr\u00eda en Budapest, la entonces ministra de servicios sociales de Dinamarca dijo que se deb\u00eda afrontar el reto de la desprofesionalizaci\u00f3n de los servicios sociales acotando muy bien qu\u00e9 parte de \u00e9stos requiere de la intervenci\u00f3n de profesionales altamente preparados. El motivo no era otro que garantizar la sostenibilidad del sistema. Unos a\u00f1os m\u00e1s tarde, durante el viaje a Suecia que organizamos en Inforesidencias.com para conocer el funcionamiento del sistema escandinavo de servicios sociales, nos sorprendi\u00f3 que en las residencias s\u00f3lo trabajasen enfermeras, auxiliares de enfermer\u00eda y \u201cayudantes de enfermer\u00eda\u201d. Cuando les dijimos que en Espa\u00f1a las residencias ten\u00edan m\u00e9dicos, fisioterapeutas, trabajadores sociales, terapeutas ocupacionales y otros profesionales nos dijeron: \u201cas\u00ed es como lo hac\u00edamos nosotros [&hellip;]","og_url":"https:\/\/www.inforesidencias.com\/blog\/index.php\/2008\/04\/24\/el-reto-de-desprofesionalizar-los-servicios-sociales\/","og_site_name":"Blog Inforesidencias.com","article_publisher":"https:\/\/www.facebook.com\/Inforesidencias\/","article_author":"https:\/\/www.facebook.com\/josep.demarti","article_published_time":"2008-04-24T09:09:00+00:00","author":"Josep de Mart\u00ed","twitter_card":"summary_large_image","twitter_creator":"@blog-ir","twitter_site":"@inforesidencias","twitter_misc":{"Escrito por":"Josep de Mart\u00ed","Tiempo de lectura":"3 minutos"},"schema":{"@context":"https:\/\/schema.org","@graph":[{"@type":"WebPage","@id":"https:\/\/www.inforesidencias.com\/blog\/index.php\/2008\/04\/24\/el-reto-de-desprofesionalizar-los-servicios-sociales\/","url":"https:\/\/www.inforesidencias.com\/blog\/index.php\/2008\/04\/24\/el-reto-de-desprofesionalizar-los-servicios-sociales\/","name":">EL RETO DE DESPROFESIONALIZAR LOS SERVICIOS SOCIALES - Blog Inforesidencias.com","isPartOf":{"@id":"https:\/\/www.inforesidencias.com\/blog\/#website"},"datePublished":"2008-04-24T09:09:00+00:00","dateModified":"2008-04-24T09:09:00+00:00","author":{"@id":"https:\/\/www.inforesidencias.com\/blog\/#\/schema\/person\/9e146774d1eb3bc1c0316242a3898628"},"breadcrumb":{"@id":"https:\/\/www.inforesidencias.com\/blog\/index.php\/2008\/04\/24\/el-reto-de-desprofesionalizar-los-servicios-sociales\/#breadcrumb"},"inLanguage":"es","potentialAction":[{"@type":"ReadAction","target":["https:\/\/www.inforesidencias.com\/blog\/index.php\/2008\/04\/24\/el-reto-de-desprofesionalizar-los-servicios-sociales\/"]}]},{"@type":"BreadcrumbList","@id":"https:\/\/www.inforesidencias.com\/blog\/index.php\/2008\/04\/24\/el-reto-de-desprofesionalizar-los-servicios-sociales\/#breadcrumb","itemListElement":[{"@type":"ListItem","position":1,"name":"Home","item":"https:\/\/www.inforesidencias.com\/blog\/"},{"@type":"ListItem","position":2,"name":">EL RETO DE DESPROFESIONALIZAR LOS SERVICIOS SOCIALES"}]},{"@type":"WebSite","@id":"https:\/\/www.inforesidencias.com\/blog\/#website","url":"https:\/\/www.inforesidencias.com\/blog\/","name":"Blog Inforesidencias.com","description":"El buscador de residencias de la 3\u00aa edad","potentialAction":[{"@type":"SearchAction","target":{"@type":"EntryPoint","urlTemplate":"https:\/\/www.inforesidencias.com\/blog\/?s={search_term_string}"},"query-input":"required name=search_term_string"}],"inLanguage":"es"},{"@type":"Person","@id":"https:\/\/www.inforesidencias.com\/blog\/#\/schema\/person\/9e146774d1eb3bc1c0316242a3898628","name":"Josep de Mart\u00ed","image":{"@type":"ImageObject","inLanguage":"es","@id":"https:\/\/www.inforesidencias.com\/blog\/#\/schema\/person\/image\/","url":"https:\/\/secure.gravatar.com\/avatar\/de0302c4806c00c4cebff396a798c1ff?s=96&d=mm&r=g","contentUrl":"https:\/\/secure.gravatar.com\/avatar\/de0302c4806c00c4cebff396a798c1ff?s=96&d=mm&r=g","caption":"Josep de Mart\u00ed"},"sameAs":["https:\/\/www.inforesidencias.com","https:\/\/www.facebook.com\/josep.demarti","https:\/\/twitter.com\/blog-ir"],"url":"https:\/\/www.inforesidencias.com\/blog\/index.php\/author\/josepdemarti\/"}]}},"_links":{"self":[{"href":"https:\/\/www.inforesidencias.com\/blog\/index.php\/wp-json\/wp\/v2\/posts\/46"}],"collection":[{"href":"https:\/\/www.inforesidencias.com\/blog\/index.php\/wp-json\/wp\/v2\/posts"}],"about":[{"href":"https:\/\/www.inforesidencias.com\/blog\/index.php\/wp-json\/wp\/v2\/types\/post"}],"author":[{"embeddable":true,"href":"https:\/\/www.inforesidencias.com\/blog\/index.php\/wp-json\/wp\/v2\/users\/2"}],"replies":[{"embeddable":true,"href":"https:\/\/www.inforesidencias.com\/blog\/index.php\/wp-json\/wp\/v2\/comments?post=46"}],"version-history":[{"count":0,"href":"https:\/\/www.inforesidencias.com\/blog\/index.php\/wp-json\/wp\/v2\/posts\/46\/revisions"}],"wp:attachment":[{"href":"https:\/\/www.inforesidencias.com\/blog\/index.php\/wp-json\/wp\/v2\/media?parent=46"}],"wp:term":[{"taxonomy":"category","embeddable":true,"href":"https:\/\/www.inforesidencias.com\/blog\/index.php\/wp-json\/wp\/v2\/categories?post=46"},{"taxonomy":"post_tag","embeddable":true,"href":"https:\/\/www.inforesidencias.com\/blog\/index.php\/wp-json\/wp\/v2\/tags?post=46"}],"curies":[{"name":"wp","href":"https:\/\/api.w.org\/{rel}","templated":true}]}}