{"id":4676,"date":"2021-07-05T07:43:00","date_gmt":"2021-07-05T06:43:00","guid":{"rendered":"https:\/\/www.inforesidencias.com\/blog\/?p=4676"},"modified":"2021-06-28T09:50:01","modified_gmt":"2021-06-28T08:50:01","slug":"marketing-digital-en-residencias-de-mayores","status":"publish","type":"post","link":"https:\/\/www.inforesidencias.com\/blog\/index.php\/2021\/07\/05\/marketing-digital-en-residencias-de-mayores\/","title":{"rendered":"Marketing digital en residencias de mayores"},"content":{"rendered":"\n<p>Hace unas pocas semanas realizamos desde inforesidencias un webinario sobre <a href=\"https:\/\/www.inforesidencias.com\/aula-virtual\/courses\/marketing-digital-para-residencias\/\" target=\"_blank\" rel=\"noreferrer noopener\">marketing digital en residencias<\/a>. Fue un evento en el que contamos con diferentes profesionales con amplia experiencia en sus respectivos campos. Quisimos mostrar como captar clientes online y como ganar visibilidad en la red para que posteriormente, esta se traduzca en m\u00e1s peticiones de clientes y visitas.<\/p>\n\n\n\n<p>Juan Pablo Correa, director de <a rel=\"noreferrer noopener\" href=\"https:\/\/www.infoelder.com\/\" target=\"_blank\">infoelder<\/a> y tecn\u00f3logo, fue el primer ponente. Juan Pablo empez\u00f3 argumentando porque hay que tener una estrategia de marketing digital para, a continuaci\u00f3n, enfocarse en del centro de su ponencia: los 7 pilares del marketing digital, que son:<\/p>\n\n\n\n<ol><li>Contenido: El contenido es del rey. Analiza las 3 claves sobre la creaci\u00f3n de contenido.<\/li><li>Dise\u00f1o: Menos es m\u00e1s. Dec\u00e1logo del dise\u00f1ador industrial Dieter Rams para un buen dise\u00f1o.<\/li><li>B\u00fasquedas: Escoge las palabras clave correctas para que te encuentren. Estar en los buscadores de servicios de vuestro sector, en este caso claro est\u00e1, los buscadores de residencias.  <\/li><li>Publicidad: Haz publicidad de valor. Algo diferente y que llame la atenci\u00f3n. Ejemplos. Pide el inventario de las impresiones de la p\u00e1gina donde quieres anunciarte.<\/li><li>CRM: La gesti\u00f3n de las relaciones con los clientes. Retorno de la inversi\u00f3n realizada en forma de clientes. <\/li><li>Redes sociales. En las redes sociales se construye la relaci\u00f3n con el cliente.<\/li><li>M\u00f3vil: La mayor\u00eda de personas hacen las b\u00fasquedas con el m\u00f3vil. Optimiza tu estrategia y tu presencia pensando primero en el m\u00f3vil. Analiza 4 factores clave del futuro en cuanto a la navegaci\u00f3n en dispositivos m\u00f3viles<\/li><\/ol>\n\n\n\n<p>El segundo ponente fue Carles Reixach, trabajador social, geront\u00f3logo y responsable de contenido en <a href=\"https:\/\/www.inforesidencias.com\/particulares\">inforesidencias.com<\/a>. Carles, dio inicio a su presentaci\u00f3n hablando de qu\u00e9 es inforesidencias y cuales ha sido las visitas que el portal ha tenido en los \u00faltimos 5 a\u00f1os. Tambi\u00e9n compar\u00f3 las visitas de inforesidencias con las de otras webs de b\u00fasqueda de residencia de mayores. Seguidamente, habl\u00f3 de los pilares del marketing digital descritos por Juan Pablo en los que inforesidencias te puede ayudar.<\/p>\n\n\n\n<div class=\"wp-block-image\"><figure class=\"alignleft size-large is-resized\"><img decoding=\"async\" loading=\"lazy\" src=\"https:\/\/www.inforesidencias.com\/blog\/wp-content\/uploads\/2021\/06\/marketing-digital-en-residencias-de-mayores.png\" alt=\"\" class=\"wp-image-4765\" width=\"312\" height=\"279\" srcset=\"https:\/\/www.inforesidencias.com\/blog\/wp-content\/uploads\/2021\/06\/marketing-digital-en-residencias-de-mayores.png 600w, https:\/\/www.inforesidencias.com\/blog\/wp-content\/uploads\/2021\/06\/marketing-digital-en-residencias-de-mayores-300x269.png 300w\" sizes=\"(max-width: 312px) 100vw, 312px\" \/><\/figure><\/div>\n\n\n\n<p>El primer punto que desarroll\u00f3 fue la presencia digital. Donde est\u00e1 inforesidencias en Google cuando alguien busca una residencia en tu provincia y municipio.  Explic\u00f3 tambi\u00e9n que es posible \u00abbeneficiarte\u00bb de nuestra posici\u00f3n SEO si eres asociado. Otra opci\u00f3n alternativa y complementaria es pagar por el SEM. Explic\u00f3 en qu\u00e9 consiste cada cosa.<\/p>\n\n\n\n<p>A continuaci\u00f3n, ense\u00f1\u00f3 la manera de mejorar tu posici\u00f3n en la lista de resultados de centros de inforesidencias, es decir, como salir en las primeras posiciones. Asimismo, mostr\u00f3 como nos llegan los contactos de clientes interesados ya sea a trav\u00e9s de la propia ficha de nuestro centro o a trav\u00e9s de la <a rel=\"noreferrer noopener\" href=\"https:\/\/www.inforesidencias.com\/particulares\/buscamos-por-ti\" target=\"_blank\">b\u00fasqueda proactiva<\/a>. Por \u00faltimo habl\u00f3 de puntos clave que refuerzan tu estrateg\u00eda de marketing digital y que encuentras en inforesidencias, que son el blog, el peri\u00f3dico digital del sector geroasistencial <a href=\"https:\/\/dependencia.info\/\" target=\"_blank\" rel=\"noreferrer noopener\">dependencia.info<\/a>, el canal de youtube de inforesidencias el <a href=\"https:\/\/www.inforesidencias.com\/aula-virtual\/\" target=\"_blank\" rel=\"noreferrer noopener\">aula virtual<\/a> y la <a href=\"https:\/\/www.inforesidencias.com\/bolsa\/ofertas-de-trabajo\" target=\"_blank\" rel=\"noreferrer noopener\">bolsa de trabajo<\/a>.<\/p>\n\n\n\n<p>En tercer lugar habl\u00f3 Miquel Sanz, una persona con muchos a\u00f1os de experiencia en el sector comercial y unos cuantos de ellos especialmente centrados en el sector geroasistencial. Miquel, se centr\u00f3 en explicar como deber\u00eda ser la visita de las familias a la residencia, y para ello nos puso un ejemplo de una situaci\u00f3n previa a la visita que puede ser habitual en cualquier residencia. Para lograr el \u00e9xito de la visita nos centramos con \u00e9l en 10 puntos clave a tener en cuenta:<\/p>\n\n\n\n<ul><li>Recepci\u00f3n: Es el primer \u00abimpacto\u00bb y es determinante.<\/li><li>Lugar de espera: Influye en la percepci\u00f3n del entorno inmediato.<\/li><li>Vestimenta del comercial: Que quien haga la visita de una buena imagen. <\/li><li>Despacho de atenci\u00f3n: intimidad para que nos cuenten su situaci\u00f3n.<\/li><li>Argumentario: No improvisar, tenerlo preparado y explicar en cada momento lo que toca.<\/li><li>Circuito del centro: Que tenga un orden definido y est\u00e9 ordenado<\/li><li>Personas importantes: La importancia del personal de cocina y de los servicios m\u00e9dicos.<\/li><li>Preguntas\/tarifas: Resolver dudas planteadas la final de la visita y dar las tarifas seg\u00fan creamos conveniente.<\/li><li>Reservas\/seguimiento: Intentar que la visita acabe con una reserva hecha y hacer el seguimiento con alguna pendiente que dijimos que consultar\u00edamos.<\/li><li>Despedida: Ser agradecidos por la visita ya acompa\u00f1ar a la puerta.<\/li><\/ul>\n\n\n\n<p class=\"has-text-align-center\"><a href=\"https:\/\/www.inforesidencias.com\/blog\/index.php\/2021\/05\/25\/5-consejos-importantes-para-elegir-residencia-de-ancianos\/\" target=\"_blank\" rel=\"noreferrer noopener\">5 consejos para elegir una residencia de mayores<\/a><\/p>\n\n\n\n<p>Finalizamos el seminario de marketing digital en residencias de mayores con Aitor P\u00e9rez, fundador de Gerokon, una consultor\u00eda centrada en el sector geroasistencial. Aitor, se centr\u00f3 en la relaci\u00f3n del marketing digital con el marketing tradicional o anal\u00f3gico. Primero hizo un an\u00e1lisis del proceso de compra y de la de la situaci\u00f3n de las familias cuando acuden a ver a una residencia. Una situaci\u00f3n que nunca es deseada y tiene grandes connotaciones emocionales y en la que el prescriptor y el \u00abboca a boca\u00bb tienen un peso tremendo. Para terminar, Aitor nos ense\u00f1\u00f3 el CRM como herramienta de an\u00e1lisis y seguimiento de las visitas y los contactos.<\/p>\n\n\n\n<p>Si deseas acceder al seminario grabado, puedes hacer click <a href=\"https:\/\/www.inforesidencias.com\/aula-virtual\/courses\/marketing-digital-para-residencias\/\">aqu\u00ed<\/a><\/p>\n\n\n\n<p>\u00bfBuscas residencia y quieres que lo hagamos por ti? Haz click<a href=\"https:\/\/www.inforesidencias.com\/particulares\/buscamos-por-ti\"> <\/a><a href=\"https:\/\/www.inforesidencias.com\/particulares\/buscamos-por-ti\" target=\"_blank\" rel=\"noreferrer noopener\">aqu\u00ed<\/a><\/p>\n","protected":false},"excerpt":{"rendered":"<p>Hace unas pocas semanas realizamos desde inforesidencias un webinario sobre marketing digital en residencias. Fue un evento en el que contamos con diferentes profesionales con amplia experiencia en sus respectivos campos. Quisimos mostrar como captar clientes online y como ganar visibilidad en la red para que posteriormente, esta se traduzca en m\u00e1s peticiones de clientes y visitas. Juan Pablo Correa, director de infoelder y tecn\u00f3logo, fue el primer ponente. Juan Pablo empez\u00f3 argumentando porque hay que tener una estrategia de marketing digital para, a continuaci\u00f3n, enfocarse en del centro de su ponencia: los 7 pilares del marketing digital, que son: Contenido: El contenido es del rey. Analiza las 3 claves sobre la creaci\u00f3n de contenido. Dise\u00f1o: Menos es m\u00e1s. Dec\u00e1logo del dise\u00f1ador industrial Dieter Rams para un buen dise\u00f1o. B\u00fasquedas: Escoge las palabras clave correctas para que te encuentren. Estar en los buscadores de servicios de vuestro sector, en este [&hellip;]<\/p>\n","protected":false},"author":2,"featured_media":4765,"comment_status":"open","ping_status":"open","sticky":false,"template":"","format":"standard","meta":{"footnotes":""},"categories":[1],"tags":[],"yoast_head":"<!-- This site is optimized with the Yoast SEO plugin v21.7 - https:\/\/yoast.com\/wordpress\/plugins\/seo\/ -->\n<title>Marketing digital en residencias de mayores - Blog Inforesidencias.com<\/title>\n<meta name=\"description\" content=\"En el webinario sobre marketing digital en residencias de mayores analizamos los aspectos clave de la estrategia digital de tu residencia\" \/>\n<meta name=\"robots\" content=\"index, follow, max-snippet:-1, max-image-preview:large, max-video-preview:-1\" \/>\n<link rel=\"canonical\" href=\"https:\/\/www.inforesidencias.com\/blog\/index.php\/2021\/07\/05\/marketing-digital-en-residencias-de-mayores\/\" \/>\n<meta property=\"og:locale\" content=\"es_ES\" \/>\n<meta property=\"og:type\" content=\"article\" \/>\n<meta property=\"og:title\" content=\"Marketing digital en residencias de mayores - Blog Inforesidencias.com\" \/>\n<meta property=\"og:description\" content=\"En el webinario sobre marketing digital en residencias de mayores analizamos los aspectos clave de la estrategia digital de tu residencia\" \/>\n<meta property=\"og:url\" content=\"https:\/\/www.inforesidencias.com\/blog\/index.php\/2021\/07\/05\/marketing-digital-en-residencias-de-mayores\/\" \/>\n<meta property=\"og:site_name\" content=\"Blog Inforesidencias.com\" \/>\n<meta property=\"article:publisher\" content=\"https:\/\/www.facebook.com\/Inforesidencias\/\" \/>\n<meta property=\"article:author\" content=\"https:\/\/www.facebook.com\/josep.demarti\" \/>\n<meta property=\"article:published_time\" content=\"2021-07-05T06:43:00+00:00\" \/>\n<meta property=\"article:modified_time\" content=\"2021-06-28T08:50:01+00:00\" \/>\n<meta property=\"og:image\" content=\"https:\/\/www.inforesidencias.com\/blog\/wp-content\/uploads\/2021\/06\/marketing-digital-en-residencias-de-mayores.png\" \/>\n\t<meta property=\"og:image:width\" content=\"600\" \/>\n\t<meta property=\"og:image:height\" content=\"537\" \/>\n\t<meta property=\"og:image:type\" content=\"image\/png\" \/>\n<meta name=\"author\" content=\"Josep de Mart\u00ed\" \/>\n<meta name=\"twitter:card\" content=\"summary_large_image\" \/>\n<meta name=\"twitter:creator\" content=\"@blog-ir\" \/>\n<meta name=\"twitter:site\" content=\"@inforesidencias\" \/>\n<meta name=\"twitter:label1\" content=\"Escrito por\" \/>\n\t<meta name=\"twitter:data1\" content=\"Josep de Mart\u00ed\" \/>\n\t<meta name=\"twitter:label2\" content=\"Tiempo de lectura\" \/>\n\t<meta name=\"twitter:data2\" content=\"4 minutos\" \/>\n<script type=\"application\/ld+json\" class=\"yoast-schema-graph\">{\"@context\":\"https:\/\/schema.org\",\"@graph\":[{\"@type\":\"WebPage\",\"@id\":\"https:\/\/www.inforesidencias.com\/blog\/index.php\/2021\/07\/05\/marketing-digital-en-residencias-de-mayores\/\",\"url\":\"https:\/\/www.inforesidencias.com\/blog\/index.php\/2021\/07\/05\/marketing-digital-en-residencias-de-mayores\/\",\"name\":\"Marketing digital en residencias de mayores - Blog Inforesidencias.com\",\"isPartOf\":{\"@id\":\"https:\/\/www.inforesidencias.com\/blog\/#website\"},\"datePublished\":\"2021-07-05T06:43:00+00:00\",\"dateModified\":\"2021-06-28T08:50:01+00:00\",\"author\":{\"@id\":\"https:\/\/www.inforesidencias.com\/blog\/#\/schema\/person\/9e146774d1eb3bc1c0316242a3898628\"},\"description\":\"En el webinario sobre marketing digital en residencias de mayores analizamos los aspectos clave de la estrategia digital de tu residencia\",\"breadcrumb\":{\"@id\":\"https:\/\/www.inforesidencias.com\/blog\/index.php\/2021\/07\/05\/marketing-digital-en-residencias-de-mayores\/#breadcrumb\"},\"inLanguage\":\"es\",\"potentialAction\":[{\"@type\":\"ReadAction\",\"target\":[\"https:\/\/www.inforesidencias.com\/blog\/index.php\/2021\/07\/05\/marketing-digital-en-residencias-de-mayores\/\"]}]},{\"@type\":\"BreadcrumbList\",\"@id\":\"https:\/\/www.inforesidencias.com\/blog\/index.php\/2021\/07\/05\/marketing-digital-en-residencias-de-mayores\/#breadcrumb\",\"itemListElement\":[{\"@type\":\"ListItem\",\"position\":1,\"name\":\"Home\",\"item\":\"https:\/\/www.inforesidencias.com\/blog\/\"},{\"@type\":\"ListItem\",\"position\":2,\"name\":\"Marketing digital en residencias de mayores\"}]},{\"@type\":\"WebSite\",\"@id\":\"https:\/\/www.inforesidencias.com\/blog\/#website\",\"url\":\"https:\/\/www.inforesidencias.com\/blog\/\",\"name\":\"Blog Inforesidencias.com\",\"description\":\"El buscador de residencias de la 3\u00aa edad\",\"potentialAction\":[{\"@type\":\"SearchAction\",\"target\":{\"@type\":\"EntryPoint\",\"urlTemplate\":\"https:\/\/www.inforesidencias.com\/blog\/?s={search_term_string}\"},\"query-input\":\"required name=search_term_string\"}],\"inLanguage\":\"es\"},{\"@type\":\"Person\",\"@id\":\"https:\/\/www.inforesidencias.com\/blog\/#\/schema\/person\/9e146774d1eb3bc1c0316242a3898628\",\"name\":\"Josep de Mart\u00ed\",\"image\":{\"@type\":\"ImageObject\",\"inLanguage\":\"es\",\"@id\":\"https:\/\/www.inforesidencias.com\/blog\/#\/schema\/person\/image\/\",\"url\":\"https:\/\/secure.gravatar.com\/avatar\/de0302c4806c00c4cebff396a798c1ff?s=96&d=mm&r=g\",\"contentUrl\":\"https:\/\/secure.gravatar.com\/avatar\/de0302c4806c00c4cebff396a798c1ff?s=96&d=mm&r=g\",\"caption\":\"Josep de Mart\u00ed\"},\"sameAs\":[\"https:\/\/www.inforesidencias.com\",\"https:\/\/www.facebook.com\/josep.demarti\",\"https:\/\/twitter.com\/blog-ir\"],\"url\":\"https:\/\/www.inforesidencias.com\/blog\/index.php\/author\/josepdemarti\/\"}]}<\/script>\n<!-- \/ Yoast SEO plugin. -->","yoast_head_json":{"title":"Marketing digital en residencias de mayores - Blog Inforesidencias.com","description":"En el webinario sobre marketing digital en residencias de mayores analizamos los aspectos clave de la estrategia digital de tu residencia","robots":{"index":"index","follow":"follow","max-snippet":"max-snippet:-1","max-image-preview":"max-image-preview:large","max-video-preview":"max-video-preview:-1"},"canonical":"https:\/\/www.inforesidencias.com\/blog\/index.php\/2021\/07\/05\/marketing-digital-en-residencias-de-mayores\/","og_locale":"es_ES","og_type":"article","og_title":"Marketing digital en residencias de mayores - Blog Inforesidencias.com","og_description":"En el webinario sobre marketing digital en residencias de mayores analizamos los aspectos clave de la estrategia digital de tu residencia","og_url":"https:\/\/www.inforesidencias.com\/blog\/index.php\/2021\/07\/05\/marketing-digital-en-residencias-de-mayores\/","og_site_name":"Blog Inforesidencias.com","article_publisher":"https:\/\/www.facebook.com\/Inforesidencias\/","article_author":"https:\/\/www.facebook.com\/josep.demarti","article_published_time":"2021-07-05T06:43:00+00:00","article_modified_time":"2021-06-28T08:50:01+00:00","og_image":[{"width":600,"height":537,"url":"https:\/\/www.inforesidencias.com\/blog\/wp-content\/uploads\/2021\/06\/marketing-digital-en-residencias-de-mayores.png","type":"image\/png"}],"author":"Josep de Mart\u00ed","twitter_card":"summary_large_image","twitter_creator":"@blog-ir","twitter_site":"@inforesidencias","twitter_misc":{"Escrito por":"Josep de Mart\u00ed","Tiempo de lectura":"4 minutos"},"schema":{"@context":"https:\/\/schema.org","@graph":[{"@type":"WebPage","@id":"https:\/\/www.inforesidencias.com\/blog\/index.php\/2021\/07\/05\/marketing-digital-en-residencias-de-mayores\/","url":"https:\/\/www.inforesidencias.com\/blog\/index.php\/2021\/07\/05\/marketing-digital-en-residencias-de-mayores\/","name":"Marketing digital en residencias de mayores - Blog Inforesidencias.com","isPartOf":{"@id":"https:\/\/www.inforesidencias.com\/blog\/#website"},"datePublished":"2021-07-05T06:43:00+00:00","dateModified":"2021-06-28T08:50:01+00:00","author":{"@id":"https:\/\/www.inforesidencias.com\/blog\/#\/schema\/person\/9e146774d1eb3bc1c0316242a3898628"},"description":"En el webinario sobre marketing digital en residencias de mayores analizamos los aspectos clave de la estrategia digital de tu residencia","breadcrumb":{"@id":"https:\/\/www.inforesidencias.com\/blog\/index.php\/2021\/07\/05\/marketing-digital-en-residencias-de-mayores\/#breadcrumb"},"inLanguage":"es","potentialAction":[{"@type":"ReadAction","target":["https:\/\/www.inforesidencias.com\/blog\/index.php\/2021\/07\/05\/marketing-digital-en-residencias-de-mayores\/"]}]},{"@type":"BreadcrumbList","@id":"https:\/\/www.inforesidencias.com\/blog\/index.php\/2021\/07\/05\/marketing-digital-en-residencias-de-mayores\/#breadcrumb","itemListElement":[{"@type":"ListItem","position":1,"name":"Home","item":"https:\/\/www.inforesidencias.com\/blog\/"},{"@type":"ListItem","position":2,"name":"Marketing digital en residencias de mayores"}]},{"@type":"WebSite","@id":"https:\/\/www.inforesidencias.com\/blog\/#website","url":"https:\/\/www.inforesidencias.com\/blog\/","name":"Blog Inforesidencias.com","description":"El buscador de residencias de la 3\u00aa edad","potentialAction":[{"@type":"SearchAction","target":{"@type":"EntryPoint","urlTemplate":"https:\/\/www.inforesidencias.com\/blog\/?s={search_term_string}"},"query-input":"required name=search_term_string"}],"inLanguage":"es"},{"@type":"Person","@id":"https:\/\/www.inforesidencias.com\/blog\/#\/schema\/person\/9e146774d1eb3bc1c0316242a3898628","name":"Josep de Mart\u00ed","image":{"@type":"ImageObject","inLanguage":"es","@id":"https:\/\/www.inforesidencias.com\/blog\/#\/schema\/person\/image\/","url":"https:\/\/secure.gravatar.com\/avatar\/de0302c4806c00c4cebff396a798c1ff?s=96&d=mm&r=g","contentUrl":"https:\/\/secure.gravatar.com\/avatar\/de0302c4806c00c4cebff396a798c1ff?s=96&d=mm&r=g","caption":"Josep de Mart\u00ed"},"sameAs":["https:\/\/www.inforesidencias.com","https:\/\/www.facebook.com\/josep.demarti","https:\/\/twitter.com\/blog-ir"],"url":"https:\/\/www.inforesidencias.com\/blog\/index.php\/author\/josepdemarti\/"}]}},"_links":{"self":[{"href":"https:\/\/www.inforesidencias.com\/blog\/index.php\/wp-json\/wp\/v2\/posts\/4676"}],"collection":[{"href":"https:\/\/www.inforesidencias.com\/blog\/index.php\/wp-json\/wp\/v2\/posts"}],"about":[{"href":"https:\/\/www.inforesidencias.com\/blog\/index.php\/wp-json\/wp\/v2\/types\/post"}],"author":[{"embeddable":true,"href":"https:\/\/www.inforesidencias.com\/blog\/index.php\/wp-json\/wp\/v2\/users\/2"}],"replies":[{"embeddable":true,"href":"https:\/\/www.inforesidencias.com\/blog\/index.php\/wp-json\/wp\/v2\/comments?post=4676"}],"version-history":[{"count":9,"href":"https:\/\/www.inforesidencias.com\/blog\/index.php\/wp-json\/wp\/v2\/posts\/4676\/revisions"}],"predecessor-version":[{"id":4766,"href":"https:\/\/www.inforesidencias.com\/blog\/index.php\/wp-json\/wp\/v2\/posts\/4676\/revisions\/4766"}],"wp:featuredmedia":[{"embeddable":true,"href":"https:\/\/www.inforesidencias.com\/blog\/index.php\/wp-json\/wp\/v2\/media\/4765"}],"wp:attachment":[{"href":"https:\/\/www.inforesidencias.com\/blog\/index.php\/wp-json\/wp\/v2\/media?parent=4676"}],"wp:term":[{"taxonomy":"category","embeddable":true,"href":"https:\/\/www.inforesidencias.com\/blog\/index.php\/wp-json\/wp\/v2\/categories?post=4676"},{"taxonomy":"post_tag","embeddable":true,"href":"https:\/\/www.inforesidencias.com\/blog\/index.php\/wp-json\/wp\/v2\/tags?post=4676"}],"curies":[{"name":"wp","href":"https:\/\/api.w.org\/{rel}","templated":true}]}}