{"id":473,"date":"2015-11-19T08:24:19","date_gmt":"2015-11-19T08:24:19","guid":{"rendered":"https:\/\/www.inforesidencias.com\/blog\/?p=473"},"modified":"2019-09-13T10:49:45","modified_gmt":"2019-09-13T10:49:45","slug":"cuando-ingresar-en-residencia-geriatrica-persona-alzheimer","status":"publish","type":"post","link":"https:\/\/www.inforesidencias.com\/blog\/index.php\/2015\/11\/19\/cuando-ingresar-en-residencia-geriatrica-persona-alzheimer\/","title":{"rendered":"\u00bfCu\u00e1ndo ha llegado el momento de decidirse por ingresar en una residencia si la persona mayor sufre alzheimer?"},"content":{"rendered":"<p>Aunque s\u00f3lo una parte relativamente peque\u00f1a de personas que sufren Alzheimer u otro tipo de demencias necesitar\u00e1n ingresar en una residencia geri\u00e1trica, es \u00e9sta una posibilidad que hay que contemplar y considerar con tiempo.<\/p>\n<p>Las personas cuidadoras de enfermos de alzh\u00e9imer o de otras demencias tienen a su cargo personas con evoluciones complicadas y poco previsibles de la enfermedad.<\/p>\n<p>El deterioro tiene fases m\u00e1s lentas y en ocasiones la p\u00e9rdida de facultades o los trastornos de conducta se producen de forma sorpresiva y acelerada. Son enfermos a los a medida que avanza la enfermedad es m\u00e1s es dif\u00edcil tratar el domicilio, pues su nivel de dependencia es siempre mayor. Los cuidadores se sienten incapaces de soportar la carga de la atenci\u00f3n sin sufrir de estr\u00e9s y la enfermedad ellos\u00a0mismos. Ante las dificultades, el cuidador, el entorno y el m\u00e9dico pueden pensar que la persona estar\u00e1 mejor atendida en una residencia geri\u00e1trica.<\/p>\n<p>Muchas veces la decisi\u00f3n, a pesar del desgaste f\u00edsico y emocional que supone el cuidado, supone un desgarro emocional. No es sencillo decidir sobre la vida de nuestro padre o madre con demencia. Sin embargo, a pesar de lo doloroso que pueda ser o de tener la sensaci\u00f3n de que se le abandona, muchas veces no hay otra alternativa, pues precisan \u00a0un tipo de\u00a0cuidados cada vez m\u00e1s espec\u00edficos las 24 horas del d\u00eda. Hay algunos signos reveladores de que los cuidadores deben plantearse que su familiar precisa una cuidado especializado en casa no se puede dar.<\/p>\n<p><b>Cuando la persona vaga sin motivo<\/b> y de manera intempestiva aumentando el riesgo de ca\u00eddas o que se pierda, cuando el comportamiento es muy alterado y perturba de forma grave la rutina familiar, cuando se producen agresiones\u2026<\/p>\n<p>En estos momentos debe el cuidador ser honesto y preguntarse si la casa es un entorno seguro para la persona mayor y, lo contrario, si la persona con alzh\u00e9imer supone un riesgo para s\u00ed misma. Tambi\u00e9n es importante si el cuidado excede las capacidades tanto f\u00edsicas como psicol\u00f3gicas de la persona que est\u00e1 a cargo. Es estr\u00e9s del cuidador es tambi\u00e9n una se\u00f1al de que se debe buscar una soluci\u00f3n residencial.<\/p>\n<p>Para tener la seguridad de que las personas estar\u00e1n bien atendidas, antes de decidirse por una residencia u otra es importante visitarlas, confirmar que cuentan con todos los permisos, que sus instalaciones est\u00e1n preparadas para la especificidad de esta enfermedad, hablar con el personal\u2026 en definitiva, cuanta m\u00e1s informaci\u00f3n m\u00e1s seguridad en la decisi\u00f3n que se tome y que sus instalaciones est\u00e1n perfectamente preparadas para atender a este tipo de enfermos.<\/p>\n<h2>Cuando se considera ingresar en una residencia<\/h2>\n<p>Si se trata de una residencia de tecera edad especializada, p\u00fablica o privada, dispondr\u00e1 los servicios necesarios y adecuados, en entornos seguros, con personal cualificado y medios suficientes. A su ingreso la persona con alzh\u00e9imer recibir\u00e1 un plan de atenci\u00f3n personalizado, que ir\u00e1 modific\u00e1ndose con el tiempo y del que el cuidador principal estar\u00e1 permanentemente informado.<\/p>\n<p>Es importante la consideraci\u00f3n de que <b>el ingreso en una residencia geri\u00e1trica especializada no supone un abandono<\/b>. El cuidador principal sigue siendo el principal responsable del bienestar de la persona enferma, debe controlar que recibe un trato adecuado, que est\u00e1 c\u00f3modo en su entorno y, mientras se pueda, acompa\u00f1arle, darle afecto y hacerle saber que no est\u00e1 solo.<\/p>\n<h3><a href=\"https:\/\/www.inforesidencias.com\/particulares\/buscamos-por-ti\">Encontrar una plaza para ingresar en una residencia de tercera edad<\/a><\/h3>\n<p>En ocasiones, el paso intermedio por el centro de d\u00eda, donde la persona con alzh\u00e9imer pasa unas horas y vuelve a su domicilio, es un buen entrenamiento para el futuro tanto de ella como de la persona cuidadora, que tambi\u00e9n puede aliviar la carga f\u00edsica y emocional durante unas horas.<\/p>\n<p>Decidir sobre la vida de otras personas no es f\u00e1cil. Pero hay circunstancias en las que la planificaci\u00f3n y contar con ayuda especializada pueden ayudar y aliviar sentimientos de culpa. Tambi\u00e9n la propia conciencia en la persona que cuida y su entorno de que se llega a situaciones donde la carga y el estr\u00e9s lleva a sentimientos negativos hacia la persona enferma y a deterioro en la salud del propio cuidador.<\/p>\n<p>Cuando la mejor decisi\u00f3n es\u00a0ingresar en una\u00a0residencia especializada a un ser querido, se debe procurar pensar que le van a ofrecer la calidad de vida que en el domicilio ya no puede proporcionarse y que se sigue siendo responsable. La supervisi\u00f3n y las visitas peri\u00f3dicas son fundamentales para afrontar con garant\u00edas y el menor coste emocional posible estas enfermedades tan devastadoras para la persona afectada y su entorno.<\/p>\n<p>Enlaces de inter\u00e9s:<\/p>\n<p><a href=\"http:\/\/landogsaga.is\/section.php?id=58&amp;id_art=3149\">Origen de la imagen utilizada<\/a><\/p>\n<p><a href=\"https:\/\/www.google.es\/url?sa=t&amp;rct=j&amp;q=&amp;esrc=s&amp;source=web&amp;cd=1&amp;cad=rja&amp;uact=8&amp;ved=0CCQQFjAAahUKEwjFuuvX9ILJAhXCchQKHcY9CuE&amp;url=https%3A%2F%2Fwww.inforesidencias.com%2Fcontenidos%2Fmayores-y-familia%2Fnacional%2Fformulario-para-comparar-residencias-de-personas-mayores&amp;usg=AFQjCNH_JOL3T6fV_lvCQpMX45GSGpZM_A&amp;sig2=DyQGzwh1hnUc9PTJccVlGw\">Elegir una residencia geri\u00e1trica<\/a><\/p>\n<p><a href=\"http:\/\/josepdemarti.blogspot.com.es\/2013\/04\/los-cinco-errores-mas-comunes-al-elegir.html\">Los \u00a0cinco errores m\u00e1s comunes al buscar una residencia de tercera edad<\/a><\/p>\n","protected":false},"excerpt":{"rendered":"<p>Aunque s\u00f3lo una parte relativamente peque\u00f1a de personas que sufren Alzheimer u otro tipo de demencias necesitar\u00e1n ingresar en una residencia geri\u00e1trica, es \u00e9sta una posibilidad que hay que contemplar y considerar con tiempo. Las personas cuidadoras de enfermos de alzh\u00e9imer o de otras demencias tienen a su cargo personas con evoluciones complicadas y poco previsibles de la enfermedad. El deterioro tiene fases m\u00e1s lentas y en ocasiones la p\u00e9rdida de facultades o los trastornos de conducta se producen de forma sorpresiva y acelerada. Son enfermos a los a medida que avanza la enfermedad es m\u00e1s es dif\u00edcil tratar el domicilio, pues su nivel de dependencia es siempre mayor. Los cuidadores se sienten incapaces de soportar la carga de la atenci\u00f3n sin sufrir de estr\u00e9s y la enfermedad ellos\u00a0mismos. Ante las dificultades, el cuidador, el entorno y el m\u00e9dico pueden pensar que la persona estar\u00e1 mejor atendida en una residencia [&hellip;]<\/p>\n","protected":false},"author":2,"featured_media":476,"comment_status":"open","ping_status":"open","sticky":false,"template":"","format":"standard","meta":{"footnotes":""},"categories":[3,5],"tags":[56,57,11],"yoast_head":"<!-- This site is optimized with the Yoast SEO plugin v21.7 - https:\/\/yoast.com\/wordpress\/plugins\/seo\/ -->\n<title>\u00bfCu\u00e1ndo ha llegado el momento de decidirse por ingresar en una residencia si la persona mayor sufre alzheimer? - Blog Inforesidencias.com<\/title>\n<meta name=\"description\" content=\"Ingresar en una residencia, uno mismo o a un ser querido, es una decisi\u00f3n muy importante. Aqu\u00ed podr\u00e1 encontrar alguna informaci\u00f3n y consejos si hablamos de personas mayores que sufren demencia y o alzheimer\" \/>\n<meta name=\"robots\" content=\"index, follow, max-snippet:-1, max-image-preview:large, max-video-preview:-1\" \/>\n<link rel=\"canonical\" href=\"https:\/\/www.inforesidencias.com\/blog\/index.php\/2015\/11\/19\/cuando-ingresar-en-residencia-geriatrica-persona-alzheimer\/\" \/>\n<meta property=\"og:locale\" content=\"es_ES\" \/>\n<meta property=\"og:type\" content=\"article\" \/>\n<meta property=\"og:title\" content=\"\u00bfCu\u00e1ndo ha llegado el momento de decidirse por ingresar en una residencia si la persona mayor sufre alzheimer? - Blog Inforesidencias.com\" \/>\n<meta property=\"og:description\" content=\"Ingresar en una residencia, uno mismo o a un ser querido, es una decisi\u00f3n muy importante. Aqu\u00ed podr\u00e1 encontrar alguna informaci\u00f3n y consejos si hablamos de personas mayores que sufren demencia y o alzheimer\" \/>\n<meta property=\"og:url\" content=\"https:\/\/www.inforesidencias.com\/blog\/index.php\/2015\/11\/19\/cuando-ingresar-en-residencia-geriatrica-persona-alzheimer\/\" \/>\n<meta property=\"og:site_name\" content=\"Blog Inforesidencias.com\" \/>\n<meta property=\"article:publisher\" content=\"https:\/\/www.facebook.com\/Inforesidencias\/\" \/>\n<meta property=\"article:author\" content=\"https:\/\/www.facebook.com\/josep.demarti\" \/>\n<meta property=\"article:published_time\" content=\"2015-11-19T08:24:19+00:00\" \/>\n<meta property=\"article:modified_time\" content=\"2019-09-13T10:49:45+00:00\" \/>\n<meta property=\"og:image\" content=\"https:\/\/www.inforesidencias.com\/blog\/wp-content\/uploads\/2015\/11\/Captura-de-pantalla-2015-11-09-a-las-9.17.46.png\" \/>\n\t<meta property=\"og:image:width\" content=\"542\" \/>\n\t<meta property=\"og:image:height\" content=\"321\" \/>\n\t<meta property=\"og:image:type\" content=\"image\/png\" \/>\n<meta name=\"author\" content=\"Josep de Mart\u00ed\" \/>\n<meta name=\"twitter:card\" content=\"summary_large_image\" \/>\n<meta name=\"twitter:creator\" content=\"@blog-ir\" \/>\n<meta name=\"twitter:site\" content=\"@inforesidencias\" \/>\n<meta name=\"twitter:label1\" content=\"Escrito por\" \/>\n\t<meta name=\"twitter:data1\" content=\"Josep de Mart\u00ed\" \/>\n\t<meta name=\"twitter:label2\" content=\"Tiempo de lectura\" \/>\n\t<meta name=\"twitter:data2\" content=\"4 minutos\" \/>\n<script type=\"application\/ld+json\" class=\"yoast-schema-graph\">{\"@context\":\"https:\/\/schema.org\",\"@graph\":[{\"@type\":\"WebPage\",\"@id\":\"https:\/\/www.inforesidencias.com\/blog\/index.php\/2015\/11\/19\/cuando-ingresar-en-residencia-geriatrica-persona-alzheimer\/\",\"url\":\"https:\/\/www.inforesidencias.com\/blog\/index.php\/2015\/11\/19\/cuando-ingresar-en-residencia-geriatrica-persona-alzheimer\/\",\"name\":\"\u00bfCu\u00e1ndo ha llegado el momento de decidirse por ingresar en una residencia si la persona mayor sufre alzheimer? - Blog Inforesidencias.com\",\"isPartOf\":{\"@id\":\"https:\/\/www.inforesidencias.com\/blog\/#website\"},\"datePublished\":\"2015-11-19T08:24:19+00:00\",\"dateModified\":\"2019-09-13T10:49:45+00:00\",\"author\":{\"@id\":\"https:\/\/www.inforesidencias.com\/blog\/#\/schema\/person\/9e146774d1eb3bc1c0316242a3898628\"},\"description\":\"Ingresar en una residencia, uno mismo o a un ser querido, es una decisi\u00f3n muy importante. Aqu\u00ed podr\u00e1 encontrar alguna informaci\u00f3n y consejos si hablamos de personas mayores que sufren demencia y o alzheimer\",\"breadcrumb\":{\"@id\":\"https:\/\/www.inforesidencias.com\/blog\/index.php\/2015\/11\/19\/cuando-ingresar-en-residencia-geriatrica-persona-alzheimer\/#breadcrumb\"},\"inLanguage\":\"es\",\"potentialAction\":[{\"@type\":\"ReadAction\",\"target\":[\"https:\/\/www.inforesidencias.com\/blog\/index.php\/2015\/11\/19\/cuando-ingresar-en-residencia-geriatrica-persona-alzheimer\/\"]}]},{\"@type\":\"BreadcrumbList\",\"@id\":\"https:\/\/www.inforesidencias.com\/blog\/index.php\/2015\/11\/19\/cuando-ingresar-en-residencia-geriatrica-persona-alzheimer\/#breadcrumb\",\"itemListElement\":[{\"@type\":\"ListItem\",\"position\":1,\"name\":\"Home\",\"item\":\"https:\/\/www.inforesidencias.com\/blog\/\"},{\"@type\":\"ListItem\",\"position\":2,\"name\":\"\u00bfCu\u00e1ndo ha llegado el momento de decidirse por ingresar en una residencia si la persona mayor sufre alzheimer?\"}]},{\"@type\":\"WebSite\",\"@id\":\"https:\/\/www.inforesidencias.com\/blog\/#website\",\"url\":\"https:\/\/www.inforesidencias.com\/blog\/\",\"name\":\"Blog Inforesidencias.com\",\"description\":\"El buscador de residencias de la 3\u00aa edad\",\"potentialAction\":[{\"@type\":\"SearchAction\",\"target\":{\"@type\":\"EntryPoint\",\"urlTemplate\":\"https:\/\/www.inforesidencias.com\/blog\/?s={search_term_string}\"},\"query-input\":\"required name=search_term_string\"}],\"inLanguage\":\"es\"},{\"@type\":\"Person\",\"@id\":\"https:\/\/www.inforesidencias.com\/blog\/#\/schema\/person\/9e146774d1eb3bc1c0316242a3898628\",\"name\":\"Josep de Mart\u00ed\",\"image\":{\"@type\":\"ImageObject\",\"inLanguage\":\"es\",\"@id\":\"https:\/\/www.inforesidencias.com\/blog\/#\/schema\/person\/image\/\",\"url\":\"https:\/\/secure.gravatar.com\/avatar\/de0302c4806c00c4cebff396a798c1ff?s=96&d=mm&r=g\",\"contentUrl\":\"https:\/\/secure.gravatar.com\/avatar\/de0302c4806c00c4cebff396a798c1ff?s=96&d=mm&r=g\",\"caption\":\"Josep de Mart\u00ed\"},\"sameAs\":[\"https:\/\/www.inforesidencias.com\",\"https:\/\/www.facebook.com\/josep.demarti\",\"https:\/\/twitter.com\/blog-ir\"],\"url\":\"https:\/\/www.inforesidencias.com\/blog\/index.php\/author\/josepdemarti\/\"}]}<\/script>\n<!-- \/ Yoast SEO plugin. -->","yoast_head_json":{"title":"\u00bfCu\u00e1ndo ha llegado el momento de decidirse por ingresar en una residencia si la persona mayor sufre alzheimer? - Blog Inforesidencias.com","description":"Ingresar en una residencia, uno mismo o a un ser querido, es una decisi\u00f3n muy importante. Aqu\u00ed podr\u00e1 encontrar alguna informaci\u00f3n y consejos si hablamos de personas mayores que sufren demencia y o alzheimer","robots":{"index":"index","follow":"follow","max-snippet":"max-snippet:-1","max-image-preview":"max-image-preview:large","max-video-preview":"max-video-preview:-1"},"canonical":"https:\/\/www.inforesidencias.com\/blog\/index.php\/2015\/11\/19\/cuando-ingresar-en-residencia-geriatrica-persona-alzheimer\/","og_locale":"es_ES","og_type":"article","og_title":"\u00bfCu\u00e1ndo ha llegado el momento de decidirse por ingresar en una residencia si la persona mayor sufre alzheimer? - Blog Inforesidencias.com","og_description":"Ingresar en una residencia, uno mismo o a un ser querido, es una decisi\u00f3n muy importante. Aqu\u00ed podr\u00e1 encontrar alguna informaci\u00f3n y consejos si hablamos de personas mayores que sufren demencia y o alzheimer","og_url":"https:\/\/www.inforesidencias.com\/blog\/index.php\/2015\/11\/19\/cuando-ingresar-en-residencia-geriatrica-persona-alzheimer\/","og_site_name":"Blog Inforesidencias.com","article_publisher":"https:\/\/www.facebook.com\/Inforesidencias\/","article_author":"https:\/\/www.facebook.com\/josep.demarti","article_published_time":"2015-11-19T08:24:19+00:00","article_modified_time":"2019-09-13T10:49:45+00:00","og_image":[{"width":542,"height":321,"url":"https:\/\/www.inforesidencias.com\/blog\/wp-content\/uploads\/2015\/11\/Captura-de-pantalla-2015-11-09-a-las-9.17.46.png","type":"image\/png"}],"author":"Josep de Mart\u00ed","twitter_card":"summary_large_image","twitter_creator":"@blog-ir","twitter_site":"@inforesidencias","twitter_misc":{"Escrito por":"Josep de Mart\u00ed","Tiempo de lectura":"4 minutos"},"schema":{"@context":"https:\/\/schema.org","@graph":[{"@type":"WebPage","@id":"https:\/\/www.inforesidencias.com\/blog\/index.php\/2015\/11\/19\/cuando-ingresar-en-residencia-geriatrica-persona-alzheimer\/","url":"https:\/\/www.inforesidencias.com\/blog\/index.php\/2015\/11\/19\/cuando-ingresar-en-residencia-geriatrica-persona-alzheimer\/","name":"\u00bfCu\u00e1ndo ha llegado el momento de decidirse por ingresar en una residencia si la persona mayor sufre alzheimer? - Blog Inforesidencias.com","isPartOf":{"@id":"https:\/\/www.inforesidencias.com\/blog\/#website"},"datePublished":"2015-11-19T08:24:19+00:00","dateModified":"2019-09-13T10:49:45+00:00","author":{"@id":"https:\/\/www.inforesidencias.com\/blog\/#\/schema\/person\/9e146774d1eb3bc1c0316242a3898628"},"description":"Ingresar en una residencia, uno mismo o a un ser querido, es una decisi\u00f3n muy importante. Aqu\u00ed podr\u00e1 encontrar alguna informaci\u00f3n y consejos si hablamos de personas mayores que sufren demencia y o alzheimer","breadcrumb":{"@id":"https:\/\/www.inforesidencias.com\/blog\/index.php\/2015\/11\/19\/cuando-ingresar-en-residencia-geriatrica-persona-alzheimer\/#breadcrumb"},"inLanguage":"es","potentialAction":[{"@type":"ReadAction","target":["https:\/\/www.inforesidencias.com\/blog\/index.php\/2015\/11\/19\/cuando-ingresar-en-residencia-geriatrica-persona-alzheimer\/"]}]},{"@type":"BreadcrumbList","@id":"https:\/\/www.inforesidencias.com\/blog\/index.php\/2015\/11\/19\/cuando-ingresar-en-residencia-geriatrica-persona-alzheimer\/#breadcrumb","itemListElement":[{"@type":"ListItem","position":1,"name":"Home","item":"https:\/\/www.inforesidencias.com\/blog\/"},{"@type":"ListItem","position":2,"name":"\u00bfCu\u00e1ndo ha llegado el momento de decidirse por ingresar en una residencia si la persona mayor sufre alzheimer?"}]},{"@type":"WebSite","@id":"https:\/\/www.inforesidencias.com\/blog\/#website","url":"https:\/\/www.inforesidencias.com\/blog\/","name":"Blog Inforesidencias.com","description":"El buscador de residencias de la 3\u00aa edad","potentialAction":[{"@type":"SearchAction","target":{"@type":"EntryPoint","urlTemplate":"https:\/\/www.inforesidencias.com\/blog\/?s={search_term_string}"},"query-input":"required name=search_term_string"}],"inLanguage":"es"},{"@type":"Person","@id":"https:\/\/www.inforesidencias.com\/blog\/#\/schema\/person\/9e146774d1eb3bc1c0316242a3898628","name":"Josep de Mart\u00ed","image":{"@type":"ImageObject","inLanguage":"es","@id":"https:\/\/www.inforesidencias.com\/blog\/#\/schema\/person\/image\/","url":"https:\/\/secure.gravatar.com\/avatar\/de0302c4806c00c4cebff396a798c1ff?s=96&d=mm&r=g","contentUrl":"https:\/\/secure.gravatar.com\/avatar\/de0302c4806c00c4cebff396a798c1ff?s=96&d=mm&r=g","caption":"Josep de Mart\u00ed"},"sameAs":["https:\/\/www.inforesidencias.com","https:\/\/www.facebook.com\/josep.demarti","https:\/\/twitter.com\/blog-ir"],"url":"https:\/\/www.inforesidencias.com\/blog\/index.php\/author\/josepdemarti\/"}]}},"_links":{"self":[{"href":"https:\/\/www.inforesidencias.com\/blog\/index.php\/wp-json\/wp\/v2\/posts\/473"}],"collection":[{"href":"https:\/\/www.inforesidencias.com\/blog\/index.php\/wp-json\/wp\/v2\/posts"}],"about":[{"href":"https:\/\/www.inforesidencias.com\/blog\/index.php\/wp-json\/wp\/v2\/types\/post"}],"author":[{"embeddable":true,"href":"https:\/\/www.inforesidencias.com\/blog\/index.php\/wp-json\/wp\/v2\/users\/2"}],"replies":[{"embeddable":true,"href":"https:\/\/www.inforesidencias.com\/blog\/index.php\/wp-json\/wp\/v2\/comments?post=473"}],"version-history":[{"count":5,"href":"https:\/\/www.inforesidencias.com\/blog\/index.php\/wp-json\/wp\/v2\/posts\/473\/revisions"}],"predecessor-version":[{"id":2412,"href":"https:\/\/www.inforesidencias.com\/blog\/index.php\/wp-json\/wp\/v2\/posts\/473\/revisions\/2412"}],"wp:featuredmedia":[{"embeddable":true,"href":"https:\/\/www.inforesidencias.com\/blog\/index.php\/wp-json\/wp\/v2\/media\/476"}],"wp:attachment":[{"href":"https:\/\/www.inforesidencias.com\/blog\/index.php\/wp-json\/wp\/v2\/media?parent=473"}],"wp:term":[{"taxonomy":"category","embeddable":true,"href":"https:\/\/www.inforesidencias.com\/blog\/index.php\/wp-json\/wp\/v2\/categories?post=473"},{"taxonomy":"post_tag","embeddable":true,"href":"https:\/\/www.inforesidencias.com\/blog\/index.php\/wp-json\/wp\/v2\/tags?post=473"}],"curies":[{"name":"wp","href":"https:\/\/api.w.org\/{rel}","templated":true}]}}