{"id":487,"date":"2016-04-30T09:24:40","date_gmt":"2016-04-30T09:24:40","guid":{"rendered":"https:\/\/www.inforesidencias.com\/blog\/?p=487"},"modified":"2016-03-26T15:56:20","modified_gmt":"2016-03-26T15:56:20","slug":"estefania-un-relato-de-mariana-veronica-gaianu","status":"publish","type":"post","link":"https:\/\/www.inforesidencias.com\/blog\/index.php\/2016\/04\/30\/estefania-un-relato-de-mariana-veronica-gaianu\/","title":{"rendered":"Estefan\u00eda.  Un relato de Mariana Ver\u00f3nica Gaianu"},"content":{"rendered":"<p>5Seguimos difundiendo extractos del libro de Mariana Ver\u00f3nica Gaianu \u00abSentimientos y Arrugas\u00bb e el que recoge sus reflexiones tras a\u00f1os trabajando de gerocultora en residencia de tercera edad.<\/p>\n<p>En este caso un retrato no falto de melancol\u00eda sobre Estefan\u00eda, una mujer que vive en una residencia de mayores.<\/p>\n<p>Invitamos a quienes lo lean a dejar su opini\u00f3n y a quien le interese \u00a0adquirir el libro puede <a href=\"mailto:briemariana@hotmail.com\" target=\"_blank\">contactar directamente con la autora<\/a>.<\/p>\n<p>ESTEFAN\u00cdA<\/p>\n<p>Me asom\u00e9 a su habitaci\u00f3n y dije con voz suave:<\/p>\n<p>\u2014Buenas noches. \u00bfTe he despertado?<\/p>\n<p>\u2014 \u00bfDespertado? \u00a1Qu\u00e9 va! Estaba distra\u00edda pensando\u2026<\/p>\n<p>A nadie le interesa si duermo o no.<\/p>\n<p>\u2014Pues llevaba un buen rato llamando a la puerta y no me o\u00edas \u2014. Me examin\u00f3 con una mirada pensativa y ausente, fingiendo no comprender lo que le dec\u00eda. Estaba\u00a0c\u00f3modamente acostada en su cama. Le dej\u00e9 un vaso de leche y la pastilla\u2014.<\/p>\n<p>Querida, ten un poco m\u00e1s de fe \u2014le dije\u2014. Tienes muy mal aspecto, rel\u00e1jate, duerme y descansa mucho. Ma\u00f1ana te parecer\u00e1 mucho m\u00e1s prometedor.<\/p>\n<p>Buenas noches. Vendr\u00e9 ma\u00f1ana a despertarte.<\/p>\n<p>Tendida en su cama, comenz\u00f3 a recordar su pasado; se asust\u00f3 y rompi\u00f3 a llorar. Se sent\u00eda tan triste\u2026<\/p>\n<p>\u2014Necesito dormir un poco \u2014se dijo. Sent\u00eda la necesidad de descanso, pero no consegu\u00eda conciliar el sue\u00f1o. Esos momentos de quietud la conduc\u00edan a momentos de reflexi\u00f3n. Eran las dos y media&#8230; las tres menos cuarto&#8230; las tres\u2026 las tres y cinco&#8230; las tres y diez&#8230; Y entonces el tiempo se detuvo, se inmoviliz\u00f3 totalmente\u2026<\/p>\n<p>Se acost\u00f3 tarde, pero el sue\u00f1o parec\u00eda tan alejado de ella como la salud, la juventud y la fuerza\u2026 Al final, se qued\u00f3 dormida.<\/p>\n<p>Por la ma\u00f1ana, entr\u00e9 en la habitaci\u00f3n de Estefan\u00eda. Estaba tendida en su cama, tratando pensar. Se incor por\u00f3 apoy\u00e1ndose en el codo. No pude evitar fruncir\u00a0el ce\u00f1o al verla tan fr\u00e1gil. Su cuerpo, en otro tiempo robusto, estaba reducido a menos de cuarenta y cinco kilos. La tos era tan constante que formaba parte de su\u00a0monoton\u00eda, por lo que no le preocupaba demasiado. Ten\u00eda la piel amarillenta y, cuando hablaba, se interrump\u00eda para pasar un pa\u00f1uelo por su frente. Aquella\u00a0abuelita exteriorizaba un claro matiz de amargura en su mirada.<\/p>\n<p>\u2014H\u00e1blame, te escucho. Esto te har\u00e1 bien\u2014le dije.<\/p>\n<p>Intentaba hablarme utilizando sus palabras y gesticulando con sus laxas y callosas manos de l\u00e1nguidas falanges. En otro tiempo, habr\u00eda tenido unas manos muy bonitas, pero ahora quedaba muy poco de ellas. Aquellas manos realizaban movimientos que s\u00f3lo ella pod\u00eda hacer. Quer\u00eda compartir con ella mi optimismo\u00a0y convertir cualquier recuerdo doloroso en peque\u00f1o e insignificante; hacerle creer que, despu\u00e9s de una tormenta, siempre sale el sol. Pero ella ya se hab\u00eda llevado\u00a0demasiadas decepciones.<\/p>\n<p>\u2014Tu sonrisa es como la luz del sol despu\u00e9s de la lluvia \u2014dijo en tono desenfadado.<\/p>\n<p>\u2014Gracias \u2014dije\u2014. Tu hija es muy afortunada por tener una madre tan especial como t\u00fa.<\/p>\n<p>\u2014\u00a1Oh! Duele ver como mis hijos se van apartando de m\u00ed\u2014 respondi\u00f3.<\/p>\n<p>Su voz nunca dejaba de ser amable y alegre, pero ahora s\u00ed, en sus ojos hab\u00eda tristeza, mucha tristeza.<\/p>\n<p>\u2014De vez en cuando, sue\u00f1o despierta que llegan mis hijos y vuelvo a casa.<\/p>\n<p>Cuando se levant\u00f3, intent\u00f3 dirigirse hacia el pasillo que daba al jard\u00edn. Me mir\u00f3 y dijo:<\/p>\n<p>\u2014Siento que las piernas se me han convertido en piedras. Caminemos juntas hacia el jard\u00edn \u2014yo ten\u00eda la vista perdida en el horizonte, Estefan\u00eda, en cambio\u00a0andaba con la mirada baja\u2014. Qu\u00e9 dif\u00edcil es aclarar los enredos de la vida \u2014le tom\u00e9 el brazo para facilitarle la marcha. Sus piernas hinchadas ya no le sosten\u00edan durante los largos paseos que la fisioterapeuta le obligaba realizar diariamente. Antes, casi siempre, se mostraba tan alegre\u2026 Ahora, casi nunca.<\/p>\n<p>\u2014La verdad es que \u00faltimamente me pongo triste, me doy cuenta de que estoy demasiado sola.<\/p>\n<p>\u2014No est\u00e1s sola, nos tienes a nosotros.<\/p>\n<p>\u2014Mi vida es aburrida, aburrid\u00edsima \u2014dijo Estefan\u00eda con gesto malhumorado y, cabizbaja, se dirigi\u00f3 hasta el banco. Se sent\u00eda tan fr\u00e1gil como una florecilla\u00a0mecida por el viento. Sin embargo, ese sentimiento que se enquistaba en su coraz\u00f3n, parec\u00eda tener una peque\u00f1a base real. Se refugiaba en un llanto breve, que otorgaba una extra\u00f1a solemnidad a su rostro.<\/p>\n","protected":false},"excerpt":{"rendered":"<p>5Seguimos difundiendo extractos del libro de Mariana Ver\u00f3nica Gaianu \u00abSentimientos y Arrugas\u00bb e el que recoge sus reflexiones tras a\u00f1os trabajando de gerocultora en residencia de tercera edad. En este caso un retrato no falto de melancol\u00eda sobre Estefan\u00eda, una mujer que vive en una residencia de mayores. Invitamos a quienes lo lean a dejar su opini\u00f3n y a quien le interese \u00a0adquirir el libro puede contactar directamente con la autora. ESTEFAN\u00cdA Me asom\u00e9 a su habitaci\u00f3n y dije con voz suave: \u2014Buenas noches. \u00bfTe he despertado? \u2014 \u00bfDespertado? \u00a1Qu\u00e9 va! Estaba distra\u00edda pensando\u2026 A nadie le interesa si duermo o no. \u2014Pues llevaba un buen rato llamando a la puerta y no me o\u00edas \u2014. Me examin\u00f3 con una mirada pensativa y ausente, fingiendo no comprender lo que le dec\u00eda. Estaba\u00a0c\u00f3modamente acostada en su cama. Le dej\u00e9 un vaso de leche y la pastilla\u2014. Querida, ten un poco m\u00e1s [&hellip;]<\/p>\n","protected":false},"author":2,"featured_media":311,"comment_status":"open","ping_status":"open","sticky":false,"template":"","format":"standard","meta":{"footnotes":""},"categories":[3,5],"tags":[52],"yoast_head":"<!-- This site is optimized with the Yoast SEO plugin v21.7 - https:\/\/yoast.com\/wordpress\/plugins\/seo\/ -->\n<title>Relato escrito por una gerocultora en residencia de tercera edad<\/title>\n<meta name=\"description\" content=\"Mariana Ver\u00f3nica Gaianu, o gerocultora en residencia de tercera edad escribe un relato corto recogido en su libro Senitmientos y Arrugas\" \/>\n<meta name=\"robots\" content=\"index, follow, max-snippet:-1, max-image-preview:large, max-video-preview:-1\" \/>\n<link rel=\"canonical\" href=\"https:\/\/www.inforesidencias.com\/blog\/index.php\/2016\/04\/30\/estefania-un-relato-de-mariana-veronica-gaianu\/\" \/>\n<meta property=\"og:locale\" content=\"es_ES\" \/>\n<meta property=\"og:type\" content=\"article\" \/>\n<meta property=\"og:title\" content=\"Relato escrito por una gerocultora en residencia de tercera edad\" \/>\n<meta property=\"og:description\" content=\"Mariana Ver\u00f3nica Gaianu, o gerocultora en residencia de tercera edad escribe un relato corto recogido en su libro Senitmientos y Arrugas\" \/>\n<meta property=\"og:url\" content=\"https:\/\/www.inforesidencias.com\/blog\/index.php\/2016\/04\/30\/estefania-un-relato-de-mariana-veronica-gaianu\/\" \/>\n<meta property=\"og:site_name\" content=\"Blog Inforesidencias.com\" \/>\n<meta property=\"article:publisher\" content=\"https:\/\/www.facebook.com\/Inforesidencias\/\" \/>\n<meta property=\"article:author\" content=\"https:\/\/www.facebook.com\/josep.demarti\" \/>\n<meta property=\"article:published_time\" content=\"2016-04-30T09:24:40+00:00\" \/>\n<meta property=\"article:modified_time\" content=\"2016-03-26T15:56:20+00:00\" \/>\n<meta property=\"og:image\" content=\"https:\/\/www.inforesidencias.com\/blog\/wp-content\/uploads\/2015\/08\/Captura-de-pantalla-2015-08-07-a-las-14.29.48.png\" \/>\n\t<meta property=\"og:image:width\" content=\"491\" \/>\n\t<meta property=\"og:image:height\" content=\"762\" \/>\n\t<meta property=\"og:image:type\" content=\"image\/png\" \/>\n<meta name=\"author\" content=\"Josep de Mart\u00ed\" \/>\n<meta name=\"twitter:card\" content=\"summary_large_image\" \/>\n<meta name=\"twitter:creator\" content=\"@blog-ir\" \/>\n<meta name=\"twitter:site\" content=\"@inforesidencias\" \/>\n<meta name=\"twitter:label1\" content=\"Escrito por\" \/>\n\t<meta name=\"twitter:data1\" content=\"Josep de Mart\u00ed\" \/>\n\t<meta name=\"twitter:label2\" content=\"Tiempo de lectura\" \/>\n\t<meta name=\"twitter:data2\" content=\"4 minutos\" \/>\n<script type=\"application\/ld+json\" class=\"yoast-schema-graph\">{\"@context\":\"https:\/\/schema.org\",\"@graph\":[{\"@type\":\"WebPage\",\"@id\":\"https:\/\/www.inforesidencias.com\/blog\/index.php\/2016\/04\/30\/estefania-un-relato-de-mariana-veronica-gaianu\/\",\"url\":\"https:\/\/www.inforesidencias.com\/blog\/index.php\/2016\/04\/30\/estefania-un-relato-de-mariana-veronica-gaianu\/\",\"name\":\"Relato escrito por una gerocultora en residencia de tercera edad\",\"isPartOf\":{\"@id\":\"https:\/\/www.inforesidencias.com\/blog\/#website\"},\"datePublished\":\"2016-04-30T09:24:40+00:00\",\"dateModified\":\"2016-03-26T15:56:20+00:00\",\"author\":{\"@id\":\"https:\/\/www.inforesidencias.com\/blog\/#\/schema\/person\/9e146774d1eb3bc1c0316242a3898628\"},\"description\":\"Mariana Ver\u00f3nica Gaianu, o gerocultora en residencia de tercera edad escribe un relato corto recogido en su libro Senitmientos y Arrugas\",\"breadcrumb\":{\"@id\":\"https:\/\/www.inforesidencias.com\/blog\/index.php\/2016\/04\/30\/estefania-un-relato-de-mariana-veronica-gaianu\/#breadcrumb\"},\"inLanguage\":\"es\",\"potentialAction\":[{\"@type\":\"ReadAction\",\"target\":[\"https:\/\/www.inforesidencias.com\/blog\/index.php\/2016\/04\/30\/estefania-un-relato-de-mariana-veronica-gaianu\/\"]}]},{\"@type\":\"BreadcrumbList\",\"@id\":\"https:\/\/www.inforesidencias.com\/blog\/index.php\/2016\/04\/30\/estefania-un-relato-de-mariana-veronica-gaianu\/#breadcrumb\",\"itemListElement\":[{\"@type\":\"ListItem\",\"position\":1,\"name\":\"Home\",\"item\":\"https:\/\/www.inforesidencias.com\/blog\/\"},{\"@type\":\"ListItem\",\"position\":2,\"name\":\"Estefan\u00eda. Un relato de Mariana Ver\u00f3nica Gaianu\"}]},{\"@type\":\"WebSite\",\"@id\":\"https:\/\/www.inforesidencias.com\/blog\/#website\",\"url\":\"https:\/\/www.inforesidencias.com\/blog\/\",\"name\":\"Blog Inforesidencias.com\",\"description\":\"El buscador de residencias de la 3\u00aa edad\",\"potentialAction\":[{\"@type\":\"SearchAction\",\"target\":{\"@type\":\"EntryPoint\",\"urlTemplate\":\"https:\/\/www.inforesidencias.com\/blog\/?s={search_term_string}\"},\"query-input\":\"required name=search_term_string\"}],\"inLanguage\":\"es\"},{\"@type\":\"Person\",\"@id\":\"https:\/\/www.inforesidencias.com\/blog\/#\/schema\/person\/9e146774d1eb3bc1c0316242a3898628\",\"name\":\"Josep de Mart\u00ed\",\"image\":{\"@type\":\"ImageObject\",\"inLanguage\":\"es\",\"@id\":\"https:\/\/www.inforesidencias.com\/blog\/#\/schema\/person\/image\/\",\"url\":\"https:\/\/secure.gravatar.com\/avatar\/de0302c4806c00c4cebff396a798c1ff?s=96&d=mm&r=g\",\"contentUrl\":\"https:\/\/secure.gravatar.com\/avatar\/de0302c4806c00c4cebff396a798c1ff?s=96&d=mm&r=g\",\"caption\":\"Josep de Mart\u00ed\"},\"sameAs\":[\"https:\/\/www.inforesidencias.com\",\"https:\/\/www.facebook.com\/josep.demarti\",\"https:\/\/twitter.com\/blog-ir\"],\"url\":\"https:\/\/www.inforesidencias.com\/blog\/index.php\/author\/josepdemarti\/\"}]}<\/script>\n<!-- \/ Yoast SEO plugin. -->","yoast_head_json":{"title":"Relato escrito por una gerocultora en residencia de tercera edad","description":"Mariana Ver\u00f3nica Gaianu, o gerocultora en residencia de tercera edad escribe un relato corto recogido en su libro Senitmientos y Arrugas","robots":{"index":"index","follow":"follow","max-snippet":"max-snippet:-1","max-image-preview":"max-image-preview:large","max-video-preview":"max-video-preview:-1"},"canonical":"https:\/\/www.inforesidencias.com\/blog\/index.php\/2016\/04\/30\/estefania-un-relato-de-mariana-veronica-gaianu\/","og_locale":"es_ES","og_type":"article","og_title":"Relato escrito por una gerocultora en residencia de tercera edad","og_description":"Mariana Ver\u00f3nica Gaianu, o gerocultora en residencia de tercera edad escribe un relato corto recogido en su libro Senitmientos y Arrugas","og_url":"https:\/\/www.inforesidencias.com\/blog\/index.php\/2016\/04\/30\/estefania-un-relato-de-mariana-veronica-gaianu\/","og_site_name":"Blog Inforesidencias.com","article_publisher":"https:\/\/www.facebook.com\/Inforesidencias\/","article_author":"https:\/\/www.facebook.com\/josep.demarti","article_published_time":"2016-04-30T09:24:40+00:00","article_modified_time":"2016-03-26T15:56:20+00:00","og_image":[{"width":491,"height":762,"url":"https:\/\/www.inforesidencias.com\/blog\/wp-content\/uploads\/2015\/08\/Captura-de-pantalla-2015-08-07-a-las-14.29.48.png","type":"image\/png"}],"author":"Josep de Mart\u00ed","twitter_card":"summary_large_image","twitter_creator":"@blog-ir","twitter_site":"@inforesidencias","twitter_misc":{"Escrito por":"Josep de Mart\u00ed","Tiempo de lectura":"4 minutos"},"schema":{"@context":"https:\/\/schema.org","@graph":[{"@type":"WebPage","@id":"https:\/\/www.inforesidencias.com\/blog\/index.php\/2016\/04\/30\/estefania-un-relato-de-mariana-veronica-gaianu\/","url":"https:\/\/www.inforesidencias.com\/blog\/index.php\/2016\/04\/30\/estefania-un-relato-de-mariana-veronica-gaianu\/","name":"Relato escrito por una gerocultora en residencia de tercera edad","isPartOf":{"@id":"https:\/\/www.inforesidencias.com\/blog\/#website"},"datePublished":"2016-04-30T09:24:40+00:00","dateModified":"2016-03-26T15:56:20+00:00","author":{"@id":"https:\/\/www.inforesidencias.com\/blog\/#\/schema\/person\/9e146774d1eb3bc1c0316242a3898628"},"description":"Mariana Ver\u00f3nica Gaianu, o gerocultora en residencia de tercera edad escribe un relato corto recogido en su libro Senitmientos y Arrugas","breadcrumb":{"@id":"https:\/\/www.inforesidencias.com\/blog\/index.php\/2016\/04\/30\/estefania-un-relato-de-mariana-veronica-gaianu\/#breadcrumb"},"inLanguage":"es","potentialAction":[{"@type":"ReadAction","target":["https:\/\/www.inforesidencias.com\/blog\/index.php\/2016\/04\/30\/estefania-un-relato-de-mariana-veronica-gaianu\/"]}]},{"@type":"BreadcrumbList","@id":"https:\/\/www.inforesidencias.com\/blog\/index.php\/2016\/04\/30\/estefania-un-relato-de-mariana-veronica-gaianu\/#breadcrumb","itemListElement":[{"@type":"ListItem","position":1,"name":"Home","item":"https:\/\/www.inforesidencias.com\/blog\/"},{"@type":"ListItem","position":2,"name":"Estefan\u00eda. Un relato de Mariana Ver\u00f3nica Gaianu"}]},{"@type":"WebSite","@id":"https:\/\/www.inforesidencias.com\/blog\/#website","url":"https:\/\/www.inforesidencias.com\/blog\/","name":"Blog Inforesidencias.com","description":"El buscador de residencias de la 3\u00aa edad","potentialAction":[{"@type":"SearchAction","target":{"@type":"EntryPoint","urlTemplate":"https:\/\/www.inforesidencias.com\/blog\/?s={search_term_string}"},"query-input":"required name=search_term_string"}],"inLanguage":"es"},{"@type":"Person","@id":"https:\/\/www.inforesidencias.com\/blog\/#\/schema\/person\/9e146774d1eb3bc1c0316242a3898628","name":"Josep de Mart\u00ed","image":{"@type":"ImageObject","inLanguage":"es","@id":"https:\/\/www.inforesidencias.com\/blog\/#\/schema\/person\/image\/","url":"https:\/\/secure.gravatar.com\/avatar\/de0302c4806c00c4cebff396a798c1ff?s=96&d=mm&r=g","contentUrl":"https:\/\/secure.gravatar.com\/avatar\/de0302c4806c00c4cebff396a798c1ff?s=96&d=mm&r=g","caption":"Josep de Mart\u00ed"},"sameAs":["https:\/\/www.inforesidencias.com","https:\/\/www.facebook.com\/josep.demarti","https:\/\/twitter.com\/blog-ir"],"url":"https:\/\/www.inforesidencias.com\/blog\/index.php\/author\/josepdemarti\/"}]}},"_links":{"self":[{"href":"https:\/\/www.inforesidencias.com\/blog\/index.php\/wp-json\/wp\/v2\/posts\/487"}],"collection":[{"href":"https:\/\/www.inforesidencias.com\/blog\/index.php\/wp-json\/wp\/v2\/posts"}],"about":[{"href":"https:\/\/www.inforesidencias.com\/blog\/index.php\/wp-json\/wp\/v2\/types\/post"}],"author":[{"embeddable":true,"href":"https:\/\/www.inforesidencias.com\/blog\/index.php\/wp-json\/wp\/v2\/users\/2"}],"replies":[{"embeddable":true,"href":"https:\/\/www.inforesidencias.com\/blog\/index.php\/wp-json\/wp\/v2\/comments?post=487"}],"version-history":[{"count":4,"href":"https:\/\/www.inforesidencias.com\/blog\/index.php\/wp-json\/wp\/v2\/posts\/487\/revisions"}],"predecessor-version":[{"id":667,"href":"https:\/\/www.inforesidencias.com\/blog\/index.php\/wp-json\/wp\/v2\/posts\/487\/revisions\/667"}],"wp:featuredmedia":[{"embeddable":true,"href":"https:\/\/www.inforesidencias.com\/blog\/index.php\/wp-json\/wp\/v2\/media\/311"}],"wp:attachment":[{"href":"https:\/\/www.inforesidencias.com\/blog\/index.php\/wp-json\/wp\/v2\/media?parent=487"}],"wp:term":[{"taxonomy":"category","embeddable":true,"href":"https:\/\/www.inforesidencias.com\/blog\/index.php\/wp-json\/wp\/v2\/categories?post=487"},{"taxonomy":"post_tag","embeddable":true,"href":"https:\/\/www.inforesidencias.com\/blog\/index.php\/wp-json\/wp\/v2\/tags?post=487"}],"curies":[{"name":"wp","href":"https:\/\/api.w.org\/{rel}","templated":true}]}}