{"id":489,"date":"2015-12-04T09:43:26","date_gmt":"2015-12-04T09:43:26","guid":{"rendered":"https:\/\/www.inforesidencias.com\/blog\/?p=489"},"modified":"2015-11-26T11:31:11","modified_gmt":"2015-11-26T11:31:11","slug":"la-directora-de-residencia-de-tercera-edad-un-relato-de-mariana-veronica-gaianu","status":"publish","type":"post","link":"https:\/\/www.inforesidencias.com\/blog\/index.php\/2015\/12\/04\/la-directora-de-residencia-de-tercera-edad-un-relato-de-mariana-veronica-gaianu\/","title":{"rendered":"La directora de residencia de tercera edad. Un relato de Mariana Veronica Gaianu"},"content":{"rendered":"<p>Hoy difundimos un nuevo relato de Mariana Veronica Gaianu, gerocultora de residencias que ha escrito el libro de relatios Sentimientos y Arrugas y que, en \u00e9ste, nos habla de Gloria, una <strong>directora de residencia de tercera edad<\/strong>.<\/p>\n<p>Como siempre, invitamos a quienes lean la historia a participar, y a aquellos a quien les guste especialmetne, a\u00a0<a href=\"mailto:briemariana@hotmail.com\" target=\"_blank\">contactar directamente con la autora<\/a>\u00a0comprar\u00a0el libro.<\/p>\n<h1>La Directora<\/h1>\n<div id=\"attachment_312\" style=\"width: 672px\" class=\"wp-caption alignleft\"><a href=\"https:\/\/www.inforesidencias.com\/blog\/wp-content\/uploads\/2015\/08\/Captura-de-pantalla-2015-08-07-a-las-14.31.46.png\"><img aria-describedby=\"caption-attachment-312\" decoding=\"async\" loading=\"lazy\" class=\"size-full wp-image-312\" src=\"https:\/\/www.inforesidencias.com\/blog\/wp-content\/uploads\/2015\/08\/Captura-de-pantalla-2015-08-07-a-las-14.31.46.png\" alt=\"La directora de residencia geri\u00e1trica\" width=\"662\" height=\"508\" \/><\/a><p id=\"caption-attachment-312\" class=\"wp-caption-text\">Autora del libro Sentimientos y Arrugas<\/p><\/div>\n<p>Gloria arque\u00f3 las cejas y dijo:<\/p>\n<p>\u2014Buenos d\u00edas a todos.<\/p>\n<p>Luego entr\u00f3 en el despacho de enfermer\u00eda y, como\u00a0de costumbre, ley\u00f3 el parte del d\u00eda anterior y de la\u00a0noche.<\/p>\n<p>Media hora m\u00e1s tarde, regres\u00f3 a la sala de lectura\u00a0y volvi\u00f3 a sentarse para realizar la habitual tertulia con\u00a0los ancianos\u2026 Se levant\u00f3 del mullido sill\u00f3n y se acerc\u00f3\u00a0a la peque\u00f1a librer\u00eda, ante la que qued\u00f3 de pie. Extrajo\u00a0un libro de la estanter\u00eda y lo hoje\u00f3. Mientras se deten\u00eda\u00a0en una p\u00e1gina, dijo:<\/p>\n<p>\u2014Hace mucho tiempo que le\u00ed esta novela. Hoy mismo\u00a0la volver\u00e9 a releer, porque me trae muy buenos\u00a0recuerdos.<\/p>\n<p>Apart\u00e1ndose de la estanter\u00eda, Gloria fue deteniendo\u00a0su mirada en los cuadros que colgaban de las paredes\u00a0de la sala de estar y del comedor. Descolg\u00f3 uno peque\u00f1o\u00a0con marco dorado y lo puso a la luz.<\/p>\n<p>\u2014Es muy bonito.<\/p>\n<p>Ten\u00eda la certeza de que Gloria hab\u00eda examinado\u00a0incontables veces aquel cuadro.<\/p>\n<p>\u2014Precioso \u2014dije.<\/p>\n<p>La sala de estar era muy espaciosa, gracias a una\u00a0reciente reforma. Se abr\u00eda a una terraza fastuosa, que\u00a0a su vez daba a un espectacular jard\u00edn. A la izquierda\u00a0destacaba un pino, cuyas largas ramas otorgaban una\u00a0sosegada sombra. A la derecha, un tilo se alzaba majestuoso,\u00a0entre gran diversidad de flores y plantas. El\u00a0c\u00e9sped, cortado a la perfecci\u00f3n, parec\u00eda una alfombra\u00a0esmeralda bajo el resplandor de un atardecer de finales\u00a0de agosto.<\/p>\n<p>Gloria se entretuvo de forma minuciosa, analizando\u00a0desde la terraza el paisaje que ten\u00eda delante. Todo le\u00a0resultaba cautivador: te sentaras donde te sentaras, el\u00a0jard\u00edn de la residencia ten\u00eda su encanto, con sus bellos\u00a0macizos de flores y sus centenarios \u00e1rboles.<\/p>\n<p>Gloria pensaba con ternura en todos los mayores\u00a0que ella y su equipo cuidaban. La clave era empatizar\u00a0con todos. Los observaba con ternura. Disfrutaba saboreando \u00a0la placentera sensaci\u00f3n de poder ayudar a sus\u00a0residentes. Desde donde se encontraba, en un apartado\u00a0rinc\u00f3n de la terraza, le llam\u00f3 la atenci\u00f3n una anciana\u00a0bella y se\u00f1orial, de unos ochenta y cinco o noventa a\u00f1os\u00a0de edad.<\/p>\n<p>Ten\u00eda la piel de una blancura nacarada y los\u00a0ojos de un azul limpio. Conservaba con cierta elegancia\u00a0una rizada y cuidada cabellera plateada. Hab\u00eda algo en\u00a0ella, que dejaba intuir la belleza y lozan\u00eda que debi\u00f3\u00a0tener en su juventud. Continuaba siendo elegante, por\u00a0su forma de vestir, que complementaba con una pamela\u00a0de color crudo.<\/p>\n<p>Gloria decidi\u00f3 acercarse a ella. En breve surgi\u00f3\u00a0entre las dos una animada conversaci\u00f3n. La se\u00f1ora\u00a0Manolita, que as\u00ed se llamaba la anciana, la escuchaba\u00a0con una sonrisa. Sin embargo, le daba la impresi\u00f3n de\u00a0que, m\u00e1s que prestarle atenci\u00f3n, la estaba examinando.<\/p>\n<p>\u2014Cuando me siento aqu\u00ed \u2014dijo Manolita\u2014, noto\u00a0una dulce sensaci\u00f3n, una plenitud no conocida\u2026 La<\/p>\n<p>placidez de la tarde, el sol incendiando el rojo de los\u00a0geranios\u2026 Es tan maravilloso ser joven \u2014suspir\u00f3\u2014.\u00a0Pero la vejez nos hace redescubrir el regalo que es vivir\u00a0en un cuerpo en el que a\u00fan habitan las huellas de la\u00a0juventud. La vida se vive con una diferente intensidad,\u00a0para m\u00ed, cada nuevo d\u00eda es un nuevo regalo\u2026 Aqu\u00ed\u00a0se respira tanta paz&#8230; Esta residencia que diriges es\u00a0realmente preciosa, tan distinta a otras que conozco\u2026<\/p>\n<p>\u2014Tenemos diecis\u00e9is habitaciones \u2014le coment\u00f3\u00a0Gloria\u2014, sin contar con la sala de fisioterapia, los despachos\u00a0del m\u00e9dico y el destinado a la enfermer\u00eda y la\u00a0estancia de actividades diarias.<\/p>\n<p>La directora ten\u00eda un coraz\u00f3n de oro. Sonre\u00eda siempre\u00a0y se mostraba cordial sin ser condescendiente. En\u00a0todo momento buscaba quitar hierro a las desgracias\u00a0ajenas de los residentes con una buena dosis de humor.<\/p>\n<p>Se preocupaba m\u00e1s por los dem\u00e1s que por s\u00ed misma,\u00a0sobre todo por las personas menos afortunadas, tanto si\u00a0era por escasez de dinero como por ausencia de amor.<\/p>\n<p>Despu\u00e9s de acompa\u00f1ar unos minutos a la se\u00f1ora\u00a0Manolita, se dirigi\u00f3 hacia la cocina. Gloria vest\u00eda unos\u00a0pantalones de pana marr\u00f3n, una camisa de felpa y un\u00a0pa\u00f1uelo en torno al cuello. Bajo el brazo, ten\u00eda siempre\u00a0su inseparable libreta donde anotaba todo aquello que\u00a0pod\u00eda mejorar, tanto en el cuidado como en la atenci\u00f3n\u00a0a los ancianos.<\/p>\n<p>\u2014\u00a1Gloria! \u2014exclam\u00f3 la cocinera nada m\u00e1s verla\u2014,\u00a0no pod\u00eda permitir que te fueras sin probar el pastel de\u00a0manzanas que he hecho.<\/p>\n<p>Gloria le sonri\u00f3 y dijo:<\/p>\n<p>\u2014Por supuesto. T\u00fa nunca cambiar\u00e1s, Mercedes,\u00a0eres muy buena cocinera\u2026<\/p>\n<p>\u2014No me cuesta hacerlo. \u00bfSabes? Los abuelos, con\u00a0sus sonrisas, me lo agradecen y esto me hace sentir \u00fatil.<\/p>\n<p>Tal vez, el lector amigo tenga una visi\u00f3n diferente\u00a0del funcionamiento de una residencia de mayores,\u00a0porque posiblemente no conocer\u00e1 centros como el que\u00a0dirig\u00eda Gloria, donde la armon\u00eda entre todo el equipo\u00a0de profesionales hac\u00eda que el d\u00eda a d\u00eda fuera una experiencia\u00a0inolvidable.<\/p>\n<p>&nbsp;<\/p>\n<p>Enlaces relacionados:<\/p>\n<p><a href=\"https:\/\/www.inforesidencias.com\/contenidos\/profesionales\/nacional\/los-profesionales-del-sector-segun-el-convenio-colectivo\" target=\"_blank\">Profesionales en residencias geri\u00e1tricas<\/a><\/p>\n","protected":false},"excerpt":{"rendered":"<p>Hoy difundimos un nuevo relato de Mariana Veronica Gaianu, gerocultora de residencias que ha escrito el libro de relatios Sentimientos y Arrugas y que, en \u00e9ste, nos habla de Gloria, una directora de residencia de tercera edad. Como siempre, invitamos a quienes lean la historia a participar, y a aquellos a quien les guste especialmetne, a\u00a0contactar directamente con la autora\u00a0comprar\u00a0el libro. La Directora Gloria arque\u00f3 las cejas y dijo: \u2014Buenos d\u00edas a todos. Luego entr\u00f3 en el despacho de enfermer\u00eda y, como\u00a0de costumbre, ley\u00f3 el parte del d\u00eda anterior y de la\u00a0noche. Media hora m\u00e1s tarde, regres\u00f3 a la sala de lectura\u00a0y volvi\u00f3 a sentarse para realizar la habitual tertulia con\u00a0los ancianos\u2026 Se levant\u00f3 del mullido sill\u00f3n y se acerc\u00f3\u00a0a la peque\u00f1a librer\u00eda, ante la que qued\u00f3 de pie. Extrajo\u00a0un libro de la estanter\u00eda y lo hoje\u00f3. Mientras se deten\u00eda\u00a0en una p\u00e1gina, dijo: \u2014Hace mucho tiempo que le\u00ed esta novela. [&hellip;]<\/p>\n","protected":false},"author":2,"featured_media":311,"comment_status":"open","ping_status":"open","sticky":false,"template":"","format":"standard","meta":{"footnotes":""},"categories":[3,5],"tags":[58],"yoast_head":"<!-- This site is optimized with the Yoast SEO plugin v21.7 - https:\/\/yoast.com\/wordpress\/plugins\/seo\/ -->\n<title>Relato sobre una directora de residencia de tercera edad<\/title>\n<meta name=\"description\" content=\"Un relato de Mariana Ver\u00f3nica Gaianu nos habla de una directora de residencia de tercera edad\" \/>\n<meta name=\"robots\" content=\"index, follow, max-snippet:-1, max-image-preview:large, max-video-preview:-1\" \/>\n<link rel=\"canonical\" href=\"https:\/\/www.inforesidencias.com\/blog\/index.php\/2015\/12\/04\/la-directora-de-residencia-de-tercera-edad-un-relato-de-mariana-veronica-gaianu\/\" \/>\n<meta property=\"og:locale\" content=\"es_ES\" \/>\n<meta property=\"og:type\" content=\"article\" \/>\n<meta property=\"og:title\" content=\"Relato sobre una directora de residencia de tercera edad\" \/>\n<meta property=\"og:description\" content=\"Un relato de Mariana Ver\u00f3nica Gaianu nos habla de una directora de residencia de tercera edad\" \/>\n<meta property=\"og:url\" content=\"https:\/\/www.inforesidencias.com\/blog\/index.php\/2015\/12\/04\/la-directora-de-residencia-de-tercera-edad-un-relato-de-mariana-veronica-gaianu\/\" \/>\n<meta property=\"og:site_name\" content=\"Blog Inforesidencias.com\" \/>\n<meta property=\"article:publisher\" content=\"https:\/\/www.facebook.com\/Inforesidencias\/\" \/>\n<meta property=\"article:author\" content=\"https:\/\/www.facebook.com\/josep.demarti\" \/>\n<meta property=\"article:published_time\" content=\"2015-12-04T09:43:26+00:00\" \/>\n<meta property=\"article:modified_time\" content=\"2015-11-26T11:31:11+00:00\" \/>\n<meta property=\"og:image\" content=\"https:\/\/www.inforesidencias.com\/blog\/wp-content\/uploads\/2015\/08\/Captura-de-pantalla-2015-08-07-a-las-14.29.48.png\" \/>\n\t<meta property=\"og:image:width\" content=\"491\" \/>\n\t<meta property=\"og:image:height\" content=\"762\" \/>\n\t<meta property=\"og:image:type\" content=\"image\/png\" \/>\n<meta name=\"author\" content=\"Josep de Mart\u00ed\" \/>\n<meta name=\"twitter:card\" content=\"summary_large_image\" \/>\n<meta name=\"twitter:creator\" content=\"@blog-ir\" \/>\n<meta name=\"twitter:site\" content=\"@inforesidencias\" \/>\n<meta name=\"twitter:label1\" content=\"Escrito por\" \/>\n\t<meta name=\"twitter:data1\" content=\"Josep de Mart\u00ed\" \/>\n\t<meta name=\"twitter:label2\" content=\"Tiempo de lectura\" \/>\n\t<meta name=\"twitter:data2\" content=\"5 minutos\" \/>\n<script type=\"application\/ld+json\" class=\"yoast-schema-graph\">{\"@context\":\"https:\/\/schema.org\",\"@graph\":[{\"@type\":\"WebPage\",\"@id\":\"https:\/\/www.inforesidencias.com\/blog\/index.php\/2015\/12\/04\/la-directora-de-residencia-de-tercera-edad-un-relato-de-mariana-veronica-gaianu\/\",\"url\":\"https:\/\/www.inforesidencias.com\/blog\/index.php\/2015\/12\/04\/la-directora-de-residencia-de-tercera-edad-un-relato-de-mariana-veronica-gaianu\/\",\"name\":\"Relato sobre una directora de residencia de tercera edad\",\"isPartOf\":{\"@id\":\"https:\/\/www.inforesidencias.com\/blog\/#website\"},\"datePublished\":\"2015-12-04T09:43:26+00:00\",\"dateModified\":\"2015-11-26T11:31:11+00:00\",\"author\":{\"@id\":\"https:\/\/www.inforesidencias.com\/blog\/#\/schema\/person\/9e146774d1eb3bc1c0316242a3898628\"},\"description\":\"Un relato de Mariana Ver\u00f3nica Gaianu nos habla de una directora de residencia de tercera edad\",\"breadcrumb\":{\"@id\":\"https:\/\/www.inforesidencias.com\/blog\/index.php\/2015\/12\/04\/la-directora-de-residencia-de-tercera-edad-un-relato-de-mariana-veronica-gaianu\/#breadcrumb\"},\"inLanguage\":\"es\",\"potentialAction\":[{\"@type\":\"ReadAction\",\"target\":[\"https:\/\/www.inforesidencias.com\/blog\/index.php\/2015\/12\/04\/la-directora-de-residencia-de-tercera-edad-un-relato-de-mariana-veronica-gaianu\/\"]}]},{\"@type\":\"BreadcrumbList\",\"@id\":\"https:\/\/www.inforesidencias.com\/blog\/index.php\/2015\/12\/04\/la-directora-de-residencia-de-tercera-edad-un-relato-de-mariana-veronica-gaianu\/#breadcrumb\",\"itemListElement\":[{\"@type\":\"ListItem\",\"position\":1,\"name\":\"Home\",\"item\":\"https:\/\/www.inforesidencias.com\/blog\/\"},{\"@type\":\"ListItem\",\"position\":2,\"name\":\"La directora de residencia de tercera edad. Un relato de Mariana Veronica Gaianu\"}]},{\"@type\":\"WebSite\",\"@id\":\"https:\/\/www.inforesidencias.com\/blog\/#website\",\"url\":\"https:\/\/www.inforesidencias.com\/blog\/\",\"name\":\"Blog Inforesidencias.com\",\"description\":\"El buscador de residencias de la 3\u00aa edad\",\"potentialAction\":[{\"@type\":\"SearchAction\",\"target\":{\"@type\":\"EntryPoint\",\"urlTemplate\":\"https:\/\/www.inforesidencias.com\/blog\/?s={search_term_string}\"},\"query-input\":\"required name=search_term_string\"}],\"inLanguage\":\"es\"},{\"@type\":\"Person\",\"@id\":\"https:\/\/www.inforesidencias.com\/blog\/#\/schema\/person\/9e146774d1eb3bc1c0316242a3898628\",\"name\":\"Josep de Mart\u00ed\",\"image\":{\"@type\":\"ImageObject\",\"inLanguage\":\"es\",\"@id\":\"https:\/\/www.inforesidencias.com\/blog\/#\/schema\/person\/image\/\",\"url\":\"https:\/\/secure.gravatar.com\/avatar\/de0302c4806c00c4cebff396a798c1ff?s=96&d=mm&r=g\",\"contentUrl\":\"https:\/\/secure.gravatar.com\/avatar\/de0302c4806c00c4cebff396a798c1ff?s=96&d=mm&r=g\",\"caption\":\"Josep de Mart\u00ed\"},\"sameAs\":[\"https:\/\/www.inforesidencias.com\",\"https:\/\/www.facebook.com\/josep.demarti\",\"https:\/\/twitter.com\/blog-ir\"],\"url\":\"https:\/\/www.inforesidencias.com\/blog\/index.php\/author\/josepdemarti\/\"}]}<\/script>\n<!-- \/ Yoast SEO plugin. -->","yoast_head_json":{"title":"Relato sobre una directora de residencia de tercera edad","description":"Un relato de Mariana Ver\u00f3nica Gaianu nos habla de una directora de residencia de tercera edad","robots":{"index":"index","follow":"follow","max-snippet":"max-snippet:-1","max-image-preview":"max-image-preview:large","max-video-preview":"max-video-preview:-1"},"canonical":"https:\/\/www.inforesidencias.com\/blog\/index.php\/2015\/12\/04\/la-directora-de-residencia-de-tercera-edad-un-relato-de-mariana-veronica-gaianu\/","og_locale":"es_ES","og_type":"article","og_title":"Relato sobre una directora de residencia de tercera edad","og_description":"Un relato de Mariana Ver\u00f3nica Gaianu nos habla de una directora de residencia de tercera edad","og_url":"https:\/\/www.inforesidencias.com\/blog\/index.php\/2015\/12\/04\/la-directora-de-residencia-de-tercera-edad-un-relato-de-mariana-veronica-gaianu\/","og_site_name":"Blog Inforesidencias.com","article_publisher":"https:\/\/www.facebook.com\/Inforesidencias\/","article_author":"https:\/\/www.facebook.com\/josep.demarti","article_published_time":"2015-12-04T09:43:26+00:00","article_modified_time":"2015-11-26T11:31:11+00:00","og_image":[{"width":491,"height":762,"url":"https:\/\/www.inforesidencias.com\/blog\/wp-content\/uploads\/2015\/08\/Captura-de-pantalla-2015-08-07-a-las-14.29.48.png","type":"image\/png"}],"author":"Josep de Mart\u00ed","twitter_card":"summary_large_image","twitter_creator":"@blog-ir","twitter_site":"@inforesidencias","twitter_misc":{"Escrito por":"Josep de Mart\u00ed","Tiempo de lectura":"5 minutos"},"schema":{"@context":"https:\/\/schema.org","@graph":[{"@type":"WebPage","@id":"https:\/\/www.inforesidencias.com\/blog\/index.php\/2015\/12\/04\/la-directora-de-residencia-de-tercera-edad-un-relato-de-mariana-veronica-gaianu\/","url":"https:\/\/www.inforesidencias.com\/blog\/index.php\/2015\/12\/04\/la-directora-de-residencia-de-tercera-edad-un-relato-de-mariana-veronica-gaianu\/","name":"Relato sobre una directora de residencia de tercera edad","isPartOf":{"@id":"https:\/\/www.inforesidencias.com\/blog\/#website"},"datePublished":"2015-12-04T09:43:26+00:00","dateModified":"2015-11-26T11:31:11+00:00","author":{"@id":"https:\/\/www.inforesidencias.com\/blog\/#\/schema\/person\/9e146774d1eb3bc1c0316242a3898628"},"description":"Un relato de Mariana Ver\u00f3nica Gaianu nos habla de una directora de residencia de tercera edad","breadcrumb":{"@id":"https:\/\/www.inforesidencias.com\/blog\/index.php\/2015\/12\/04\/la-directora-de-residencia-de-tercera-edad-un-relato-de-mariana-veronica-gaianu\/#breadcrumb"},"inLanguage":"es","potentialAction":[{"@type":"ReadAction","target":["https:\/\/www.inforesidencias.com\/blog\/index.php\/2015\/12\/04\/la-directora-de-residencia-de-tercera-edad-un-relato-de-mariana-veronica-gaianu\/"]}]},{"@type":"BreadcrumbList","@id":"https:\/\/www.inforesidencias.com\/blog\/index.php\/2015\/12\/04\/la-directora-de-residencia-de-tercera-edad-un-relato-de-mariana-veronica-gaianu\/#breadcrumb","itemListElement":[{"@type":"ListItem","position":1,"name":"Home","item":"https:\/\/www.inforesidencias.com\/blog\/"},{"@type":"ListItem","position":2,"name":"La directora de residencia de tercera edad. Un relato de Mariana Veronica Gaianu"}]},{"@type":"WebSite","@id":"https:\/\/www.inforesidencias.com\/blog\/#website","url":"https:\/\/www.inforesidencias.com\/blog\/","name":"Blog Inforesidencias.com","description":"El buscador de residencias de la 3\u00aa edad","potentialAction":[{"@type":"SearchAction","target":{"@type":"EntryPoint","urlTemplate":"https:\/\/www.inforesidencias.com\/blog\/?s={search_term_string}"},"query-input":"required name=search_term_string"}],"inLanguage":"es"},{"@type":"Person","@id":"https:\/\/www.inforesidencias.com\/blog\/#\/schema\/person\/9e146774d1eb3bc1c0316242a3898628","name":"Josep de Mart\u00ed","image":{"@type":"ImageObject","inLanguage":"es","@id":"https:\/\/www.inforesidencias.com\/blog\/#\/schema\/person\/image\/","url":"https:\/\/secure.gravatar.com\/avatar\/de0302c4806c00c4cebff396a798c1ff?s=96&d=mm&r=g","contentUrl":"https:\/\/secure.gravatar.com\/avatar\/de0302c4806c00c4cebff396a798c1ff?s=96&d=mm&r=g","caption":"Josep de Mart\u00ed"},"sameAs":["https:\/\/www.inforesidencias.com","https:\/\/www.facebook.com\/josep.demarti","https:\/\/twitter.com\/blog-ir"],"url":"https:\/\/www.inforesidencias.com\/blog\/index.php\/author\/josepdemarti\/"}]}},"_links":{"self":[{"href":"https:\/\/www.inforesidencias.com\/blog\/index.php\/wp-json\/wp\/v2\/posts\/489"}],"collection":[{"href":"https:\/\/www.inforesidencias.com\/blog\/index.php\/wp-json\/wp\/v2\/posts"}],"about":[{"href":"https:\/\/www.inforesidencias.com\/blog\/index.php\/wp-json\/wp\/v2\/types\/post"}],"author":[{"embeddable":true,"href":"https:\/\/www.inforesidencias.com\/blog\/index.php\/wp-json\/wp\/v2\/users\/2"}],"replies":[{"embeddable":true,"href":"https:\/\/www.inforesidencias.com\/blog\/index.php\/wp-json\/wp\/v2\/comments?post=489"}],"version-history":[{"count":3,"href":"https:\/\/www.inforesidencias.com\/blog\/index.php\/wp-json\/wp\/v2\/posts\/489\/revisions"}],"predecessor-version":[{"id":492,"href":"https:\/\/www.inforesidencias.com\/blog\/index.php\/wp-json\/wp\/v2\/posts\/489\/revisions\/492"}],"wp:featuredmedia":[{"embeddable":true,"href":"https:\/\/www.inforesidencias.com\/blog\/index.php\/wp-json\/wp\/v2\/media\/311"}],"wp:attachment":[{"href":"https:\/\/www.inforesidencias.com\/blog\/index.php\/wp-json\/wp\/v2\/media?parent=489"}],"wp:term":[{"taxonomy":"category","embeddable":true,"href":"https:\/\/www.inforesidencias.com\/blog\/index.php\/wp-json\/wp\/v2\/categories?post=489"},{"taxonomy":"post_tag","embeddable":true,"href":"https:\/\/www.inforesidencias.com\/blog\/index.php\/wp-json\/wp\/v2\/tags?post=489"}],"curies":[{"name":"wp","href":"https:\/\/api.w.org\/{rel}","templated":true}]}}