{"id":49,"date":"2008-07-24T09:36:00","date_gmt":"2008-07-24T09:36:00","guid":{"rendered":"http:\/\/inforesidencias.wordpress.com\/2008\/07\/24\/gestion-privada-de-servicios-publicos-un-baile-de-mascaras"},"modified":"2008-07-24T09:36:00","modified_gmt":"2008-07-24T09:36:00","slug":"gestion-privada-de-servicios-publicos-un-baile-de-mascaras","status":"publish","type":"post","link":"https:\/\/www.inforesidencias.com\/blog\/index.php\/2008\/07\/24\/gestion-privada-de-servicios-publicos-un-baile-de-mascaras\/","title":{"rendered":">GESTI\u00d3N PRIVADA DE SERVICIOS P\u00daBLICOS. UN BAILE DE M\u00c1SCARAS"},"content":{"rendered":"<p>&gt;En varias ocasiones hemos hablado sobre lo curioso que resulta ver la posici\u00f3n que adoptan los partidos en relaci\u00f3n a la gesti\u00f3n por parte de entidades privadas de servicios p\u00fablicos: la mal llamada \u201cprivatizaci\u00f3n de los servicios\u201d.  La verdad es que sorprende ver como  lo relevante no es el color pol\u00edtico del partido que gobierna sino el hecho mismo de que gobierne o est\u00e9 en la oposici\u00f3n.<br \/>A primera vista parecer\u00eda que un partido m\u00e1s \u00abliberal\/centrista\/de derecha\u00bb apostar\u00eda por financiar con fondos p\u00fablicos el servicio y encomendar a una empresa la prestaci\u00f3n y que uno m\u00e1s \u00absocialdem\u00f3crata\/socialista\/de izquierda\u00bb preferir\u00eda que fuese la misma administraci\u00f3n la que financie y gestione los servicios. Eso, a primera vista porque la verdad es totalmente diferente.  Un nuevo caso lo tenemos en Asturias, donde gobierna el PSOE y tiene en la oposici\u00f3n al PP y a IU.<br \/>Pues bien, cuando co- gobernaba IU, seg\u00fan una noticia que hemos le\u00eddo en El Comercio Digital, externaliz\u00f3 servicios de comedor, lavander\u00eda y limpieza en centros nuevos e incluso dio a gesti\u00f3n privada por parte de entidades sin \u00e1nimo de lucro dos residencias. Pero ahora considera que con la opci\u00f3n por la gesti\u00f3n privada de una nueva residencia p\u00fablica, el principado est\u00e1 \u00ababriendo la puerta a la privatizaci\u00f3n\u00bb de los servicios sociales. Esta posici\u00f3n, aunque comporta una falta de coherencia (ya que quien abre la puerta a la privatizaci\u00f3n, si es que \u00e9sta existe, es el primero que da a gesti\u00f3n privada un centro, aunque el ente gestor sea ben\u00e9fico) supone que IU se mantiene en su posici\u00f3n ideol\u00f3gica de criticar la prestaci\u00f3n privada de servicios p\u00fablicos.<br \/>Peor parada queda la posici\u00f3n del PP que en teor\u00eda deber\u00eda defender la gesti\u00f3n privada pero que resulta  que en Asturias no ve bien que se construya con fondos p\u00fablicos algo que ser\u00e1 gestionado por una empresa privada. \u00bfHabr\u00eda que recordarle al PP asturiano que exactamente eso es lo que se hace en lugares gobernados por el PP?<br \/>El PSOE, dice la que para m\u00ed es la mejor frase del debate: La titularidad p\u00fablica de unas instalaciones \u00abno es garant\u00eda de una mejor atenci\u00f3n\u00bb a los residentes. Estar\u00eda muy bien recordarle esa frase a los socialistas madrile\u00f1os o de la Comunidad Valenciana que suelen criticar la decantaci\u00f3n hacia lo privado de sus gobiernos auton\u00f3micos.<br \/>Y es que es el quid de la cuesti\u00f3n, lo l\u00f3gico, es que la administraci\u00f3n p\u00fablica garantice mediante la financiaci\u00f3n que el servicio p\u00fablico se preste y que el prestador concreto en cada caso sea aqu\u00e9l que sea capaz de hacerlo de la forma m\u00e1s eficaz y eficiente, o sea, de la mejor manera y a un mejor precio. Esa es la \u00fanica forma que tiene la administraci\u00f3n para poder probar que est\u00e1 llegando al m\u00e1ximo de usuarios con calidad.<br \/>El problema es determinar qui\u00e9n es el m\u00e1s eficaz y eficiente. Sabemos que las empresas son m\u00e1s eficientes que la propia administraci\u00f3n (o sea, hacen lo mismo por menos precio) y eso es lo que lleva a comunidades de diferente color a \u00abexternalizar\u00bb servicios. El problema es determinar si lo que se hace en una residencia gestionada por la administraci\u00f3n es mejor que lo que se hace en una gestionada por una empresa. \u00bfPor qu\u00e9 no se mide y se hace p\u00fablico? Personalmente creo que no se hace porque har\u00eda ruborizarse a m\u00e1s de uno.<\/p>\n<p>Mientras tanto, \u00a1que siga el baile de m\u00e1scaras!, si gobiernas defiendes la gesti\u00f3n privada, si est\u00e1s en la oposici\u00f3n la criticas. \u00bfY los dependientes y sus familiares? Nadie les ha invitado al baile.<\/p>\n","protected":false},"excerpt":{"rendered":"<p>&gt;En varias ocasiones hemos hablado sobre lo curioso que resulta ver la posici\u00f3n que adoptan los partidos en relaci\u00f3n a la gesti\u00f3n por parte de entidades privadas de servicios p\u00fablicos: la mal llamada \u201cprivatizaci\u00f3n de los servicios\u201d. La verdad es que sorprende ver como lo relevante no es el color pol\u00edtico del partido que gobierna sino el hecho mismo de que gobierne o est\u00e9 en la oposici\u00f3n.A primera vista parecer\u00eda que un partido m\u00e1s \u00abliberal\/centrista\/de derecha\u00bb apostar\u00eda por financiar con fondos p\u00fablicos el servicio y encomendar a una empresa la prestaci\u00f3n y que uno m\u00e1s \u00absocialdem\u00f3crata\/socialista\/de izquierda\u00bb preferir\u00eda que fuese la misma administraci\u00f3n la que financie y gestione los servicios. Eso, a primera vista porque la verdad es totalmente diferente. Un nuevo caso lo tenemos en Asturias, donde gobierna el PSOE y tiene en la oposici\u00f3n al PP y a IU.Pues bien, cuando co- gobernaba IU, seg\u00fan una noticia que [&hellip;]<\/p>\n","protected":false},"author":2,"featured_media":0,"comment_status":"open","ping_status":"open","sticky":false,"template":"","format":"standard","meta":{"footnotes":""},"categories":[1],"tags":[],"yoast_head":"<!-- This site is optimized with the Yoast SEO plugin v21.7 - https:\/\/yoast.com\/wordpress\/plugins\/seo\/ -->\n<title>&gt;GESTI\u00d3N PRIVADA DE SERVICIOS P\u00daBLICOS. UN BAILE DE M\u00c1SCARAS - Blog Inforesidencias.com<\/title>\n<meta name=\"robots\" content=\"index, follow, max-snippet:-1, max-image-preview:large, max-video-preview:-1\" \/>\n<link rel=\"canonical\" href=\"https:\/\/www.inforesidencias.com\/blog\/index.php\/2008\/07\/24\/gestion-privada-de-servicios-publicos-un-baile-de-mascaras\/\" \/>\n<meta property=\"og:locale\" content=\"es_ES\" \/>\n<meta property=\"og:type\" content=\"article\" \/>\n<meta property=\"og:title\" content=\"&gt;GESTI\u00d3N PRIVADA DE SERVICIOS P\u00daBLICOS. UN BAILE DE M\u00c1SCARAS - Blog Inforesidencias.com\" \/>\n<meta property=\"og:description\" content=\"&gt;En varias ocasiones hemos hablado sobre lo curioso que resulta ver la posici\u00f3n que adoptan los partidos en relaci\u00f3n a la gesti\u00f3n por parte de entidades privadas de servicios p\u00fablicos: la mal llamada \u201cprivatizaci\u00f3n de los servicios\u201d. La verdad es que sorprende ver como lo relevante no es el color pol\u00edtico del partido que gobierna sino el hecho mismo de que gobierne o est\u00e9 en la oposici\u00f3n.A primera vista parecer\u00eda que un partido m\u00e1s \u00abliberal\/centrista\/de derecha\u00bb apostar\u00eda por financiar con fondos p\u00fablicos el servicio y encomendar a una empresa la prestaci\u00f3n y que uno m\u00e1s \u00absocialdem\u00f3crata\/socialista\/de izquierda\u00bb preferir\u00eda que fuese la misma administraci\u00f3n la que financie y gestione los servicios. Eso, a primera vista porque la verdad es totalmente diferente. Un nuevo caso lo tenemos en Asturias, donde gobierna el PSOE y tiene en la oposici\u00f3n al PP y a IU.Pues bien, cuando co- gobernaba IU, seg\u00fan una noticia que [&hellip;]\" \/>\n<meta property=\"og:url\" content=\"https:\/\/www.inforesidencias.com\/blog\/index.php\/2008\/07\/24\/gestion-privada-de-servicios-publicos-un-baile-de-mascaras\/\" \/>\n<meta property=\"og:site_name\" content=\"Blog Inforesidencias.com\" \/>\n<meta property=\"article:publisher\" content=\"https:\/\/www.facebook.com\/Inforesidencias\/\" \/>\n<meta property=\"article:author\" content=\"https:\/\/www.facebook.com\/josep.demarti\" \/>\n<meta property=\"article:published_time\" content=\"2008-07-24T09:36:00+00:00\" \/>\n<meta name=\"author\" content=\"Josep de Mart\u00ed\" \/>\n<meta name=\"twitter:card\" content=\"summary_large_image\" \/>\n<meta name=\"twitter:creator\" content=\"@blog-ir\" \/>\n<meta name=\"twitter:site\" content=\"@inforesidencias\" \/>\n<meta name=\"twitter:label1\" content=\"Escrito por\" \/>\n\t<meta name=\"twitter:data1\" content=\"Josep de Mart\u00ed\" \/>\n\t<meta name=\"twitter:label2\" content=\"Tiempo de lectura\" \/>\n\t<meta name=\"twitter:data2\" content=\"3 minutos\" \/>\n<script type=\"application\/ld+json\" class=\"yoast-schema-graph\">{\"@context\":\"https:\/\/schema.org\",\"@graph\":[{\"@type\":\"WebPage\",\"@id\":\"https:\/\/www.inforesidencias.com\/blog\/index.php\/2008\/07\/24\/gestion-privada-de-servicios-publicos-un-baile-de-mascaras\/\",\"url\":\"https:\/\/www.inforesidencias.com\/blog\/index.php\/2008\/07\/24\/gestion-privada-de-servicios-publicos-un-baile-de-mascaras\/\",\"name\":\">GESTI\u00d3N PRIVADA DE SERVICIOS P\u00daBLICOS. UN BAILE DE M\u00c1SCARAS - Blog Inforesidencias.com\",\"isPartOf\":{\"@id\":\"https:\/\/www.inforesidencias.com\/blog\/#website\"},\"datePublished\":\"2008-07-24T09:36:00+00:00\",\"dateModified\":\"2008-07-24T09:36:00+00:00\",\"author\":{\"@id\":\"https:\/\/www.inforesidencias.com\/blog\/#\/schema\/person\/9e146774d1eb3bc1c0316242a3898628\"},\"breadcrumb\":{\"@id\":\"https:\/\/www.inforesidencias.com\/blog\/index.php\/2008\/07\/24\/gestion-privada-de-servicios-publicos-un-baile-de-mascaras\/#breadcrumb\"},\"inLanguage\":\"es\",\"potentialAction\":[{\"@type\":\"ReadAction\",\"target\":[\"https:\/\/www.inforesidencias.com\/blog\/index.php\/2008\/07\/24\/gestion-privada-de-servicios-publicos-un-baile-de-mascaras\/\"]}]},{\"@type\":\"BreadcrumbList\",\"@id\":\"https:\/\/www.inforesidencias.com\/blog\/index.php\/2008\/07\/24\/gestion-privada-de-servicios-publicos-un-baile-de-mascaras\/#breadcrumb\",\"itemListElement\":[{\"@type\":\"ListItem\",\"position\":1,\"name\":\"Home\",\"item\":\"https:\/\/www.inforesidencias.com\/blog\/\"},{\"@type\":\"ListItem\",\"position\":2,\"name\":\">GESTI\u00d3N PRIVADA DE SERVICIOS P\u00daBLICOS. UN BAILE DE M\u00c1SCARAS\"}]},{\"@type\":\"WebSite\",\"@id\":\"https:\/\/www.inforesidencias.com\/blog\/#website\",\"url\":\"https:\/\/www.inforesidencias.com\/blog\/\",\"name\":\"Blog Inforesidencias.com\",\"description\":\"El buscador de residencias de la 3\u00aa edad\",\"potentialAction\":[{\"@type\":\"SearchAction\",\"target\":{\"@type\":\"EntryPoint\",\"urlTemplate\":\"https:\/\/www.inforesidencias.com\/blog\/?s={search_term_string}\"},\"query-input\":\"required name=search_term_string\"}],\"inLanguage\":\"es\"},{\"@type\":\"Person\",\"@id\":\"https:\/\/www.inforesidencias.com\/blog\/#\/schema\/person\/9e146774d1eb3bc1c0316242a3898628\",\"name\":\"Josep de Mart\u00ed\",\"image\":{\"@type\":\"ImageObject\",\"inLanguage\":\"es\",\"@id\":\"https:\/\/www.inforesidencias.com\/blog\/#\/schema\/person\/image\/\",\"url\":\"https:\/\/secure.gravatar.com\/avatar\/de0302c4806c00c4cebff396a798c1ff?s=96&d=mm&r=g\",\"contentUrl\":\"https:\/\/secure.gravatar.com\/avatar\/de0302c4806c00c4cebff396a798c1ff?s=96&d=mm&r=g\",\"caption\":\"Josep de Mart\u00ed\"},\"sameAs\":[\"https:\/\/www.inforesidencias.com\",\"https:\/\/www.facebook.com\/josep.demarti\",\"https:\/\/twitter.com\/blog-ir\"],\"url\":\"https:\/\/www.inforesidencias.com\/blog\/index.php\/author\/josepdemarti\/\"}]}<\/script>\n<!-- \/ Yoast SEO plugin. -->","yoast_head_json":{"title":">GESTI\u00d3N PRIVADA DE SERVICIOS P\u00daBLICOS. UN BAILE DE M\u00c1SCARAS - Blog Inforesidencias.com","robots":{"index":"index","follow":"follow","max-snippet":"max-snippet:-1","max-image-preview":"max-image-preview:large","max-video-preview":"max-video-preview:-1"},"canonical":"https:\/\/www.inforesidencias.com\/blog\/index.php\/2008\/07\/24\/gestion-privada-de-servicios-publicos-un-baile-de-mascaras\/","og_locale":"es_ES","og_type":"article","og_title":">GESTI\u00d3N PRIVADA DE SERVICIOS P\u00daBLICOS. UN BAILE DE M\u00c1SCARAS - Blog Inforesidencias.com","og_description":"&gt;En varias ocasiones hemos hablado sobre lo curioso que resulta ver la posici\u00f3n que adoptan los partidos en relaci\u00f3n a la gesti\u00f3n por parte de entidades privadas de servicios p\u00fablicos: la mal llamada \u201cprivatizaci\u00f3n de los servicios\u201d. La verdad es que sorprende ver como lo relevante no es el color pol\u00edtico del partido que gobierna sino el hecho mismo de que gobierne o est\u00e9 en la oposici\u00f3n.A primera vista parecer\u00eda que un partido m\u00e1s \u00abliberal\/centrista\/de derecha\u00bb apostar\u00eda por financiar con fondos p\u00fablicos el servicio y encomendar a una empresa la prestaci\u00f3n y que uno m\u00e1s \u00absocialdem\u00f3crata\/socialista\/de izquierda\u00bb preferir\u00eda que fuese la misma administraci\u00f3n la que financie y gestione los servicios. Eso, a primera vista porque la verdad es totalmente diferente. Un nuevo caso lo tenemos en Asturias, donde gobierna el PSOE y tiene en la oposici\u00f3n al PP y a IU.Pues bien, cuando co- gobernaba IU, seg\u00fan una noticia que [&hellip;]","og_url":"https:\/\/www.inforesidencias.com\/blog\/index.php\/2008\/07\/24\/gestion-privada-de-servicios-publicos-un-baile-de-mascaras\/","og_site_name":"Blog Inforesidencias.com","article_publisher":"https:\/\/www.facebook.com\/Inforesidencias\/","article_author":"https:\/\/www.facebook.com\/josep.demarti","article_published_time":"2008-07-24T09:36:00+00:00","author":"Josep de Mart\u00ed","twitter_card":"summary_large_image","twitter_creator":"@blog-ir","twitter_site":"@inforesidencias","twitter_misc":{"Escrito por":"Josep de Mart\u00ed","Tiempo de lectura":"3 minutos"},"schema":{"@context":"https:\/\/schema.org","@graph":[{"@type":"WebPage","@id":"https:\/\/www.inforesidencias.com\/blog\/index.php\/2008\/07\/24\/gestion-privada-de-servicios-publicos-un-baile-de-mascaras\/","url":"https:\/\/www.inforesidencias.com\/blog\/index.php\/2008\/07\/24\/gestion-privada-de-servicios-publicos-un-baile-de-mascaras\/","name":">GESTI\u00d3N PRIVADA DE SERVICIOS P\u00daBLICOS. UN BAILE DE M\u00c1SCARAS - Blog Inforesidencias.com","isPartOf":{"@id":"https:\/\/www.inforesidencias.com\/blog\/#website"},"datePublished":"2008-07-24T09:36:00+00:00","dateModified":"2008-07-24T09:36:00+00:00","author":{"@id":"https:\/\/www.inforesidencias.com\/blog\/#\/schema\/person\/9e146774d1eb3bc1c0316242a3898628"},"breadcrumb":{"@id":"https:\/\/www.inforesidencias.com\/blog\/index.php\/2008\/07\/24\/gestion-privada-de-servicios-publicos-un-baile-de-mascaras\/#breadcrumb"},"inLanguage":"es","potentialAction":[{"@type":"ReadAction","target":["https:\/\/www.inforesidencias.com\/blog\/index.php\/2008\/07\/24\/gestion-privada-de-servicios-publicos-un-baile-de-mascaras\/"]}]},{"@type":"BreadcrumbList","@id":"https:\/\/www.inforesidencias.com\/blog\/index.php\/2008\/07\/24\/gestion-privada-de-servicios-publicos-un-baile-de-mascaras\/#breadcrumb","itemListElement":[{"@type":"ListItem","position":1,"name":"Home","item":"https:\/\/www.inforesidencias.com\/blog\/"},{"@type":"ListItem","position":2,"name":">GESTI\u00d3N PRIVADA DE SERVICIOS P\u00daBLICOS. UN BAILE DE M\u00c1SCARAS"}]},{"@type":"WebSite","@id":"https:\/\/www.inforesidencias.com\/blog\/#website","url":"https:\/\/www.inforesidencias.com\/blog\/","name":"Blog Inforesidencias.com","description":"El buscador de residencias de la 3\u00aa edad","potentialAction":[{"@type":"SearchAction","target":{"@type":"EntryPoint","urlTemplate":"https:\/\/www.inforesidencias.com\/blog\/?s={search_term_string}"},"query-input":"required name=search_term_string"}],"inLanguage":"es"},{"@type":"Person","@id":"https:\/\/www.inforesidencias.com\/blog\/#\/schema\/person\/9e146774d1eb3bc1c0316242a3898628","name":"Josep de Mart\u00ed","image":{"@type":"ImageObject","inLanguage":"es","@id":"https:\/\/www.inforesidencias.com\/blog\/#\/schema\/person\/image\/","url":"https:\/\/secure.gravatar.com\/avatar\/de0302c4806c00c4cebff396a798c1ff?s=96&d=mm&r=g","contentUrl":"https:\/\/secure.gravatar.com\/avatar\/de0302c4806c00c4cebff396a798c1ff?s=96&d=mm&r=g","caption":"Josep de Mart\u00ed"},"sameAs":["https:\/\/www.inforesidencias.com","https:\/\/www.facebook.com\/josep.demarti","https:\/\/twitter.com\/blog-ir"],"url":"https:\/\/www.inforesidencias.com\/blog\/index.php\/author\/josepdemarti\/"}]}},"_links":{"self":[{"href":"https:\/\/www.inforesidencias.com\/blog\/index.php\/wp-json\/wp\/v2\/posts\/49"}],"collection":[{"href":"https:\/\/www.inforesidencias.com\/blog\/index.php\/wp-json\/wp\/v2\/posts"}],"about":[{"href":"https:\/\/www.inforesidencias.com\/blog\/index.php\/wp-json\/wp\/v2\/types\/post"}],"author":[{"embeddable":true,"href":"https:\/\/www.inforesidencias.com\/blog\/index.php\/wp-json\/wp\/v2\/users\/2"}],"replies":[{"embeddable":true,"href":"https:\/\/www.inforesidencias.com\/blog\/index.php\/wp-json\/wp\/v2\/comments?post=49"}],"version-history":[{"count":0,"href":"https:\/\/www.inforesidencias.com\/blog\/index.php\/wp-json\/wp\/v2\/posts\/49\/revisions"}],"wp:attachment":[{"href":"https:\/\/www.inforesidencias.com\/blog\/index.php\/wp-json\/wp\/v2\/media?parent=49"}],"wp:term":[{"taxonomy":"category","embeddable":true,"href":"https:\/\/www.inforesidencias.com\/blog\/index.php\/wp-json\/wp\/v2\/categories?post=49"},{"taxonomy":"post_tag","embeddable":true,"href":"https:\/\/www.inforesidencias.com\/blog\/index.php\/wp-json\/wp\/v2\/tags?post=49"}],"curies":[{"name":"wp","href":"https:\/\/api.w.org\/{rel}","templated":true}]}}