{"id":494,"date":"2015-11-26T07:23:12","date_gmt":"2015-11-26T07:23:12","guid":{"rendered":"https:\/\/www.inforesidencias.com\/blog\/?p=494"},"modified":"2016-06-30T15:54:44","modified_gmt":"2016-06-30T15:54:44","slug":"bloguista-invitad-ana-fernandez-arquitectura-y-cohousing","status":"publish","type":"post","link":"https:\/\/www.inforesidencias.com\/blog\/index.php\/2015\/11\/26\/bloguista-invitad-ana-fernandez-arquitectura-y-cohousing\/","title":{"rendered":"Bloguista invitada: Ana Fernandez.  Arquitectura y cohousing"},"content":{"rendered":"<h2>Residencias, a renovarse; proyectos <strong>cohousing,<\/strong> a establecerse.\u00a0Nuevos desaf\u00edos para la arquitectura dirigida a las personas mayores<\/h2>\n<p>Con esta interesante y provocadora reflexi\u00f3n Ana Fern\u00e1ndez, una arquitecta que conocemos durante el viaje geroasistencial que organiz\u00f3 Inforesidencias.com a Holanda para conocer c\u00f3mo funcionan all\u00ed las residencias, nos plantea una reflexi\u00f3n sobre los que son y deben ser las residencias para personas mayores desde el punto de vista arquitect\u00f3nico y sobre una opci\u00f3n, el cohousing, que en los pr\u00f3ximos a\u00f1os parece se va a ir imponiendo como opci\u00f3n de vida para algunas personas mayores, y no tan mayores.<\/p>\n<p>Contamos pues con Ana Fernandez, como bloguista invitada, esto es lo que nos explica.<\/p>\n<p>Los arquitectos especializados en proyectos para gente mayor tenemos nuevos retos, ha llegado la era en que los mayores desean y exigen vivir en su hogar\u2026 o en un sitio que se sientan como en \u00e9l. Mucha raz\u00f3n tienen, vivir en su hogar y en su barrio ser\u00eda lo m\u00e1s acertado. Pero en un alto porcentaje sus viviendas no est\u00e1n preparadas para \u201ctoda la vida\u201d, les van quedando grandes y no est\u00e1n adaptadas. Adem\u00e1s, si se quedaran en ellas correr\u00edan el riesgo de exponerse a la exclusi\u00f3n y a la temida soledad. Por eso cuando el propio hogar no es una opci\u00f3n real, est\u00e1n obigados a hacer una elecci\u00f3n dentro de las ofertas existentes.<\/p>\n<p>En este art\u00edculo elijo analizar dos de las alternativas posibles que los <em>seniors<\/em> tendr\u00edan para continuar su vida: la residencia o el<em> cohousing<\/em>. \u00bfQu\u00e9 propuestas ofrece la arquitectura para estas dos formas de residir? Recordemos que los edificios, su dise\u00f1o, tienen un efecto importante sobre la condici\u00f3n mental y f\u00edsica de los usuarios.<\/p>\n<h2><strong>El futuro de las residencias<\/strong><\/h2>\n<p>Las residencias hospitalarias e institucionales ya no ofrecen lo que los usuarios piden y necesitan, esa f\u00f3rmula ya ha llegado a su fin. Las residencias existentes se ver\u00e1n obligadas a realizar un serio esfuerzo para satisfacer las necesidades de las nuevas generaciones de mayores. Deber\u00e1n adaptar sus espacios, reinterpretarlos, y ofrecer libertad para que sus residentes permanezcan tan activos como sea posible. Los edificios deber\u00e1n ser modificados y deber\u00e1n cambiarse los horarios estrictos y las actividades. Las nuevas residencias deber\u00e1n modificar los esquemas obsoletos por dise\u00f1os flexibles en el tiempo. El dise\u00f1o apuntar\u00e1 a ser m\u00e1s amigable, sensible y personalizado.<\/p>\n<p>Otra cualidad importante de estas nuevas residencias, ser\u00e1 la divisi\u00f3n de los residentes en grupos peque\u00f1os y acotados. Se evolucionar\u00e1 de lo masivo a lo segmentado, ofreciendo mayor individualizaci\u00f3n de los espacios. Todos estos cambios traer\u00e1n de la mano consecuencias en el dise\u00f1o, los arquitectos deber\u00e1n hacer una correcta traducci\u00f3n de los mismos y reflejarlo en los nuevos \u201chogares\u201d.<\/p>\n<h2>La experiencia del despacho de arquitectura KAW<\/h2>\n<p>Por la experiencia de nuestro despacho <strong>KAW<\/strong> en Holanda, puedo asegurar que all\u00ed encontramos buenos ejemplos de este tipo de \u201cresidencias-hogares\u201d que llevan ya un largo trayecto recorrido.<\/p>\n<p>Para ejemplificar los cambios que he mencionado en la nueva arquitectura de las residencias, describir\u00e9 algunas de las caracter\u00edsticas de nuestro proyecto <strong>Petterh\u00fasterstate,<\/strong> hogar dedicado especialmente a gente mayor con Alzheimer. Este proyecto se ha compartimentado en 6 peque\u00f1os edificios, cada uno con 6 unidades habitacionales, donde los residentes solamente utilizan la planta baja. Las oficinas administrativas, las zonas exclusivas para el personal y los espacios destinados a los familiares se encuentran en la planta alta. Cada compartimento ha sido concebido como si se tratara de una casa familiar con 6 hijos. Se busc\u00f3 conscientemente no realizar pasillos para evitar la desorientaci\u00f3n y los valiosos m2 ganados se utilizaron en espacios comunes m\u00e1s amplios. En los vest\u00edbulos que anteceden a las habitaciones privadas se crearon espacios para la memoria. All\u00ed cada residente tiene su propia \u201cpared-memoria\u201d para fortalecer su identidad, tan importante en personas con Alzheimer. En la misma aparecen a elecci\u00f3n de cada uno su nombre, objetos y fotos que les recuerda: t\u00fa vives aqu\u00ed, esta no es una instituci\u00f3n es tu casa. Detalles sobre este proyecto: <a href=\"http:\/\/www.kaw.nl\/project\/ontwerp-zorgwoningen-petterhusterstate-stiens\/\">http:\/\/www.kaw.nl\/project\/ontwerp-zorgwoningen-petterhusterstate-stiens\/<\/a><\/p>\n<p><a href=\"https:\/\/www.inforesidencias.com\/blog\/wp-content\/uploads\/2015\/11\/Captura-de-pantalla-2015-11-16-a-las-9.45.50.png\"><img decoding=\"async\" loading=\"lazy\" class=\"alignleft size-full wp-image-496\" src=\"https:\/\/www.inforesidencias.com\/blog\/wp-content\/uploads\/2015\/11\/Captura-de-pantalla-2015-11-16-a-las-9.47.21.png\" alt=\"Captura de pantalla 2015-11-16 a las 9.47.21\" width=\"817\" height=\"447\" \/><img decoding=\"async\" loading=\"lazy\" class=\"alignleft size-full wp-image-495\" src=\"https:\/\/www.inforesidencias.com\/blog\/wp-content\/uploads\/2015\/11\/Captura-de-pantalla-2015-11-16-a-las-9.45.50.png\" alt=\"Arquitectura para toda la vida\" width=\"815\" height=\"422\" \/><\/a><br \/>\nHogar Petterh\u00fasterstate, Stiens, Holanda, proyecto KAW.<\/p>\n<h2><strong>Las ventajas del cohousing<\/strong><\/h2>\n<p>La gran alternativa para los mayores son los proyectos <em><strong>senior-cohousing<\/strong> <\/em>y su gran ventaja es la autogesti\u00f3n. El <em>cohousing<\/em> es sin\u00f3nimo de vitalidad e independencia para sus participantes. En un <em>cohousing<\/em> el protagonismo lo tienen las personas que lo integran, ellos deciden cada aspecto de su proyecto y lo gestionan. Adquieren as\u00ed un rol activo, dinamizador, responsable y muy vitalizador. Los integrantes gozan de privacidad en sus viviendas aut\u00f3nomas y a la vez tienen al alcance de la mano la comunidad elegida de amigos las 24 horas del d\u00eda. Comparten tanto cosas pr\u00e1cticas, desde las herramientas para bricolaje y las lavadoras, hasta servicios como las instalaciones del edificio. Evidentemente es un concepto sostenible, donde se proporciona ayuda mutua y se aprovecha el conocimiento de los dem\u00e1s.<\/p>\n<p>Desde el punto de vista de la arquitectura cada <strong><em>cohousing<\/em><\/strong> es \u00fanico, es imposible repetir en un nuevo proyecto una soluci\u00f3n utilizada anteriormente. Siempre se trabaja en un nuevo experimento que depende del grupo y de la particularidad de sus individuos.<\/p>\n<p>Lo interesante de estos proyectos, es lograr materializar los conceptos de comunidad y de individuo, ya que ambos son la base del <em>cohousing<\/em>. La virtud arquitect\u00f3nica est\u00e1 basada en mostrar la pluralidad dentro de un marco de armon\u00eda general, encontrar el equilibrio justo entre los deseos privados de cada participante y los deseos generales del grupo. La clave es evitar el caos que pudiera surgir al tener distintos participantes con ideas dispares, por lo que es necesario crear un sistema de composici\u00f3n armonioso y a la vez flexible. Los espacios comunes que el propio grupo elige ayudan a enriquecer el proyecto, ellos reflejan que no se trata de un edificio an\u00f3nimo de vivienda colectiva sino que es m\u00e1s que eso. Detalles de nuestro \u00faltimo <em>cohousing<\/em> <strong>Oosterkade<\/strong> en construcci\u00f3n: <a href=\"http:\/\/estudiokaw.com\/es\/project.aspx?id=43\">http:\/\/estudiokaw.com\/es\/project.aspx?id=43<\/a><\/p>\n<p><a href=\"https:\/\/www.inforesidencias.com\/blog\/wp-content\/uploads\/2015\/11\/Captura-de-pantalla-2015-11-16-a-las-9.48.13.png\"><img decoding=\"async\" loading=\"lazy\" class=\"alignleft size-full wp-image-497\" src=\"https:\/\/www.inforesidencias.com\/blog\/wp-content\/uploads\/2015\/11\/Captura-de-pantalla-2015-11-16-a-las-9.48.13.png\" alt=\"Captura de pantalla 2015-11-16 a las 9.48.13\" width=\"812\" height=\"470\" \/><\/a><\/p>\n<p><a href=\"https:\/\/www.inforesidencias.com\/blog\/wp-content\/uploads\/2015\/11\/Captura-de-pantalla-2015-11-16-a-las-9.49.21.png\"><img decoding=\"async\" loading=\"lazy\" class=\"alignleft size-full wp-image-498\" src=\"https:\/\/www.inforesidencias.com\/blog\/wp-content\/uploads\/2015\/11\/Captura-de-pantalla-2015-11-16-a-las-9.49.21.png\" alt=\"Captura de pantalla 2015-11-16 a las 9.49.21\" width=\"709\" height=\"460\" \/><\/a><\/p>\n<p>Cohousing Oosterkade, Groningen, Holanda, 6 viviendas + espacios comunitarios, proyecto KAW.<\/p>\n<p>Ana Fernandez<\/p>\n<p><a href=\"http:\/\/www.cohousinglab.com\">www.cohousinglab.com<\/a><\/p>\n<p><a href=\"http:\/\/www.estudiokaw.com\">www.estudiokaw.com<\/a><\/p>\n","protected":false},"excerpt":{"rendered":"<p>Residencias, a renovarse; proyectos cohousing, a establecerse.\u00a0Nuevos desaf\u00edos para la arquitectura dirigida a las personas mayores Con esta interesante y provocadora reflexi\u00f3n Ana Fern\u00e1ndez, una arquitecta que conocemos durante el viaje geroasistencial que organiz\u00f3 Inforesidencias.com a Holanda para conocer c\u00f3mo funcionan all\u00ed las residencias, nos plantea una reflexi\u00f3n sobre los que son y deben ser las residencias para personas mayores desde el punto de vista arquitect\u00f3nico y sobre una opci\u00f3n, el cohousing, que en los pr\u00f3ximos a\u00f1os parece se va a ir imponiendo como opci\u00f3n de vida para algunas personas mayores, y no tan mayores. Contamos pues con Ana Fernandez, como bloguista invitada, esto es lo que nos explica. Los arquitectos especializados en proyectos para gente mayor tenemos nuevos retos, ha llegado la era en que los mayores desean y exigen vivir en su hogar\u2026 o en un sitio que se sientan como en \u00e9l. Mucha raz\u00f3n tienen, vivir en [&hellip;]<\/p>\n","protected":false},"author":2,"featured_media":774,"comment_status":"open","ping_status":"open","sticky":false,"template":"","format":"standard","meta":{"footnotes":""},"categories":[14],"tags":[],"yoast_head":"<!-- This site is optimized with the Yoast SEO plugin v21.7 - https:\/\/yoast.com\/wordpress\/plugins\/seo\/ -->\n<title>Bloguista invitada: Ana Fernandez nos habla de cohousing<\/title>\n<meta name=\"description\" content=\"Una arquitecta con gran experiencia en proyectos que tienen que ver con mayores nos habla de arquitectura y cohousing\" \/>\n<meta name=\"robots\" content=\"index, follow, max-snippet:-1, max-image-preview:large, max-video-preview:-1\" \/>\n<link rel=\"canonical\" href=\"https:\/\/www.inforesidencias.com\/blog\/index.php\/2015\/11\/26\/bloguista-invitad-ana-fernandez-arquitectura-y-cohousing\/\" \/>\n<meta property=\"og:locale\" content=\"es_ES\" \/>\n<meta property=\"og:type\" content=\"article\" \/>\n<meta property=\"og:title\" content=\"Bloguista invitada: Ana Fernandez nos habla de cohousing\" \/>\n<meta property=\"og:description\" content=\"Una arquitecta con gran experiencia en proyectos que tienen que ver con mayores nos habla de arquitectura y cohousing\" \/>\n<meta property=\"og:url\" content=\"https:\/\/www.inforesidencias.com\/blog\/index.php\/2015\/11\/26\/bloguista-invitad-ana-fernandez-arquitectura-y-cohousing\/\" \/>\n<meta property=\"og:site_name\" content=\"Blog Inforesidencias.com\" \/>\n<meta property=\"article:publisher\" content=\"https:\/\/www.facebook.com\/Inforesidencias\/\" \/>\n<meta property=\"article:author\" content=\"https:\/\/www.facebook.com\/josep.demarti\" \/>\n<meta property=\"article:published_time\" content=\"2015-11-26T07:23:12+00:00\" \/>\n<meta property=\"article:modified_time\" content=\"2016-06-30T15:54:44+00:00\" \/>\n<meta property=\"og:image\" content=\"https:\/\/www.inforesidencias.com\/blog\/wp-content\/uploads\/2016\/06\/ana-fernandez.jpg\" \/>\n\t<meta property=\"og:image:width\" content=\"440\" \/>\n\t<meta property=\"og:image:height\" content=\"440\" \/>\n\t<meta property=\"og:image:type\" content=\"image\/jpeg\" \/>\n<meta name=\"author\" content=\"Josep de Mart\u00ed\" \/>\n<meta name=\"twitter:card\" content=\"summary_large_image\" \/>\n<meta name=\"twitter:creator\" content=\"@blog-ir\" \/>\n<meta name=\"twitter:site\" content=\"@inforesidencias\" \/>\n<meta name=\"twitter:label1\" content=\"Escrito por\" \/>\n\t<meta name=\"twitter:data1\" content=\"Josep de Mart\u00ed\" \/>\n\t<meta name=\"twitter:label2\" content=\"Tiempo de lectura\" \/>\n\t<meta name=\"twitter:data2\" content=\"5 minutos\" \/>\n<script type=\"application\/ld+json\" class=\"yoast-schema-graph\">{\"@context\":\"https:\/\/schema.org\",\"@graph\":[{\"@type\":\"WebPage\",\"@id\":\"https:\/\/www.inforesidencias.com\/blog\/index.php\/2015\/11\/26\/bloguista-invitad-ana-fernandez-arquitectura-y-cohousing\/\",\"url\":\"https:\/\/www.inforesidencias.com\/blog\/index.php\/2015\/11\/26\/bloguista-invitad-ana-fernandez-arquitectura-y-cohousing\/\",\"name\":\"Bloguista invitada: Ana Fernandez nos habla de cohousing\",\"isPartOf\":{\"@id\":\"https:\/\/www.inforesidencias.com\/blog\/#website\"},\"datePublished\":\"2015-11-26T07:23:12+00:00\",\"dateModified\":\"2016-06-30T15:54:44+00:00\",\"author\":{\"@id\":\"https:\/\/www.inforesidencias.com\/blog\/#\/schema\/person\/9e146774d1eb3bc1c0316242a3898628\"},\"description\":\"Una arquitecta con gran experiencia en proyectos que tienen que ver con mayores nos habla de arquitectura y cohousing\",\"breadcrumb\":{\"@id\":\"https:\/\/www.inforesidencias.com\/blog\/index.php\/2015\/11\/26\/bloguista-invitad-ana-fernandez-arquitectura-y-cohousing\/#breadcrumb\"},\"inLanguage\":\"es\",\"potentialAction\":[{\"@type\":\"ReadAction\",\"target\":[\"https:\/\/www.inforesidencias.com\/blog\/index.php\/2015\/11\/26\/bloguista-invitad-ana-fernandez-arquitectura-y-cohousing\/\"]}]},{\"@type\":\"BreadcrumbList\",\"@id\":\"https:\/\/www.inforesidencias.com\/blog\/index.php\/2015\/11\/26\/bloguista-invitad-ana-fernandez-arquitectura-y-cohousing\/#breadcrumb\",\"itemListElement\":[{\"@type\":\"ListItem\",\"position\":1,\"name\":\"Home\",\"item\":\"https:\/\/www.inforesidencias.com\/blog\/\"},{\"@type\":\"ListItem\",\"position\":2,\"name\":\"Bloguista invitada: Ana Fernandez. Arquitectura y cohousing\"}]},{\"@type\":\"WebSite\",\"@id\":\"https:\/\/www.inforesidencias.com\/blog\/#website\",\"url\":\"https:\/\/www.inforesidencias.com\/blog\/\",\"name\":\"Blog Inforesidencias.com\",\"description\":\"El buscador de residencias de la 3\u00aa edad\",\"potentialAction\":[{\"@type\":\"SearchAction\",\"target\":{\"@type\":\"EntryPoint\",\"urlTemplate\":\"https:\/\/www.inforesidencias.com\/blog\/?s={search_term_string}\"},\"query-input\":\"required name=search_term_string\"}],\"inLanguage\":\"es\"},{\"@type\":\"Person\",\"@id\":\"https:\/\/www.inforesidencias.com\/blog\/#\/schema\/person\/9e146774d1eb3bc1c0316242a3898628\",\"name\":\"Josep de Mart\u00ed\",\"image\":{\"@type\":\"ImageObject\",\"inLanguage\":\"es\",\"@id\":\"https:\/\/www.inforesidencias.com\/blog\/#\/schema\/person\/image\/\",\"url\":\"https:\/\/secure.gravatar.com\/avatar\/de0302c4806c00c4cebff396a798c1ff?s=96&d=mm&r=g\",\"contentUrl\":\"https:\/\/secure.gravatar.com\/avatar\/de0302c4806c00c4cebff396a798c1ff?s=96&d=mm&r=g\",\"caption\":\"Josep de Mart\u00ed\"},\"sameAs\":[\"https:\/\/www.inforesidencias.com\",\"https:\/\/www.facebook.com\/josep.demarti\",\"https:\/\/twitter.com\/blog-ir\"],\"url\":\"https:\/\/www.inforesidencias.com\/blog\/index.php\/author\/josepdemarti\/\"}]}<\/script>\n<!-- \/ Yoast SEO plugin. -->","yoast_head_json":{"title":"Bloguista invitada: Ana Fernandez nos habla de cohousing","description":"Una arquitecta con gran experiencia en proyectos que tienen que ver con mayores nos habla de arquitectura y cohousing","robots":{"index":"index","follow":"follow","max-snippet":"max-snippet:-1","max-image-preview":"max-image-preview:large","max-video-preview":"max-video-preview:-1"},"canonical":"https:\/\/www.inforesidencias.com\/blog\/index.php\/2015\/11\/26\/bloguista-invitad-ana-fernandez-arquitectura-y-cohousing\/","og_locale":"es_ES","og_type":"article","og_title":"Bloguista invitada: Ana Fernandez nos habla de cohousing","og_description":"Una arquitecta con gran experiencia en proyectos que tienen que ver con mayores nos habla de arquitectura y cohousing","og_url":"https:\/\/www.inforesidencias.com\/blog\/index.php\/2015\/11\/26\/bloguista-invitad-ana-fernandez-arquitectura-y-cohousing\/","og_site_name":"Blog Inforesidencias.com","article_publisher":"https:\/\/www.facebook.com\/Inforesidencias\/","article_author":"https:\/\/www.facebook.com\/josep.demarti","article_published_time":"2015-11-26T07:23:12+00:00","article_modified_time":"2016-06-30T15:54:44+00:00","og_image":[{"width":440,"height":440,"url":"https:\/\/www.inforesidencias.com\/blog\/wp-content\/uploads\/2016\/06\/ana-fernandez.jpg","type":"image\/jpeg"}],"author":"Josep de Mart\u00ed","twitter_card":"summary_large_image","twitter_creator":"@blog-ir","twitter_site":"@inforesidencias","twitter_misc":{"Escrito por":"Josep de Mart\u00ed","Tiempo de lectura":"5 minutos"},"schema":{"@context":"https:\/\/schema.org","@graph":[{"@type":"WebPage","@id":"https:\/\/www.inforesidencias.com\/blog\/index.php\/2015\/11\/26\/bloguista-invitad-ana-fernandez-arquitectura-y-cohousing\/","url":"https:\/\/www.inforesidencias.com\/blog\/index.php\/2015\/11\/26\/bloguista-invitad-ana-fernandez-arquitectura-y-cohousing\/","name":"Bloguista invitada: Ana Fernandez nos habla de cohousing","isPartOf":{"@id":"https:\/\/www.inforesidencias.com\/blog\/#website"},"datePublished":"2015-11-26T07:23:12+00:00","dateModified":"2016-06-30T15:54:44+00:00","author":{"@id":"https:\/\/www.inforesidencias.com\/blog\/#\/schema\/person\/9e146774d1eb3bc1c0316242a3898628"},"description":"Una arquitecta con gran experiencia en proyectos que tienen que ver con mayores nos habla de arquitectura y cohousing","breadcrumb":{"@id":"https:\/\/www.inforesidencias.com\/blog\/index.php\/2015\/11\/26\/bloguista-invitad-ana-fernandez-arquitectura-y-cohousing\/#breadcrumb"},"inLanguage":"es","potentialAction":[{"@type":"ReadAction","target":["https:\/\/www.inforesidencias.com\/blog\/index.php\/2015\/11\/26\/bloguista-invitad-ana-fernandez-arquitectura-y-cohousing\/"]}]},{"@type":"BreadcrumbList","@id":"https:\/\/www.inforesidencias.com\/blog\/index.php\/2015\/11\/26\/bloguista-invitad-ana-fernandez-arquitectura-y-cohousing\/#breadcrumb","itemListElement":[{"@type":"ListItem","position":1,"name":"Home","item":"https:\/\/www.inforesidencias.com\/blog\/"},{"@type":"ListItem","position":2,"name":"Bloguista invitada: Ana Fernandez. Arquitectura y cohousing"}]},{"@type":"WebSite","@id":"https:\/\/www.inforesidencias.com\/blog\/#website","url":"https:\/\/www.inforesidencias.com\/blog\/","name":"Blog Inforesidencias.com","description":"El buscador de residencias de la 3\u00aa edad","potentialAction":[{"@type":"SearchAction","target":{"@type":"EntryPoint","urlTemplate":"https:\/\/www.inforesidencias.com\/blog\/?s={search_term_string}"},"query-input":"required name=search_term_string"}],"inLanguage":"es"},{"@type":"Person","@id":"https:\/\/www.inforesidencias.com\/blog\/#\/schema\/person\/9e146774d1eb3bc1c0316242a3898628","name":"Josep de Mart\u00ed","image":{"@type":"ImageObject","inLanguage":"es","@id":"https:\/\/www.inforesidencias.com\/blog\/#\/schema\/person\/image\/","url":"https:\/\/secure.gravatar.com\/avatar\/de0302c4806c00c4cebff396a798c1ff?s=96&d=mm&r=g","contentUrl":"https:\/\/secure.gravatar.com\/avatar\/de0302c4806c00c4cebff396a798c1ff?s=96&d=mm&r=g","caption":"Josep de Mart\u00ed"},"sameAs":["https:\/\/www.inforesidencias.com","https:\/\/www.facebook.com\/josep.demarti","https:\/\/twitter.com\/blog-ir"],"url":"https:\/\/www.inforesidencias.com\/blog\/index.php\/author\/josepdemarti\/"}]}},"_links":{"self":[{"href":"https:\/\/www.inforesidencias.com\/blog\/index.php\/wp-json\/wp\/v2\/posts\/494"}],"collection":[{"href":"https:\/\/www.inforesidencias.com\/blog\/index.php\/wp-json\/wp\/v2\/posts"}],"about":[{"href":"https:\/\/www.inforesidencias.com\/blog\/index.php\/wp-json\/wp\/v2\/types\/post"}],"author":[{"embeddable":true,"href":"https:\/\/www.inforesidencias.com\/blog\/index.php\/wp-json\/wp\/v2\/users\/2"}],"replies":[{"embeddable":true,"href":"https:\/\/www.inforesidencias.com\/blog\/index.php\/wp-json\/wp\/v2\/comments?post=494"}],"version-history":[{"count":6,"href":"https:\/\/www.inforesidencias.com\/blog\/index.php\/wp-json\/wp\/v2\/posts\/494\/revisions"}],"predecessor-version":[{"id":521,"href":"https:\/\/www.inforesidencias.com\/blog\/index.php\/wp-json\/wp\/v2\/posts\/494\/revisions\/521"}],"wp:featuredmedia":[{"embeddable":true,"href":"https:\/\/www.inforesidencias.com\/blog\/index.php\/wp-json\/wp\/v2\/media\/774"}],"wp:attachment":[{"href":"https:\/\/www.inforesidencias.com\/blog\/index.php\/wp-json\/wp\/v2\/media?parent=494"}],"wp:term":[{"taxonomy":"category","embeddable":true,"href":"https:\/\/www.inforesidencias.com\/blog\/index.php\/wp-json\/wp\/v2\/categories?post=494"},{"taxonomy":"post_tag","embeddable":true,"href":"https:\/\/www.inforesidencias.com\/blog\/index.php\/wp-json\/wp\/v2\/tags?post=494"}],"curies":[{"name":"wp","href":"https:\/\/api.w.org\/{rel}","templated":true}]}}