{"id":4975,"date":"2021-09-14T07:38:00","date_gmt":"2021-09-14T06:38:00","guid":{"rendered":"https:\/\/www.inforesidencias.com\/blog\/?p=4975"},"modified":"2021-09-14T08:54:08","modified_gmt":"2021-09-14T07:54:08","slug":"transporte-especial-adaptado-mas-necesarios-de-lo-que-pensamos","status":"publish","type":"post","link":"https:\/\/www.inforesidencias.com\/blog\/index.php\/2021\/09\/14\/transporte-especial-adaptado-mas-necesarios-de-lo-que-pensamos\/","title":{"rendered":"Transporte especial adaptado, m\u00e1s necesario de lo que pensamos"},"content":{"rendered":"\n<p><\/p>\n\n\n\n<p><\/p>\n\n\n\n<p>Hoy nos escribe Cristina Beliz\u00f3n, Responsable de marketing y comunicaci\u00f3n Corportativa de la empresa<a href=\"https:\/\/arc-soluciones.com\/\"> <\/a><a href=\"https:\/\/arc-soluciones.com\/\" target=\"_blank\" rel=\"noreferrer noopener\">Arc Soluciones,<\/a> para hablarnos del transporte especial adaptado, un tema del que son expertos. Dice as\u00ed:<\/p>\n\n\n\n<p><strong>Servicios que ofrece el transporte especial adaptado<\/strong><\/p>\n\n\n\n<p>El transporte especial adaptado es un bien necesario. O, \u00bfacaso dir\u00edas que los buses o taxis en general no lo son? Pues de la misma manera que la mayor\u00eda de personas que no necesitan un transporte adaptado pueden desplazarse, las que s\u00ed lo necesitan deben poder hacerlo tambi\u00e9n. Este transporte especial adaptado ofrece una oportunidad de desplazamiento para aquellas personas con discapacidad o movilidad reducida. Esto es realmente importante en contextos como poder acudir al m\u00e9dico o a hacer papeleo en el ayuntamiento. Pero no hay que olvidar que es igual de relevante la necesidad de facilitar el ocio y posibilidad de viajar a toda la poblaci\u00f3n por igual. Una discapacidad no es sin\u00f3nimo de menos derechos.<\/p>\n\n\n\n<p><strong>\u00bfQu\u00e9 es el transporte especial adaptado?<\/strong><\/p>\n\n\n\n<p>Para entenderlo, debemos visualizar qu\u00e9 requisitos necesita una persona para acceder a un transporte. Cuando subes al autob\u00fas o a un coche, normalmente, necesitas unas habilidades f\u00edsicas determinadas: ser capaz de caminar y subir un escal\u00f3n, poder entrar aunque no haya mucho espacio en la acera, sentarte en un espacio peque\u00f1o\u2026 Sin embargo, no todo el mundo puede subirse a un transporte de esta manera. Y aqu\u00ed es donde el transporte especial adaptado se convierte en vital. Algo como subirse a un transporte es una experiencia completamente diferente para una persona que se desplaza en silla de ruedas. Por ejemplo, deber\u00e1 tener una rampa o elevador para poder entrar, tambi\u00e9n deber\u00e1 tener sitio para llevar la silla en el transporte\u2026<br>Este tipo de transporte soluciona esos problemas que la mayor\u00eda de transportes no abordan. Se convierte en la \u00fanica opci\u00f3n para que las personas con discapacidades o movilidad reducida puedan viajar o, simplemente, desplazarse. <\/p>\n\n\n\n<figure class=\"wp-block-embed-youtube wp-block-embed is-type-video is-provider-youtube wp-embed-aspect-16-9 wp-has-aspect-ratio\"><div class=\"wp-block-embed__wrapper\">\n<iframe loading=\"lazy\" title=\"ARC Suelo t\u00e9cnico B-FIT\" width=\"500\" height=\"281\" src=\"https:\/\/www.youtube.com\/embed\/GXK_paEgB0s?feature=oembed\" frameborder=\"0\" allow=\"accelerometer; autoplay; clipboard-write; encrypted-media; gyroscope; picture-in-picture\" allowfullscreen><\/iframe>\n<\/div><\/figure>\n\n\n\n<p><strong>\u00bfC\u00f3mo funcionan los servicios de este tipo de transporte?<\/strong><\/p>\n\n\n\n<p>El transporte especial adaptado puede ser tanto p\u00fablico como privado. Si bien la mayor\u00eda de iniciativas son de \u00edndole privada. Suele tener un horario determinado, sino que funciona bajo demanda o en rutas planificadas con antelaci\u00f3n por las personas que la van a utilizar.<br>Existen los taxis adaptados, transportes individualizados para personas con movilidad reducida. Si bien en general, los servicios de transporte especial adaptado no son individualizados, sino que suelen trasladar a m\u00e1s de una persona. Si te fijas, recordar\u00e1s haber visto una furgoneta con el r\u00f3tulo de un hospital o una residencia. Lo m\u00e1s probable es que ese transporte sea adaptado. Estos servicios cubren la ineficacia del transporte p\u00fablico en cuanto a accesibilidad.<\/p>\n\n\n\n<div class=\"wp-block-image\"><figure class=\"alignright size-large is-resized\"><img decoding=\"async\" loading=\"lazy\" src=\"https:\/\/www.inforesidencias.com\/blog\/wp-content\/uploads\/2021\/09\/Transporte-especial-adaptado-1.jpeg\" alt=\"\" class=\"wp-image-4979\" width=\"336\" height=\"224\" srcset=\"https:\/\/www.inforesidencias.com\/blog\/wp-content\/uploads\/2021\/09\/Transporte-especial-adaptado-1.jpeg 540w, https:\/\/www.inforesidencias.com\/blog\/wp-content\/uploads\/2021\/09\/Transporte-especial-adaptado-1-300x200.jpeg 300w\" sizes=\"(max-width: 336px) 100vw, 336px\" \/><\/figure><\/div>\n\n\n\n<p>Adem\u00e1s, el transporte adaptado no individualizado suele tener a personal contratado de apoyo. Es decir, personal profesional especializado para acompa\u00f1ar a las personas con discapacidad en el viaje, cuidando de cada detalle necesario.<\/p>\n\n\n\n<p>Descubre <a href=\"https:\/\/www.inforesidencias.com\/centros\/buscador\/busquedas-predefinidas\/residencias-para-personas-en-sillas-de-ruedas\" target=\"_blank\" rel=\"noreferrer noopener\">residencias de mayores adaptadas para personas en sillas de ruedas<\/a><\/p>\n\n\n\n<p><strong>\u00bfQu\u00e9 necesita un transporte para ser considerado un servicio especial adaptado?<\/strong><\/p>\n\n\n\n<p>El punto m\u00e1s importante es el hecho de ser accesible. El veh\u00edculo deber\u00e1 contar con rampas, elevadores o cualquier otro mecanismo que permita a las personas con movilidad reducida acceder. Adem\u00e1s, debe permitir asegurar a trav\u00e9s de anclajes de seguridad las sillas de ruedas o cualquier otro elemento que la persona deba llevar en el transporte.El hecho de contar con acompa\u00f1antes tambi\u00e9n ser\u00e1 un requisito para poder considerar que est\u00e1 completamente adaptado.<\/p>\n\n\n\n<p>Los servicios de transporte adaptado var\u00edan mucho dependiendo de la zona geogr\u00e1fica en la que te encuentres, pero es un servicio que deber\u00eda encontrarse a disposici\u00f3n de toda la poblaci\u00f3n. Recordemos que la inclusi\u00f3n social es cuesti\u00f3n de todos y los servicios de transporte especial adaptado hacen esa labor.<\/p>\n\n\n\n<p>La emprea ARC soluciones nos visit\u00f3 al programa de radio de Catalu\u00f1a hace un tiempo y para hablar precisamente sobre transporte adaptado y como adpaptar un veh\u00edculo. Fue muy interesante, haz clic <a href=\"https:\/\/www.inforesidencias.com\/blog\/index.php\/2021\/07\/09\/cycling-without-age-y-adaptar-un-vehiculo\/\" target=\"_blank\" rel=\"noreferrer noopener\">aqu\u00ed para leer el art\u00edculo sobre el programa<\/a><\/p>\n\n\n\n<p><\/p>\n","protected":false},"excerpt":{"rendered":"<p>Hoy nos escribe Cristina Beliz\u00f3n, Responsable de marketing y comunicaci\u00f3n Corportativa de la empresa Arc Soluciones, para hablarnos del transporte especial adaptado, un tema del que son expertos. Dice as\u00ed: Servicios que ofrece el transporte especial adaptado El transporte especial adaptado es un bien necesario. O, \u00bfacaso dir\u00edas que los buses o taxis en general no lo son? Pues de la misma manera que la mayor\u00eda de personas que no necesitan un transporte adaptado pueden desplazarse, las que s\u00ed lo necesitan deben poder hacerlo tambi\u00e9n. Este transporte especial adaptado ofrece una oportunidad de desplazamiento para aquellas personas con discapacidad o movilidad reducida. Esto es realmente importante en contextos como poder acudir al m\u00e9dico o a hacer papeleo en el ayuntamiento. Pero no hay que olvidar que es igual de relevante la necesidad de facilitar el ocio y posibilidad de viajar a toda la poblaci\u00f3n por igual. Una discapacidad no es [&hellip;]<\/p>\n","protected":false},"author":2,"featured_media":4978,"comment_status":"open","ping_status":"open","sticky":false,"template":"","format":"standard","meta":{"footnotes":""},"categories":[1],"tags":[],"yoast_head":"<!-- This site is optimized with the Yoast SEO plugin v21.7 - https:\/\/yoast.com\/wordpress\/plugins\/seo\/ -->\n<title>Transporte especial adaptado, m\u00e1s necesario de lo que pensamos - Blog Inforesidencias.com<\/title>\n<meta name=\"description\" content=\"Un art\u00edculo que habla sobre el transporte especial adaptado para personas mayores o con discapacidad y su funcionamiento.\" \/>\n<meta name=\"robots\" content=\"index, follow, max-snippet:-1, max-image-preview:large, max-video-preview:-1\" \/>\n<link rel=\"canonical\" href=\"https:\/\/www.inforesidencias.com\/blog\/index.php\/2021\/09\/14\/transporte-especial-adaptado-mas-necesarios-de-lo-que-pensamos\/\" \/>\n<meta property=\"og:locale\" content=\"es_ES\" \/>\n<meta property=\"og:type\" content=\"article\" \/>\n<meta property=\"og:title\" content=\"Transporte especial adaptado, m\u00e1s necesario de lo que pensamos - Blog Inforesidencias.com\" \/>\n<meta property=\"og:description\" content=\"Un art\u00edculo que habla sobre el transporte especial adaptado para personas mayores o con discapacidad y su funcionamiento.\" \/>\n<meta property=\"og:url\" content=\"https:\/\/www.inforesidencias.com\/blog\/index.php\/2021\/09\/14\/transporte-especial-adaptado-mas-necesarios-de-lo-que-pensamos\/\" \/>\n<meta property=\"og:site_name\" content=\"Blog Inforesidencias.com\" \/>\n<meta property=\"article:publisher\" content=\"https:\/\/www.facebook.com\/Inforesidencias\/\" \/>\n<meta property=\"article:author\" content=\"https:\/\/www.facebook.com\/josep.demarti\" \/>\n<meta property=\"article:published_time\" content=\"2021-09-14T06:38:00+00:00\" \/>\n<meta property=\"article:modified_time\" content=\"2021-09-14T07:54:08+00:00\" \/>\n<meta property=\"og:image\" content=\"https:\/\/www.inforesidencias.com\/blog\/wp-content\/uploads\/2021\/09\/Transporte-especial-adaptado.jpeg\" \/>\n\t<meta property=\"og:image:width\" content=\"540\" \/>\n\t<meta property=\"og:image:height\" content=\"360\" \/>\n\t<meta property=\"og:image:type\" content=\"image\/jpeg\" \/>\n<meta name=\"author\" content=\"Josep de Mart\u00ed\" \/>\n<meta name=\"twitter:card\" content=\"summary_large_image\" \/>\n<meta name=\"twitter:creator\" content=\"@blog-ir\" \/>\n<meta name=\"twitter:site\" content=\"@inforesidencias\" \/>\n<meta name=\"twitter:label1\" content=\"Escrito por\" \/>\n\t<meta name=\"twitter:data1\" content=\"Josep de Mart\u00ed\" \/>\n\t<meta name=\"twitter:label2\" content=\"Tiempo de lectura\" \/>\n\t<meta name=\"twitter:data2\" content=\"4 minutos\" \/>\n<script type=\"application\/ld+json\" class=\"yoast-schema-graph\">{\"@context\":\"https:\/\/schema.org\",\"@graph\":[{\"@type\":\"WebPage\",\"@id\":\"https:\/\/www.inforesidencias.com\/blog\/index.php\/2021\/09\/14\/transporte-especial-adaptado-mas-necesarios-de-lo-que-pensamos\/\",\"url\":\"https:\/\/www.inforesidencias.com\/blog\/index.php\/2021\/09\/14\/transporte-especial-adaptado-mas-necesarios-de-lo-que-pensamos\/\",\"name\":\"Transporte especial adaptado, m\u00e1s necesario de lo que pensamos - Blog Inforesidencias.com\",\"isPartOf\":{\"@id\":\"https:\/\/www.inforesidencias.com\/blog\/#website\"},\"datePublished\":\"2021-09-14T06:38:00+00:00\",\"dateModified\":\"2021-09-14T07:54:08+00:00\",\"author\":{\"@id\":\"https:\/\/www.inforesidencias.com\/blog\/#\/schema\/person\/9e146774d1eb3bc1c0316242a3898628\"},\"description\":\"Un art\u00edculo que habla sobre el transporte especial adaptado para personas mayores o con discapacidad y su funcionamiento.\",\"breadcrumb\":{\"@id\":\"https:\/\/www.inforesidencias.com\/blog\/index.php\/2021\/09\/14\/transporte-especial-adaptado-mas-necesarios-de-lo-que-pensamos\/#breadcrumb\"},\"inLanguage\":\"es\",\"potentialAction\":[{\"@type\":\"ReadAction\",\"target\":[\"https:\/\/www.inforesidencias.com\/blog\/index.php\/2021\/09\/14\/transporte-especial-adaptado-mas-necesarios-de-lo-que-pensamos\/\"]}]},{\"@type\":\"BreadcrumbList\",\"@id\":\"https:\/\/www.inforesidencias.com\/blog\/index.php\/2021\/09\/14\/transporte-especial-adaptado-mas-necesarios-de-lo-que-pensamos\/#breadcrumb\",\"itemListElement\":[{\"@type\":\"ListItem\",\"position\":1,\"name\":\"Home\",\"item\":\"https:\/\/www.inforesidencias.com\/blog\/\"},{\"@type\":\"ListItem\",\"position\":2,\"name\":\"Transporte especial adaptado, m\u00e1s necesario de lo que pensamos\"}]},{\"@type\":\"WebSite\",\"@id\":\"https:\/\/www.inforesidencias.com\/blog\/#website\",\"url\":\"https:\/\/www.inforesidencias.com\/blog\/\",\"name\":\"Blog Inforesidencias.com\",\"description\":\"El buscador de residencias de la 3\u00aa edad\",\"potentialAction\":[{\"@type\":\"SearchAction\",\"target\":{\"@type\":\"EntryPoint\",\"urlTemplate\":\"https:\/\/www.inforesidencias.com\/blog\/?s={search_term_string}\"},\"query-input\":\"required name=search_term_string\"}],\"inLanguage\":\"es\"},{\"@type\":\"Person\",\"@id\":\"https:\/\/www.inforesidencias.com\/blog\/#\/schema\/person\/9e146774d1eb3bc1c0316242a3898628\",\"name\":\"Josep de Mart\u00ed\",\"image\":{\"@type\":\"ImageObject\",\"inLanguage\":\"es\",\"@id\":\"https:\/\/www.inforesidencias.com\/blog\/#\/schema\/person\/image\/\",\"url\":\"https:\/\/secure.gravatar.com\/avatar\/de0302c4806c00c4cebff396a798c1ff?s=96&d=mm&r=g\",\"contentUrl\":\"https:\/\/secure.gravatar.com\/avatar\/de0302c4806c00c4cebff396a798c1ff?s=96&d=mm&r=g\",\"caption\":\"Josep de Mart\u00ed\"},\"sameAs\":[\"https:\/\/www.inforesidencias.com\",\"https:\/\/www.facebook.com\/josep.demarti\",\"https:\/\/twitter.com\/blog-ir\"],\"url\":\"https:\/\/www.inforesidencias.com\/blog\/index.php\/author\/josepdemarti\/\"}]}<\/script>\n<!-- \/ Yoast SEO plugin. -->","yoast_head_json":{"title":"Transporte especial adaptado, m\u00e1s necesario de lo que pensamos - Blog Inforesidencias.com","description":"Un art\u00edculo que habla sobre el transporte especial adaptado para personas mayores o con discapacidad y su funcionamiento.","robots":{"index":"index","follow":"follow","max-snippet":"max-snippet:-1","max-image-preview":"max-image-preview:large","max-video-preview":"max-video-preview:-1"},"canonical":"https:\/\/www.inforesidencias.com\/blog\/index.php\/2021\/09\/14\/transporte-especial-adaptado-mas-necesarios-de-lo-que-pensamos\/","og_locale":"es_ES","og_type":"article","og_title":"Transporte especial adaptado, m\u00e1s necesario de lo que pensamos - Blog Inforesidencias.com","og_description":"Un art\u00edculo que habla sobre el transporte especial adaptado para personas mayores o con discapacidad y su funcionamiento.","og_url":"https:\/\/www.inforesidencias.com\/blog\/index.php\/2021\/09\/14\/transporte-especial-adaptado-mas-necesarios-de-lo-que-pensamos\/","og_site_name":"Blog Inforesidencias.com","article_publisher":"https:\/\/www.facebook.com\/Inforesidencias\/","article_author":"https:\/\/www.facebook.com\/josep.demarti","article_published_time":"2021-09-14T06:38:00+00:00","article_modified_time":"2021-09-14T07:54:08+00:00","og_image":[{"width":540,"height":360,"url":"https:\/\/www.inforesidencias.com\/blog\/wp-content\/uploads\/2021\/09\/Transporte-especial-adaptado.jpeg","type":"image\/jpeg"}],"author":"Josep de Mart\u00ed","twitter_card":"summary_large_image","twitter_creator":"@blog-ir","twitter_site":"@inforesidencias","twitter_misc":{"Escrito por":"Josep de Mart\u00ed","Tiempo de lectura":"4 minutos"},"schema":{"@context":"https:\/\/schema.org","@graph":[{"@type":"WebPage","@id":"https:\/\/www.inforesidencias.com\/blog\/index.php\/2021\/09\/14\/transporte-especial-adaptado-mas-necesarios-de-lo-que-pensamos\/","url":"https:\/\/www.inforesidencias.com\/blog\/index.php\/2021\/09\/14\/transporte-especial-adaptado-mas-necesarios-de-lo-que-pensamos\/","name":"Transporte especial adaptado, m\u00e1s necesario de lo que pensamos - Blog Inforesidencias.com","isPartOf":{"@id":"https:\/\/www.inforesidencias.com\/blog\/#website"},"datePublished":"2021-09-14T06:38:00+00:00","dateModified":"2021-09-14T07:54:08+00:00","author":{"@id":"https:\/\/www.inforesidencias.com\/blog\/#\/schema\/person\/9e146774d1eb3bc1c0316242a3898628"},"description":"Un art\u00edculo que habla sobre el transporte especial adaptado para personas mayores o con discapacidad y su funcionamiento.","breadcrumb":{"@id":"https:\/\/www.inforesidencias.com\/blog\/index.php\/2021\/09\/14\/transporte-especial-adaptado-mas-necesarios-de-lo-que-pensamos\/#breadcrumb"},"inLanguage":"es","potentialAction":[{"@type":"ReadAction","target":["https:\/\/www.inforesidencias.com\/blog\/index.php\/2021\/09\/14\/transporte-especial-adaptado-mas-necesarios-de-lo-que-pensamos\/"]}]},{"@type":"BreadcrumbList","@id":"https:\/\/www.inforesidencias.com\/blog\/index.php\/2021\/09\/14\/transporte-especial-adaptado-mas-necesarios-de-lo-que-pensamos\/#breadcrumb","itemListElement":[{"@type":"ListItem","position":1,"name":"Home","item":"https:\/\/www.inforesidencias.com\/blog\/"},{"@type":"ListItem","position":2,"name":"Transporte especial adaptado, m\u00e1s necesario de lo que pensamos"}]},{"@type":"WebSite","@id":"https:\/\/www.inforesidencias.com\/blog\/#website","url":"https:\/\/www.inforesidencias.com\/blog\/","name":"Blog Inforesidencias.com","description":"El buscador de residencias de la 3\u00aa edad","potentialAction":[{"@type":"SearchAction","target":{"@type":"EntryPoint","urlTemplate":"https:\/\/www.inforesidencias.com\/blog\/?s={search_term_string}"},"query-input":"required name=search_term_string"}],"inLanguage":"es"},{"@type":"Person","@id":"https:\/\/www.inforesidencias.com\/blog\/#\/schema\/person\/9e146774d1eb3bc1c0316242a3898628","name":"Josep de Mart\u00ed","image":{"@type":"ImageObject","inLanguage":"es","@id":"https:\/\/www.inforesidencias.com\/blog\/#\/schema\/person\/image\/","url":"https:\/\/secure.gravatar.com\/avatar\/de0302c4806c00c4cebff396a798c1ff?s=96&d=mm&r=g","contentUrl":"https:\/\/secure.gravatar.com\/avatar\/de0302c4806c00c4cebff396a798c1ff?s=96&d=mm&r=g","caption":"Josep de Mart\u00ed"},"sameAs":["https:\/\/www.inforesidencias.com","https:\/\/www.facebook.com\/josep.demarti","https:\/\/twitter.com\/blog-ir"],"url":"https:\/\/www.inforesidencias.com\/blog\/index.php\/author\/josepdemarti\/"}]}},"_links":{"self":[{"href":"https:\/\/www.inforesidencias.com\/blog\/index.php\/wp-json\/wp\/v2\/posts\/4975"}],"collection":[{"href":"https:\/\/www.inforesidencias.com\/blog\/index.php\/wp-json\/wp\/v2\/posts"}],"about":[{"href":"https:\/\/www.inforesidencias.com\/blog\/index.php\/wp-json\/wp\/v2\/types\/post"}],"author":[{"embeddable":true,"href":"https:\/\/www.inforesidencias.com\/blog\/index.php\/wp-json\/wp\/v2\/users\/2"}],"replies":[{"embeddable":true,"href":"https:\/\/www.inforesidencias.com\/blog\/index.php\/wp-json\/wp\/v2\/comments?post=4975"}],"version-history":[{"count":7,"href":"https:\/\/www.inforesidencias.com\/blog\/index.php\/wp-json\/wp\/v2\/posts\/4975\/revisions"}],"predecessor-version":[{"id":4985,"href":"https:\/\/www.inforesidencias.com\/blog\/index.php\/wp-json\/wp\/v2\/posts\/4975\/revisions\/4985"}],"wp:featuredmedia":[{"embeddable":true,"href":"https:\/\/www.inforesidencias.com\/blog\/index.php\/wp-json\/wp\/v2\/media\/4978"}],"wp:attachment":[{"href":"https:\/\/www.inforesidencias.com\/blog\/index.php\/wp-json\/wp\/v2\/media?parent=4975"}],"wp:term":[{"taxonomy":"category","embeddable":true,"href":"https:\/\/www.inforesidencias.com\/blog\/index.php\/wp-json\/wp\/v2\/categories?post=4975"},{"taxonomy":"post_tag","embeddable":true,"href":"https:\/\/www.inforesidencias.com\/blog\/index.php\/wp-json\/wp\/v2\/tags?post=4975"}],"curies":[{"name":"wp","href":"https:\/\/api.w.org\/{rel}","templated":true}]}}