{"id":4995,"date":"2021-09-27T07:43:00","date_gmt":"2021-09-27T06:43:00","guid":{"rendered":"https:\/\/www.inforesidencias.com\/blog\/?p=4995"},"modified":"2021-10-18T15:40:47","modified_gmt":"2021-10-18T14:40:47","slug":"residencia-can-boada-de-mataro-entrevista","status":"publish","type":"post","link":"https:\/\/www.inforesidencias.com\/blog\/index.php\/2021\/09\/27\/residencia-can-boada-de-mataro-entrevista\/","title":{"rendered":"Residencia Can Boada de Matar\u00f3. Entrevista"},"content":{"rendered":"\n<p>En el programa de <a href=\"https:\/\/www.estelfitxers.com\/audio\/20210918-13_00TEMPSDEBENESTAR.MP3\">\u00ab<\/a><a href=\"https:\/\/www.estelfitxers.com\/audio\/2021-2022\/20210918-13_00TEMPSDEBENESTAR.MP3\" target=\"_blank\" rel=\"noreferrer noopener\">\u00c9s gran ser gran\u00bb del s\u00e1bado<\/a><a href=\"https:\/\/www.estelfitxers.com\/audio\/20210918-13_00TEMPSDEBENESTAR.MP3\"> <\/a>empezamos hablando sobre la recuperaci\u00f3n del contacto f\u00edsico en las residencias de mayores despu\u00e9s de meses con medidas muy estrictas debido a la Covid19. Ahora podremos abrazar a nuestros seres queridos en las residencias. Tambi\u00e9n comentamos la llegada de la tercera vacuna para quienes viven en residencias.<\/p>\n\n\n\n<div class=\"wp-block-image\"><figure class=\"alignleft size-large is-resized\"><img decoding=\"async\" loading=\"lazy\" src=\"https:\/\/www.inforesidencias.com\/blog\/wp-content\/uploads\/2021\/09\/residencia-Can-Boada-de-Mataro\u0301-1024x385.png\" alt=\"\" class=\"wp-image-4997\" width=\"320\" height=\"120\" srcset=\"https:\/\/www.inforesidencias.com\/blog\/wp-content\/uploads\/2021\/09\/residencia-Can-Boada-de-Mataro\u0301-1024x385.png 1024w, https:\/\/www.inforesidencias.com\/blog\/wp-content\/uploads\/2021\/09\/residencia-Can-Boada-de-Mataro\u0301-300x113.png 300w, https:\/\/www.inforesidencias.com\/blog\/wp-content\/uploads\/2021\/09\/residencia-Can-Boada-de-Mataro\u0301-768x289.png 768w, https:\/\/www.inforesidencias.com\/blog\/wp-content\/uploads\/2021\/09\/residencia-Can-Boada-de-Mataro\u0301.png 1144w\" sizes=\"(max-width: 320px) 100vw, 320px\" \/><\/figure><\/div>\n\n\n\n<p>Para la entrevista del dia contamos, primero de todo, con la directora de la <a href=\"https:\/\/www.inforesidencias.com\/centros\/residencia\/6694\/residencia-i-centre-de-dia-can-boada\">residencia Can Boada de Matar\u00f3<\/a>. Una residencia de la Fundaci\u00f3n Vellaterra.<\/p>\n\n\n\n<p>Con Susana Amor, la directora, charlamos sobre el funcionamiento y el d\u00eda a d\u00eda de la residencia, de 75 plazas y ubicada en el centro de Matar\u00f3, al lado del Parc Central. La residencia dispone de plazas p\u00fablicas y privadas. Seguidamente, con Marta Plantada, la educadora social y la coordinadora de proyectos de vida nos explic\u00f3 como se trabaja para conocer la m\u00e1ximo a  cada residente para as\u00ed, tratarle de la forma m\u00e1s personalizada posible.<\/p>\n\n\n\n<p>Acabamos la entrevista hablado con Carmen Pe\u00f1afiel, una residente de la residencia Can Boada de Matar\u00f3 que nos cont\u00f3 que lleva 6 meses viviendo en Can Boada, una residencia en donde su marido ya lleva 6 meses. Tambi\u00e9n con ella hablamos un poco de la comida en la residencia.<\/p>\n\n\n\n<p>En alguna otra ocasi\u00f3n hemos entrevistado a personal de la Fundaci\u00f3n Vellaterra, para leer m\u00e1s haz <a href=\"https:\/\/www.inforesidencias.com\/blog\/?s=Vellaterra\">clic aqu\u00ed<\/a><\/p>\n\n\n\n<p>En el <a href=\"https:\/\/www.estelfitxers.com\/audio\/20210918-13_00TEMPSDEBENESTAR.MP3\" target=\"_blank\" rel=\"noreferrer noopener\">programa del domingo <\/a>hablamos primero de Jeanne Louise&nbsp;Calmen, una se\u00f1ora que vivi\u00f3 hasta los 122 a\u00f1os y con una vida con aspectos muy curiosos. En esta ocasi\u00b4\u00f3n, seguimos hablando sobre residencias, sobre crear una residencia y sobre cuando es un momento para ir a vivir a una residencia. Una explicaci\u00f3n que dio desde la perspectiva de las familias y desde la de la persona mayor.<\/p>\n\n\n\n<p>Tambi\u00e9n puedes leer <a href=\"https:\/\/www.inforesidencias.com\/blog\/index.php\/2021\/05\/25\/5-consejos-importantes-para-elegir-residencia-de-ancianos\/\">cinco consejos a la hora de buscar una residencia para personas mayores<\/a>.<\/p>\n\n\n\n<p><\/p>\n","protected":false},"excerpt":{"rendered":"<p>En el programa de \u00ab\u00c9s gran ser gran\u00bb del s\u00e1bado empezamos hablando sobre la recuperaci\u00f3n del contacto f\u00edsico en las residencias de mayores despu\u00e9s de meses con medidas muy estrictas debido a la Covid19. Ahora podremos abrazar a nuestros seres queridos en las residencias. Tambi\u00e9n comentamos la llegada de la tercera vacuna para quienes viven en residencias. Para la entrevista del dia contamos, primero de todo, con la directora de la residencia Can Boada de Matar\u00f3. Una residencia de la Fundaci\u00f3n Vellaterra. Con Susana Amor, la directora, charlamos sobre el funcionamiento y el d\u00eda a d\u00eda de la residencia, de 75 plazas y ubicada en el centro de Matar\u00f3, al lado del Parc Central. La residencia dispone de plazas p\u00fablicas y privadas. Seguidamente, con Marta Plantada, la educadora social y la coordinadora de proyectos de vida nos explic\u00f3 como se trabaja para conocer la m\u00e1ximo a cada residente para as\u00ed, [&hellip;]<\/p>\n","protected":false},"author":2,"featured_media":4997,"comment_status":"open","ping_status":"open","sticky":false,"template":"","format":"standard","meta":{"footnotes":""},"categories":[1],"tags":[],"yoast_head":"<!-- This site is optimized with the Yoast SEO plugin v21.7 - https:\/\/yoast.com\/wordpress\/plugins\/seo\/ -->\n<title>Residencia Can Boada de Matar\u00f3. Entrevista - Blog Inforesidencias.com<\/title>\n<meta name=\"description\" content=\"En el primer programa de fin de semana entrevistamos a la directora, educadora social y una residente de Residencia Can Boada de Matar\u00f3.\" \/>\n<meta name=\"robots\" content=\"index, follow, max-snippet:-1, max-image-preview:large, max-video-preview:-1\" \/>\n<link rel=\"canonical\" href=\"https:\/\/www.inforesidencias.com\/blog\/index.php\/2021\/09\/27\/residencia-can-boada-de-mataro-entrevista\/\" \/>\n<meta property=\"og:locale\" content=\"es_ES\" \/>\n<meta property=\"og:type\" content=\"article\" \/>\n<meta property=\"og:title\" content=\"Residencia Can Boada de Matar\u00f3. Entrevista - Blog Inforesidencias.com\" \/>\n<meta property=\"og:description\" content=\"En el primer programa de fin de semana entrevistamos a la directora, educadora social y una residente de Residencia Can Boada de Matar\u00f3.\" \/>\n<meta property=\"og:url\" content=\"https:\/\/www.inforesidencias.com\/blog\/index.php\/2021\/09\/27\/residencia-can-boada-de-mataro-entrevista\/\" \/>\n<meta property=\"og:site_name\" content=\"Blog Inforesidencias.com\" \/>\n<meta property=\"article:publisher\" content=\"https:\/\/www.facebook.com\/Inforesidencias\/\" \/>\n<meta property=\"article:author\" content=\"https:\/\/www.facebook.com\/josep.demarti\" \/>\n<meta property=\"article:published_time\" content=\"2021-09-27T06:43:00+00:00\" \/>\n<meta property=\"article:modified_time\" content=\"2021-10-18T14:40:47+00:00\" \/>\n<meta property=\"og:image\" content=\"https:\/\/www.inforesidencias.com\/blog\/wp-content\/uploads\/2021\/09\/residencia-Can-Boada-de-Mataro\u0301.png\" \/>\n\t<meta property=\"og:image:width\" content=\"1144\" \/>\n\t<meta property=\"og:image:height\" content=\"430\" \/>\n\t<meta property=\"og:image:type\" content=\"image\/png\" \/>\n<meta name=\"author\" content=\"Josep de Mart\u00ed\" \/>\n<meta name=\"twitter:card\" content=\"summary_large_image\" \/>\n<meta name=\"twitter:creator\" content=\"@blog-ir\" \/>\n<meta name=\"twitter:site\" content=\"@inforesidencias\" \/>\n<meta name=\"twitter:label1\" content=\"Escrito por\" \/>\n\t<meta name=\"twitter:data1\" content=\"Josep de Mart\u00ed\" \/>\n\t<meta name=\"twitter:label2\" content=\"Tiempo de lectura\" \/>\n\t<meta name=\"twitter:data2\" content=\"2 minutos\" \/>\n<script type=\"application\/ld+json\" class=\"yoast-schema-graph\">{\"@context\":\"https:\/\/schema.org\",\"@graph\":[{\"@type\":\"WebPage\",\"@id\":\"https:\/\/www.inforesidencias.com\/blog\/index.php\/2021\/09\/27\/residencia-can-boada-de-mataro-entrevista\/\",\"url\":\"https:\/\/www.inforesidencias.com\/blog\/index.php\/2021\/09\/27\/residencia-can-boada-de-mataro-entrevista\/\",\"name\":\"Residencia Can Boada de Matar\u00f3. Entrevista - Blog Inforesidencias.com\",\"isPartOf\":{\"@id\":\"https:\/\/www.inforesidencias.com\/blog\/#website\"},\"datePublished\":\"2021-09-27T06:43:00+00:00\",\"dateModified\":\"2021-10-18T14:40:47+00:00\",\"author\":{\"@id\":\"https:\/\/www.inforesidencias.com\/blog\/#\/schema\/person\/9e146774d1eb3bc1c0316242a3898628\"},\"description\":\"En el primer programa de fin de semana entrevistamos a la directora, educadora social y una residente de Residencia Can Boada de Matar\u00f3.\",\"breadcrumb\":{\"@id\":\"https:\/\/www.inforesidencias.com\/blog\/index.php\/2021\/09\/27\/residencia-can-boada-de-mataro-entrevista\/#breadcrumb\"},\"inLanguage\":\"es\",\"potentialAction\":[{\"@type\":\"ReadAction\",\"target\":[\"https:\/\/www.inforesidencias.com\/blog\/index.php\/2021\/09\/27\/residencia-can-boada-de-mataro-entrevista\/\"]}]},{\"@type\":\"BreadcrumbList\",\"@id\":\"https:\/\/www.inforesidencias.com\/blog\/index.php\/2021\/09\/27\/residencia-can-boada-de-mataro-entrevista\/#breadcrumb\",\"itemListElement\":[{\"@type\":\"ListItem\",\"position\":1,\"name\":\"Home\",\"item\":\"https:\/\/www.inforesidencias.com\/blog\/\"},{\"@type\":\"ListItem\",\"position\":2,\"name\":\"Residencia Can Boada de Matar\u00f3. Entrevista\"}]},{\"@type\":\"WebSite\",\"@id\":\"https:\/\/www.inforesidencias.com\/blog\/#website\",\"url\":\"https:\/\/www.inforesidencias.com\/blog\/\",\"name\":\"Blog Inforesidencias.com\",\"description\":\"El buscador de residencias de la 3\u00aa edad\",\"potentialAction\":[{\"@type\":\"SearchAction\",\"target\":{\"@type\":\"EntryPoint\",\"urlTemplate\":\"https:\/\/www.inforesidencias.com\/blog\/?s={search_term_string}\"},\"query-input\":\"required name=search_term_string\"}],\"inLanguage\":\"es\"},{\"@type\":\"Person\",\"@id\":\"https:\/\/www.inforesidencias.com\/blog\/#\/schema\/person\/9e146774d1eb3bc1c0316242a3898628\",\"name\":\"Josep de Mart\u00ed\",\"image\":{\"@type\":\"ImageObject\",\"inLanguage\":\"es\",\"@id\":\"https:\/\/www.inforesidencias.com\/blog\/#\/schema\/person\/image\/\",\"url\":\"https:\/\/secure.gravatar.com\/avatar\/de0302c4806c00c4cebff396a798c1ff?s=96&d=mm&r=g\",\"contentUrl\":\"https:\/\/secure.gravatar.com\/avatar\/de0302c4806c00c4cebff396a798c1ff?s=96&d=mm&r=g\",\"caption\":\"Josep de Mart\u00ed\"},\"sameAs\":[\"https:\/\/www.inforesidencias.com\",\"https:\/\/www.facebook.com\/josep.demarti\",\"https:\/\/twitter.com\/blog-ir\"],\"url\":\"https:\/\/www.inforesidencias.com\/blog\/index.php\/author\/josepdemarti\/\"}]}<\/script>\n<!-- \/ Yoast SEO plugin. -->","yoast_head_json":{"title":"Residencia Can Boada de Matar\u00f3. Entrevista - Blog Inforesidencias.com","description":"En el primer programa de fin de semana entrevistamos a la directora, educadora social y una residente de Residencia Can Boada de Matar\u00f3.","robots":{"index":"index","follow":"follow","max-snippet":"max-snippet:-1","max-image-preview":"max-image-preview:large","max-video-preview":"max-video-preview:-1"},"canonical":"https:\/\/www.inforesidencias.com\/blog\/index.php\/2021\/09\/27\/residencia-can-boada-de-mataro-entrevista\/","og_locale":"es_ES","og_type":"article","og_title":"Residencia Can Boada de Matar\u00f3. Entrevista - Blog Inforesidencias.com","og_description":"En el primer programa de fin de semana entrevistamos a la directora, educadora social y una residente de Residencia Can Boada de Matar\u00f3.","og_url":"https:\/\/www.inforesidencias.com\/blog\/index.php\/2021\/09\/27\/residencia-can-boada-de-mataro-entrevista\/","og_site_name":"Blog Inforesidencias.com","article_publisher":"https:\/\/www.facebook.com\/Inforesidencias\/","article_author":"https:\/\/www.facebook.com\/josep.demarti","article_published_time":"2021-09-27T06:43:00+00:00","article_modified_time":"2021-10-18T14:40:47+00:00","og_image":[{"width":1144,"height":430,"url":"https:\/\/www.inforesidencias.com\/blog\/wp-content\/uploads\/2021\/09\/residencia-Can-Boada-de-Mataro\u0301.png","type":"image\/png"}],"author":"Josep de Mart\u00ed","twitter_card":"summary_large_image","twitter_creator":"@blog-ir","twitter_site":"@inforesidencias","twitter_misc":{"Escrito por":"Josep de Mart\u00ed","Tiempo de lectura":"2 minutos"},"schema":{"@context":"https:\/\/schema.org","@graph":[{"@type":"WebPage","@id":"https:\/\/www.inforesidencias.com\/blog\/index.php\/2021\/09\/27\/residencia-can-boada-de-mataro-entrevista\/","url":"https:\/\/www.inforesidencias.com\/blog\/index.php\/2021\/09\/27\/residencia-can-boada-de-mataro-entrevista\/","name":"Residencia Can Boada de Matar\u00f3. Entrevista - Blog Inforesidencias.com","isPartOf":{"@id":"https:\/\/www.inforesidencias.com\/blog\/#website"},"datePublished":"2021-09-27T06:43:00+00:00","dateModified":"2021-10-18T14:40:47+00:00","author":{"@id":"https:\/\/www.inforesidencias.com\/blog\/#\/schema\/person\/9e146774d1eb3bc1c0316242a3898628"},"description":"En el primer programa de fin de semana entrevistamos a la directora, educadora social y una residente de Residencia Can Boada de Matar\u00f3.","breadcrumb":{"@id":"https:\/\/www.inforesidencias.com\/blog\/index.php\/2021\/09\/27\/residencia-can-boada-de-mataro-entrevista\/#breadcrumb"},"inLanguage":"es","potentialAction":[{"@type":"ReadAction","target":["https:\/\/www.inforesidencias.com\/blog\/index.php\/2021\/09\/27\/residencia-can-boada-de-mataro-entrevista\/"]}]},{"@type":"BreadcrumbList","@id":"https:\/\/www.inforesidencias.com\/blog\/index.php\/2021\/09\/27\/residencia-can-boada-de-mataro-entrevista\/#breadcrumb","itemListElement":[{"@type":"ListItem","position":1,"name":"Home","item":"https:\/\/www.inforesidencias.com\/blog\/"},{"@type":"ListItem","position":2,"name":"Residencia Can Boada de Matar\u00f3. Entrevista"}]},{"@type":"WebSite","@id":"https:\/\/www.inforesidencias.com\/blog\/#website","url":"https:\/\/www.inforesidencias.com\/blog\/","name":"Blog Inforesidencias.com","description":"El buscador de residencias de la 3\u00aa edad","potentialAction":[{"@type":"SearchAction","target":{"@type":"EntryPoint","urlTemplate":"https:\/\/www.inforesidencias.com\/blog\/?s={search_term_string}"},"query-input":"required name=search_term_string"}],"inLanguage":"es"},{"@type":"Person","@id":"https:\/\/www.inforesidencias.com\/blog\/#\/schema\/person\/9e146774d1eb3bc1c0316242a3898628","name":"Josep de Mart\u00ed","image":{"@type":"ImageObject","inLanguage":"es","@id":"https:\/\/www.inforesidencias.com\/blog\/#\/schema\/person\/image\/","url":"https:\/\/secure.gravatar.com\/avatar\/de0302c4806c00c4cebff396a798c1ff?s=96&d=mm&r=g","contentUrl":"https:\/\/secure.gravatar.com\/avatar\/de0302c4806c00c4cebff396a798c1ff?s=96&d=mm&r=g","caption":"Josep de Mart\u00ed"},"sameAs":["https:\/\/www.inforesidencias.com","https:\/\/www.facebook.com\/josep.demarti","https:\/\/twitter.com\/blog-ir"],"url":"https:\/\/www.inforesidencias.com\/blog\/index.php\/author\/josepdemarti\/"}]}},"_links":{"self":[{"href":"https:\/\/www.inforesidencias.com\/blog\/index.php\/wp-json\/wp\/v2\/posts\/4995"}],"collection":[{"href":"https:\/\/www.inforesidencias.com\/blog\/index.php\/wp-json\/wp\/v2\/posts"}],"about":[{"href":"https:\/\/www.inforesidencias.com\/blog\/index.php\/wp-json\/wp\/v2\/types\/post"}],"author":[{"embeddable":true,"href":"https:\/\/www.inforesidencias.com\/blog\/index.php\/wp-json\/wp\/v2\/users\/2"}],"replies":[{"embeddable":true,"href":"https:\/\/www.inforesidencias.com\/blog\/index.php\/wp-json\/wp\/v2\/comments?post=4995"}],"version-history":[{"count":3,"href":"https:\/\/www.inforesidencias.com\/blog\/index.php\/wp-json\/wp\/v2\/posts\/4995\/revisions"}],"predecessor-version":[{"id":5062,"href":"https:\/\/www.inforesidencias.com\/blog\/index.php\/wp-json\/wp\/v2\/posts\/4995\/revisions\/5062"}],"wp:featuredmedia":[{"embeddable":true,"href":"https:\/\/www.inforesidencias.com\/blog\/index.php\/wp-json\/wp\/v2\/media\/4997"}],"wp:attachment":[{"href":"https:\/\/www.inforesidencias.com\/blog\/index.php\/wp-json\/wp\/v2\/media?parent=4995"}],"wp:term":[{"taxonomy":"category","embeddable":true,"href":"https:\/\/www.inforesidencias.com\/blog\/index.php\/wp-json\/wp\/v2\/categories?post=4995"},{"taxonomy":"post_tag","embeddable":true,"href":"https:\/\/www.inforesidencias.com\/blog\/index.php\/wp-json\/wp\/v2\/tags?post=4995"}],"curies":[{"name":"wp","href":"https:\/\/api.w.org\/{rel}","templated":true}]}}