{"id":5001,"date":"2021-09-30T07:17:00","date_gmt":"2021-09-30T06:17:00","guid":{"rendered":"https:\/\/www.inforesidencias.com\/blog\/?p=5001"},"modified":"2021-09-29T15:18:17","modified_gmt":"2021-09-29T14:18:17","slug":"es-grande-ser-mayor-de-inforesidencias-en-madrid","status":"publish","type":"post","link":"https:\/\/www.inforesidencias.com\/blog\/index.php\/2021\/09\/30\/es-grande-ser-mayor-de-inforesidencias-en-madrid\/","title":{"rendered":"\u00abEs grande ser mayor\u00bb de inforesidencias en Madrid"},"content":{"rendered":"\n<p>Inforesidencias.com tambi\u00e9n est\u00e1 en la radio en Madrid con el espacio \u00abEs grande ser mayor\u00bb. Un programa que se emite en LGN Radio. Un programa en donde tambi\u00e9n hablamos de residencias de mayores y de la actualidad del sector.<\/p>\n\n\n\n<p>En concreto en el <a href=\"https:\/\/lgnradio.com\/podcast\/23-09-21-inforesidencias\/\" target=\"_blank\" rel=\"noreferrer noopener\">programa del 26 de septiembre<\/a> de \u00abEs grande ser mayor\u00bb<\/p>\n\n\n\n<p>Un programa en el que tuvimos consejos de salud, que nunca vienen mal. En esta ocasi\u00f3n, parece que no hay que recordarlo por parecer una tonter\u00eda, pero s\u00ed, hay que beber agua. Ay, la hidrataci\u00f3n en las personas mayores \u00a1qu\u00e9 importante es! No es mal consejo saber que muchas veces hay que beber incluso sin tener sed. Beba un vaso de agua al levantarse, otro antes de comer y una infusi\u00f3n a media tarde. Las rutinas son fundamentales.<\/p>\n\n\n\n<p>Una vez m\u00e1s, el director de Inforesidencias.com Josep de Mart\u00ed, el jefe, nos volvi\u00f3 a sorprender con una de sus historias. En este programa nos habl\u00f3, o mejor dicho, nos pregunt\u00f3: \u00bfQu\u00e9 compras cuando compras el servicio de una residencia? Contaba Josep que una familia que ten\u00edan un familiar con Alzheimer y que no sab\u00edan qu\u00e9 residencia elegir respondi\u00f3 a la pregunta que compran el mejor servicio. El director de Inforesidencias les dijo: \u201cNo ser\u00e1 que lo que compras en realidad era la tranquilidad de que cuando te marches de la residencia van a seguir tratando a tu madre tan bien como cuando t\u00fa estabas delante vi\u00e9ndola\u201d. Para eso, para saber c\u00f3mo de adecuada o no puede ser un centro residencial, Josep dice que lo mejor es saber c\u00f3mo de transparente es una residencia, qu\u00e9 datos sobre sus servicios e instalaciones comparte con los usuarios y sus familiares de forma proactiva, es decir, sin que t\u00fa se los pidas.<\/p>\n\n\n\n<p>La conclusi\u00f3n que saca Josep de Mart\u00ed es que en el siglo XXI una forma de elegir residencia es ver c\u00f3mo son de transparentes y la prueba m\u00e1s importante, la prueba del algod\u00f3n, es que esa residencia comparta su \u00faltima inspecci\u00f3n, cu\u00e1nto personal trabaja en la residencia y qu\u00e9 contrato tendr\u00e1s que firmar si quieres ir a vivir a esa residencia. Si ofrece todo esto, es una residencia en la que puedes empezar a confiar.<\/p>\n\n\n\n<p>Despu\u00e9s, en la entrevista del d\u00eda conocimos a Sergio Logro\u00f1o alguien que trabaja en un centro residencial y que nos habl\u00f3 principalmente de algo muy importante: qu\u00e9 cosas se le ocurren para hacer m\u00e1s divertida la vida de las personas mayores que viven en la residencia.<\/p>\n\n\n\n<p>Sergio es el animador sociocultural del centro residencial de <a href=\"https:\/\/www.inforesidencias.com\/centros\/residencia\/9280\/residencia-para-mayores-amavir-puente-vallecas\">Amavir en Vallecas,<\/a> aqu\u00ed en Madrid, y nos cuenta que su trabajo est\u00e1 relacionado con el ocio, m\u00e1s o menos enfocado en los intereses de los residentes. Nos cont\u00f3 que no ha sido f\u00e1cil durante la pandemia este trabajo, que se ha visto muy mermado. Nos recordaba que no han podido llamar a grupos de m\u00fasica para que toquen en la residencia ni hacer excursiones ni ir a museos, pero tambi\u00e9n nos dijo que poco a poco, todo se va abriendo y cada d\u00eda se recupera un poquito m\u00e1s la normalidad y ya han podido volver a escuchar un grupo y ya ten\u00edan programadas algunas actuaciones m\u00e1s.<\/p>\n\n\n\n<p>\u00a1Qu\u00e9 importante es el ocio en una persona mayor! No podemos olvidar que una residencia es la casa donde viven y todos en nuestra casa queremos divertirnos y pasarlo bien, escuchando m\u00fasica, pintando o viendo<a href=\"https:\/\/www.inforesidencias.com\/blog\/index.php\/2021\/03\/25\/una-pelicula-sobre-ir-a-vivir-a-una-residencia\/\"> <\/a><a href=\"https:\/\/www.inforesidencias.com\/blog\/index.php\/2021\/03\/25\/una-pelicula-sobre-ir-a-vivir-a-una-residencia\/\" target=\"_blank\" rel=\"noreferrer noopener\">una pel\u00edcula <\/a>de esas que nos recuerdan a nuestros tiempos de juventud. Nos lo dice Sergio: quieren divertirse porque as\u00ed se les pasa el tiempo mucho r\u00e1pido, disfrutan mucho m\u00e1s y no tienen la cabeza pensando en otras preocupaciones. Les distrae mucho.<\/p>\n\n\n\n<figure class=\"wp-block-image size-large\"><img decoding=\"async\" loading=\"lazy\" width=\"667\" height=\"300\" src=\"https:\/\/www.inforesidencias.com\/blog\/wp-content\/uploads\/2021\/09\/Es-grande-ser-mayor-1.jpeg\" alt=\"\" class=\"wp-image-5003\" srcset=\"https:\/\/www.inforesidencias.com\/blog\/wp-content\/uploads\/2021\/09\/Es-grande-ser-mayor-1.jpeg 667w, https:\/\/www.inforesidencias.com\/blog\/wp-content\/uploads\/2021\/09\/Es-grande-ser-mayor-1-300x135.jpeg 300w\" sizes=\"(max-width: 667px) 100vw, 667px\" \/><\/figure>\n\n\n\n<p>Este animador sociocultural quiso hacer especial hincapi\u00e9 en lo dif\u00edcil y duro que ha sido para muchas personas mayores pasar m\u00e1s de tres meses en su habitaci\u00f3n sin salir por el confinamiento y por eso, cualquier actividad, cualquier distracci\u00f3n de ocio, por peque\u00f1a que fuera, la han recibido con los brazos abiertos.<\/p>\n\n\n\n<p>Ante la pregunta, que no pod\u00eda faltar, de qu\u00e9 es lo que m\u00e1s triunfa, cu\u00e1l es esa actividad que nadie perdona y nadie se quiere perder, la contestaci\u00f3n de Sergio Logro\u00f1o es: \u00a1\u00a1El Bingo!!<\/p>\n\n\n\n<p>Nos cuenta Sergio que no sabe qu\u00e9 es lo que tiene el bingo pero explica que se le llena la sala y que est\u00e1n pr\u00e1cticamente toda la tarde de los viernes jugando al bingo. El aliciente pueden ser los premios, pero la verdad es que se lo pasan estupendamente.<\/p>\n\n\n\n<p>Pero otra de las cosas curiosas que nos cont\u00f3 Sergio es que quiere quitarnos el trabajo a los periodistas porque se ha organizado para realizar entrevistas a los usuarios que luego cuelga en forma de podcast en las redes sociales. Nos dice que ha gustado mucho la iniciativa y que al principio con verg\u00fcenza, pero s\u00ed, se animan a eso de hablarle a un micr\u00f3fono y contar sus cosas. Inevitable las comparaciones: seg\u00fan le cuentan, ahora los j\u00f3venes son unos muermos y no se lo pasan tan bien como ellos. Tambi\u00e9n cuentan cosas menos bonitas y hay tiempo para el recuerdo de etapas duras.<\/p>\n\n\n\n<p>En cualquier caso, toda una experiencia y una fant\u00e1stica iniciativa en la residencia de Amavir Vallecas.<\/p>\n\n\n\n<p>Y as\u00ed transcurri\u00f3 el programa. Pueden escuchar el podcast y disfrutar con las entrevistas, y ya lo saben, si quieren saber c\u00f3mo anda este mundo del que \u00faltimamente se habla m\u00e1s, el de las residencias, pueden escuchar ES GRANDE SER MAYOR en LGN Radio en el 99.3 de la FM.<\/p>\n\n\n\n<p>Si quieres que te ayudemos a buscar residencia de mayores puedes hacer <a href=\"https:\/\/www.inforesidencias.com\/particulares\/buscamos-por-ti\" target=\"_blank\" rel=\"noreferrer noopener\">clic aqu\u00ed<\/a><\/p>\n","protected":false},"excerpt":{"rendered":"<p>Inforesidencias.com tambi\u00e9n est\u00e1 en la radio en Madrid con el espacio \u00abEs grande ser mayor\u00bb. Un programa que se emite en LGN Radio. Un programa en donde tambi\u00e9n hablamos de residencias de mayores y de la actualidad del sector. En concreto en el programa del 26 de septiembre de \u00abEs grande ser mayor\u00bb Un programa en el que tuvimos consejos de salud, que nunca vienen mal. En esta ocasi\u00f3n, parece que no hay que recordarlo por parecer una tonter\u00eda, pero s\u00ed, hay que beber agua. Ay, la hidrataci\u00f3n en las personas mayores \u00a1qu\u00e9 importante es! No es mal consejo saber que muchas veces hay que beber incluso sin tener sed. Beba un vaso de agua al levantarse, otro antes de comer y una infusi\u00f3n a media tarde. Las rutinas son fundamentales. Una vez m\u00e1s, el director de Inforesidencias.com Josep de Mart\u00ed, el jefe, nos volvi\u00f3 a sorprender con una de [&hellip;]<\/p>\n","protected":false},"author":2,"featured_media":5002,"comment_status":"open","ping_status":"open","sticky":false,"template":"","format":"standard","meta":{"footnotes":""},"categories":[1],"tags":[],"yoast_head":"<!-- This site is optimized with the Yoast SEO plugin v21.7 - https:\/\/yoast.com\/wordpress\/plugins\/seo\/ -->\n<title>&quot;Es grande ser mayor&quot; de inforesidencias en Madrid - Blog Inforesidencias.com<\/title>\n<meta name=\"description\" content=\"Es grande ser mayor el programa de inforesidencias en LGN radio. Un programa hecho desde Madrid y en donde se habla de residencias de mayores\" \/>\n<meta name=\"robots\" content=\"index, follow, max-snippet:-1, max-image-preview:large, max-video-preview:-1\" \/>\n<link rel=\"canonical\" href=\"https:\/\/www.inforesidencias.com\/blog\/index.php\/2021\/09\/30\/es-grande-ser-mayor-de-inforesidencias-en-madrid\/\" \/>\n<meta property=\"og:locale\" content=\"es_ES\" \/>\n<meta property=\"og:type\" content=\"article\" \/>\n<meta property=\"og:title\" content=\"&quot;Es grande ser mayor&quot; de inforesidencias en Madrid - Blog Inforesidencias.com\" \/>\n<meta property=\"og:description\" content=\"Es grande ser mayor el programa de inforesidencias en LGN radio. Un programa hecho desde Madrid y en donde se habla de residencias de mayores\" \/>\n<meta property=\"og:url\" content=\"https:\/\/www.inforesidencias.com\/blog\/index.php\/2021\/09\/30\/es-grande-ser-mayor-de-inforesidencias-en-madrid\/\" \/>\n<meta property=\"og:site_name\" content=\"Blog Inforesidencias.com\" \/>\n<meta property=\"article:publisher\" content=\"https:\/\/www.facebook.com\/Inforesidencias\/\" \/>\n<meta property=\"article:author\" content=\"https:\/\/www.facebook.com\/josep.demarti\" \/>\n<meta property=\"article:published_time\" content=\"2021-09-30T06:17:00+00:00\" \/>\n<meta property=\"article:modified_time\" content=\"2021-09-29T14:18:17+00:00\" \/>\n<meta property=\"og:image\" content=\"https:\/\/www.inforesidencias.com\/blog\/wp-content\/uploads\/2021\/09\/Es-grande-ser-mayor.jpeg\" \/>\n\t<meta property=\"og:image:width\" content=\"667\" \/>\n\t<meta property=\"og:image:height\" content=\"300\" \/>\n\t<meta property=\"og:image:type\" content=\"image\/jpeg\" \/>\n<meta name=\"author\" content=\"Josep de Mart\u00ed\" \/>\n<meta name=\"twitter:card\" content=\"summary_large_image\" \/>\n<meta name=\"twitter:creator\" content=\"@blog-ir\" \/>\n<meta name=\"twitter:site\" content=\"@inforesidencias\" \/>\n<meta name=\"twitter:label1\" content=\"Escrito por\" \/>\n\t<meta name=\"twitter:data1\" content=\"Josep de Mart\u00ed\" \/>\n\t<meta name=\"twitter:label2\" content=\"Tiempo de lectura\" \/>\n\t<meta name=\"twitter:data2\" content=\"5 minutos\" \/>\n<script type=\"application\/ld+json\" class=\"yoast-schema-graph\">{\"@context\":\"https:\/\/schema.org\",\"@graph\":[{\"@type\":\"WebPage\",\"@id\":\"https:\/\/www.inforesidencias.com\/blog\/index.php\/2021\/09\/30\/es-grande-ser-mayor-de-inforesidencias-en-madrid\/\",\"url\":\"https:\/\/www.inforesidencias.com\/blog\/index.php\/2021\/09\/30\/es-grande-ser-mayor-de-inforesidencias-en-madrid\/\",\"name\":\"\\\"Es grande ser mayor\\\" de inforesidencias en Madrid - Blog Inforesidencias.com\",\"isPartOf\":{\"@id\":\"https:\/\/www.inforesidencias.com\/blog\/#website\"},\"datePublished\":\"2021-09-30T06:17:00+00:00\",\"dateModified\":\"2021-09-29T14:18:17+00:00\",\"author\":{\"@id\":\"https:\/\/www.inforesidencias.com\/blog\/#\/schema\/person\/9e146774d1eb3bc1c0316242a3898628\"},\"description\":\"Es grande ser mayor el programa de inforesidencias en LGN radio. Un programa hecho desde Madrid y en donde se habla de residencias de mayores\",\"breadcrumb\":{\"@id\":\"https:\/\/www.inforesidencias.com\/blog\/index.php\/2021\/09\/30\/es-grande-ser-mayor-de-inforesidencias-en-madrid\/#breadcrumb\"},\"inLanguage\":\"es\",\"potentialAction\":[{\"@type\":\"ReadAction\",\"target\":[\"https:\/\/www.inforesidencias.com\/blog\/index.php\/2021\/09\/30\/es-grande-ser-mayor-de-inforesidencias-en-madrid\/\"]}]},{\"@type\":\"BreadcrumbList\",\"@id\":\"https:\/\/www.inforesidencias.com\/blog\/index.php\/2021\/09\/30\/es-grande-ser-mayor-de-inforesidencias-en-madrid\/#breadcrumb\",\"itemListElement\":[{\"@type\":\"ListItem\",\"position\":1,\"name\":\"Home\",\"item\":\"https:\/\/www.inforesidencias.com\/blog\/\"},{\"@type\":\"ListItem\",\"position\":2,\"name\":\"\u00abEs grande ser mayor\u00bb de inforesidencias en Madrid\"}]},{\"@type\":\"WebSite\",\"@id\":\"https:\/\/www.inforesidencias.com\/blog\/#website\",\"url\":\"https:\/\/www.inforesidencias.com\/blog\/\",\"name\":\"Blog Inforesidencias.com\",\"description\":\"El buscador de residencias de la 3\u00aa edad\",\"potentialAction\":[{\"@type\":\"SearchAction\",\"target\":{\"@type\":\"EntryPoint\",\"urlTemplate\":\"https:\/\/www.inforesidencias.com\/blog\/?s={search_term_string}\"},\"query-input\":\"required name=search_term_string\"}],\"inLanguage\":\"es\"},{\"@type\":\"Person\",\"@id\":\"https:\/\/www.inforesidencias.com\/blog\/#\/schema\/person\/9e146774d1eb3bc1c0316242a3898628\",\"name\":\"Josep de Mart\u00ed\",\"image\":{\"@type\":\"ImageObject\",\"inLanguage\":\"es\",\"@id\":\"https:\/\/www.inforesidencias.com\/blog\/#\/schema\/person\/image\/\",\"url\":\"https:\/\/secure.gravatar.com\/avatar\/de0302c4806c00c4cebff396a798c1ff?s=96&d=mm&r=g\",\"contentUrl\":\"https:\/\/secure.gravatar.com\/avatar\/de0302c4806c00c4cebff396a798c1ff?s=96&d=mm&r=g\",\"caption\":\"Josep de Mart\u00ed\"},\"sameAs\":[\"https:\/\/www.inforesidencias.com\",\"https:\/\/www.facebook.com\/josep.demarti\",\"https:\/\/twitter.com\/blog-ir\"],\"url\":\"https:\/\/www.inforesidencias.com\/blog\/index.php\/author\/josepdemarti\/\"}]}<\/script>\n<!-- \/ Yoast SEO plugin. -->","yoast_head_json":{"title":"\"Es grande ser mayor\" de inforesidencias en Madrid - Blog Inforesidencias.com","description":"Es grande ser mayor el programa de inforesidencias en LGN radio. Un programa hecho desde Madrid y en donde se habla de residencias de mayores","robots":{"index":"index","follow":"follow","max-snippet":"max-snippet:-1","max-image-preview":"max-image-preview:large","max-video-preview":"max-video-preview:-1"},"canonical":"https:\/\/www.inforesidencias.com\/blog\/index.php\/2021\/09\/30\/es-grande-ser-mayor-de-inforesidencias-en-madrid\/","og_locale":"es_ES","og_type":"article","og_title":"\"Es grande ser mayor\" de inforesidencias en Madrid - Blog Inforesidencias.com","og_description":"Es grande ser mayor el programa de inforesidencias en LGN radio. Un programa hecho desde Madrid y en donde se habla de residencias de mayores","og_url":"https:\/\/www.inforesidencias.com\/blog\/index.php\/2021\/09\/30\/es-grande-ser-mayor-de-inforesidencias-en-madrid\/","og_site_name":"Blog Inforesidencias.com","article_publisher":"https:\/\/www.facebook.com\/Inforesidencias\/","article_author":"https:\/\/www.facebook.com\/josep.demarti","article_published_time":"2021-09-30T06:17:00+00:00","article_modified_time":"2021-09-29T14:18:17+00:00","og_image":[{"width":667,"height":300,"url":"https:\/\/www.inforesidencias.com\/blog\/wp-content\/uploads\/2021\/09\/Es-grande-ser-mayor.jpeg","type":"image\/jpeg"}],"author":"Josep de Mart\u00ed","twitter_card":"summary_large_image","twitter_creator":"@blog-ir","twitter_site":"@inforesidencias","twitter_misc":{"Escrito por":"Josep de Mart\u00ed","Tiempo de lectura":"5 minutos"},"schema":{"@context":"https:\/\/schema.org","@graph":[{"@type":"WebPage","@id":"https:\/\/www.inforesidencias.com\/blog\/index.php\/2021\/09\/30\/es-grande-ser-mayor-de-inforesidencias-en-madrid\/","url":"https:\/\/www.inforesidencias.com\/blog\/index.php\/2021\/09\/30\/es-grande-ser-mayor-de-inforesidencias-en-madrid\/","name":"\"Es grande ser mayor\" de inforesidencias en Madrid - Blog Inforesidencias.com","isPartOf":{"@id":"https:\/\/www.inforesidencias.com\/blog\/#website"},"datePublished":"2021-09-30T06:17:00+00:00","dateModified":"2021-09-29T14:18:17+00:00","author":{"@id":"https:\/\/www.inforesidencias.com\/blog\/#\/schema\/person\/9e146774d1eb3bc1c0316242a3898628"},"description":"Es grande ser mayor el programa de inforesidencias en LGN radio. Un programa hecho desde Madrid y en donde se habla de residencias de mayores","breadcrumb":{"@id":"https:\/\/www.inforesidencias.com\/blog\/index.php\/2021\/09\/30\/es-grande-ser-mayor-de-inforesidencias-en-madrid\/#breadcrumb"},"inLanguage":"es","potentialAction":[{"@type":"ReadAction","target":["https:\/\/www.inforesidencias.com\/blog\/index.php\/2021\/09\/30\/es-grande-ser-mayor-de-inforesidencias-en-madrid\/"]}]},{"@type":"BreadcrumbList","@id":"https:\/\/www.inforesidencias.com\/blog\/index.php\/2021\/09\/30\/es-grande-ser-mayor-de-inforesidencias-en-madrid\/#breadcrumb","itemListElement":[{"@type":"ListItem","position":1,"name":"Home","item":"https:\/\/www.inforesidencias.com\/blog\/"},{"@type":"ListItem","position":2,"name":"\u00abEs grande ser mayor\u00bb de inforesidencias en Madrid"}]},{"@type":"WebSite","@id":"https:\/\/www.inforesidencias.com\/blog\/#website","url":"https:\/\/www.inforesidencias.com\/blog\/","name":"Blog Inforesidencias.com","description":"El buscador de residencias de la 3\u00aa edad","potentialAction":[{"@type":"SearchAction","target":{"@type":"EntryPoint","urlTemplate":"https:\/\/www.inforesidencias.com\/blog\/?s={search_term_string}"},"query-input":"required name=search_term_string"}],"inLanguage":"es"},{"@type":"Person","@id":"https:\/\/www.inforesidencias.com\/blog\/#\/schema\/person\/9e146774d1eb3bc1c0316242a3898628","name":"Josep de Mart\u00ed","image":{"@type":"ImageObject","inLanguage":"es","@id":"https:\/\/www.inforesidencias.com\/blog\/#\/schema\/person\/image\/","url":"https:\/\/secure.gravatar.com\/avatar\/de0302c4806c00c4cebff396a798c1ff?s=96&d=mm&r=g","contentUrl":"https:\/\/secure.gravatar.com\/avatar\/de0302c4806c00c4cebff396a798c1ff?s=96&d=mm&r=g","caption":"Josep de Mart\u00ed"},"sameAs":["https:\/\/www.inforesidencias.com","https:\/\/www.facebook.com\/josep.demarti","https:\/\/twitter.com\/blog-ir"],"url":"https:\/\/www.inforesidencias.com\/blog\/index.php\/author\/josepdemarti\/"}]}},"_links":{"self":[{"href":"https:\/\/www.inforesidencias.com\/blog\/index.php\/wp-json\/wp\/v2\/posts\/5001"}],"collection":[{"href":"https:\/\/www.inforesidencias.com\/blog\/index.php\/wp-json\/wp\/v2\/posts"}],"about":[{"href":"https:\/\/www.inforesidencias.com\/blog\/index.php\/wp-json\/wp\/v2\/types\/post"}],"author":[{"embeddable":true,"href":"https:\/\/www.inforesidencias.com\/blog\/index.php\/wp-json\/wp\/v2\/users\/2"}],"replies":[{"embeddable":true,"href":"https:\/\/www.inforesidencias.com\/blog\/index.php\/wp-json\/wp\/v2\/comments?post=5001"}],"version-history":[{"count":2,"href":"https:\/\/www.inforesidencias.com\/blog\/index.php\/wp-json\/wp\/v2\/posts\/5001\/revisions"}],"predecessor-version":[{"id":5005,"href":"https:\/\/www.inforesidencias.com\/blog\/index.php\/wp-json\/wp\/v2\/posts\/5001\/revisions\/5005"}],"wp:featuredmedia":[{"embeddable":true,"href":"https:\/\/www.inforesidencias.com\/blog\/index.php\/wp-json\/wp\/v2\/media\/5002"}],"wp:attachment":[{"href":"https:\/\/www.inforesidencias.com\/blog\/index.php\/wp-json\/wp\/v2\/media?parent=5001"}],"wp:term":[{"taxonomy":"category","embeddable":true,"href":"https:\/\/www.inforesidencias.com\/blog\/index.php\/wp-json\/wp\/v2\/categories?post=5001"},{"taxonomy":"post_tag","embeddable":true,"href":"https:\/\/www.inforesidencias.com\/blog\/index.php\/wp-json\/wp\/v2\/tags?post=5001"}],"curies":[{"name":"wp","href":"https:\/\/api.w.org\/{rel}","templated":true}]}}