{"id":5020,"date":"2021-10-07T07:36:00","date_gmt":"2021-10-07T06:36:00","guid":{"rendered":"https:\/\/www.inforesidencias.com\/blog\/?p=5020"},"modified":"2021-10-06T16:37:03","modified_gmt":"2021-10-06T15:37:03","slug":"grupo-mimara-y-una-gran-escritora-colombiana","status":"publish","type":"post","link":"https:\/\/www.inforesidencias.com\/blog\/index.php\/2021\/10\/07\/grupo-mimara-y-una-gran-escritora-colombiana\/","title":{"rendered":"Grupo Mimara y una gran escritora colombiana"},"content":{"rendered":"\n<p><\/p>\n\n\n\n<p><\/p>\n\n\n\n<p>El <a href=\"https:\/\/www.estelfitxers.com\/audio\/2021-2022\/20211002-20_15TEMPSDEBENESTAR.MP3\">programa del s\u00e1bado<\/a> de \u00ab\u00c9s gran ser gran\u00bb empez\u00f3 hablando de las actividades o <a rel=\"noreferrer noopener\" href=\"https:\/\/www.inforesidencias.com\/blog\/index.php\/2021\/06\/21\/programa-intergeneracional-adopta-un-abuelo\/\" target=\"_blank\">programas intergeneracionales<\/a>. Hablamos de un nuevo programa de la televisi\u00f3n catalana TV3 en la que personas mayores hacen hacen entrevistes a j\u00f3venes que buscan piso con el objetivo de vivir juntos. Sobre esto, recordamos que la <a rel=\"noreferrer noopener\" href=\"https:\/\/www.inforesidencias.com\/blog\/index.php\/2019\/03\/06\/residencias-publicas-programa-vivir-y-convivir-y-una-residencia-en-andorra\/\" target=\"_blank\">Fundaci\u00f3n Roure <\/a>as\u00ed como otras entidades hace hace a\u00f1os que llevan a cabo acciones similares con grandes beneficios por parte de los mayores o como para los j\u00f3venes. La experiencia en si ya tiene mucho valor para todos y adem\u00e1s se combate la soledad y la falta de sociabilidad de los mayores.<\/p>\n\n\n\n<div class=\"wp-block-image\"><figure class=\"alignleft size-large is-resized\"><a href=\"https:\/\/www.amazon.es\/VIAJE-EN-UNA-COLCHA-RETAZOS-ebook\/dp\/B09GBN2CZR\/ref=cm_cr_arp_d_product_top?ie=UTF8#customerReviews\"><img decoding=\"async\" loading=\"lazy\" src=\"https:\/\/www.inforesidencias.com\/blog\/wp-content\/uploads\/2021\/10\/viaje-en-una-colcha-de-retazos.png\" alt=\"\" class=\"wp-image-5023\" width=\"195\" height=\"300\" srcset=\"https:\/\/www.inforesidencias.com\/blog\/wp-content\/uploads\/2021\/10\/viaje-en-una-colcha-de-retazos.png 448w, https:\/\/www.inforesidencias.com\/blog\/wp-content\/uploads\/2021\/10\/viaje-en-una-colcha-de-retazos-195x300.png 195w\" sizes=\"(max-width: 195px) 100vw, 195px\" \/><\/a><\/figure><\/div>\n\n\n\n<p>La entrevista del d\u00eda se la hizo Josep de Mart\u00ed a Do\u00f1a In\u00e9s Ortiz, una mujer mayor de Colombia de 89 a\u00f1os de que ha escrito un libro muy bonito en el que cuenta su vida a trav\u00e9s de diferentes experiencias con una mezcla de bonita ficci\u00f3n. El libro se llama <a rel=\"noreferrer noopener\" href=\"https:\/\/www.amazon.es\/VIAJE-EN-UNA-COLCHA-RETAZOS-ebook\/dp\/B09GBN2CZR\/ref=cm_cr_arp_d_product_top?ie=UTF8#customerReviews\" target=\"_blank\">viaje en una colcha de retazos<\/a>. Un libro sin un principio y un final concreto para disfrutarlo al gusto de cada uno.<\/p>\n\n\n\n<p>Si est\u00e1s interesado\/a a comprar este bello libro, haz clic en su nombre o la foto de la portada.<\/p>\n\n\n\n<p><\/p>\n\n\n\n<p>Despu\u00e9s de la bolsa de empleo, en la consulta del trabajador social, hablamos de lo que m\u00e1s se busca en internet cuando la gente pone en internet personas mayores. Dimos respuestas r\u00e1pidas a estas b\u00fasquedas frecuentes como por ejemplo personas mayores con tatuajes o personas mayores con m\u00e1s de 105 a\u00f1os etc.<\/p>\n\n\n\n<p>El <a href=\"https:\/\/www.estelfitxers.com\/audio\/2021-2022\/20211003-13_00TEMPSDEBENESTAR.MP3\">programa del domingo <\/a>al mediod\u00eda empezamos con hablando sobre algunos consejos para personas mayores para que ahora en oto\u00f1o se mantengan activos tanto a nivel f\u00edsico como cognitivo. Adem\u00e1s recomendamos el blog de inforesidencias para ver recomendaciones de <a rel=\"noreferrer noopener\" href=\"https:\/\/www.inforesidencias.com\/contenidos\/noticias\/nacional\/las-plataformas-se-suman-a-las-series-protagonizadas-por-la-tercera-edad\" target=\"_blank\">pel\u00edculas y libros<\/a>. <\/p>\n\n\n\n<div class=\"wp-block-image\"><figure class=\"alignright size-large is-resized\"><img decoding=\"async\" loading=\"lazy\" src=\"https:\/\/www.inforesidencias.com\/blog\/wp-content\/uploads\/2021\/10\/grupo-mimara-1024x734.png\" alt=\"\" class=\"wp-image-5025\" width=\"315\" height=\"225\" srcset=\"https:\/\/www.inforesidencias.com\/blog\/wp-content\/uploads\/2021\/10\/grupo-mimara-1024x734.png 1024w, https:\/\/www.inforesidencias.com\/blog\/wp-content\/uploads\/2021\/10\/grupo-mimara-300x215.png 300w, https:\/\/www.inforesidencias.com\/blog\/wp-content\/uploads\/2021\/10\/grupo-mimara-768x551.png 768w, https:\/\/www.inforesidencias.com\/blog\/wp-content\/uploads\/2021\/10\/grupo-mimara.png 1054w\" sizes=\"(max-width: 315px) 100vw, 315px\" \/><\/figure><\/div>\n\n\n\n<p>En los minutos para la entrevista contamos con Miguel \u00c1ngel M\u00e1rquez, fundador del <a href=\"https:\/\/www.inforesidencias.com\/centros\/buscador\/directorio\/grupos\/grupo-mimara\" target=\"_blank\" rel=\"noreferrer noopener\">Grupo de residencias Mimara<\/a>. El grupo Mimara empez\u00f3 en Tarragona y actualmente tambi\u00e9n tienen centros en Barcelona, Soria y Sevilla. Algunas de sus residencias las hemos entrevistado en <a href=\"https:\/\/www.inforesidencias.com\/blog\/index.php\/2021\/01\/08\/mimara-valls-y-el-dali-de-valls\/\">anteriores programas<\/a>. Su crecimiento ha sido lento pero de manera firme y segura. Adem\u00e1s con el gerente del grupo Mimara tambi\u00e9n hablamos de como afrontaron ellos los peores meses de la Covid19 en residencias y las iniciativas que implementaron con sesiones de coach y terapia de soporte psicol\u00f3gico para los trabajadores. Asimismo, vieron desde el principio de esta pandemia la importancia de la comunicaci\u00f3n con las familias de sus residentes y se volcaron en ello.<\/p>\n\n\n\n<p>Para acabar la entrevista, el m\u00e1ximo responsable del grupo Mimara nos dio su opini\u00f3n sobre como ve \u00e9l el futuro del sector de las residencias y los problemas actuales relacionados sobretodo con la falta de personal.<\/p>\n\n\n\n<p>En la bolsa de trabajo hablamos sobre cosas que nunca debes hacer en una entrevista de trabajo. Unos consejos que sacamos del diari Segre. En la recta final del programa, en la consulta del trabajador social hablamos sobre alternativas a las residencias e mayores para una persona mayor que no quiere vivir sola. Un tema que vino dado por la consulta que nos hizo llegar una oyente del programa<\/p>\n","protected":false},"excerpt":{"rendered":"<p>El programa del s\u00e1bado de \u00ab\u00c9s gran ser gran\u00bb empez\u00f3 hablando de las actividades o programas intergeneracionales. Hablamos de un nuevo programa de la televisi\u00f3n catalana TV3 en la que personas mayores hacen hacen entrevistes a j\u00f3venes que buscan piso con el objetivo de vivir juntos. Sobre esto, recordamos que la Fundaci\u00f3n Roure as\u00ed como otras entidades hace hace a\u00f1os que llevan a cabo acciones similares con grandes beneficios por parte de los mayores o como para los j\u00f3venes. La experiencia en si ya tiene mucho valor para todos y adem\u00e1s se combate la soledad y la falta de sociabilidad de los mayores. La entrevista del d\u00eda se la hizo Josep de Mart\u00ed a Do\u00f1a In\u00e9s Ortiz, una mujer mayor de Colombia de 89 a\u00f1os de que ha escrito un libro muy bonito en el que cuenta su vida a trav\u00e9s de diferentes experiencias con una mezcla de bonita ficci\u00f3n. [&hellip;]<\/p>\n","protected":false},"author":2,"featured_media":5025,"comment_status":"open","ping_status":"open","sticky":false,"template":"","format":"standard","meta":{"footnotes":""},"categories":[1],"tags":[],"yoast_head":"<!-- This site is optimized with the Yoast SEO plugin v21.7 - https:\/\/yoast.com\/wordpress\/plugins\/seo\/ -->\n<title>Grupo Mimara y una gran escritora colombiana - Blog Inforesidencias.com<\/title>\n<meta name=\"description\" content=\"Entrevistamos al soci fundador del grupo Mimara, con residencias en varias provincias espa\u00f1olas y con una escritora colombiana de 90 a\u00f1os.\" \/>\n<meta name=\"robots\" content=\"index, follow, max-snippet:-1, max-image-preview:large, max-video-preview:-1\" \/>\n<link rel=\"canonical\" href=\"https:\/\/www.inforesidencias.com\/blog\/index.php\/2021\/10\/07\/grupo-mimara-y-una-gran-escritora-colombiana\/\" \/>\n<meta property=\"og:locale\" content=\"es_ES\" \/>\n<meta property=\"og:type\" content=\"article\" \/>\n<meta property=\"og:title\" content=\"Grupo Mimara y una gran escritora colombiana - Blog Inforesidencias.com\" \/>\n<meta property=\"og:description\" content=\"Entrevistamos al soci fundador del grupo Mimara, con residencias en varias provincias espa\u00f1olas y con una escritora colombiana de 90 a\u00f1os.\" \/>\n<meta property=\"og:url\" content=\"https:\/\/www.inforesidencias.com\/blog\/index.php\/2021\/10\/07\/grupo-mimara-y-una-gran-escritora-colombiana\/\" \/>\n<meta property=\"og:site_name\" content=\"Blog Inforesidencias.com\" \/>\n<meta property=\"article:publisher\" content=\"https:\/\/www.facebook.com\/Inforesidencias\/\" \/>\n<meta property=\"article:author\" content=\"https:\/\/www.facebook.com\/josep.demarti\" \/>\n<meta property=\"article:published_time\" content=\"2021-10-07T06:36:00+00:00\" \/>\n<meta property=\"article:modified_time\" content=\"2021-10-06T15:37:03+00:00\" \/>\n<meta property=\"og:image\" content=\"https:\/\/www.inforesidencias.com\/blog\/wp-content\/uploads\/2021\/10\/grupo-mimara.png\" \/>\n\t<meta property=\"og:image:width\" content=\"1054\" \/>\n\t<meta property=\"og:image:height\" content=\"756\" \/>\n\t<meta property=\"og:image:type\" content=\"image\/png\" \/>\n<meta name=\"author\" content=\"Josep de Mart\u00ed\" \/>\n<meta name=\"twitter:card\" content=\"summary_large_image\" \/>\n<meta name=\"twitter:creator\" content=\"@blog-ir\" \/>\n<meta name=\"twitter:site\" content=\"@inforesidencias\" \/>\n<meta name=\"twitter:label1\" content=\"Escrito por\" \/>\n\t<meta name=\"twitter:data1\" content=\"Josep de Mart\u00ed\" \/>\n\t<meta name=\"twitter:label2\" content=\"Tiempo de lectura\" \/>\n\t<meta name=\"twitter:data2\" content=\"3 minutos\" \/>\n<script type=\"application\/ld+json\" class=\"yoast-schema-graph\">{\"@context\":\"https:\/\/schema.org\",\"@graph\":[{\"@type\":\"WebPage\",\"@id\":\"https:\/\/www.inforesidencias.com\/blog\/index.php\/2021\/10\/07\/grupo-mimara-y-una-gran-escritora-colombiana\/\",\"url\":\"https:\/\/www.inforesidencias.com\/blog\/index.php\/2021\/10\/07\/grupo-mimara-y-una-gran-escritora-colombiana\/\",\"name\":\"Grupo Mimara y una gran escritora colombiana - Blog Inforesidencias.com\",\"isPartOf\":{\"@id\":\"https:\/\/www.inforesidencias.com\/blog\/#website\"},\"datePublished\":\"2021-10-07T06:36:00+00:00\",\"dateModified\":\"2021-10-06T15:37:03+00:00\",\"author\":{\"@id\":\"https:\/\/www.inforesidencias.com\/blog\/#\/schema\/person\/9e146774d1eb3bc1c0316242a3898628\"},\"description\":\"Entrevistamos al soci fundador del grupo Mimara, con residencias en varias provincias espa\u00f1olas y con una escritora colombiana de 90 a\u00f1os.\",\"breadcrumb\":{\"@id\":\"https:\/\/www.inforesidencias.com\/blog\/index.php\/2021\/10\/07\/grupo-mimara-y-una-gran-escritora-colombiana\/#breadcrumb\"},\"inLanguage\":\"es\",\"potentialAction\":[{\"@type\":\"ReadAction\",\"target\":[\"https:\/\/www.inforesidencias.com\/blog\/index.php\/2021\/10\/07\/grupo-mimara-y-una-gran-escritora-colombiana\/\"]}]},{\"@type\":\"BreadcrumbList\",\"@id\":\"https:\/\/www.inforesidencias.com\/blog\/index.php\/2021\/10\/07\/grupo-mimara-y-una-gran-escritora-colombiana\/#breadcrumb\",\"itemListElement\":[{\"@type\":\"ListItem\",\"position\":1,\"name\":\"Home\",\"item\":\"https:\/\/www.inforesidencias.com\/blog\/\"},{\"@type\":\"ListItem\",\"position\":2,\"name\":\"Grupo Mimara y una gran escritora colombiana\"}]},{\"@type\":\"WebSite\",\"@id\":\"https:\/\/www.inforesidencias.com\/blog\/#website\",\"url\":\"https:\/\/www.inforesidencias.com\/blog\/\",\"name\":\"Blog Inforesidencias.com\",\"description\":\"El buscador de residencias de la 3\u00aa edad\",\"potentialAction\":[{\"@type\":\"SearchAction\",\"target\":{\"@type\":\"EntryPoint\",\"urlTemplate\":\"https:\/\/www.inforesidencias.com\/blog\/?s={search_term_string}\"},\"query-input\":\"required name=search_term_string\"}],\"inLanguage\":\"es\"},{\"@type\":\"Person\",\"@id\":\"https:\/\/www.inforesidencias.com\/blog\/#\/schema\/person\/9e146774d1eb3bc1c0316242a3898628\",\"name\":\"Josep de Mart\u00ed\",\"image\":{\"@type\":\"ImageObject\",\"inLanguage\":\"es\",\"@id\":\"https:\/\/www.inforesidencias.com\/blog\/#\/schema\/person\/image\/\",\"url\":\"https:\/\/secure.gravatar.com\/avatar\/de0302c4806c00c4cebff396a798c1ff?s=96&d=mm&r=g\",\"contentUrl\":\"https:\/\/secure.gravatar.com\/avatar\/de0302c4806c00c4cebff396a798c1ff?s=96&d=mm&r=g\",\"caption\":\"Josep de Mart\u00ed\"},\"sameAs\":[\"https:\/\/www.inforesidencias.com\",\"https:\/\/www.facebook.com\/josep.demarti\",\"https:\/\/twitter.com\/blog-ir\"],\"url\":\"https:\/\/www.inforesidencias.com\/blog\/index.php\/author\/josepdemarti\/\"}]}<\/script>\n<!-- \/ Yoast SEO plugin. -->","yoast_head_json":{"title":"Grupo Mimara y una gran escritora colombiana - Blog Inforesidencias.com","description":"Entrevistamos al soci fundador del grupo Mimara, con residencias en varias provincias espa\u00f1olas y con una escritora colombiana de 90 a\u00f1os.","robots":{"index":"index","follow":"follow","max-snippet":"max-snippet:-1","max-image-preview":"max-image-preview:large","max-video-preview":"max-video-preview:-1"},"canonical":"https:\/\/www.inforesidencias.com\/blog\/index.php\/2021\/10\/07\/grupo-mimara-y-una-gran-escritora-colombiana\/","og_locale":"es_ES","og_type":"article","og_title":"Grupo Mimara y una gran escritora colombiana - Blog Inforesidencias.com","og_description":"Entrevistamos al soci fundador del grupo Mimara, con residencias en varias provincias espa\u00f1olas y con una escritora colombiana de 90 a\u00f1os.","og_url":"https:\/\/www.inforesidencias.com\/blog\/index.php\/2021\/10\/07\/grupo-mimara-y-una-gran-escritora-colombiana\/","og_site_name":"Blog Inforesidencias.com","article_publisher":"https:\/\/www.facebook.com\/Inforesidencias\/","article_author":"https:\/\/www.facebook.com\/josep.demarti","article_published_time":"2021-10-07T06:36:00+00:00","article_modified_time":"2021-10-06T15:37:03+00:00","og_image":[{"width":1054,"height":756,"url":"https:\/\/www.inforesidencias.com\/blog\/wp-content\/uploads\/2021\/10\/grupo-mimara.png","type":"image\/png"}],"author":"Josep de Mart\u00ed","twitter_card":"summary_large_image","twitter_creator":"@blog-ir","twitter_site":"@inforesidencias","twitter_misc":{"Escrito por":"Josep de Mart\u00ed","Tiempo de lectura":"3 minutos"},"schema":{"@context":"https:\/\/schema.org","@graph":[{"@type":"WebPage","@id":"https:\/\/www.inforesidencias.com\/blog\/index.php\/2021\/10\/07\/grupo-mimara-y-una-gran-escritora-colombiana\/","url":"https:\/\/www.inforesidencias.com\/blog\/index.php\/2021\/10\/07\/grupo-mimara-y-una-gran-escritora-colombiana\/","name":"Grupo Mimara y una gran escritora colombiana - Blog Inforesidencias.com","isPartOf":{"@id":"https:\/\/www.inforesidencias.com\/blog\/#website"},"datePublished":"2021-10-07T06:36:00+00:00","dateModified":"2021-10-06T15:37:03+00:00","author":{"@id":"https:\/\/www.inforesidencias.com\/blog\/#\/schema\/person\/9e146774d1eb3bc1c0316242a3898628"},"description":"Entrevistamos al soci fundador del grupo Mimara, con residencias en varias provincias espa\u00f1olas y con una escritora colombiana de 90 a\u00f1os.","breadcrumb":{"@id":"https:\/\/www.inforesidencias.com\/blog\/index.php\/2021\/10\/07\/grupo-mimara-y-una-gran-escritora-colombiana\/#breadcrumb"},"inLanguage":"es","potentialAction":[{"@type":"ReadAction","target":["https:\/\/www.inforesidencias.com\/blog\/index.php\/2021\/10\/07\/grupo-mimara-y-una-gran-escritora-colombiana\/"]}]},{"@type":"BreadcrumbList","@id":"https:\/\/www.inforesidencias.com\/blog\/index.php\/2021\/10\/07\/grupo-mimara-y-una-gran-escritora-colombiana\/#breadcrumb","itemListElement":[{"@type":"ListItem","position":1,"name":"Home","item":"https:\/\/www.inforesidencias.com\/blog\/"},{"@type":"ListItem","position":2,"name":"Grupo Mimara y una gran escritora colombiana"}]},{"@type":"WebSite","@id":"https:\/\/www.inforesidencias.com\/blog\/#website","url":"https:\/\/www.inforesidencias.com\/blog\/","name":"Blog Inforesidencias.com","description":"El buscador de residencias de la 3\u00aa edad","potentialAction":[{"@type":"SearchAction","target":{"@type":"EntryPoint","urlTemplate":"https:\/\/www.inforesidencias.com\/blog\/?s={search_term_string}"},"query-input":"required name=search_term_string"}],"inLanguage":"es"},{"@type":"Person","@id":"https:\/\/www.inforesidencias.com\/blog\/#\/schema\/person\/9e146774d1eb3bc1c0316242a3898628","name":"Josep de Mart\u00ed","image":{"@type":"ImageObject","inLanguage":"es","@id":"https:\/\/www.inforesidencias.com\/blog\/#\/schema\/person\/image\/","url":"https:\/\/secure.gravatar.com\/avatar\/de0302c4806c00c4cebff396a798c1ff?s=96&d=mm&r=g","contentUrl":"https:\/\/secure.gravatar.com\/avatar\/de0302c4806c00c4cebff396a798c1ff?s=96&d=mm&r=g","caption":"Josep de Mart\u00ed"},"sameAs":["https:\/\/www.inforesidencias.com","https:\/\/www.facebook.com\/josep.demarti","https:\/\/twitter.com\/blog-ir"],"url":"https:\/\/www.inforesidencias.com\/blog\/index.php\/author\/josepdemarti\/"}]}},"_links":{"self":[{"href":"https:\/\/www.inforesidencias.com\/blog\/index.php\/wp-json\/wp\/v2\/posts\/5020"}],"collection":[{"href":"https:\/\/www.inforesidencias.com\/blog\/index.php\/wp-json\/wp\/v2\/posts"}],"about":[{"href":"https:\/\/www.inforesidencias.com\/blog\/index.php\/wp-json\/wp\/v2\/types\/post"}],"author":[{"embeddable":true,"href":"https:\/\/www.inforesidencias.com\/blog\/index.php\/wp-json\/wp\/v2\/users\/2"}],"replies":[{"embeddable":true,"href":"https:\/\/www.inforesidencias.com\/blog\/index.php\/wp-json\/wp\/v2\/comments?post=5020"}],"version-history":[{"count":6,"href":"https:\/\/www.inforesidencias.com\/blog\/index.php\/wp-json\/wp\/v2\/posts\/5020\/revisions"}],"predecessor-version":[{"id":5028,"href":"https:\/\/www.inforesidencias.com\/blog\/index.php\/wp-json\/wp\/v2\/posts\/5020\/revisions\/5028"}],"wp:featuredmedia":[{"embeddable":true,"href":"https:\/\/www.inforesidencias.com\/blog\/index.php\/wp-json\/wp\/v2\/media\/5025"}],"wp:attachment":[{"href":"https:\/\/www.inforesidencias.com\/blog\/index.php\/wp-json\/wp\/v2\/media?parent=5020"}],"wp:term":[{"taxonomy":"category","embeddable":true,"href":"https:\/\/www.inforesidencias.com\/blog\/index.php\/wp-json\/wp\/v2\/categories?post=5020"},{"taxonomy":"post_tag","embeddable":true,"href":"https:\/\/www.inforesidencias.com\/blog\/index.php\/wp-json\/wp\/v2\/tags?post=5020"}],"curies":[{"name":"wp","href":"https:\/\/api.w.org\/{rel}","templated":true}]}}