{"id":5030,"date":"2021-10-11T07:58:00","date_gmt":"2021-10-11T06:58:00","guid":{"rendered":"https:\/\/www.inforesidencias.com\/blog\/?p=5030"},"modified":"2021-10-08T09:00:16","modified_gmt":"2021-10-08T08:00:16","slug":"las-personas-con-alzheimer-en-2030-78-millones","status":"publish","type":"post","link":"https:\/\/www.inforesidencias.com\/blog\/index.php\/2021\/10\/11\/las-personas-con-alzheimer-en-2030-78-millones\/","title":{"rendered":"Las personas con alzheimer en 2030. 78 millones"},"content":{"rendered":"\n<p>El alzh\u00e9imer, junto con el resto de enfermedades neurodegenerativas, est\u00e1 aumentado su incidencia en todo el mundo.  Se prev\u00e9 que personas con alzheimer en 2030 sean muchos millones, a continuaci\u00f3n diremos cu\u00e1ntas. Las causas hay que buscarlas en el aumento de la esperanza de vida, que hace que se vivan m\u00e1s a\u00f1os, es decir, no hace muchos a\u00f1os las personas fallec\u00edan antes, por lo que las enfermedades asociadas a la edad, como el alzh\u00e9imer, no ten\u00edan la opci\u00f3n de desarrollarse. Afortunadamente, vivimos m\u00e1s a\u00f1os, aunque eso conlleva un aumento de las personas que desarrollan estas patolog\u00edas.<\/p>\n\n\n\n<p>Seg\u00fan las estad\u00edsticas de la Organizaci\u00f3n Mundial de la Salud 2021 (OMS), en la actualidad m\u00e1s de 55 millones de personas (el 8,1 % de las mujeres y el 5,4 % de los hombres mayores de 65 a\u00f1os) viven con demencia en todo el mundo. La previsi\u00f3n de la OMS es que personas con alzheimer en 2030 sean 78 millones para 2030 y a 139 millones para 2050. Son datos muy preocupantes que obligan a hacer una reflexi\u00f3n por parte de las administraciones y de los agentes sociales, pues conllevan una reorganizaci\u00f3n de los servicios que se ofrecen a las personas mayores y un aumento del gasto, si se pretende ofrecer una vida de calidad a las personas afectadas y a sus familias.<\/p>\n\n\n\n<p>La OMS advierte que el mundo no est\u00e1 abordando el problema de las enfermedades neurodegenerativas de manera adecuada. En un informe sobre la situaci\u00f3n mundial de la respuesta de salud p\u00fablica a la demencia, publicado en septiembre de este a\u00f1o, denuncia que solo una cuarta parte de los pa\u00edses del mundo cuenta con una pol\u00edtica, estrategia o plan nacional de apoyo a las personas con demencia y sus familias. En el informe se destaca la urgente necesidad de reforzar el apoyo a nivel nacional en lo que respecta tanto a la prestaci\u00f3n de atenci\u00f3n a las personas con demencia como al apoyo a las personas que prestan esa atenci\u00f3n en entornos formales e informales. La atenci\u00f3n que necesitan las personas con demencia incluye atenci\u00f3n primaria de la salud, atenci\u00f3n especializada, servicios comunitarios, rehabilitaci\u00f3n, cuidados de larga duraci\u00f3n y cuidados paliativos.<\/p>\n\n\n\n<p>A pesar del gran esfuerzo investigador, el alzh\u00e9imer y dem\u00e1s enfermedades neurodegenerativas no tienen de momento cura. Ensayos y nuevos medicamentos abren v\u00edas de esperanza a una ralentizaci\u00f3n o detenci\u00f3n del proceso, pero no se deben crear falsas expectativas pues de momento no existen tratamientos concluyentes.<\/p>\n\n\n\n<div class=\"wp-block-image\"><figure class=\"alignleft size-large is-resized\"><img decoding=\"async\" loading=\"lazy\" src=\"https:\/\/www.inforesidencias.com\/blog\/wp-content\/uploads\/2021\/10\/personas-con-alzheimer-en-2030.png\" alt=\"\" class=\"wp-image-5033\" width=\"364\" height=\"251\" srcset=\"https:\/\/www.inforesidencias.com\/blog\/wp-content\/uploads\/2021\/10\/personas-con-alzheimer-en-2030.png 600w, https:\/\/www.inforesidencias.com\/blog\/wp-content\/uploads\/2021\/10\/personas-con-alzheimer-en-2030-300x207.png 300w\" sizes=\"(max-width: 364px) 100vw, 364px\" \/><\/figure><\/div>\n\n\n\n<p>Sin embargo, s\u00ed que se puede incidir en que cuestiones demostradas, como que las personas que siguen unas pautas saludables: una alimentaci\u00f3n sana y acorde a su actividad, pr\u00e1ctica de ejercicio moderado, ausencia de tabaquismo, una vida social rica, pr\u00e1ctica de actividades como la pintura, m\u00fasica o lectura, etc. tienen menos posibilidades de desarrollar la enfermedad. Esto no quiere decir que sean inmunes, sino que la prevalencia en quienes siguen unas pautas m\u00ednimas de salud y cuidado es menor.<\/p>\n\n\n\n<p>Tambi\u00e9n es fundamental la detecci\u00f3n de los primeros signos de alzh\u00e9imer en las etapas iniciales. Esto permite iniciar cuanto antes programas de estimulaci\u00f3n cognitiva y llevar an\u00e1lisis y revisiones que delimiten el alcance se la enfermedad para dise\u00f1ar planes individualizados seg\u00fan las necesidades de cada paciente. Tambi\u00e9n el diagn\u00f3stico temprano permite dise\u00f1ar estrategias integrales que incluyan especialidades como geriatr\u00eda, medicina interna, neuropsicolog\u00eda, neurolog\u00eda o fisioterapia, tambi\u00e9n rehabilitaci\u00f3n y terapia de mantenimiento como juegos mentales, crucigramas, lecturas, etc., adem\u00e1s de poder intervenir en las condiciones socioecon\u00f3micas de la persona afectada y su familia.<\/p>\n\n\n\n<p>Se trata de preservar el mayor tiempo posible la vida cotidiana y la actividad, para que la persona pueda mantener una buena calidad de vida durante m\u00e1s tiempo. En definitiva, retrasar en lo posible el aumento de la dependencia y el momento en que la persona precisa de atenci\u00f3n permanente y deba trasladarse a una residencia que le proporcione los cuidado especializados que precisa. Y, cuando llegue ese momento, que los cuidados le proporcionen bienestar y una vida digna y de calidad.<br>Para ello, es preciso que la sociedad en su conjunto se enfrente al resto del envejecimiento de manera integral. El modelo del cuidador familiar, en su inmensa mayor\u00eda mujeres, debe ir evolucionando hacia cuidados especializados ofrecidos por profesionales, que permitan que las familias afronten con m\u00e1s recursos emocionales y t\u00e9cnicos una situaci\u00f3n tan dif\u00edcil como la de tener a un familiar con alzh\u00e9imer en casa. <\/p>\n\n\n\n<p>La renuncia a la carrera profesional o incluso a tener una vida propia independiente pasa grave factura a las mujeres cuidadoras. Las administraciones deben ser garantes de un cuidado domiciliario de calidad que permita a las mujeres salir del rol de cuidadoras \u00fanicas y con esa sola tarea vital. En el citado<a href=\"https:\/\/www.who.int\/es\/news\/item\/02-09-2021-world-failing-to-address-dementia-challenge\"> <\/a><a href=\"https:\/\/www.who.int\/es\/news\/item\/02-09-2021-world-failing-to-address-dementia-challenge\" target=\"_blank\" rel=\"noreferrer noopener\">informe de la OMS <\/a>se detalla que en los pa\u00edses de ingresos bajos y medios, la mayor parte de los costos de la atenci\u00f3n de la demencia son atribuibles a los cuidados informales (65 %), mientras que en los pa\u00edses m\u00e1s ricos, los costos de los cuidados informales y la asistencia social representan cada uno aproximadamente el 40 %.<\/p>\n\n\n\n<p>Tambi\u00e9n es preciso que las residencias cuenten con los servicios adecuados y de calidad que den a las familias la tranquilidad de que, cuando ellas ya no puedan asumir el cuidado de la persona enferma, cuentan con profesionales cualificados y con recursos suficientes.<br>La OMS est\u00e1 desarrollando el Proyecto de Investigaci\u00f3n sobre la Demencia, un mecanismo de coordinaci\u00f3n mundial para estructurar los esfuerzos de investigaci\u00f3n y estimular nuevas iniciativas. Hay que intentar trabajar aun m\u00e1s desde ya para luchar contra esta cifra prevista de personas con alzheimer en 2030<\/p>\n\n\n\n<p>Te puede interesar:<\/p>\n\n\n\n<p>Ideas de regalos para <a href=\"https:\/\/www.inforesidencias.com\/blog\/index.php\/2019\/12\/16\/regalos-para-mayores-en-navidad-y-un-tratamiento-para-ralentizar-el-alzheimer\/\" target=\"_blank\" rel=\"noreferrer noopener\">personas mayores con alzheimer<\/a><\/p>\n\n\n\n<p>Residencias <a href=\"https:\/\/www.inforesidencias.com\/centros\/buscador\/busquedas-predefinidas\/residencias-de-mayores-cerca-transporte-publico\" target=\"_blank\" rel=\"noreferrer noopener\">cerca del transporte p\u00fablico<\/a><\/p>\n","protected":false},"excerpt":{"rendered":"<p>El alzh\u00e9imer, junto con el resto de enfermedades neurodegenerativas, est\u00e1 aumentado su incidencia en todo el mundo. Se prev\u00e9 que personas con alzheimer en 2030 sean muchos millones, a continuaci\u00f3n diremos cu\u00e1ntas. Las causas hay que buscarlas en el aumento de la esperanza de vida, que hace que se vivan m\u00e1s a\u00f1os, es decir, no hace muchos a\u00f1os las personas fallec\u00edan antes, por lo que las enfermedades asociadas a la edad, como el alzh\u00e9imer, no ten\u00edan la opci\u00f3n de desarrollarse. Afortunadamente, vivimos m\u00e1s a\u00f1os, aunque eso conlleva un aumento de las personas que desarrollan estas patolog\u00edas. Seg\u00fan las estad\u00edsticas de la Organizaci\u00f3n Mundial de la Salud 2021 (OMS), en la actualidad m\u00e1s de 55 millones de personas (el 8,1 % de las mujeres y el 5,4 % de los hombres mayores de 65 a\u00f1os) viven con demencia en todo el mundo. La previsi\u00f3n de la OMS es que personas con [&hellip;]<\/p>\n","protected":false},"author":2,"featured_media":5033,"comment_status":"open","ping_status":"open","sticky":false,"template":"","format":"standard","meta":{"footnotes":""},"categories":[1],"tags":[],"yoast_head":"<!-- This site is optimized with the Yoast SEO plugin v21.7 - https:\/\/yoast.com\/wordpress\/plugins\/seo\/ -->\n<title>Las personas con alzheimer en 2030. 78 millones - Blog Inforesidencias.com<\/title>\n<meta name=\"description\" content=\"Se calcula que habr\u00e1 78 millones de personas con alzheimer en 2030. Esta enfermedad que a d\u00eda de hoy no tiene cura plantea aut\u00e9nticos desaf\u00edos\" \/>\n<meta name=\"robots\" content=\"index, follow, max-snippet:-1, max-image-preview:large, max-video-preview:-1\" \/>\n<link rel=\"canonical\" href=\"https:\/\/www.inforesidencias.com\/blog\/index.php\/2021\/10\/11\/las-personas-con-alzheimer-en-2030-78-millones\/\" \/>\n<meta property=\"og:locale\" content=\"es_ES\" \/>\n<meta property=\"og:type\" content=\"article\" \/>\n<meta property=\"og:title\" content=\"Las personas con alzheimer en 2030. 78 millones - Blog Inforesidencias.com\" \/>\n<meta property=\"og:description\" content=\"Se calcula que habr\u00e1 78 millones de personas con alzheimer en 2030. Esta enfermedad que a d\u00eda de hoy no tiene cura plantea aut\u00e9nticos desaf\u00edos\" \/>\n<meta property=\"og:url\" content=\"https:\/\/www.inforesidencias.com\/blog\/index.php\/2021\/10\/11\/las-personas-con-alzheimer-en-2030-78-millones\/\" \/>\n<meta property=\"og:site_name\" content=\"Blog Inforesidencias.com\" \/>\n<meta property=\"article:publisher\" content=\"https:\/\/www.facebook.com\/Inforesidencias\/\" \/>\n<meta property=\"article:author\" content=\"https:\/\/www.facebook.com\/josep.demarti\" \/>\n<meta property=\"article:published_time\" content=\"2021-10-11T06:58:00+00:00\" \/>\n<meta property=\"article:modified_time\" content=\"2021-10-08T08:00:16+00:00\" \/>\n<meta property=\"og:image\" content=\"https:\/\/www.inforesidencias.com\/blog\/wp-content\/uploads\/2021\/10\/personas-con-alzheimer-en-2030.png\" \/>\n\t<meta property=\"og:image:width\" content=\"600\" \/>\n\t<meta property=\"og:image:height\" content=\"414\" \/>\n\t<meta property=\"og:image:type\" content=\"image\/png\" \/>\n<meta name=\"author\" content=\"Josep de Mart\u00ed\" \/>\n<meta name=\"twitter:card\" content=\"summary_large_image\" \/>\n<meta name=\"twitter:creator\" content=\"@blog-ir\" \/>\n<meta name=\"twitter:site\" content=\"@inforesidencias\" \/>\n<meta name=\"twitter:label1\" content=\"Escrito por\" \/>\n\t<meta name=\"twitter:data1\" content=\"Josep de Mart\u00ed\" \/>\n\t<meta name=\"twitter:label2\" content=\"Tiempo de lectura\" \/>\n\t<meta name=\"twitter:data2\" content=\"5 minutos\" \/>\n<script type=\"application\/ld+json\" class=\"yoast-schema-graph\">{\"@context\":\"https:\/\/schema.org\",\"@graph\":[{\"@type\":\"WebPage\",\"@id\":\"https:\/\/www.inforesidencias.com\/blog\/index.php\/2021\/10\/11\/las-personas-con-alzheimer-en-2030-78-millones\/\",\"url\":\"https:\/\/www.inforesidencias.com\/blog\/index.php\/2021\/10\/11\/las-personas-con-alzheimer-en-2030-78-millones\/\",\"name\":\"Las personas con alzheimer en 2030. 78 millones - Blog Inforesidencias.com\",\"isPartOf\":{\"@id\":\"https:\/\/www.inforesidencias.com\/blog\/#website\"},\"datePublished\":\"2021-10-11T06:58:00+00:00\",\"dateModified\":\"2021-10-08T08:00:16+00:00\",\"author\":{\"@id\":\"https:\/\/www.inforesidencias.com\/blog\/#\/schema\/person\/9e146774d1eb3bc1c0316242a3898628\"},\"description\":\"Se calcula que habr\u00e1 78 millones de personas con alzheimer en 2030. Esta enfermedad que a d\u00eda de hoy no tiene cura plantea aut\u00e9nticos desaf\u00edos\",\"breadcrumb\":{\"@id\":\"https:\/\/www.inforesidencias.com\/blog\/index.php\/2021\/10\/11\/las-personas-con-alzheimer-en-2030-78-millones\/#breadcrumb\"},\"inLanguage\":\"es\",\"potentialAction\":[{\"@type\":\"ReadAction\",\"target\":[\"https:\/\/www.inforesidencias.com\/blog\/index.php\/2021\/10\/11\/las-personas-con-alzheimer-en-2030-78-millones\/\"]}]},{\"@type\":\"BreadcrumbList\",\"@id\":\"https:\/\/www.inforesidencias.com\/blog\/index.php\/2021\/10\/11\/las-personas-con-alzheimer-en-2030-78-millones\/#breadcrumb\",\"itemListElement\":[{\"@type\":\"ListItem\",\"position\":1,\"name\":\"Home\",\"item\":\"https:\/\/www.inforesidencias.com\/blog\/\"},{\"@type\":\"ListItem\",\"position\":2,\"name\":\"Las personas con alzheimer en 2030. 78 millones\"}]},{\"@type\":\"WebSite\",\"@id\":\"https:\/\/www.inforesidencias.com\/blog\/#website\",\"url\":\"https:\/\/www.inforesidencias.com\/blog\/\",\"name\":\"Blog Inforesidencias.com\",\"description\":\"El buscador de residencias de la 3\u00aa edad\",\"potentialAction\":[{\"@type\":\"SearchAction\",\"target\":{\"@type\":\"EntryPoint\",\"urlTemplate\":\"https:\/\/www.inforesidencias.com\/blog\/?s={search_term_string}\"},\"query-input\":\"required name=search_term_string\"}],\"inLanguage\":\"es\"},{\"@type\":\"Person\",\"@id\":\"https:\/\/www.inforesidencias.com\/blog\/#\/schema\/person\/9e146774d1eb3bc1c0316242a3898628\",\"name\":\"Josep de Mart\u00ed\",\"image\":{\"@type\":\"ImageObject\",\"inLanguage\":\"es\",\"@id\":\"https:\/\/www.inforesidencias.com\/blog\/#\/schema\/person\/image\/\",\"url\":\"https:\/\/secure.gravatar.com\/avatar\/de0302c4806c00c4cebff396a798c1ff?s=96&d=mm&r=g\",\"contentUrl\":\"https:\/\/secure.gravatar.com\/avatar\/de0302c4806c00c4cebff396a798c1ff?s=96&d=mm&r=g\",\"caption\":\"Josep de Mart\u00ed\"},\"sameAs\":[\"https:\/\/www.inforesidencias.com\",\"https:\/\/www.facebook.com\/josep.demarti\",\"https:\/\/twitter.com\/blog-ir\"],\"url\":\"https:\/\/www.inforesidencias.com\/blog\/index.php\/author\/josepdemarti\/\"}]}<\/script>\n<!-- \/ Yoast SEO plugin. -->","yoast_head_json":{"title":"Las personas con alzheimer en 2030. 78 millones - Blog Inforesidencias.com","description":"Se calcula que habr\u00e1 78 millones de personas con alzheimer en 2030. Esta enfermedad que a d\u00eda de hoy no tiene cura plantea aut\u00e9nticos desaf\u00edos","robots":{"index":"index","follow":"follow","max-snippet":"max-snippet:-1","max-image-preview":"max-image-preview:large","max-video-preview":"max-video-preview:-1"},"canonical":"https:\/\/www.inforesidencias.com\/blog\/index.php\/2021\/10\/11\/las-personas-con-alzheimer-en-2030-78-millones\/","og_locale":"es_ES","og_type":"article","og_title":"Las personas con alzheimer en 2030. 78 millones - Blog Inforesidencias.com","og_description":"Se calcula que habr\u00e1 78 millones de personas con alzheimer en 2030. Esta enfermedad que a d\u00eda de hoy no tiene cura plantea aut\u00e9nticos desaf\u00edos","og_url":"https:\/\/www.inforesidencias.com\/blog\/index.php\/2021\/10\/11\/las-personas-con-alzheimer-en-2030-78-millones\/","og_site_name":"Blog Inforesidencias.com","article_publisher":"https:\/\/www.facebook.com\/Inforesidencias\/","article_author":"https:\/\/www.facebook.com\/josep.demarti","article_published_time":"2021-10-11T06:58:00+00:00","article_modified_time":"2021-10-08T08:00:16+00:00","og_image":[{"width":600,"height":414,"url":"https:\/\/www.inforesidencias.com\/blog\/wp-content\/uploads\/2021\/10\/personas-con-alzheimer-en-2030.png","type":"image\/png"}],"author":"Josep de Mart\u00ed","twitter_card":"summary_large_image","twitter_creator":"@blog-ir","twitter_site":"@inforesidencias","twitter_misc":{"Escrito por":"Josep de Mart\u00ed","Tiempo de lectura":"5 minutos"},"schema":{"@context":"https:\/\/schema.org","@graph":[{"@type":"WebPage","@id":"https:\/\/www.inforesidencias.com\/blog\/index.php\/2021\/10\/11\/las-personas-con-alzheimer-en-2030-78-millones\/","url":"https:\/\/www.inforesidencias.com\/blog\/index.php\/2021\/10\/11\/las-personas-con-alzheimer-en-2030-78-millones\/","name":"Las personas con alzheimer en 2030. 78 millones - Blog Inforesidencias.com","isPartOf":{"@id":"https:\/\/www.inforesidencias.com\/blog\/#website"},"datePublished":"2021-10-11T06:58:00+00:00","dateModified":"2021-10-08T08:00:16+00:00","author":{"@id":"https:\/\/www.inforesidencias.com\/blog\/#\/schema\/person\/9e146774d1eb3bc1c0316242a3898628"},"description":"Se calcula que habr\u00e1 78 millones de personas con alzheimer en 2030. Esta enfermedad que a d\u00eda de hoy no tiene cura plantea aut\u00e9nticos desaf\u00edos","breadcrumb":{"@id":"https:\/\/www.inforesidencias.com\/blog\/index.php\/2021\/10\/11\/las-personas-con-alzheimer-en-2030-78-millones\/#breadcrumb"},"inLanguage":"es","potentialAction":[{"@type":"ReadAction","target":["https:\/\/www.inforesidencias.com\/blog\/index.php\/2021\/10\/11\/las-personas-con-alzheimer-en-2030-78-millones\/"]}]},{"@type":"BreadcrumbList","@id":"https:\/\/www.inforesidencias.com\/blog\/index.php\/2021\/10\/11\/las-personas-con-alzheimer-en-2030-78-millones\/#breadcrumb","itemListElement":[{"@type":"ListItem","position":1,"name":"Home","item":"https:\/\/www.inforesidencias.com\/blog\/"},{"@type":"ListItem","position":2,"name":"Las personas con alzheimer en 2030. 78 millones"}]},{"@type":"WebSite","@id":"https:\/\/www.inforesidencias.com\/blog\/#website","url":"https:\/\/www.inforesidencias.com\/blog\/","name":"Blog Inforesidencias.com","description":"El buscador de residencias de la 3\u00aa edad","potentialAction":[{"@type":"SearchAction","target":{"@type":"EntryPoint","urlTemplate":"https:\/\/www.inforesidencias.com\/blog\/?s={search_term_string}"},"query-input":"required name=search_term_string"}],"inLanguage":"es"},{"@type":"Person","@id":"https:\/\/www.inforesidencias.com\/blog\/#\/schema\/person\/9e146774d1eb3bc1c0316242a3898628","name":"Josep de Mart\u00ed","image":{"@type":"ImageObject","inLanguage":"es","@id":"https:\/\/www.inforesidencias.com\/blog\/#\/schema\/person\/image\/","url":"https:\/\/secure.gravatar.com\/avatar\/de0302c4806c00c4cebff396a798c1ff?s=96&d=mm&r=g","contentUrl":"https:\/\/secure.gravatar.com\/avatar\/de0302c4806c00c4cebff396a798c1ff?s=96&d=mm&r=g","caption":"Josep de Mart\u00ed"},"sameAs":["https:\/\/www.inforesidencias.com","https:\/\/www.facebook.com\/josep.demarti","https:\/\/twitter.com\/blog-ir"],"url":"https:\/\/www.inforesidencias.com\/blog\/index.php\/author\/josepdemarti\/"}]}},"_links":{"self":[{"href":"https:\/\/www.inforesidencias.com\/blog\/index.php\/wp-json\/wp\/v2\/posts\/5030"}],"collection":[{"href":"https:\/\/www.inforesidencias.com\/blog\/index.php\/wp-json\/wp\/v2\/posts"}],"about":[{"href":"https:\/\/www.inforesidencias.com\/blog\/index.php\/wp-json\/wp\/v2\/types\/post"}],"author":[{"embeddable":true,"href":"https:\/\/www.inforesidencias.com\/blog\/index.php\/wp-json\/wp\/v2\/users\/2"}],"replies":[{"embeddable":true,"href":"https:\/\/www.inforesidencias.com\/blog\/index.php\/wp-json\/wp\/v2\/comments?post=5030"}],"version-history":[{"count":6,"href":"https:\/\/www.inforesidencias.com\/blog\/index.php\/wp-json\/wp\/v2\/posts\/5030\/revisions"}],"predecessor-version":[{"id":5037,"href":"https:\/\/www.inforesidencias.com\/blog\/index.php\/wp-json\/wp\/v2\/posts\/5030\/revisions\/5037"}],"wp:featuredmedia":[{"embeddable":true,"href":"https:\/\/www.inforesidencias.com\/blog\/index.php\/wp-json\/wp\/v2\/media\/5033"}],"wp:attachment":[{"href":"https:\/\/www.inforesidencias.com\/blog\/index.php\/wp-json\/wp\/v2\/media?parent=5030"}],"wp:term":[{"taxonomy":"category","embeddable":true,"href":"https:\/\/www.inforesidencias.com\/blog\/index.php\/wp-json\/wp\/v2\/categories?post=5030"},{"taxonomy":"post_tag","embeddable":true,"href":"https:\/\/www.inforesidencias.com\/blog\/index.php\/wp-json\/wp\/v2\/tags?post=5030"}],"curies":[{"name":"wp","href":"https:\/\/api.w.org\/{rel}","templated":true}]}}