{"id":5038,"date":"2021-10-25T06:38:00","date_gmt":"2021-10-25T05:38:00","guid":{"rendered":"https:\/\/www.inforesidencias.com\/blog\/?p=5038"},"modified":"2021-10-20T12:46:30","modified_gmt":"2021-10-20T11:46:30","slug":"trabajadoras-sociales-en-el-ambito-geriatrico-residencial","status":"publish","type":"post","link":"https:\/\/www.inforesidencias.com\/blog\/index.php\/2021\/10\/25\/trabajadoras-sociales-en-el-ambito-geriatrico-residencial\/","title":{"rendered":"Trabajadoras sociales en el \u00e1mbito geri\u00e1trico residencial"},"content":{"rendered":"\n<p><\/p>\n\n\n\n<p><\/p>\n\n\n\n<p>En \u00e9sta ocasi\u00f3n escribe para nuestro Blog <a href=\"https:\/\/www.linkedin.com\/in\/rub%C3%A9n-yusta-tirado-918a8054\/?originalSubdomain=es\" target=\"_blank\" rel=\"noreferrer noopener\">Rub\u00e9n Yusta Tirado<\/a>, trabajador social y geront\u00f3logo para hablar de diferentes aspectos importantes relacionados con las trabajadoras sociales en el \u00e1mbito geri\u00e1trico residencial .<\/p>\n\n\n\n<p>En una sociedad en la que el trabajo social supone una disciplina y una profesi\u00f3n fundamental para defender los principios de la Justicia Social y los Derechos Humanos, todav\u00eda hay cierto desconocimiento sobre el papel de esta disciplina en el \u00e1mbito de la gerontolog\u00eda y, m\u00e1s concretamente, en el \u00e1mbito residencial. Ciertamente, cada vez son m\u00e1s las trabajadoras sociales ( y hablamos en femenino por ser una profesi\u00f3n mayoritariamente desarrollada por mujeres) que desempe\u00f1an su labor en el \u00e1mbito residencial, especializ\u00e1ndose y desarroll\u00e1ndose en un \u00e1mbito que cuenta con un gran potencial de crecimiento, bas\u00e1ndonos en las previsiones demogr\u00e1ficas actuales; pero tambi\u00e9n con muchas complejidades, como ha sido la gesti\u00f3n de la crisis sanitaria reciente, la disparidad de funciones que encontramos entre los diversos centros residenciales o por las actuales condiciones laborales de esta y de muchas otras profesiones del equipo interdisciplinar de los centros que, sin entrar mucho en ello, podemos categorizar como \u201cmejorables\u201d.<\/p>\n\n\n\n<p>Tal y como coment\u00e1bamos, la figura de la trabajadora social realiza diversas funciones, dependiendo del centro o de la instituci\u00f3n en la que se encuentre. Esto es algo que adem\u00e1s de dificultar un establecimiento de la especialidad como tal, tambi\u00e9n genera cierta confusi\u00f3n a la hora de identificar las funciones, o mejor dicho competencias, de esta figura profesional en el \u00e1mbito geri\u00e1trico residencial, lo cual en ocasiones tambi\u00e9n es percibido por el resto de los\/as profesionales, las personas usuarias y por su entorno sociofamiliar. Por todo ello, para ampliar nuestro conocimiento de una disciplina y una profesi\u00f3n fundamental en el \u00e1mbito de la gerontolog\u00eda, vamos a acercarnos a la naturaleza del trabajo social en este \u00e1mbito y a todas aquellas competencias y cuestiones en las que interviene.<\/p>\n\n\n\n<p>Manuel Mart\u00edn define el trabajo social gerontol\u00f3gico como la pra\u0301ctica y disciplina cienti\u0301fica que se encarga de conocer las causas y los efectos de los problemas sociales individuales y colectivos de las personas mayores y de co\u0301mo lograr que dichas personas asuman una accio\u0301n organizada tanto preventiva como transformadora para superarlos. Se trata pues, de una intervencio\u0301n profesional intencionada y cienti\u0301fica (por lo tanto racional y organizada) en la realidad social de las personas mayores, para conocerla y transformarla, contribuyendo con otras profesiones a lograr el bienestar de este colectivo (Mart\u00edn, 2012). Con esta completa definici\u00f3n, observamos como aspectos relacionados con el conocimiento de los problemas que afectan a las personas mayores, la superaci\u00f3n de los mismos, el conocimiento de las realidades que vive este colectivo o la consecuci\u00f3n de un elemento tan importante como el bienestar, se ponen en marcha en manos de las trabajadoras sociales y se aplican all\u00ed donde esta figura profesional se encuentra representada.<\/p>\n\n\n\n<div class=\"wp-block-image\"><figure class=\"alignleft size-large is-resized\"><img decoding=\"async\" loading=\"lazy\" src=\"https:\/\/www.inforesidencias.com\/blog\/wp-content\/uploads\/2021\/10\/trabajadoras-sociales-en-el-a\u0301mbito-geria\u0301trico-residencial.png\" alt=\"\" class=\"wp-image-5039\" width=\"350\" height=\"228\" \/><\/figure><\/div>\n\n\n\n<p>Pero no hace falta que recurramos a definiciones complejas para entender la importancia de la figura de las trabajadoras sociales en el \u00e1mbito geri\u00e1trico residencial. Desde sus or\u00edgenes, el trabajo social ha estado ligado a los principios de dignidad, libertad e igualdad. Valores necesarios y muy presentes en el \u00e1mbito de la gerontolog\u00eda, y que fundamentan la profesi\u00f3n junto con principios b\u00e1sicos como la aceptaci\u00f3n de la persona usuaria, la individualizaci\u00f3n, la promoci\u00f3n integral de la persona, la autonom\u00eda y la autodeterminaci\u00f3n. Estos valores tambi\u00e9n son compartidos por la Atenci\u00f3n Centrada en la Persona, enfoque categorizado por la mayor\u00eda de los\/as profesionales como el modelo en el que debe basarse la atenci\u00f3n gerontol\u00f3gica del futuro, lo cual hace que identifiquemos esta figura profesional como una de las m\u00e1s adecuadas a la hora de contribuir en el desarrollo de los nuevos modelos de intervenci\u00f3n, necesarios para incidir en las necesidades actuales de las personas mayores de nuestra sociedad.<\/p>\n\n\n\n<p>Por \u00faltimo, no podemos olvidar el car\u00e1cter polifac\u00e9tico de esta disciplina. Las trabajadoras sociales intervienen de forma directa ante las necesidades que presentan las personas usuarias, pero tambi\u00e9n realizan una funci\u00f3n de prevenci\u00f3n de estas necesidades, de mediaci\u00f3n en las situaciones complejas por las que atraviesa la persona y de interconexi\u00f3n de \u00e9sta con el \u00e1mbito comunitario, persiguiendo en todo momento y teniendo presente que el\/la mayor, independientemente del lugar en el que resida, necesita seguir manteniendo contacto con la comunidad, posibilitando as\u00ed la normalizaci\u00f3n de los entornos residenciales y de todos aquellos servicios y prestaciones dirigidos hacia este colectivo. Esto se refleja en la variedad de funciones y competencias asumidas por las trabajadoras sociales especializadas en el \u00e1mbito de la gerontolog\u00eda, que se adaptan a las necesidades, no solo de la instituci\u00f3n en la que se se encuentran, sino de las personas con las que intervienen.<\/p>\n\n\n\n<p>En definitiva, nos encontramos ante un perfil profesional que encarna a la perfecci\u00f3n y que desarrolla desde sus propias competencias profesionales valores que son claves en el desarrollo actual y futuro del \u00e1mbito de la gerontolog\u00eda. Por todo ello, cada vez es m\u00e1s habitual que esta figura profesional est\u00e9 presente en los principales servicios dirigidos a la atenci\u00f3n de las necesidades, no solo de las personas dependientes, sino tambi\u00e9n de la poblaci\u00f3n mayor. Por tanto, la presencia de trabajadoras sociales en el \u00e1mbito geri\u00e1trico residencial, es sin\u00f3nimo de un acompa\u00f1amiento de la persona usuaria en pos de un empoderamiento personal, de una promoci\u00f3n de la autodeterminaci\u00f3n y, en definitiva, de una mejora de las condiciones de vida de las personas que pertenecen al \u00e1mbito de la gerontolog\u00eda.<\/p>\n\n\n\n<p><strong>Bibliograf\u00eda:<\/strong><\/p>\n\n\n\n<p>Mart\u00edn Garc\u00eda, M. (2012). Trabajo Social con personas mayores. Teor\u00eda y pr\u00e1ctica del Trabajo Social Gerontol\u00f3gico. Servicios Sociales y Pol\u00edtica Social, 98(1), 9-34.<\/p>\n\n\n\n<p><strong>Te puede interesar:<\/strong><\/p>\n\n\n\n<p>Residencias de mayores en la <a href=\"https:\/\/www.inforesidencias.com\/centros\/buscador\/residencias\/madrid\" target=\"_blank\" rel=\"noreferrer noopener\">Comunidad de Madrid<\/a><\/p>\n\n\n\n<p>Un dia de trabajo de un <a href=\"https:\/\/www.inforesidencias.com\/blog\/index.php\/2020\/09\/01\/un-dia-en-el-trabajo-de-un-medico-en-residencias-de-mayores\/\" target=\"_blank\" rel=\"noreferrer noopener\">m\u00e9dico en una residencia<\/a> para personas mayores<\/p>\n","protected":false},"excerpt":{"rendered":"<p>En \u00e9sta ocasi\u00f3n escribe para nuestro Blog Rub\u00e9n Yusta Tirado, trabajador social y geront\u00f3logo para hablar de diferentes aspectos importantes relacionados con las trabajadoras sociales en el \u00e1mbito geri\u00e1trico residencial . En una sociedad en la que el trabajo social supone una disciplina y una profesi\u00f3n fundamental para defender los principios de la Justicia Social y los Derechos Humanos, todav\u00eda hay cierto desconocimiento sobre el papel de esta disciplina en el \u00e1mbito de la gerontolog\u00eda y, m\u00e1s concretamente, en el \u00e1mbito residencial. Ciertamente, cada vez son m\u00e1s las trabajadoras sociales ( y hablamos en femenino por ser una profesi\u00f3n mayoritariamente desarrollada por mujeres) que desempe\u00f1an su labor en el \u00e1mbito residencial, especializ\u00e1ndose y desarroll\u00e1ndose en un \u00e1mbito que cuenta con un gran potencial de crecimiento, bas\u00e1ndonos en las previsiones demogr\u00e1ficas actuales; pero tambi\u00e9n con muchas complejidades, como ha sido la gesti\u00f3n de la crisis sanitaria reciente, la disparidad de funciones [&hellip;]<\/p>\n","protected":false},"author":2,"featured_media":5039,"comment_status":"open","ping_status":"open","sticky":false,"template":"","format":"standard","meta":{"footnotes":""},"categories":[1],"tags":[],"yoast_head":"<!-- This site is optimized with the Yoast SEO plugin v21.7 - https:\/\/yoast.com\/wordpress\/plugins\/seo\/ -->\n<title>Trabajadoras sociales en el \u00e1mbito geri\u00e1trico residencial - Blog Inforesidencias.com<\/title>\n<meta name=\"description\" content=\"Analizamos de la mano del trabajador social Ruben Yusta las funciones de las trabajadoras sociales en el \u00e1mbito geri\u00e1trico residencial\" \/>\n<meta name=\"robots\" content=\"index, follow, max-snippet:-1, max-image-preview:large, max-video-preview:-1\" \/>\n<link rel=\"canonical\" href=\"https:\/\/www.inforesidencias.com\/blog\/index.php\/2021\/10\/25\/trabajadoras-sociales-en-el-ambito-geriatrico-residencial\/\" \/>\n<meta property=\"og:locale\" content=\"es_ES\" \/>\n<meta property=\"og:type\" content=\"article\" \/>\n<meta property=\"og:title\" content=\"Trabajadoras sociales en el \u00e1mbito geri\u00e1trico residencial - Blog Inforesidencias.com\" \/>\n<meta property=\"og:description\" content=\"Analizamos de la mano del trabajador social Ruben Yusta las funciones de las trabajadoras sociales en el \u00e1mbito geri\u00e1trico residencial\" \/>\n<meta property=\"og:url\" content=\"https:\/\/www.inforesidencias.com\/blog\/index.php\/2021\/10\/25\/trabajadoras-sociales-en-el-ambito-geriatrico-residencial\/\" \/>\n<meta property=\"og:site_name\" content=\"Blog Inforesidencias.com\" \/>\n<meta property=\"article:publisher\" content=\"https:\/\/www.facebook.com\/Inforesidencias\/\" \/>\n<meta property=\"article:author\" content=\"https:\/\/www.facebook.com\/josep.demarti\" \/>\n<meta property=\"article:published_time\" content=\"2021-10-25T05:38:00+00:00\" \/>\n<meta property=\"article:modified_time\" content=\"2021-10-20T11:46:30+00:00\" \/>\n<meta property=\"og:image\" content=\"https:\/\/www.inforesidencias.com\/blog\/wp-content\/uploads\/2021\/10\/trabajadoras-sociales-en-el-a\u0301mbito-geria\u0301trico-residencial.png\" \/>\n\t<meta property=\"og:image:width\" content=\"600\" \/>\n\t<meta property=\"og:image:height\" content=\"393\" \/>\n\t<meta property=\"og:image:type\" content=\"image\/png\" \/>\n<meta name=\"author\" content=\"Josep de Mart\u00ed\" \/>\n<meta name=\"twitter:card\" content=\"summary_large_image\" \/>\n<meta name=\"twitter:creator\" content=\"@blog-ir\" \/>\n<meta name=\"twitter:site\" content=\"@inforesidencias\" \/>\n<meta name=\"twitter:label1\" content=\"Escrito por\" \/>\n\t<meta name=\"twitter:data1\" content=\"Josep de Mart\u00ed\" \/>\n\t<meta name=\"twitter:label2\" content=\"Tiempo de lectura\" \/>\n\t<meta name=\"twitter:data2\" content=\"5 minutos\" \/>\n<script type=\"application\/ld+json\" class=\"yoast-schema-graph\">{\"@context\":\"https:\/\/schema.org\",\"@graph\":[{\"@type\":\"WebPage\",\"@id\":\"https:\/\/www.inforesidencias.com\/blog\/index.php\/2021\/10\/25\/trabajadoras-sociales-en-el-ambito-geriatrico-residencial\/\",\"url\":\"https:\/\/www.inforesidencias.com\/blog\/index.php\/2021\/10\/25\/trabajadoras-sociales-en-el-ambito-geriatrico-residencial\/\",\"name\":\"Trabajadoras sociales en el \u00e1mbito geri\u00e1trico residencial - Blog Inforesidencias.com\",\"isPartOf\":{\"@id\":\"https:\/\/www.inforesidencias.com\/blog\/#website\"},\"datePublished\":\"2021-10-25T05:38:00+00:00\",\"dateModified\":\"2021-10-20T11:46:30+00:00\",\"author\":{\"@id\":\"https:\/\/www.inforesidencias.com\/blog\/#\/schema\/person\/9e146774d1eb3bc1c0316242a3898628\"},\"description\":\"Analizamos de la mano del trabajador social Ruben Yusta las funciones de las trabajadoras sociales en el \u00e1mbito geri\u00e1trico residencial\",\"breadcrumb\":{\"@id\":\"https:\/\/www.inforesidencias.com\/blog\/index.php\/2021\/10\/25\/trabajadoras-sociales-en-el-ambito-geriatrico-residencial\/#breadcrumb\"},\"inLanguage\":\"es\",\"potentialAction\":[{\"@type\":\"ReadAction\",\"target\":[\"https:\/\/www.inforesidencias.com\/blog\/index.php\/2021\/10\/25\/trabajadoras-sociales-en-el-ambito-geriatrico-residencial\/\"]}]},{\"@type\":\"BreadcrumbList\",\"@id\":\"https:\/\/www.inforesidencias.com\/blog\/index.php\/2021\/10\/25\/trabajadoras-sociales-en-el-ambito-geriatrico-residencial\/#breadcrumb\",\"itemListElement\":[{\"@type\":\"ListItem\",\"position\":1,\"name\":\"Home\",\"item\":\"https:\/\/www.inforesidencias.com\/blog\/\"},{\"@type\":\"ListItem\",\"position\":2,\"name\":\"Trabajadoras sociales en el \u00e1mbito geri\u00e1trico residencial\"}]},{\"@type\":\"WebSite\",\"@id\":\"https:\/\/www.inforesidencias.com\/blog\/#website\",\"url\":\"https:\/\/www.inforesidencias.com\/blog\/\",\"name\":\"Blog Inforesidencias.com\",\"description\":\"El buscador de residencias de la 3\u00aa edad\",\"potentialAction\":[{\"@type\":\"SearchAction\",\"target\":{\"@type\":\"EntryPoint\",\"urlTemplate\":\"https:\/\/www.inforesidencias.com\/blog\/?s={search_term_string}\"},\"query-input\":\"required name=search_term_string\"}],\"inLanguage\":\"es\"},{\"@type\":\"Person\",\"@id\":\"https:\/\/www.inforesidencias.com\/blog\/#\/schema\/person\/9e146774d1eb3bc1c0316242a3898628\",\"name\":\"Josep de Mart\u00ed\",\"image\":{\"@type\":\"ImageObject\",\"inLanguage\":\"es\",\"@id\":\"https:\/\/www.inforesidencias.com\/blog\/#\/schema\/person\/image\/\",\"url\":\"https:\/\/secure.gravatar.com\/avatar\/de0302c4806c00c4cebff396a798c1ff?s=96&d=mm&r=g\",\"contentUrl\":\"https:\/\/secure.gravatar.com\/avatar\/de0302c4806c00c4cebff396a798c1ff?s=96&d=mm&r=g\",\"caption\":\"Josep de Mart\u00ed\"},\"sameAs\":[\"https:\/\/www.inforesidencias.com\",\"https:\/\/www.facebook.com\/josep.demarti\",\"https:\/\/twitter.com\/blog-ir\"],\"url\":\"https:\/\/www.inforesidencias.com\/blog\/index.php\/author\/josepdemarti\/\"}]}<\/script>\n<!-- \/ Yoast SEO plugin. -->","yoast_head_json":{"title":"Trabajadoras sociales en el \u00e1mbito geri\u00e1trico residencial - Blog Inforesidencias.com","description":"Analizamos de la mano del trabajador social Ruben Yusta las funciones de las trabajadoras sociales en el \u00e1mbito geri\u00e1trico residencial","robots":{"index":"index","follow":"follow","max-snippet":"max-snippet:-1","max-image-preview":"max-image-preview:large","max-video-preview":"max-video-preview:-1"},"canonical":"https:\/\/www.inforesidencias.com\/blog\/index.php\/2021\/10\/25\/trabajadoras-sociales-en-el-ambito-geriatrico-residencial\/","og_locale":"es_ES","og_type":"article","og_title":"Trabajadoras sociales en el \u00e1mbito geri\u00e1trico residencial - Blog Inforesidencias.com","og_description":"Analizamos de la mano del trabajador social Ruben Yusta las funciones de las trabajadoras sociales en el \u00e1mbito geri\u00e1trico residencial","og_url":"https:\/\/www.inforesidencias.com\/blog\/index.php\/2021\/10\/25\/trabajadoras-sociales-en-el-ambito-geriatrico-residencial\/","og_site_name":"Blog Inforesidencias.com","article_publisher":"https:\/\/www.facebook.com\/Inforesidencias\/","article_author":"https:\/\/www.facebook.com\/josep.demarti","article_published_time":"2021-10-25T05:38:00+00:00","article_modified_time":"2021-10-20T11:46:30+00:00","og_image":[{"width":600,"height":393,"url":"https:\/\/www.inforesidencias.com\/blog\/wp-content\/uploads\/2021\/10\/trabajadoras-sociales-en-el-a\u0301mbito-geria\u0301trico-residencial.png","type":"image\/png"}],"author":"Josep de Mart\u00ed","twitter_card":"summary_large_image","twitter_creator":"@blog-ir","twitter_site":"@inforesidencias","twitter_misc":{"Escrito por":"Josep de Mart\u00ed","Tiempo de lectura":"5 minutos"},"schema":{"@context":"https:\/\/schema.org","@graph":[{"@type":"WebPage","@id":"https:\/\/www.inforesidencias.com\/blog\/index.php\/2021\/10\/25\/trabajadoras-sociales-en-el-ambito-geriatrico-residencial\/","url":"https:\/\/www.inforesidencias.com\/blog\/index.php\/2021\/10\/25\/trabajadoras-sociales-en-el-ambito-geriatrico-residencial\/","name":"Trabajadoras sociales en el \u00e1mbito geri\u00e1trico residencial - Blog Inforesidencias.com","isPartOf":{"@id":"https:\/\/www.inforesidencias.com\/blog\/#website"},"datePublished":"2021-10-25T05:38:00+00:00","dateModified":"2021-10-20T11:46:30+00:00","author":{"@id":"https:\/\/www.inforesidencias.com\/blog\/#\/schema\/person\/9e146774d1eb3bc1c0316242a3898628"},"description":"Analizamos de la mano del trabajador social Ruben Yusta las funciones de las trabajadoras sociales en el \u00e1mbito geri\u00e1trico residencial","breadcrumb":{"@id":"https:\/\/www.inforesidencias.com\/blog\/index.php\/2021\/10\/25\/trabajadoras-sociales-en-el-ambito-geriatrico-residencial\/#breadcrumb"},"inLanguage":"es","potentialAction":[{"@type":"ReadAction","target":["https:\/\/www.inforesidencias.com\/blog\/index.php\/2021\/10\/25\/trabajadoras-sociales-en-el-ambito-geriatrico-residencial\/"]}]},{"@type":"BreadcrumbList","@id":"https:\/\/www.inforesidencias.com\/blog\/index.php\/2021\/10\/25\/trabajadoras-sociales-en-el-ambito-geriatrico-residencial\/#breadcrumb","itemListElement":[{"@type":"ListItem","position":1,"name":"Home","item":"https:\/\/www.inforesidencias.com\/blog\/"},{"@type":"ListItem","position":2,"name":"Trabajadoras sociales en el \u00e1mbito geri\u00e1trico residencial"}]},{"@type":"WebSite","@id":"https:\/\/www.inforesidencias.com\/blog\/#website","url":"https:\/\/www.inforesidencias.com\/blog\/","name":"Blog Inforesidencias.com","description":"El buscador de residencias de la 3\u00aa edad","potentialAction":[{"@type":"SearchAction","target":{"@type":"EntryPoint","urlTemplate":"https:\/\/www.inforesidencias.com\/blog\/?s={search_term_string}"},"query-input":"required name=search_term_string"}],"inLanguage":"es"},{"@type":"Person","@id":"https:\/\/www.inforesidencias.com\/blog\/#\/schema\/person\/9e146774d1eb3bc1c0316242a3898628","name":"Josep de Mart\u00ed","image":{"@type":"ImageObject","inLanguage":"es","@id":"https:\/\/www.inforesidencias.com\/blog\/#\/schema\/person\/image\/","url":"https:\/\/secure.gravatar.com\/avatar\/de0302c4806c00c4cebff396a798c1ff?s=96&d=mm&r=g","contentUrl":"https:\/\/secure.gravatar.com\/avatar\/de0302c4806c00c4cebff396a798c1ff?s=96&d=mm&r=g","caption":"Josep de Mart\u00ed"},"sameAs":["https:\/\/www.inforesidencias.com","https:\/\/www.facebook.com\/josep.demarti","https:\/\/twitter.com\/blog-ir"],"url":"https:\/\/www.inforesidencias.com\/blog\/index.php\/author\/josepdemarti\/"}]}},"_links":{"self":[{"href":"https:\/\/www.inforesidencias.com\/blog\/index.php\/wp-json\/wp\/v2\/posts\/5038"}],"collection":[{"href":"https:\/\/www.inforesidencias.com\/blog\/index.php\/wp-json\/wp\/v2\/posts"}],"about":[{"href":"https:\/\/www.inforesidencias.com\/blog\/index.php\/wp-json\/wp\/v2\/types\/post"}],"author":[{"embeddable":true,"href":"https:\/\/www.inforesidencias.com\/blog\/index.php\/wp-json\/wp\/v2\/users\/2"}],"replies":[{"embeddable":true,"href":"https:\/\/www.inforesidencias.com\/blog\/index.php\/wp-json\/wp\/v2\/comments?post=5038"}],"version-history":[{"count":5,"href":"https:\/\/www.inforesidencias.com\/blog\/index.php\/wp-json\/wp\/v2\/posts\/5038\/revisions"}],"predecessor-version":[{"id":5044,"href":"https:\/\/www.inforesidencias.com\/blog\/index.php\/wp-json\/wp\/v2\/posts\/5038\/revisions\/5044"}],"wp:featuredmedia":[{"embeddable":true,"href":"https:\/\/www.inforesidencias.com\/blog\/index.php\/wp-json\/wp\/v2\/media\/5039"}],"wp:attachment":[{"href":"https:\/\/www.inforesidencias.com\/blog\/index.php\/wp-json\/wp\/v2\/media?parent=5038"}],"wp:term":[{"taxonomy":"category","embeddable":true,"href":"https:\/\/www.inforesidencias.com\/blog\/index.php\/wp-json\/wp\/v2\/categories?post=5038"},{"taxonomy":"post_tag","embeddable":true,"href":"https:\/\/www.inforesidencias.com\/blog\/index.php\/wp-json\/wp\/v2\/tags?post=5038"}],"curies":[{"name":"wp","href":"https:\/\/api.w.org\/{rel}","templated":true}]}}