{"id":5115,"date":"2021-10-28T10:31:44","date_gmt":"2021-10-28T09:31:44","guid":{"rendered":"https:\/\/www.inforesidencias.com\/blog\/?p=5115"},"modified":"2021-10-28T10:31:46","modified_gmt":"2021-10-28T09:31:46","slug":"es-grande-ser-mayor-21-de-octubre","status":"publish","type":"post","link":"https:\/\/www.inforesidencias.com\/blog\/index.php\/2021\/10\/28\/es-grande-ser-mayor-21-de-octubre\/","title":{"rendered":"Es grande ser mayor, 21 de octubre"},"content":{"rendered":"\n<p>En el <a href=\"https:\/\/open.spotify.com\/episode\/11lSiJnrSXYqByvVoz7iMJ?si=6PsVnx1vTeuHVYbCHeE1Uw&amp;utm_source=whatsapp\" target=\"_blank\" rel=\"noreferrer noopener\">\u00faltimo programa <\/a>ES GRANDE SER MAYOR, del 21 de octubre en LGN Radio, ya lo saben, el espacio que Inforesidencias.com, el buscador de residencias, centros de d\u00eda y servicios a domicilio, les sugiere en la Comunidad de Madrid, pero que se puede seguir por Internet a trav\u00e9s de sus podcasts, vivimos un momento muy especial, entra\u00f1able.<\/p>\n\n\n\n<p>Como todos los jueves, desde las 17:30 y hasta las 18h, conocimos un poco m\u00e1s de cerca c\u00f3mo es el mundo de las personas mayores, pero ese jueves no nos centramos tanto en lo que pasa en una residencia y s\u00ed en lo importante que es llegar a mayor con ilusiones, con proyectos y con aficiones.<\/p>\n\n\n\n<p>Adem\u00e1s de los habituales consejos de salud, la consulta del Trabajador Social, de saber qu\u00e9 hacer en una entrevista de trabajo para un puesto en una residencia o de escuchar el tema del d\u00eda con el que nos volvi\u00f3 a deleitar el director de Inforesidencias.com Josep de Mart\u00ed, precisamente el responsable de esta web nos regal\u00f3 una entrevista a In\u00e9s Ortiz, una fant\u00e1stica escritora, abuela de nuestro compa\u00f1ero Juan Pablo Correa y que con casi 90 a\u00f1os ha escrito un libro precioso que se llama \u201cViaje en una colcha de retazos\u201d, una colecci\u00f3n de historias cortas, sin principio y sin fin.<\/p>\n\n\n\n<figure class=\"wp-block-image size-large\"><img decoding=\"async\" loading=\"lazy\" width=\"667\" height=\"300\" src=\"https:\/\/www.inforesidencias.com\/blog\/wp-content\/uploads\/2021\/09\/Es-grande-ser-mayor-1.jpeg\" alt=\"\" class=\"wp-image-5003\" srcset=\"https:\/\/www.inforesidencias.com\/blog\/wp-content\/uploads\/2021\/09\/Es-grande-ser-mayor-1.jpeg 667w, https:\/\/www.inforesidencias.com\/blog\/wp-content\/uploads\/2021\/09\/Es-grande-ser-mayor-1-300x135.jpeg 300w\" sizes=\"(max-width: 667px) 100vw, 667px\" \/><\/figure>\n\n\n\n<p>Primero, Josep de Mart\u00ed continu\u00f3 con la historia de la francesa m\u00e1s que centenaria que inici\u00f3 la semana anterior y, adem\u00e1s de recordar que si queremos ser centenarios necesitamos buenos genes antes que otras predisposiciones de salud o h\u00e1bitos de vida, y nos ilustr\u00f3 con una an\u00e9cdota de la vida de Jeanne Louise Calment, la supercentenaria francesa que vivi\u00f3 122 a\u00f1os y 164 d\u00edas. Nos contaba que Jeanne le vendi\u00f3 la casa a un vecino del pueblo cuando ella ten\u00eda 80 a\u00f1os, pero solo podr\u00eda tomar posesi\u00f3n cuando ella falleciera. Mientras, la mujer deb\u00eda recibir una renta mensual. Se pueden imaginar que los c\u00e1lculos del buen hombre se fueron al traste cuando empezaron a pasar los a\u00f1os y la se\u00f1ora Calment no fallec\u00eda. Tanto que el comprador muri\u00f3 sin poder disfrutar del inmueble y su hijo, que tuvo que seguir pagando por contrato, consigui\u00f3 la casa ya bastante mayor.<\/p>\n\n\n\n<p>Con 115 a\u00f1os, preguntaron a la centenaria, que mantuvo su capacidad cognitiva perfecta hasta los 118, si no le parec\u00eda injusta esta situaci\u00f3n y su respuesta fue clara y contundente: \u201cTan injusto como si yo me hubiera muerto a los 81\u201d.<\/p>\n\n\n\n<p>Tras esta fant\u00e1stica an\u00e9cdota, Josep entrevista a In\u00e9s Ortiz por escribir un libro que es una delicia y que, como nos dice esta colombiana con familia repartida por muchos pa\u00edses, \u201cinvita a viajar a trav\u00e9s de sus p\u00e1ginas\u201d. No quiero contar mucho para que la escuchen en el podcast, pero la ternura y la claridad, a la par, con la que habla engancha desde el primer momento.<\/p>\n\n\n\n<p>Decir que <a href=\"https:\/\/www.inforesidencias.com\/blog\/index.php\/2021\/10\/21\/entrevista-a-ines-ortiz-escritora-escritora-nonagenaria\/\">\u201c<\/a><a href=\"https:\/\/www.inforesidencias.com\/blog\/index.php\/2021\/10\/21\/entrevista-a-ines-ortiz-escritora-escritora-nonagenaria\/\" target=\"_blank\" rel=\"noreferrer noopener\">Viaje en una colcha de retazos<\/a><a href=\"https:\/\/www.inforesidencias.com\/blog\/index.php\/2021\/10\/21\/entrevista-a-ines-ortiz-escritora-escritora-nonagenaria\/\">\u201d<\/a>, proyecto en el que se aventur\u00f3 \u201cpr\u00f3xima a cumplir los 15 a\u00f1os por sexta vez\u201d, como ella dice, se conforma con esos \u201cretazos que las abuelas vamos tejiendo, por un lado y por otro, recogemos de aqu\u00ed y de all\u00e1, no es un libro que tenga un principio y un final, se puede empezar leyendo por cualquier retazo porque los retazos hay que combinarlos por la forma y el color y este es el arte de muchas abuelas\u201d.<\/p>\n\n\n\n<p>El libro, repito, \u201cViaje en una colcha de retazos\u201d, de In\u00e9s Ortiz, se puede adquirir a trav\u00e9s de Amazon. Como dice Josep, un libro excepcional de una mujer excepcional que con casi 90 a\u00f1os tiene esa capacidad fant\u00e1stica para escribir y para acordarse e imaginar tantas historias cortas enternecedoras.<\/p>\n\n\n\n<p>\u00a1Escuchen la entrevista porque merece la pena!<\/p>\n\n\n\n<p>Te puede interesar:<\/p>\n\n\n\n<p>Residencias de mayores en la <a href=\"https:\/\/www.inforesidencias.com\/centros\/buscador\/residencias\/madrid\" target=\"_blank\" rel=\"noreferrer noopener\">Comunidad de Madrid<\/a><\/p>\n\n\n\n<p>Art\u00edculos del blog sobre <a href=\"https:\/\/www.inforesidencias.com\/blog\/?s=lgn\" target=\"_blank\" rel=\"noreferrer noopener\">programas anteriores<\/a><a href=\"https:\/\/www.inforesidencias.com\/blog\/?s=lgn\"> <\/a>de \u00abEs grande ser mayor\u00bb<\/p>\n","protected":false},"excerpt":{"rendered":"<p>En el \u00faltimo programa ES GRANDE SER MAYOR, del 21 de octubre en LGN Radio, ya lo saben, el espacio que Inforesidencias.com, el buscador de residencias, centros de d\u00eda y servicios a domicilio, les sugiere en la Comunidad de Madrid, pero que se puede seguir por Internet a trav\u00e9s de sus podcasts, vivimos un momento muy especial, entra\u00f1able. Como todos los jueves, desde las 17:30 y hasta las 18h, conocimos un poco m\u00e1s de cerca c\u00f3mo es el mundo de las personas mayores, pero ese jueves no nos centramos tanto en lo que pasa en una residencia y s\u00ed en lo importante que es llegar a mayor con ilusiones, con proyectos y con aficiones. Adem\u00e1s de los habituales consejos de salud, la consulta del Trabajador Social, de saber qu\u00e9 hacer en una entrevista de trabajo para un puesto en una residencia o de escuchar el tema del d\u00eda con el [&hellip;]<\/p>\n","protected":false},"author":2,"featured_media":5003,"comment_status":"open","ping_status":"open","sticky":false,"template":"","format":"standard","meta":{"footnotes":""},"categories":[1],"tags":[],"yoast_head":"<!-- This site is optimized with the Yoast SEO plugin v21.7 - https:\/\/yoast.com\/wordpress\/plugins\/seo\/ -->\n<title>Es grande ser mayor, 21 de octubre - Blog Inforesidencias.com<\/title>\n<meta name=\"description\" content=\"Repasamos el program ade Es grande ser mayor del 21 de octubre con una entreviista a una gran escritora octogenaria y muchas an\u00e9cdotas\" \/>\n<meta name=\"robots\" content=\"index, follow, max-snippet:-1, max-image-preview:large, max-video-preview:-1\" \/>\n<link rel=\"canonical\" href=\"https:\/\/www.inforesidencias.com\/blog\/index.php\/2021\/10\/28\/es-grande-ser-mayor-21-de-octubre\/\" \/>\n<meta property=\"og:locale\" content=\"es_ES\" \/>\n<meta property=\"og:type\" content=\"article\" \/>\n<meta property=\"og:title\" content=\"Es grande ser mayor, 21 de octubre - Blog Inforesidencias.com\" \/>\n<meta property=\"og:description\" content=\"Repasamos el program ade Es grande ser mayor del 21 de octubre con una entreviista a una gran escritora octogenaria y muchas an\u00e9cdotas\" \/>\n<meta property=\"og:url\" content=\"https:\/\/www.inforesidencias.com\/blog\/index.php\/2021\/10\/28\/es-grande-ser-mayor-21-de-octubre\/\" \/>\n<meta property=\"og:site_name\" content=\"Blog Inforesidencias.com\" \/>\n<meta property=\"article:publisher\" content=\"https:\/\/www.facebook.com\/Inforesidencias\/\" \/>\n<meta property=\"article:author\" content=\"https:\/\/www.facebook.com\/josep.demarti\" \/>\n<meta property=\"article:published_time\" content=\"2021-10-28T09:31:44+00:00\" \/>\n<meta property=\"article:modified_time\" content=\"2021-10-28T09:31:46+00:00\" \/>\n<meta property=\"og:image\" content=\"https:\/\/www.inforesidencias.com\/blog\/wp-content\/uploads\/2021\/09\/Es-grande-ser-mayor-1.jpeg\" \/>\n\t<meta property=\"og:image:width\" content=\"667\" \/>\n\t<meta property=\"og:image:height\" content=\"300\" \/>\n\t<meta property=\"og:image:type\" content=\"image\/jpeg\" \/>\n<meta name=\"author\" content=\"Josep de Mart\u00ed\" \/>\n<meta name=\"twitter:card\" content=\"summary_large_image\" \/>\n<meta name=\"twitter:creator\" content=\"@blog-ir\" \/>\n<meta name=\"twitter:site\" content=\"@inforesidencias\" \/>\n<meta name=\"twitter:label1\" content=\"Escrito por\" \/>\n\t<meta name=\"twitter:data1\" content=\"Josep de Mart\u00ed\" \/>\n\t<meta name=\"twitter:label2\" content=\"Tiempo de lectura\" \/>\n\t<meta name=\"twitter:data2\" content=\"3 minutos\" \/>\n<script type=\"application\/ld+json\" class=\"yoast-schema-graph\">{\"@context\":\"https:\/\/schema.org\",\"@graph\":[{\"@type\":\"WebPage\",\"@id\":\"https:\/\/www.inforesidencias.com\/blog\/index.php\/2021\/10\/28\/es-grande-ser-mayor-21-de-octubre\/\",\"url\":\"https:\/\/www.inforesidencias.com\/blog\/index.php\/2021\/10\/28\/es-grande-ser-mayor-21-de-octubre\/\",\"name\":\"Es grande ser mayor, 21 de octubre - Blog Inforesidencias.com\",\"isPartOf\":{\"@id\":\"https:\/\/www.inforesidencias.com\/blog\/#website\"},\"datePublished\":\"2021-10-28T09:31:44+00:00\",\"dateModified\":\"2021-10-28T09:31:46+00:00\",\"author\":{\"@id\":\"https:\/\/www.inforesidencias.com\/blog\/#\/schema\/person\/9e146774d1eb3bc1c0316242a3898628\"},\"description\":\"Repasamos el program ade Es grande ser mayor del 21 de octubre con una entreviista a una gran escritora octogenaria y muchas an\u00e9cdotas\",\"breadcrumb\":{\"@id\":\"https:\/\/www.inforesidencias.com\/blog\/index.php\/2021\/10\/28\/es-grande-ser-mayor-21-de-octubre\/#breadcrumb\"},\"inLanguage\":\"es\",\"potentialAction\":[{\"@type\":\"ReadAction\",\"target\":[\"https:\/\/www.inforesidencias.com\/blog\/index.php\/2021\/10\/28\/es-grande-ser-mayor-21-de-octubre\/\"]}]},{\"@type\":\"BreadcrumbList\",\"@id\":\"https:\/\/www.inforesidencias.com\/blog\/index.php\/2021\/10\/28\/es-grande-ser-mayor-21-de-octubre\/#breadcrumb\",\"itemListElement\":[{\"@type\":\"ListItem\",\"position\":1,\"name\":\"Home\",\"item\":\"https:\/\/www.inforesidencias.com\/blog\/\"},{\"@type\":\"ListItem\",\"position\":2,\"name\":\"Es grande ser mayor, 21 de octubre\"}]},{\"@type\":\"WebSite\",\"@id\":\"https:\/\/www.inforesidencias.com\/blog\/#website\",\"url\":\"https:\/\/www.inforesidencias.com\/blog\/\",\"name\":\"Blog Inforesidencias.com\",\"description\":\"El buscador de residencias de la 3\u00aa edad\",\"potentialAction\":[{\"@type\":\"SearchAction\",\"target\":{\"@type\":\"EntryPoint\",\"urlTemplate\":\"https:\/\/www.inforesidencias.com\/blog\/?s={search_term_string}\"},\"query-input\":\"required name=search_term_string\"}],\"inLanguage\":\"es\"},{\"@type\":\"Person\",\"@id\":\"https:\/\/www.inforesidencias.com\/blog\/#\/schema\/person\/9e146774d1eb3bc1c0316242a3898628\",\"name\":\"Josep de Mart\u00ed\",\"image\":{\"@type\":\"ImageObject\",\"inLanguage\":\"es\",\"@id\":\"https:\/\/www.inforesidencias.com\/blog\/#\/schema\/person\/image\/\",\"url\":\"https:\/\/secure.gravatar.com\/avatar\/de0302c4806c00c4cebff396a798c1ff?s=96&d=mm&r=g\",\"contentUrl\":\"https:\/\/secure.gravatar.com\/avatar\/de0302c4806c00c4cebff396a798c1ff?s=96&d=mm&r=g\",\"caption\":\"Josep de Mart\u00ed\"},\"sameAs\":[\"https:\/\/www.inforesidencias.com\",\"https:\/\/www.facebook.com\/josep.demarti\",\"https:\/\/twitter.com\/blog-ir\"],\"url\":\"https:\/\/www.inforesidencias.com\/blog\/index.php\/author\/josepdemarti\/\"}]}<\/script>\n<!-- \/ Yoast SEO plugin. -->","yoast_head_json":{"title":"Es grande ser mayor, 21 de octubre - Blog Inforesidencias.com","description":"Repasamos el program ade Es grande ser mayor del 21 de octubre con una entreviista a una gran escritora octogenaria y muchas an\u00e9cdotas","robots":{"index":"index","follow":"follow","max-snippet":"max-snippet:-1","max-image-preview":"max-image-preview:large","max-video-preview":"max-video-preview:-1"},"canonical":"https:\/\/www.inforesidencias.com\/blog\/index.php\/2021\/10\/28\/es-grande-ser-mayor-21-de-octubre\/","og_locale":"es_ES","og_type":"article","og_title":"Es grande ser mayor, 21 de octubre - Blog Inforesidencias.com","og_description":"Repasamos el program ade Es grande ser mayor del 21 de octubre con una entreviista a una gran escritora octogenaria y muchas an\u00e9cdotas","og_url":"https:\/\/www.inforesidencias.com\/blog\/index.php\/2021\/10\/28\/es-grande-ser-mayor-21-de-octubre\/","og_site_name":"Blog Inforesidencias.com","article_publisher":"https:\/\/www.facebook.com\/Inforesidencias\/","article_author":"https:\/\/www.facebook.com\/josep.demarti","article_published_time":"2021-10-28T09:31:44+00:00","article_modified_time":"2021-10-28T09:31:46+00:00","og_image":[{"width":667,"height":300,"url":"https:\/\/www.inforesidencias.com\/blog\/wp-content\/uploads\/2021\/09\/Es-grande-ser-mayor-1.jpeg","type":"image\/jpeg"}],"author":"Josep de Mart\u00ed","twitter_card":"summary_large_image","twitter_creator":"@blog-ir","twitter_site":"@inforesidencias","twitter_misc":{"Escrito por":"Josep de Mart\u00ed","Tiempo de lectura":"3 minutos"},"schema":{"@context":"https:\/\/schema.org","@graph":[{"@type":"WebPage","@id":"https:\/\/www.inforesidencias.com\/blog\/index.php\/2021\/10\/28\/es-grande-ser-mayor-21-de-octubre\/","url":"https:\/\/www.inforesidencias.com\/blog\/index.php\/2021\/10\/28\/es-grande-ser-mayor-21-de-octubre\/","name":"Es grande ser mayor, 21 de octubre - Blog Inforesidencias.com","isPartOf":{"@id":"https:\/\/www.inforesidencias.com\/blog\/#website"},"datePublished":"2021-10-28T09:31:44+00:00","dateModified":"2021-10-28T09:31:46+00:00","author":{"@id":"https:\/\/www.inforesidencias.com\/blog\/#\/schema\/person\/9e146774d1eb3bc1c0316242a3898628"},"description":"Repasamos el program ade Es grande ser mayor del 21 de octubre con una entreviista a una gran escritora octogenaria y muchas an\u00e9cdotas","breadcrumb":{"@id":"https:\/\/www.inforesidencias.com\/blog\/index.php\/2021\/10\/28\/es-grande-ser-mayor-21-de-octubre\/#breadcrumb"},"inLanguage":"es","potentialAction":[{"@type":"ReadAction","target":["https:\/\/www.inforesidencias.com\/blog\/index.php\/2021\/10\/28\/es-grande-ser-mayor-21-de-octubre\/"]}]},{"@type":"BreadcrumbList","@id":"https:\/\/www.inforesidencias.com\/blog\/index.php\/2021\/10\/28\/es-grande-ser-mayor-21-de-octubre\/#breadcrumb","itemListElement":[{"@type":"ListItem","position":1,"name":"Home","item":"https:\/\/www.inforesidencias.com\/blog\/"},{"@type":"ListItem","position":2,"name":"Es grande ser mayor, 21 de octubre"}]},{"@type":"WebSite","@id":"https:\/\/www.inforesidencias.com\/blog\/#website","url":"https:\/\/www.inforesidencias.com\/blog\/","name":"Blog Inforesidencias.com","description":"El buscador de residencias de la 3\u00aa edad","potentialAction":[{"@type":"SearchAction","target":{"@type":"EntryPoint","urlTemplate":"https:\/\/www.inforesidencias.com\/blog\/?s={search_term_string}"},"query-input":"required name=search_term_string"}],"inLanguage":"es"},{"@type":"Person","@id":"https:\/\/www.inforesidencias.com\/blog\/#\/schema\/person\/9e146774d1eb3bc1c0316242a3898628","name":"Josep de Mart\u00ed","image":{"@type":"ImageObject","inLanguage":"es","@id":"https:\/\/www.inforesidencias.com\/blog\/#\/schema\/person\/image\/","url":"https:\/\/secure.gravatar.com\/avatar\/de0302c4806c00c4cebff396a798c1ff?s=96&d=mm&r=g","contentUrl":"https:\/\/secure.gravatar.com\/avatar\/de0302c4806c00c4cebff396a798c1ff?s=96&d=mm&r=g","caption":"Josep de Mart\u00ed"},"sameAs":["https:\/\/www.inforesidencias.com","https:\/\/www.facebook.com\/josep.demarti","https:\/\/twitter.com\/blog-ir"],"url":"https:\/\/www.inforesidencias.com\/blog\/index.php\/author\/josepdemarti\/"}]}},"_links":{"self":[{"href":"https:\/\/www.inforesidencias.com\/blog\/index.php\/wp-json\/wp\/v2\/posts\/5115"}],"collection":[{"href":"https:\/\/www.inforesidencias.com\/blog\/index.php\/wp-json\/wp\/v2\/posts"}],"about":[{"href":"https:\/\/www.inforesidencias.com\/blog\/index.php\/wp-json\/wp\/v2\/types\/post"}],"author":[{"embeddable":true,"href":"https:\/\/www.inforesidencias.com\/blog\/index.php\/wp-json\/wp\/v2\/users\/2"}],"replies":[{"embeddable":true,"href":"https:\/\/www.inforesidencias.com\/blog\/index.php\/wp-json\/wp\/v2\/comments?post=5115"}],"version-history":[{"count":2,"href":"https:\/\/www.inforesidencias.com\/blog\/index.php\/wp-json\/wp\/v2\/posts\/5115\/revisions"}],"predecessor-version":[{"id":5117,"href":"https:\/\/www.inforesidencias.com\/blog\/index.php\/wp-json\/wp\/v2\/posts\/5115\/revisions\/5117"}],"wp:featuredmedia":[{"embeddable":true,"href":"https:\/\/www.inforesidencias.com\/blog\/index.php\/wp-json\/wp\/v2\/media\/5003"}],"wp:attachment":[{"href":"https:\/\/www.inforesidencias.com\/blog\/index.php\/wp-json\/wp\/v2\/media?parent=5115"}],"wp:term":[{"taxonomy":"category","embeddable":true,"href":"https:\/\/www.inforesidencias.com\/blog\/index.php\/wp-json\/wp\/v2\/categories?post=5115"},{"taxonomy":"post_tag","embeddable":true,"href":"https:\/\/www.inforesidencias.com\/blog\/index.php\/wp-json\/wp\/v2\/tags?post=5115"}],"curies":[{"name":"wp","href":"https:\/\/api.w.org\/{rel}","templated":true}]}}