{"id":5146,"date":"2021-11-05T07:06:00","date_gmt":"2021-11-05T06:06:00","guid":{"rendered":"https:\/\/www.inforesidencias.com\/blog\/?p=5146"},"modified":"2021-11-04T10:10:48","modified_gmt":"2021-11-04T09:10:48","slug":"la-residencia-anthurium-y-adopta-a-un-abuelo","status":"publish","type":"post","link":"https:\/\/www.inforesidencias.com\/blog\/index.php\/2021\/11\/05\/la-residencia-anthurium-y-adopta-a-un-abuelo\/","title":{"rendered":"La residencia Anthurium y Adopta a un abuelo"},"content":{"rendered":"\n<p><\/p>\n\n\n\n<p><\/p>\n\n\n\n<p>El programa del <a rel=\"noreferrer noopener\" href=\"https:\/\/www.estelfitxers.com\/audio\/2021-2022\/20211030-13_00TEMPSDEBENESTAR.MP3\" target=\"_blank\">s\u00e1bado del 30 de octubre<\/a> de \u00ab\u00c9s gran se gran\u00bb lo empezamos hablando de la longevidad de algunos animales que forman parte de la fauna de nuestro planeta y lo comparamos con la esperanza de vida de las personas.<\/p>\n\n\n\n<div class=\"wp-block-image\"><figure class=\"alignleft size-large is-resized\"><img decoding=\"async\" loading=\"lazy\" src=\"https:\/\/www.inforesidencias.com\/blog\/wp-content\/uploads\/2021\/11\/directora-de-la-residencia-anthurium.png\" alt=\"\" class=\"wp-image-5155\" width=\"379\" height=\"184\" srcset=\"https:\/\/www.inforesidencias.com\/blog\/wp-content\/uploads\/2021\/11\/directora-de-la-residencia-anthurium.png 882w, https:\/\/www.inforesidencias.com\/blog\/wp-content\/uploads\/2021\/11\/directora-de-la-residencia-anthurium-300x146.png 300w, https:\/\/www.inforesidencias.com\/blog\/wp-content\/uploads\/2021\/11\/directora-de-la-residencia-anthurium-768x373.png 768w\" sizes=\"(max-width: 379px) 100vw, 379px\" \/><figcaption>Eva Antol\u00edn, directora de la residencia Anthurium<\/figcaption><\/figure><\/div>\n\n\n\n<p>Seguidamente, en la entrevista de este primer d\u00eda del fin de semana, contamos con Eva Antol\u00edn, directora de la nueva <a href=\"https:\/\/www.inforesidencias.com\/centros\/residencia\/12986\/anthurium-residencia-i-centre-de-dia\">residencia Anthurium<\/a> de Cardedeu. Se trata de una residencia que ha abierto hace pocas semanas. Eva nos explic\u00f3 el significado de Anthurium y como surgi\u00f3 el proyecto de crear esta residencia en el centro del pueblo y al lado de la estaci\u00f3n de tren, reconvirtiendo un hotel conocido por todos los habitantes. Charlamos tambi\u00e9n sobre los servicios que se quieren ofrecer y las actividades para los residentes con salas especiales como la sala Snoezelen y la Sala Serreta. No nos olvidamos para acabar, de hablar con la directora de la residencia Anthurium de como la Covid19 ha influido en la estructura del centro y las nuevas ideas que esto tambi\u00e9n ha aportado en el dise\u00f1o.<\/p>\n\n\n\n<p>En la bolsa de trabajo, hablamos acerca de algunas opciones que podemos tomar cuando despu\u00e9s de una entrevista de trabajo nos hacen lo que llamamos ghosthing, es decir, el no decirnos si hemos sido elegidos par ael puesto vacante o no. Ante esa situaci\u00f3n, existen algunas maneras correctas de comunicar nuestro inter\u00e9s para saber el estado de la candidatura. <\/p>\n\n\n\n<p>Para acabar el programa, en la consulta del trabajador social hablamos acerca de los servicios que nos puede ofrecer la dependencia una vez nos han concedido un grado y porque no siempre el hecho de que nos den un dinero para que nos cuide un familiar es una buena opci\u00f3n.<\/p>\n\n\n\n<p>El <a href=\"https:\/\/www.estelfitxers.com\/audio\/2021-2022\/20211031-13_00TEMPSDEBENESTAR.MP3\" target=\"_blank\" rel=\"noreferrer noopener\">programa del domingo 31<\/a> al mediod\u00eda empez\u00f3 con una reflexi\u00f3n de Carles Reixach sobre el presente y futuro de las residencias de mayores. Un futuro que no tiene porqu\u00e9 estar tan marcado con la Covid y en donde el camino de cambio que est\u00e1bamos llevando a cabo antes de la pandemia era bueno.<\/p>\n\n\n\n<p>En los minutos para la entrevista hablamos con Guillermo \u00c1ngeles, jefe de tecnolog\u00eda de <a href=\"https:\/\/adoptaunabuelo.org\/\" target=\"_blank\" rel=\"noreferrer noopener\">Adopta un abuelo<\/a>.  Guillermo nos explic\u00f3 primero de todo que es Adopta a un abuelo, un programa que nace con el objetivo de ofrecer compa\u00f1\u00eda aquellas personas que viven en residencias de la tercera y que precisan de un mayor acompa\u00f1amiento por parte de voluntario\/a. Un programa pensado para residencias pero que tambi\u00e9n ofrece este servicio a quienes viven en su domicilio particular. Guillermo nos explic\u00f3 tambi\u00e9n como funciona la aplicaci\u00f3n de m\u00f3vil que desarrollaron debido a la pandemia para seguir a nivel telem\u00e1tico con los acompa\u00f1amientos.<\/p>\n\n\n\n<p>En la recta final del programa, en la consulta del trabajador social, hablamos de las posibilidades que tiene una persona cuando la residencia que m\u00e1s le ha gustado est\u00e1 llena y con lista de espera. Dimos algunos consejos para poder encontrar otra que nos guste o bien como acceder antes a la residencia que ahora est\u00e1 llena.<\/p>\n\n\n\n<p>Te puede interesar:<\/p>\n\n\n\n<p><a href=\"https:\/\/www.inforesidencias.com\/centros\/buscador\/residencias\/asturias\" target=\"_blank\" rel=\"noreferrer noopener\">Residencias de la tercera edad en Asturias<\/a><\/p>\n\n\n\n<p>Adopta a un abuelo recupera la <a href=\"https:\/\/www.inforesidencias.com\/blog\/index.php\/2021\/06\/21\/programa-intergeneracional-adopta-un-abuelo\/\" target=\"_blank\" rel=\"noreferrer noopener\">presencialidad de sus acompa\u00f1amientos<\/a><\/p>\n","protected":false},"excerpt":{"rendered":"<p>El programa del s\u00e1bado del 30 de octubre de \u00ab\u00c9s gran se gran\u00bb lo empezamos hablando de la longevidad de algunos animales que forman parte de la fauna de nuestro planeta y lo comparamos con la esperanza de vida de las personas. Seguidamente, en la entrevista de este primer d\u00eda del fin de semana, contamos con Eva Antol\u00edn, directora de la nueva residencia Anthurium de Cardedeu. Se trata de una residencia que ha abierto hace pocas semanas. Eva nos explic\u00f3 el significado de Anthurium y como surgi\u00f3 el proyecto de crear esta residencia en el centro del pueblo y al lado de la estaci\u00f3n de tren, reconvirtiendo un hotel conocido por todos los habitantes. Charlamos tambi\u00e9n sobre los servicios que se quieren ofrecer y las actividades para los residentes con salas especiales como la sala Snoezelen y la Sala Serreta. No nos olvidamos para acabar, de hablar con la directora [&hellip;]<\/p>\n","protected":false},"author":2,"featured_media":5153,"comment_status":"open","ping_status":"open","sticky":false,"template":"","format":"standard","meta":{"footnotes":""},"categories":[1],"tags":[],"yoast_head":"<!-- This site is optimized with the Yoast SEO plugin v21.7 - https:\/\/yoast.com\/wordpress\/plugins\/seo\/ -->\n<title>La residencia Anthurium y Adopta a un abuelo - Blog Inforesidencias.com<\/title>\n<meta name=\"description\" content=\"Entrevistamos a la directora de la nueva residencia Anthurium de Cardedeu y Adopta a un abuelo sobre su programa intergeneracional\" \/>\n<meta name=\"robots\" content=\"index, follow, max-snippet:-1, max-image-preview:large, max-video-preview:-1\" \/>\n<link rel=\"canonical\" href=\"https:\/\/www.inforesidencias.com\/blog\/index.php\/2021\/11\/05\/la-residencia-anthurium-y-adopta-a-un-abuelo\/\" \/>\n<meta property=\"og:locale\" content=\"es_ES\" \/>\n<meta property=\"og:type\" content=\"article\" \/>\n<meta property=\"og:title\" content=\"La residencia Anthurium y Adopta a un abuelo - Blog Inforesidencias.com\" \/>\n<meta property=\"og:description\" content=\"Entrevistamos a la directora de la nueva residencia Anthurium de Cardedeu y Adopta a un abuelo sobre su programa intergeneracional\" \/>\n<meta property=\"og:url\" content=\"https:\/\/www.inforesidencias.com\/blog\/index.php\/2021\/11\/05\/la-residencia-anthurium-y-adopta-a-un-abuelo\/\" \/>\n<meta property=\"og:site_name\" content=\"Blog Inforesidencias.com\" \/>\n<meta property=\"article:publisher\" content=\"https:\/\/www.facebook.com\/Inforesidencias\/\" \/>\n<meta property=\"article:author\" content=\"https:\/\/www.facebook.com\/josep.demarti\" \/>\n<meta property=\"article:published_time\" content=\"2021-11-05T06:06:00+00:00\" \/>\n<meta property=\"article:modified_time\" content=\"2021-11-04T09:10:48+00:00\" \/>\n<meta property=\"og:image\" content=\"https:\/\/www.inforesidencias.com\/blog\/wp-content\/uploads\/2021\/11\/residencia-anthurium.jpeg\" \/>\n\t<meta property=\"og:image:width\" content=\"1000\" \/>\n\t<meta property=\"og:image:height\" content=\"667\" \/>\n\t<meta property=\"og:image:type\" content=\"image\/jpeg\" \/>\n<meta name=\"author\" content=\"Josep de Mart\u00ed\" \/>\n<meta name=\"twitter:card\" content=\"summary_large_image\" \/>\n<meta name=\"twitter:creator\" content=\"@blog-ir\" \/>\n<meta name=\"twitter:site\" content=\"@inforesidencias\" \/>\n<meta name=\"twitter:label1\" content=\"Escrito por\" \/>\n\t<meta name=\"twitter:data1\" content=\"Josep de Mart\u00ed\" \/>\n\t<meta name=\"twitter:label2\" content=\"Tiempo de lectura\" \/>\n\t<meta name=\"twitter:data2\" content=\"3 minutos\" \/>\n<script type=\"application\/ld+json\" class=\"yoast-schema-graph\">{\"@context\":\"https:\/\/schema.org\",\"@graph\":[{\"@type\":\"WebPage\",\"@id\":\"https:\/\/www.inforesidencias.com\/blog\/index.php\/2021\/11\/05\/la-residencia-anthurium-y-adopta-a-un-abuelo\/\",\"url\":\"https:\/\/www.inforesidencias.com\/blog\/index.php\/2021\/11\/05\/la-residencia-anthurium-y-adopta-a-un-abuelo\/\",\"name\":\"La residencia Anthurium y Adopta a un abuelo - Blog Inforesidencias.com\",\"isPartOf\":{\"@id\":\"https:\/\/www.inforesidencias.com\/blog\/#website\"},\"datePublished\":\"2021-11-05T06:06:00+00:00\",\"dateModified\":\"2021-11-04T09:10:48+00:00\",\"author\":{\"@id\":\"https:\/\/www.inforesidencias.com\/blog\/#\/schema\/person\/9e146774d1eb3bc1c0316242a3898628\"},\"description\":\"Entrevistamos a la directora de la nueva residencia Anthurium de Cardedeu y Adopta a un abuelo sobre su programa intergeneracional\",\"breadcrumb\":{\"@id\":\"https:\/\/www.inforesidencias.com\/blog\/index.php\/2021\/11\/05\/la-residencia-anthurium-y-adopta-a-un-abuelo\/#breadcrumb\"},\"inLanguage\":\"es\",\"potentialAction\":[{\"@type\":\"ReadAction\",\"target\":[\"https:\/\/www.inforesidencias.com\/blog\/index.php\/2021\/11\/05\/la-residencia-anthurium-y-adopta-a-un-abuelo\/\"]}]},{\"@type\":\"BreadcrumbList\",\"@id\":\"https:\/\/www.inforesidencias.com\/blog\/index.php\/2021\/11\/05\/la-residencia-anthurium-y-adopta-a-un-abuelo\/#breadcrumb\",\"itemListElement\":[{\"@type\":\"ListItem\",\"position\":1,\"name\":\"Home\",\"item\":\"https:\/\/www.inforesidencias.com\/blog\/\"},{\"@type\":\"ListItem\",\"position\":2,\"name\":\"La residencia Anthurium y Adopta a un abuelo\"}]},{\"@type\":\"WebSite\",\"@id\":\"https:\/\/www.inforesidencias.com\/blog\/#website\",\"url\":\"https:\/\/www.inforesidencias.com\/blog\/\",\"name\":\"Blog Inforesidencias.com\",\"description\":\"El buscador de residencias de la 3\u00aa edad\",\"potentialAction\":[{\"@type\":\"SearchAction\",\"target\":{\"@type\":\"EntryPoint\",\"urlTemplate\":\"https:\/\/www.inforesidencias.com\/blog\/?s={search_term_string}\"},\"query-input\":\"required name=search_term_string\"}],\"inLanguage\":\"es\"},{\"@type\":\"Person\",\"@id\":\"https:\/\/www.inforesidencias.com\/blog\/#\/schema\/person\/9e146774d1eb3bc1c0316242a3898628\",\"name\":\"Josep de Mart\u00ed\",\"image\":{\"@type\":\"ImageObject\",\"inLanguage\":\"es\",\"@id\":\"https:\/\/www.inforesidencias.com\/blog\/#\/schema\/person\/image\/\",\"url\":\"https:\/\/secure.gravatar.com\/avatar\/de0302c4806c00c4cebff396a798c1ff?s=96&d=mm&r=g\",\"contentUrl\":\"https:\/\/secure.gravatar.com\/avatar\/de0302c4806c00c4cebff396a798c1ff?s=96&d=mm&r=g\",\"caption\":\"Josep de Mart\u00ed\"},\"sameAs\":[\"https:\/\/www.inforesidencias.com\",\"https:\/\/www.facebook.com\/josep.demarti\",\"https:\/\/twitter.com\/blog-ir\"],\"url\":\"https:\/\/www.inforesidencias.com\/blog\/index.php\/author\/josepdemarti\/\"}]}<\/script>\n<!-- \/ Yoast SEO plugin. -->","yoast_head_json":{"title":"La residencia Anthurium y Adopta a un abuelo - Blog Inforesidencias.com","description":"Entrevistamos a la directora de la nueva residencia Anthurium de Cardedeu y Adopta a un abuelo sobre su programa intergeneracional","robots":{"index":"index","follow":"follow","max-snippet":"max-snippet:-1","max-image-preview":"max-image-preview:large","max-video-preview":"max-video-preview:-1"},"canonical":"https:\/\/www.inforesidencias.com\/blog\/index.php\/2021\/11\/05\/la-residencia-anthurium-y-adopta-a-un-abuelo\/","og_locale":"es_ES","og_type":"article","og_title":"La residencia Anthurium y Adopta a un abuelo - Blog Inforesidencias.com","og_description":"Entrevistamos a la directora de la nueva residencia Anthurium de Cardedeu y Adopta a un abuelo sobre su programa intergeneracional","og_url":"https:\/\/www.inforesidencias.com\/blog\/index.php\/2021\/11\/05\/la-residencia-anthurium-y-adopta-a-un-abuelo\/","og_site_name":"Blog Inforesidencias.com","article_publisher":"https:\/\/www.facebook.com\/Inforesidencias\/","article_author":"https:\/\/www.facebook.com\/josep.demarti","article_published_time":"2021-11-05T06:06:00+00:00","article_modified_time":"2021-11-04T09:10:48+00:00","og_image":[{"width":1000,"height":667,"url":"https:\/\/www.inforesidencias.com\/blog\/wp-content\/uploads\/2021\/11\/residencia-anthurium.jpeg","type":"image\/jpeg"}],"author":"Josep de Mart\u00ed","twitter_card":"summary_large_image","twitter_creator":"@blog-ir","twitter_site":"@inforesidencias","twitter_misc":{"Escrito por":"Josep de Mart\u00ed","Tiempo de lectura":"3 minutos"},"schema":{"@context":"https:\/\/schema.org","@graph":[{"@type":"WebPage","@id":"https:\/\/www.inforesidencias.com\/blog\/index.php\/2021\/11\/05\/la-residencia-anthurium-y-adopta-a-un-abuelo\/","url":"https:\/\/www.inforesidencias.com\/blog\/index.php\/2021\/11\/05\/la-residencia-anthurium-y-adopta-a-un-abuelo\/","name":"La residencia Anthurium y Adopta a un abuelo - Blog Inforesidencias.com","isPartOf":{"@id":"https:\/\/www.inforesidencias.com\/blog\/#website"},"datePublished":"2021-11-05T06:06:00+00:00","dateModified":"2021-11-04T09:10:48+00:00","author":{"@id":"https:\/\/www.inforesidencias.com\/blog\/#\/schema\/person\/9e146774d1eb3bc1c0316242a3898628"},"description":"Entrevistamos a la directora de la nueva residencia Anthurium de Cardedeu y Adopta a un abuelo sobre su programa intergeneracional","breadcrumb":{"@id":"https:\/\/www.inforesidencias.com\/blog\/index.php\/2021\/11\/05\/la-residencia-anthurium-y-adopta-a-un-abuelo\/#breadcrumb"},"inLanguage":"es","potentialAction":[{"@type":"ReadAction","target":["https:\/\/www.inforesidencias.com\/blog\/index.php\/2021\/11\/05\/la-residencia-anthurium-y-adopta-a-un-abuelo\/"]}]},{"@type":"BreadcrumbList","@id":"https:\/\/www.inforesidencias.com\/blog\/index.php\/2021\/11\/05\/la-residencia-anthurium-y-adopta-a-un-abuelo\/#breadcrumb","itemListElement":[{"@type":"ListItem","position":1,"name":"Home","item":"https:\/\/www.inforesidencias.com\/blog\/"},{"@type":"ListItem","position":2,"name":"La residencia Anthurium y Adopta a un abuelo"}]},{"@type":"WebSite","@id":"https:\/\/www.inforesidencias.com\/blog\/#website","url":"https:\/\/www.inforesidencias.com\/blog\/","name":"Blog Inforesidencias.com","description":"El buscador de residencias de la 3\u00aa edad","potentialAction":[{"@type":"SearchAction","target":{"@type":"EntryPoint","urlTemplate":"https:\/\/www.inforesidencias.com\/blog\/?s={search_term_string}"},"query-input":"required name=search_term_string"}],"inLanguage":"es"},{"@type":"Person","@id":"https:\/\/www.inforesidencias.com\/blog\/#\/schema\/person\/9e146774d1eb3bc1c0316242a3898628","name":"Josep de Mart\u00ed","image":{"@type":"ImageObject","inLanguage":"es","@id":"https:\/\/www.inforesidencias.com\/blog\/#\/schema\/person\/image\/","url":"https:\/\/secure.gravatar.com\/avatar\/de0302c4806c00c4cebff396a798c1ff?s=96&d=mm&r=g","contentUrl":"https:\/\/secure.gravatar.com\/avatar\/de0302c4806c00c4cebff396a798c1ff?s=96&d=mm&r=g","caption":"Josep de Mart\u00ed"},"sameAs":["https:\/\/www.inforesidencias.com","https:\/\/www.facebook.com\/josep.demarti","https:\/\/twitter.com\/blog-ir"],"url":"https:\/\/www.inforesidencias.com\/blog\/index.php\/author\/josepdemarti\/"}]}},"_links":{"self":[{"href":"https:\/\/www.inforesidencias.com\/blog\/index.php\/wp-json\/wp\/v2\/posts\/5146"}],"collection":[{"href":"https:\/\/www.inforesidencias.com\/blog\/index.php\/wp-json\/wp\/v2\/posts"}],"about":[{"href":"https:\/\/www.inforesidencias.com\/blog\/index.php\/wp-json\/wp\/v2\/types\/post"}],"author":[{"embeddable":true,"href":"https:\/\/www.inforesidencias.com\/blog\/index.php\/wp-json\/wp\/v2\/users\/2"}],"replies":[{"embeddable":true,"href":"https:\/\/www.inforesidencias.com\/blog\/index.php\/wp-json\/wp\/v2\/comments?post=5146"}],"version-history":[{"count":9,"href":"https:\/\/www.inforesidencias.com\/blog\/index.php\/wp-json\/wp\/v2\/posts\/5146\/revisions"}],"predecessor-version":[{"id":5157,"href":"https:\/\/www.inforesidencias.com\/blog\/index.php\/wp-json\/wp\/v2\/posts\/5146\/revisions\/5157"}],"wp:featuredmedia":[{"embeddable":true,"href":"https:\/\/www.inforesidencias.com\/blog\/index.php\/wp-json\/wp\/v2\/media\/5153"}],"wp:attachment":[{"href":"https:\/\/www.inforesidencias.com\/blog\/index.php\/wp-json\/wp\/v2\/media?parent=5146"}],"wp:term":[{"taxonomy":"category","embeddable":true,"href":"https:\/\/www.inforesidencias.com\/blog\/index.php\/wp-json\/wp\/v2\/categories?post=5146"},{"taxonomy":"post_tag","embeddable":true,"href":"https:\/\/www.inforesidencias.com\/blog\/index.php\/wp-json\/wp\/v2\/tags?post=5146"}],"curies":[{"name":"wp","href":"https:\/\/api.w.org\/{rel}","templated":true}]}}