{"id":5189,"date":"2021-11-29T18:08:09","date_gmt":"2021-11-29T17:08:09","guid":{"rendered":"https:\/\/www.inforesidencias.com\/blog\/?p=5189"},"modified":"2021-11-29T18:08:11","modified_gmt":"2021-11-29T17:08:11","slug":"alianza-estrategica-con-infoelder-com","status":"publish","type":"post","link":"https:\/\/www.inforesidencias.com\/blog\/index.php\/2021\/11\/29\/alianza-estrategica-con-infoelder-com\/","title":{"rendered":"Alianza estrat\u00e9gica con infoelder.com"},"content":{"rendered":"\n<p>En el \u00faltimo programa <a href=\"https:\/\/open.spotify.com\/episode\/09fPSsiyVsaCDOMN3Mh6DB?si=0pNtiOFIS_ONF0dJr_nTIg&amp;utm_source=whatsapp&amp;nd=1\">E<\/a><a href=\"https:\/\/open.spotify.com\/episode\/09fPSsiyVsaCDOMN3Mh6DB?si=0pNtiOFIS_ONF0dJr_nTIg&amp;utm_source=whatsapp&amp;nd=1\" target=\"_blank\" rel=\"noreferrer noopener\">S GRANDE SER MAYOR del 25 de noviembre<\/a> que todas las semanas se escucha en LGN Radio de mano de Inforesidencias.com, el buscador de residencias, de centros de d\u00eda y de servicios a domicilio l\u00edder en Espa\u00f1a, pudimos hablar con el director de <a href=\"https:\/\/www.infoelder.com\/\">Infoelder.com<\/a>, Juan Pablo Correa, portal que ha cerrado recientemente una alianza estrat\u00e9gica con Inforesidencias.com. Hemos sabido qu\u00e9 es Infoelder. Tambi\u00e9n por qu\u00e9 una alianza estrat\u00e9gica e, igualmente, qu\u00e9 ventajas tiene para los usuarios que dos portales que son referencia en el mundo de las residencias junten sus fuerzas.\u00a0<\/p>\n\n\n\n<p>Juan Pablo, que tambi\u00e9n es consultor de integraci\u00f3n digital para Inforesidencias, nos explicaba que Infoelder es una plataforma en Internet que busca poner en el mismo lugar a los proveedores de servicios asistenciales y a la demanda, lo que ahora se llama en el mundo digital un marketplace de servicios.<\/p>\n\n\n\n<div class=\"wp-block-image\"><figure class=\"alignleft size-large is-resized\"><img decoding=\"async\" loading=\"lazy\" src=\"https:\/\/www.inforesidencias.com\/blog\/wp-content\/uploads\/2021\/11\/director-de-infoelder.com_.jpg\" alt=\"\" class=\"wp-image-5191\" width=\"227\" height=\"227\" srcset=\"https:\/\/www.inforesidencias.com\/blog\/wp-content\/uploads\/2021\/11\/director-de-infoelder.com_.jpg 280w, https:\/\/www.inforesidencias.com\/blog\/wp-content\/uploads\/2021\/11\/director-de-infoelder.com_-150x150.jpg 150w\" sizes=\"(max-width: 227px) 100vw, 227px\" \/><figcaption>Juan Pablo Correa<\/figcaption><\/figure><\/div>\n\n\n\n<p>\u00bfQu\u00e9 significa esta alianza estrat\u00e9gica? Juan Pablo Correa apuntaba que como empezaron unos a\u00f1os despu\u00e9s que Inforesidencias, al principio eran competidores, pero con los a\u00f1os vieron que ten\u00edan cosas en com\u00fan y quiz\u00e1s era mucho m\u00e1s inteligente unir fuerzas para intentar consolidar un servicio que pudiera llegar a much\u00edsimas m\u00e1s personas. \u201cEsta alianza estrat\u00e9gica nos ha permitido unir fuerzas, compartir experiencias, aportar conocimiento de nuestro lado, que somos m\u00e1s t\u00e9cnicos, a Inforesidencias y aprender much\u00edsimo de lo que Inforesidencias ha podido cultivar en los a\u00f1os, que es una gran experiencia en c\u00f3mo promover los servicios geroasistenciales en Espa\u00f1a\u201d, subrayaba el director de Infoelder.<\/p>\n\n\n\n<p>Como principal ventaja al usuario se encuentra que esta alianza estrat\u00e9gica conlleva que los dos portales trabajen en equipo para poderle dar al usuario el mejor servicio que se acomode a sus necesidades y las preferencias de la persona mayor o el familiar que est\u00e9 al cuidado.<\/p>\n\n\n\n<p>Del mismo modo, Juan Pablo Correa, el director de infoelder.com nos habl\u00f3 de la importancia de las nuevas tecnolog\u00edas para buscar servicios y recursos para las personas mayores. Por ejemplo, la importancia del tel\u00e9fono m\u00f3vil: \u201cYa no podemos salir a la calle si no llevamos el m\u00f3vil en nuestro bolsillo. Se ha convertido en una herramienta que nos ayuda en muchos aspectos de nuestra vida diaria. Tenemos que enfocarnos para que sea cada vez m\u00e1s f\u00e1cil de utilizar cualquier tipo de p\u00e1gina con informaci\u00f3n para que le llegue de manera eficaz a las personas que consultan estas plataformas\u201d.<\/p>\n\n\n\n<p>En el mundo de las residencias todo esto de las nuevas tecnolog\u00edas es fundamental, especialmente en un buscador, para facilitar ese trabajo a las personas. \u201cVemos las posibilidades que las nuevas tecnolog\u00edas ofrecen, no solo desde el punto de vista de negocio sino de cara tambi\u00e9n a nuestros clientes para facilitar muchas tareas que antes ten\u00edamos que hacer manualmente o comunicar muchas cosas que antes las ten\u00edamos que hacer de manera muy anal\u00f3gica y que hoy las podemos hacer de manera digital aprovechando que podemos llegar de manera eficiente a la gente a trav\u00e9s de dispositivos m\u00f3viles\u201d, concluy\u00f3 Juan Pablo Correa.<\/p>\n\n\n\n<p>Antes, el director de Inforesidencias.com, Josep de Mart\u00ed, nos habl\u00f3 durante poco m\u00e1s de dos minutos de si es mejor una residencia grande o una peque\u00f1a. Nos cont\u00f3 que&nbsp; despu\u00e9s de una conferencia se le acerc\u00f3 una mujer que le dijo que su madre necesita una residencia y que est\u00e1n mirando varias y ven que hay residencias de diferentes tama\u00f1os, Las hay peque\u00f1itas que tienen 30 plazas, que te dicen que el trato es muy familiar, y hay residencias m\u00e1s grandes en las que te est\u00e1n diciendo que dan un trato muy profesional, que tiene m\u00e1s horas de profesionales, que tienen un gimnasio grande, que tienen salas de actividades y que ofrecen otros servicios m\u00e1s amplios. Cuenta Josep que le puso en un compromiso, pero explic\u00f3 que siempre que le dicen esto hace una reflexi\u00f3n y le dice: \u201cT\u00fa ve a la residencia en la que est\u00e1s pensando ingresar a tu madre, que no puede decidir por s\u00ed misma, y piensa todo el rato que la residencia es para ti. No existe la mejor residencia o la peor residencia, en general existe la mejor o la peor residencia para cada uno. Es posible que t\u00fa vayas a una residencia que sea muy grande y que digas pues no s\u00e9 no me acabo de encontrar y vayas a una peque\u00f1a y digas aqu\u00ed s\u00ed que me encontrar\u00eda bien y puede ser a la inversa, porque depende de cada uno\u201d.<\/p>\n\n\n\n<p>Hay personas que valoran much\u00edsimo el hecho de tener un jard\u00edn grande o tener un gimnasio con varias m\u00e1quinas porque piensan que esto les va a ir bien y hay otras que lo que valoran m\u00e1s es que la residencia est\u00e9 cerca de casa de una hija o de un familiar. Algunos dicen que les gustar\u00eda ir al pueblo d\u00f3nde naci\u00f3. \u201cConsideremos que hay muchos factores, que el tama\u00f1o no siempre va a ser importante y que al final tengamos en cuenta que no existe la mejor residencia para cada uno de nosotros\u201d. concluye Josep de Mart\u00ed.&nbsp;<\/p>\n\n\n\n<p>El programa, como todos, tuvo su Consejo de Salud coma siempre tan necesario alguna consulta del trabajador social y alguna recomendaci\u00f3n tambi\u00e9n para la bolsa de trabajo.<\/p>\n\n\n\n<p>Si consideran ustedes que este programa ha sido de su inter\u00e9s, que yo dir\u00eda que s\u00ed, les recomiendo que la pr\u00f3xima semana escuchen de nuevo ES GRANDE SER MAYOR en LGN Radio, en el 99.3 de la FM en Madrid o busquen aqu\u00ed el podcast. \u00a1Hasta la semana que viene!<\/p>\n\n\n\n<p>Te puede interesar:<\/p>\n\n\n\n<ul><li> Entrevistas a Juan Pablo Correa, director de infoelder.com hablando de los <a href=\"https:\/\/www.inforesidencias.com\/blog\/index.php\/2021\/03\/12\/los-mayores-en-finlandia-y-los-centros-rems\/\">mayores en Finlandia<\/a><\/li><li><a href=\"https:\/\/www.inforesidencias.com\/centros\/buscador\/residencias\/pais-vasco\/vizcaya\/bilbao\">Residencias de la tercera edad en Bilbao<\/a><\/li><\/ul>\n\n\n\n<p><\/p>\n","protected":false},"excerpt":{"rendered":"<p>En el \u00faltimo programa ES GRANDE SER MAYOR del 25 de noviembre que todas las semanas se escucha en LGN Radio de mano de Inforesidencias.com, el buscador de residencias, de centros de d\u00eda y de servicios a domicilio l\u00edder en Espa\u00f1a, pudimos hablar con el director de Infoelder.com, Juan Pablo Correa, portal que ha cerrado recientemente una alianza estrat\u00e9gica con Inforesidencias.com. Hemos sabido qu\u00e9 es Infoelder. Tambi\u00e9n por qu\u00e9 una alianza estrat\u00e9gica e, igualmente, qu\u00e9 ventajas tiene para los usuarios que dos portales que son referencia en el mundo de las residencias junten sus fuerzas.\u00a0 Juan Pablo, que tambi\u00e9n es consultor de integraci\u00f3n digital para Inforesidencias, nos explicaba que Infoelder es una plataforma en Internet que busca poner en el mismo lugar a los proveedores de servicios asistenciales y a la demanda, lo que ahora se llama en el mundo digital un marketplace de servicios. \u00bfQu\u00e9 significa esta alianza estrat\u00e9gica? [&hellip;]<\/p>\n","protected":false},"author":2,"featured_media":5191,"comment_status":"open","ping_status":"open","sticky":false,"template":"","format":"standard","meta":{"footnotes":""},"categories":[1],"tags":[],"yoast_head":"<!-- This site is optimized with the Yoast SEO plugin v21.7 - https:\/\/yoast.com\/wordpress\/plugins\/seo\/ -->\n<title>Alianza estrat\u00e9gica con infoelder.com - Blog Inforesidencias.com<\/title>\n<meta name=\"description\" content=\"Hablamos en radio Legan\u00e9s con el director de infoelder.com Juan Pablo Correa y de la alianza estrat\u00e9gica con inforesidencias\" \/>\n<meta name=\"robots\" content=\"index, follow, max-snippet:-1, max-image-preview:large, max-video-preview:-1\" \/>\n<link rel=\"canonical\" href=\"https:\/\/www.inforesidencias.com\/blog\/index.php\/2021\/11\/29\/alianza-estrategica-con-infoelder-com\/\" \/>\n<meta property=\"og:locale\" content=\"es_ES\" \/>\n<meta property=\"og:type\" content=\"article\" \/>\n<meta property=\"og:title\" content=\"Alianza estrat\u00e9gica con infoelder.com - Blog Inforesidencias.com\" \/>\n<meta property=\"og:description\" content=\"Hablamos en radio Legan\u00e9s con el director de infoelder.com Juan Pablo Correa y de la alianza estrat\u00e9gica con inforesidencias\" \/>\n<meta property=\"og:url\" content=\"https:\/\/www.inforesidencias.com\/blog\/index.php\/2021\/11\/29\/alianza-estrategica-con-infoelder-com\/\" \/>\n<meta property=\"og:site_name\" content=\"Blog Inforesidencias.com\" \/>\n<meta property=\"article:publisher\" content=\"https:\/\/www.facebook.com\/Inforesidencias\/\" \/>\n<meta property=\"article:author\" content=\"https:\/\/www.facebook.com\/josep.demarti\" \/>\n<meta property=\"article:published_time\" content=\"2021-11-29T17:08:09+00:00\" \/>\n<meta property=\"article:modified_time\" content=\"2021-11-29T17:08:11+00:00\" \/>\n<meta property=\"og:image\" content=\"https:\/\/www.inforesidencias.com\/blog\/wp-content\/uploads\/2021\/11\/director-de-infoelder.com_.jpg\" \/>\n\t<meta property=\"og:image:width\" content=\"280\" \/>\n\t<meta property=\"og:image:height\" content=\"280\" \/>\n\t<meta property=\"og:image:type\" content=\"image\/jpeg\" \/>\n<meta name=\"author\" content=\"Josep de Mart\u00ed\" \/>\n<meta name=\"twitter:card\" content=\"summary_large_image\" \/>\n<meta name=\"twitter:creator\" content=\"@blog-ir\" \/>\n<meta name=\"twitter:site\" content=\"@inforesidencias\" \/>\n<meta name=\"twitter:label1\" content=\"Escrito por\" \/>\n\t<meta name=\"twitter:data1\" content=\"Josep de Mart\u00ed\" \/>\n\t<meta name=\"twitter:label2\" content=\"Tiempo de lectura\" \/>\n\t<meta name=\"twitter:data2\" content=\"5 minutos\" \/>\n<script type=\"application\/ld+json\" class=\"yoast-schema-graph\">{\"@context\":\"https:\/\/schema.org\",\"@graph\":[{\"@type\":\"WebPage\",\"@id\":\"https:\/\/www.inforesidencias.com\/blog\/index.php\/2021\/11\/29\/alianza-estrategica-con-infoelder-com\/\",\"url\":\"https:\/\/www.inforesidencias.com\/blog\/index.php\/2021\/11\/29\/alianza-estrategica-con-infoelder-com\/\",\"name\":\"Alianza estrat\u00e9gica con infoelder.com - Blog Inforesidencias.com\",\"isPartOf\":{\"@id\":\"https:\/\/www.inforesidencias.com\/blog\/#website\"},\"datePublished\":\"2021-11-29T17:08:09+00:00\",\"dateModified\":\"2021-11-29T17:08:11+00:00\",\"author\":{\"@id\":\"https:\/\/www.inforesidencias.com\/blog\/#\/schema\/person\/9e146774d1eb3bc1c0316242a3898628\"},\"description\":\"Hablamos en radio Legan\u00e9s con el director de infoelder.com Juan Pablo Correa y de la alianza estrat\u00e9gica con inforesidencias\",\"breadcrumb\":{\"@id\":\"https:\/\/www.inforesidencias.com\/blog\/index.php\/2021\/11\/29\/alianza-estrategica-con-infoelder-com\/#breadcrumb\"},\"inLanguage\":\"es\",\"potentialAction\":[{\"@type\":\"ReadAction\",\"target\":[\"https:\/\/www.inforesidencias.com\/blog\/index.php\/2021\/11\/29\/alianza-estrategica-con-infoelder-com\/\"]}]},{\"@type\":\"BreadcrumbList\",\"@id\":\"https:\/\/www.inforesidencias.com\/blog\/index.php\/2021\/11\/29\/alianza-estrategica-con-infoelder-com\/#breadcrumb\",\"itemListElement\":[{\"@type\":\"ListItem\",\"position\":1,\"name\":\"Home\",\"item\":\"https:\/\/www.inforesidencias.com\/blog\/\"},{\"@type\":\"ListItem\",\"position\":2,\"name\":\"Alianza estrat\u00e9gica con infoelder.com\"}]},{\"@type\":\"WebSite\",\"@id\":\"https:\/\/www.inforesidencias.com\/blog\/#website\",\"url\":\"https:\/\/www.inforesidencias.com\/blog\/\",\"name\":\"Blog Inforesidencias.com\",\"description\":\"El buscador de residencias de la 3\u00aa edad\",\"potentialAction\":[{\"@type\":\"SearchAction\",\"target\":{\"@type\":\"EntryPoint\",\"urlTemplate\":\"https:\/\/www.inforesidencias.com\/blog\/?s={search_term_string}\"},\"query-input\":\"required name=search_term_string\"}],\"inLanguage\":\"es\"},{\"@type\":\"Person\",\"@id\":\"https:\/\/www.inforesidencias.com\/blog\/#\/schema\/person\/9e146774d1eb3bc1c0316242a3898628\",\"name\":\"Josep de Mart\u00ed\",\"image\":{\"@type\":\"ImageObject\",\"inLanguage\":\"es\",\"@id\":\"https:\/\/www.inforesidencias.com\/blog\/#\/schema\/person\/image\/\",\"url\":\"https:\/\/secure.gravatar.com\/avatar\/de0302c4806c00c4cebff396a798c1ff?s=96&d=mm&r=g\",\"contentUrl\":\"https:\/\/secure.gravatar.com\/avatar\/de0302c4806c00c4cebff396a798c1ff?s=96&d=mm&r=g\",\"caption\":\"Josep de Mart\u00ed\"},\"sameAs\":[\"https:\/\/www.inforesidencias.com\",\"https:\/\/www.facebook.com\/josep.demarti\",\"https:\/\/twitter.com\/blog-ir\"],\"url\":\"https:\/\/www.inforesidencias.com\/blog\/index.php\/author\/josepdemarti\/\"}]}<\/script>\n<!-- \/ Yoast SEO plugin. -->","yoast_head_json":{"title":"Alianza estrat\u00e9gica con infoelder.com - Blog Inforesidencias.com","description":"Hablamos en radio Legan\u00e9s con el director de infoelder.com Juan Pablo Correa y de la alianza estrat\u00e9gica con inforesidencias","robots":{"index":"index","follow":"follow","max-snippet":"max-snippet:-1","max-image-preview":"max-image-preview:large","max-video-preview":"max-video-preview:-1"},"canonical":"https:\/\/www.inforesidencias.com\/blog\/index.php\/2021\/11\/29\/alianza-estrategica-con-infoelder-com\/","og_locale":"es_ES","og_type":"article","og_title":"Alianza estrat\u00e9gica con infoelder.com - Blog Inforesidencias.com","og_description":"Hablamos en radio Legan\u00e9s con el director de infoelder.com Juan Pablo Correa y de la alianza estrat\u00e9gica con inforesidencias","og_url":"https:\/\/www.inforesidencias.com\/blog\/index.php\/2021\/11\/29\/alianza-estrategica-con-infoelder-com\/","og_site_name":"Blog Inforesidencias.com","article_publisher":"https:\/\/www.facebook.com\/Inforesidencias\/","article_author":"https:\/\/www.facebook.com\/josep.demarti","article_published_time":"2021-11-29T17:08:09+00:00","article_modified_time":"2021-11-29T17:08:11+00:00","og_image":[{"width":280,"height":280,"url":"https:\/\/www.inforesidencias.com\/blog\/wp-content\/uploads\/2021\/11\/director-de-infoelder.com_.jpg","type":"image\/jpeg"}],"author":"Josep de Mart\u00ed","twitter_card":"summary_large_image","twitter_creator":"@blog-ir","twitter_site":"@inforesidencias","twitter_misc":{"Escrito por":"Josep de Mart\u00ed","Tiempo de lectura":"5 minutos"},"schema":{"@context":"https:\/\/schema.org","@graph":[{"@type":"WebPage","@id":"https:\/\/www.inforesidencias.com\/blog\/index.php\/2021\/11\/29\/alianza-estrategica-con-infoelder-com\/","url":"https:\/\/www.inforesidencias.com\/blog\/index.php\/2021\/11\/29\/alianza-estrategica-con-infoelder-com\/","name":"Alianza estrat\u00e9gica con infoelder.com - Blog Inforesidencias.com","isPartOf":{"@id":"https:\/\/www.inforesidencias.com\/blog\/#website"},"datePublished":"2021-11-29T17:08:09+00:00","dateModified":"2021-11-29T17:08:11+00:00","author":{"@id":"https:\/\/www.inforesidencias.com\/blog\/#\/schema\/person\/9e146774d1eb3bc1c0316242a3898628"},"description":"Hablamos en radio Legan\u00e9s con el director de infoelder.com Juan Pablo Correa y de la alianza estrat\u00e9gica con inforesidencias","breadcrumb":{"@id":"https:\/\/www.inforesidencias.com\/blog\/index.php\/2021\/11\/29\/alianza-estrategica-con-infoelder-com\/#breadcrumb"},"inLanguage":"es","potentialAction":[{"@type":"ReadAction","target":["https:\/\/www.inforesidencias.com\/blog\/index.php\/2021\/11\/29\/alianza-estrategica-con-infoelder-com\/"]}]},{"@type":"BreadcrumbList","@id":"https:\/\/www.inforesidencias.com\/blog\/index.php\/2021\/11\/29\/alianza-estrategica-con-infoelder-com\/#breadcrumb","itemListElement":[{"@type":"ListItem","position":1,"name":"Home","item":"https:\/\/www.inforesidencias.com\/blog\/"},{"@type":"ListItem","position":2,"name":"Alianza estrat\u00e9gica con infoelder.com"}]},{"@type":"WebSite","@id":"https:\/\/www.inforesidencias.com\/blog\/#website","url":"https:\/\/www.inforesidencias.com\/blog\/","name":"Blog Inforesidencias.com","description":"El buscador de residencias de la 3\u00aa edad","potentialAction":[{"@type":"SearchAction","target":{"@type":"EntryPoint","urlTemplate":"https:\/\/www.inforesidencias.com\/blog\/?s={search_term_string}"},"query-input":"required name=search_term_string"}],"inLanguage":"es"},{"@type":"Person","@id":"https:\/\/www.inforesidencias.com\/blog\/#\/schema\/person\/9e146774d1eb3bc1c0316242a3898628","name":"Josep de Mart\u00ed","image":{"@type":"ImageObject","inLanguage":"es","@id":"https:\/\/www.inforesidencias.com\/blog\/#\/schema\/person\/image\/","url":"https:\/\/secure.gravatar.com\/avatar\/de0302c4806c00c4cebff396a798c1ff?s=96&d=mm&r=g","contentUrl":"https:\/\/secure.gravatar.com\/avatar\/de0302c4806c00c4cebff396a798c1ff?s=96&d=mm&r=g","caption":"Josep de Mart\u00ed"},"sameAs":["https:\/\/www.inforesidencias.com","https:\/\/www.facebook.com\/josep.demarti","https:\/\/twitter.com\/blog-ir"],"url":"https:\/\/www.inforesidencias.com\/blog\/index.php\/author\/josepdemarti\/"}]}},"_links":{"self":[{"href":"https:\/\/www.inforesidencias.com\/blog\/index.php\/wp-json\/wp\/v2\/posts\/5189"}],"collection":[{"href":"https:\/\/www.inforesidencias.com\/blog\/index.php\/wp-json\/wp\/v2\/posts"}],"about":[{"href":"https:\/\/www.inforesidencias.com\/blog\/index.php\/wp-json\/wp\/v2\/types\/post"}],"author":[{"embeddable":true,"href":"https:\/\/www.inforesidencias.com\/blog\/index.php\/wp-json\/wp\/v2\/users\/2"}],"replies":[{"embeddable":true,"href":"https:\/\/www.inforesidencias.com\/blog\/index.php\/wp-json\/wp\/v2\/comments?post=5189"}],"version-history":[{"count":2,"href":"https:\/\/www.inforesidencias.com\/blog\/index.php\/wp-json\/wp\/v2\/posts\/5189\/revisions"}],"predecessor-version":[{"id":5192,"href":"https:\/\/www.inforesidencias.com\/blog\/index.php\/wp-json\/wp\/v2\/posts\/5189\/revisions\/5192"}],"wp:featuredmedia":[{"embeddable":true,"href":"https:\/\/www.inforesidencias.com\/blog\/index.php\/wp-json\/wp\/v2\/media\/5191"}],"wp:attachment":[{"href":"https:\/\/www.inforesidencias.com\/blog\/index.php\/wp-json\/wp\/v2\/media?parent=5189"}],"wp:term":[{"taxonomy":"category","embeddable":true,"href":"https:\/\/www.inforesidencias.com\/blog\/index.php\/wp-json\/wp\/v2\/categories?post=5189"},{"taxonomy":"post_tag","embeddable":true,"href":"https:\/\/www.inforesidencias.com\/blog\/index.php\/wp-json\/wp\/v2\/tags?post=5189"}],"curies":[{"name":"wp","href":"https:\/\/api.w.org\/{rel}","templated":true}]}}