{"id":5220,"date":"2021-12-16T07:45:00","date_gmt":"2021-12-16T06:45:00","guid":{"rendered":"https:\/\/www.inforesidencias.com\/blog\/?p=5220"},"modified":"2021-12-15T15:36:30","modified_gmt":"2021-12-15T14:36:30","slug":"rutas-de-montana-mas-alla-de-los-65-anos","status":"publish","type":"post","link":"https:\/\/www.inforesidencias.com\/blog\/index.php\/2021\/12\/16\/rutas-de-montana-mas-alla-de-los-65-anos\/","title":{"rendered":"Rutas de monta\u00f1a m\u00e1s all\u00e1 de los 65 a\u00f1os"},"content":{"rendered":"\n<p>El programa del <a href=\"https:\/\/www.estelfitxers.com\/audio\/2021-2022\/20211211-13_00TEMPSDEBENESTAR.MP3\">s\u00e1bado dia 12 de diciembre<\/a> de \u00ab\u00c9s gran ser gran\u00bb empez\u00f3 hablando de algunas de las empresas m\u00e1s antiguas de Espa\u00f1a y la m\u00e1s antigua del mundo. Fue una sorpresa ver que muchas de las empresas m\u00e1s antiguas de nuestro pa\u00eds tienen relaci\u00f3n con el mundo del vino y el cava.<\/p>\n\n\n\n<div class=\"wp-block-image\"><figure class=\"alignleft size-large is-resized\"><img decoding=\"async\" loading=\"lazy\" src=\"https:\/\/www.inforesidencias.com\/blog\/wp-content\/uploads\/2021\/12\/rutas-de-montan\u0303a-ama\u0301s-alla\u0301-de-los-65-an\u0303os.png\" alt=\"\" class=\"wp-image-5225\" width=\"245\" height=\"376\" srcset=\"https:\/\/www.inforesidencias.com\/blog\/wp-content\/uploads\/2021\/12\/rutas-de-montan\u0303a-ama\u0301s-alla\u0301-de-los-65-an\u0303os.png 574w, https:\/\/www.inforesidencias.com\/blog\/wp-content\/uploads\/2021\/12\/rutas-de-montan\u0303a-ama\u0301s-alla\u0301-de-los-65-an\u0303os-195x300.png 195w\" sizes=\"(max-width: 245px) 100vw, 245px\" \/><\/figure><\/div>\n\n\n\n<p>En el espacio para la entrevista, contamos con Anna Cebri\u00e1n, directora de marketing de inforesidencias. En esta ocasi\u00f3n, quisimos conocer la parte m\u00e1s personal de Anna, sobretodo en lo centrado a su afici\u00f3n en hacer rutas de monta\u00f1a. Con a\u00f1os de experiencia a sus espaldas, nos explic\u00f3 algunas de las mejoras zonas en donde hacer rutas y algunos consejos para todos aquellos que empiezan a hacer rutas, <a href=\"https:\/\/www.inforesidencias.com\/blog\/index.php\/2020\/10\/22\/el-envejecimiento-activo-como-concepto-de-calidad-de-vida\/\" target=\"_blank\" rel=\"noreferrer noopener\">sobretodo a partir de los 65 a\u00f1os.<\/a> Hablamos tambi\u00e9n de las diferencias entre senderismo y monta\u00f1ismo y las \u00e9pocas del a\u00f1o en las que es mejor ir a hacer rutas de monta\u00f1a. Adem\u00e1s, dedicamos unos minutos para hablar del calzado y su importancia para evitar lesiones y algunos consejos muy f\u00e1ciles de seguir a la hora de planificar una ruta.<\/p>\n\n\n\n<p>En la <a href=\"https:\/\/www.inforesidencias.com\/bolsa\/ofertas-de-trabajo\" target=\"_blank\" rel=\"noreferrer noopener\">bolsa de trabajo<\/a>, hablamos sobre lo que se buscaba en los primeros trabajos hace unas d\u00e9cadas y lo que se busca ahora por parte de los milenials y la generaci\u00f3n que se incorporan al mercado de trabajo. Para acabar, en la consulta del trabajador social hablamos de una experiencia de Carles Reixach en la que explic\u00f3 la impotencia de una persona que ve como su familiar de edad avanzada tiene problemas de audici\u00f3n y no acepta ir a hacerse una revisi\u00f3n auditiva. Sobre esto, dimos aconocer algunas estrategias a seguir que nos pueden beneficiar a nosotros y a nuestro ser querido.<\/p>\n\n\n\n<p>En el programa del <a href=\"https:\/\/www.estelfitxers.com\/audio\/2021-2022\/20211212-13_00TEMPSDEBENESTAR.MP3\" target=\"_blank\" rel=\"noreferrer noopener\">domingo d\u00eda 12 de diciembre<\/a> dimos el pistoletazo de salida con una reflexi\u00f3n de Josep de Marti explicando <a href=\"https:\/\/www.youtube.com\/watch?v=Zq71oPokKDg\" target=\"_blank\" rel=\"noreferrer noopener\">cuantas personas trabajan en una residencia de personas mayores<\/a>. Una reflexi\u00f3n muy necesaria teniendo en cuenta que hay muchas personas que piensan que en una residencia trabaja poca gente. Con datos se demuestra que eso no es verdad.<\/p>\n\n\n\n<p>En la entrevista, emitimos una entrevista del periodista Javier C\u00e1mara a Juan Pablo Correa, director del portal infoelder. Infoelder, que tambi\u00e9n funciona desde hace ya casi 15 a\u00f1os como buscador de residencias de la tercera edad, ha establecido ahora una alianza estrat\u00e9gica con el portal de inforesidencias.com. Analizamos sobre este tema, las ventajas que supone para el usuario esta estrategia.<\/p>\n\n\n\n<p>En los minutos de la consulta trabajador social, Josep de Mart\u00ed, a trav\u00e9s de una grabaci\u00f3n explic\u00f3 una experiencia personal acerca de una vez que una persona le pregunt\u00f3 si era mejor una residencia de ancianos grande o peque\u00f1a.<\/p>\n\n\n\n<p>Te puede interesar:<\/p>\n\n\n\n<ul><li><a href=\"https:\/\/www.youtube.com\/c\/Inforesidencias-es\/featured\" target=\"_blank\" rel=\"noreferrer noopener\">canal de youtube<\/a> de inforesidencias.com<\/li><\/ul>\n\n\n\n<ul><li>Si vives en una ciudad es posible que te interese saber qu\u00e9 <a href=\"https:\/\/www.inforesidencias.com\/centros\/buscador\/busquedas-predefinidas\/residencias-en-pisos-con-terrazas-ajardinadas\" target=\"_blank\" rel=\"noreferrer noopener\">residencias en pisos disponen de terrazas ajardinadas<\/a><\/li><\/ul>\n\n\n\n<p><\/p>\n","protected":false},"excerpt":{"rendered":"<p>El programa del s\u00e1bado dia 12 de diciembre de \u00ab\u00c9s gran ser gran\u00bb empez\u00f3 hablando de algunas de las empresas m\u00e1s antiguas de Espa\u00f1a y la m\u00e1s antigua del mundo. Fue una sorpresa ver que muchas de las empresas m\u00e1s antiguas de nuestro pa\u00eds tienen relaci\u00f3n con el mundo del vino y el cava. En el espacio para la entrevista, contamos con Anna Cebri\u00e1n, directora de marketing de inforesidencias. En esta ocasi\u00f3n, quisimos conocer la parte m\u00e1s personal de Anna, sobretodo en lo centrado a su afici\u00f3n en hacer rutas de monta\u00f1a. Con a\u00f1os de experiencia a sus espaldas, nos explic\u00f3 algunas de las mejoras zonas en donde hacer rutas y algunos consejos para todos aquellos que empiezan a hacer rutas, sobretodo a partir de los 65 a\u00f1os. Hablamos tambi\u00e9n de las diferencias entre senderismo y monta\u00f1ismo y las \u00e9pocas del a\u00f1o en las que es mejor ir a hacer [&hellip;]<\/p>\n","protected":false},"author":2,"featured_media":5225,"comment_status":"open","ping_status":"open","sticky":false,"template":"","format":"standard","meta":{"footnotes":""},"categories":[1],"tags":[],"yoast_head":"<!-- This site is optimized with the Yoast SEO plugin v21.7 - https:\/\/yoast.com\/wordpress\/plugins\/seo\/ -->\n<title>Rutas de monta\u00f1a m\u00e1s all\u00e1 de los 65 a\u00f1os - Blog Inforesidencias.com<\/title>\n<meta name=\"description\" content=\"Hablamos de rutas de monta\u00f1a m\u00e1s all\u00e1 de los 65 a\u00f1os y de cuantas personas trabajan en una residencia de mayores en nuestro pa\u00eds\" \/>\n<meta name=\"robots\" content=\"index, follow, max-snippet:-1, max-image-preview:large, max-video-preview:-1\" \/>\n<link rel=\"canonical\" href=\"https:\/\/www.inforesidencias.com\/blog\/index.php\/2021\/12\/16\/rutas-de-montana-mas-alla-de-los-65-anos\/\" \/>\n<meta property=\"og:locale\" content=\"es_ES\" \/>\n<meta property=\"og:type\" content=\"article\" \/>\n<meta property=\"og:title\" content=\"Rutas de monta\u00f1a m\u00e1s all\u00e1 de los 65 a\u00f1os - Blog Inforesidencias.com\" \/>\n<meta property=\"og:description\" content=\"Hablamos de rutas de monta\u00f1a m\u00e1s all\u00e1 de los 65 a\u00f1os y de cuantas personas trabajan en una residencia de mayores en nuestro pa\u00eds\" \/>\n<meta property=\"og:url\" content=\"https:\/\/www.inforesidencias.com\/blog\/index.php\/2021\/12\/16\/rutas-de-montana-mas-alla-de-los-65-anos\/\" \/>\n<meta property=\"og:site_name\" content=\"Blog Inforesidencias.com\" \/>\n<meta property=\"article:publisher\" content=\"https:\/\/www.facebook.com\/Inforesidencias\/\" \/>\n<meta property=\"article:author\" content=\"https:\/\/www.facebook.com\/josep.demarti\" \/>\n<meta property=\"article:published_time\" content=\"2021-12-16T06:45:00+00:00\" \/>\n<meta property=\"article:modified_time\" content=\"2021-12-15T14:36:30+00:00\" \/>\n<meta property=\"og:image\" content=\"https:\/\/www.inforesidencias.com\/blog\/wp-content\/uploads\/2021\/12\/rutas-de-montan\u0303a-ama\u0301s-alla\u0301-de-los-65-an\u0303os.png\" \/>\n\t<meta property=\"og:image:width\" content=\"574\" \/>\n\t<meta property=\"og:image:height\" content=\"884\" \/>\n\t<meta property=\"og:image:type\" content=\"image\/png\" \/>\n<meta name=\"author\" content=\"Josep de Mart\u00ed\" \/>\n<meta name=\"twitter:card\" content=\"summary_large_image\" \/>\n<meta name=\"twitter:creator\" content=\"@blog-ir\" \/>\n<meta name=\"twitter:site\" content=\"@inforesidencias\" \/>\n<meta name=\"twitter:label1\" content=\"Escrito por\" \/>\n\t<meta name=\"twitter:data1\" content=\"Josep de Mart\u00ed\" \/>\n\t<meta name=\"twitter:label2\" content=\"Tiempo de lectura\" \/>\n\t<meta name=\"twitter:data2\" content=\"3 minutos\" \/>\n<script type=\"application\/ld+json\" class=\"yoast-schema-graph\">{\"@context\":\"https:\/\/schema.org\",\"@graph\":[{\"@type\":\"WebPage\",\"@id\":\"https:\/\/www.inforesidencias.com\/blog\/index.php\/2021\/12\/16\/rutas-de-montana-mas-alla-de-los-65-anos\/\",\"url\":\"https:\/\/www.inforesidencias.com\/blog\/index.php\/2021\/12\/16\/rutas-de-montana-mas-alla-de-los-65-anos\/\",\"name\":\"Rutas de monta\u00f1a m\u00e1s all\u00e1 de los 65 a\u00f1os - Blog Inforesidencias.com\",\"isPartOf\":{\"@id\":\"https:\/\/www.inforesidencias.com\/blog\/#website\"},\"datePublished\":\"2021-12-16T06:45:00+00:00\",\"dateModified\":\"2021-12-15T14:36:30+00:00\",\"author\":{\"@id\":\"https:\/\/www.inforesidencias.com\/blog\/#\/schema\/person\/9e146774d1eb3bc1c0316242a3898628\"},\"description\":\"Hablamos de rutas de monta\u00f1a m\u00e1s all\u00e1 de los 65 a\u00f1os y de cuantas personas trabajan en una residencia de mayores en nuestro pa\u00eds\",\"breadcrumb\":{\"@id\":\"https:\/\/www.inforesidencias.com\/blog\/index.php\/2021\/12\/16\/rutas-de-montana-mas-alla-de-los-65-anos\/#breadcrumb\"},\"inLanguage\":\"es\",\"potentialAction\":[{\"@type\":\"ReadAction\",\"target\":[\"https:\/\/www.inforesidencias.com\/blog\/index.php\/2021\/12\/16\/rutas-de-montana-mas-alla-de-los-65-anos\/\"]}]},{\"@type\":\"BreadcrumbList\",\"@id\":\"https:\/\/www.inforesidencias.com\/blog\/index.php\/2021\/12\/16\/rutas-de-montana-mas-alla-de-los-65-anos\/#breadcrumb\",\"itemListElement\":[{\"@type\":\"ListItem\",\"position\":1,\"name\":\"Home\",\"item\":\"https:\/\/www.inforesidencias.com\/blog\/\"},{\"@type\":\"ListItem\",\"position\":2,\"name\":\"Rutas de monta\u00f1a m\u00e1s all\u00e1 de los 65 a\u00f1os\"}]},{\"@type\":\"WebSite\",\"@id\":\"https:\/\/www.inforesidencias.com\/blog\/#website\",\"url\":\"https:\/\/www.inforesidencias.com\/blog\/\",\"name\":\"Blog Inforesidencias.com\",\"description\":\"El buscador de residencias de la 3\u00aa edad\",\"potentialAction\":[{\"@type\":\"SearchAction\",\"target\":{\"@type\":\"EntryPoint\",\"urlTemplate\":\"https:\/\/www.inforesidencias.com\/blog\/?s={search_term_string}\"},\"query-input\":\"required name=search_term_string\"}],\"inLanguage\":\"es\"},{\"@type\":\"Person\",\"@id\":\"https:\/\/www.inforesidencias.com\/blog\/#\/schema\/person\/9e146774d1eb3bc1c0316242a3898628\",\"name\":\"Josep de Mart\u00ed\",\"image\":{\"@type\":\"ImageObject\",\"inLanguage\":\"es\",\"@id\":\"https:\/\/www.inforesidencias.com\/blog\/#\/schema\/person\/image\/\",\"url\":\"https:\/\/secure.gravatar.com\/avatar\/de0302c4806c00c4cebff396a798c1ff?s=96&d=mm&r=g\",\"contentUrl\":\"https:\/\/secure.gravatar.com\/avatar\/de0302c4806c00c4cebff396a798c1ff?s=96&d=mm&r=g\",\"caption\":\"Josep de Mart\u00ed\"},\"sameAs\":[\"https:\/\/www.inforesidencias.com\",\"https:\/\/www.facebook.com\/josep.demarti\",\"https:\/\/twitter.com\/blog-ir\"],\"url\":\"https:\/\/www.inforesidencias.com\/blog\/index.php\/author\/josepdemarti\/\"}]}<\/script>\n<!-- \/ Yoast SEO plugin. -->","yoast_head_json":{"title":"Rutas de monta\u00f1a m\u00e1s all\u00e1 de los 65 a\u00f1os - Blog Inforesidencias.com","description":"Hablamos de rutas de monta\u00f1a m\u00e1s all\u00e1 de los 65 a\u00f1os y de cuantas personas trabajan en una residencia de mayores en nuestro pa\u00eds","robots":{"index":"index","follow":"follow","max-snippet":"max-snippet:-1","max-image-preview":"max-image-preview:large","max-video-preview":"max-video-preview:-1"},"canonical":"https:\/\/www.inforesidencias.com\/blog\/index.php\/2021\/12\/16\/rutas-de-montana-mas-alla-de-los-65-anos\/","og_locale":"es_ES","og_type":"article","og_title":"Rutas de monta\u00f1a m\u00e1s all\u00e1 de los 65 a\u00f1os - Blog Inforesidencias.com","og_description":"Hablamos de rutas de monta\u00f1a m\u00e1s all\u00e1 de los 65 a\u00f1os y de cuantas personas trabajan en una residencia de mayores en nuestro pa\u00eds","og_url":"https:\/\/www.inforesidencias.com\/blog\/index.php\/2021\/12\/16\/rutas-de-montana-mas-alla-de-los-65-anos\/","og_site_name":"Blog Inforesidencias.com","article_publisher":"https:\/\/www.facebook.com\/Inforesidencias\/","article_author":"https:\/\/www.facebook.com\/josep.demarti","article_published_time":"2021-12-16T06:45:00+00:00","article_modified_time":"2021-12-15T14:36:30+00:00","og_image":[{"width":574,"height":884,"url":"https:\/\/www.inforesidencias.com\/blog\/wp-content\/uploads\/2021\/12\/rutas-de-montan\u0303a-ama\u0301s-alla\u0301-de-los-65-an\u0303os.png","type":"image\/png"}],"author":"Josep de Mart\u00ed","twitter_card":"summary_large_image","twitter_creator":"@blog-ir","twitter_site":"@inforesidencias","twitter_misc":{"Escrito por":"Josep de Mart\u00ed","Tiempo de lectura":"3 minutos"},"schema":{"@context":"https:\/\/schema.org","@graph":[{"@type":"WebPage","@id":"https:\/\/www.inforesidencias.com\/blog\/index.php\/2021\/12\/16\/rutas-de-montana-mas-alla-de-los-65-anos\/","url":"https:\/\/www.inforesidencias.com\/blog\/index.php\/2021\/12\/16\/rutas-de-montana-mas-alla-de-los-65-anos\/","name":"Rutas de monta\u00f1a m\u00e1s all\u00e1 de los 65 a\u00f1os - Blog Inforesidencias.com","isPartOf":{"@id":"https:\/\/www.inforesidencias.com\/blog\/#website"},"datePublished":"2021-12-16T06:45:00+00:00","dateModified":"2021-12-15T14:36:30+00:00","author":{"@id":"https:\/\/www.inforesidencias.com\/blog\/#\/schema\/person\/9e146774d1eb3bc1c0316242a3898628"},"description":"Hablamos de rutas de monta\u00f1a m\u00e1s all\u00e1 de los 65 a\u00f1os y de cuantas personas trabajan en una residencia de mayores en nuestro pa\u00eds","breadcrumb":{"@id":"https:\/\/www.inforesidencias.com\/blog\/index.php\/2021\/12\/16\/rutas-de-montana-mas-alla-de-los-65-anos\/#breadcrumb"},"inLanguage":"es","potentialAction":[{"@type":"ReadAction","target":["https:\/\/www.inforesidencias.com\/blog\/index.php\/2021\/12\/16\/rutas-de-montana-mas-alla-de-los-65-anos\/"]}]},{"@type":"BreadcrumbList","@id":"https:\/\/www.inforesidencias.com\/blog\/index.php\/2021\/12\/16\/rutas-de-montana-mas-alla-de-los-65-anos\/#breadcrumb","itemListElement":[{"@type":"ListItem","position":1,"name":"Home","item":"https:\/\/www.inforesidencias.com\/blog\/"},{"@type":"ListItem","position":2,"name":"Rutas de monta\u00f1a m\u00e1s all\u00e1 de los 65 a\u00f1os"}]},{"@type":"WebSite","@id":"https:\/\/www.inforesidencias.com\/blog\/#website","url":"https:\/\/www.inforesidencias.com\/blog\/","name":"Blog Inforesidencias.com","description":"El buscador de residencias de la 3\u00aa edad","potentialAction":[{"@type":"SearchAction","target":{"@type":"EntryPoint","urlTemplate":"https:\/\/www.inforesidencias.com\/blog\/?s={search_term_string}"},"query-input":"required name=search_term_string"}],"inLanguage":"es"},{"@type":"Person","@id":"https:\/\/www.inforesidencias.com\/blog\/#\/schema\/person\/9e146774d1eb3bc1c0316242a3898628","name":"Josep de Mart\u00ed","image":{"@type":"ImageObject","inLanguage":"es","@id":"https:\/\/www.inforesidencias.com\/blog\/#\/schema\/person\/image\/","url":"https:\/\/secure.gravatar.com\/avatar\/de0302c4806c00c4cebff396a798c1ff?s=96&d=mm&r=g","contentUrl":"https:\/\/secure.gravatar.com\/avatar\/de0302c4806c00c4cebff396a798c1ff?s=96&d=mm&r=g","caption":"Josep de Mart\u00ed"},"sameAs":["https:\/\/www.inforesidencias.com","https:\/\/www.facebook.com\/josep.demarti","https:\/\/twitter.com\/blog-ir"],"url":"https:\/\/www.inforesidencias.com\/blog\/index.php\/author\/josepdemarti\/"}]}},"_links":{"self":[{"href":"https:\/\/www.inforesidencias.com\/blog\/index.php\/wp-json\/wp\/v2\/posts\/5220"}],"collection":[{"href":"https:\/\/www.inforesidencias.com\/blog\/index.php\/wp-json\/wp\/v2\/posts"}],"about":[{"href":"https:\/\/www.inforesidencias.com\/blog\/index.php\/wp-json\/wp\/v2\/types\/post"}],"author":[{"embeddable":true,"href":"https:\/\/www.inforesidencias.com\/blog\/index.php\/wp-json\/wp\/v2\/users\/2"}],"replies":[{"embeddable":true,"href":"https:\/\/www.inforesidencias.com\/blog\/index.php\/wp-json\/wp\/v2\/comments?post=5220"}],"version-history":[{"count":6,"href":"https:\/\/www.inforesidencias.com\/blog\/index.php\/wp-json\/wp\/v2\/posts\/5220\/revisions"}],"predecessor-version":[{"id":5227,"href":"https:\/\/www.inforesidencias.com\/blog\/index.php\/wp-json\/wp\/v2\/posts\/5220\/revisions\/5227"}],"wp:featuredmedia":[{"embeddable":true,"href":"https:\/\/www.inforesidencias.com\/blog\/index.php\/wp-json\/wp\/v2\/media\/5225"}],"wp:attachment":[{"href":"https:\/\/www.inforesidencias.com\/blog\/index.php\/wp-json\/wp\/v2\/media?parent=5220"}],"wp:term":[{"taxonomy":"category","embeddable":true,"href":"https:\/\/www.inforesidencias.com\/blog\/index.php\/wp-json\/wp\/v2\/categories?post=5220"},{"taxonomy":"post_tag","embeddable":true,"href":"https:\/\/www.inforesidencias.com\/blog\/index.php\/wp-json\/wp\/v2\/tags?post=5220"}],"curies":[{"name":"wp","href":"https:\/\/api.w.org\/{rel}","templated":true}]}}