{"id":5236,"date":"2021-12-23T05:00:00","date_gmt":"2021-12-23T04:00:00","guid":{"rendered":"https:\/\/www.inforesidencias.com\/blog\/?p=5236"},"modified":"2021-12-23T11:04:31","modified_gmt":"2021-12-23T10:04:31","slug":"espacio-intergeneracional-el-celler-y-las-comidas-de-navidad","status":"publish","type":"post","link":"https:\/\/www.inforesidencias.com\/blog\/index.php\/2021\/12\/23\/espacio-intergeneracional-el-celler-y-las-comidas-de-navidad\/","title":{"rendered":"Espacio intergeneracional el Celler y las comidas de navidad"},"content":{"rendered":"\n<p>El programa del <a rel=\"noreferrer noopener\" href=\"https:\/\/www.estelfitxers.com\/audio\/2021-2022\/20211218-13_00TEMPSDEBENESTAR.MP3\" target=\"_blank\">s\u00e1bado 18 de diciembre<\/a><a href=\"https:\/\/www.estelfitxers.com\/audio\/2021-2022\/20211218-13_00TEMPSDEBENESTAR.MP3\">, <\/a>empez\u00f3 con Anna Cebri\u00e1n hablando de las personas centenarias de hoy en dia y la esperanza de vida de los beb\u00e9s que nacen ahora, que llegar\u00eda a los 106. Una esperanza de vida tan alta que nos est\u00e1 obligando a replantear las etapas de vida que han habido tradicionalmente hasta ahora.<\/p>\n\n\n\n<div class=\"wp-block-image\"><figure class=\"alignleft size-large is-resized\"><img decoding=\"async\" loading=\"lazy\" src=\"https:\/\/www.inforesidencias.com\/blog\/wp-content\/uploads\/2021\/12\/Espacio-intergeneracional-el-Celler.png\" alt=\"\" class=\"wp-image-5239\" width=\"366\" height=\"241\" srcset=\"https:\/\/www.inforesidencias.com\/blog\/wp-content\/uploads\/2021\/12\/Espacio-intergeneracional-el-Celler.png 700w, https:\/\/www.inforesidencias.com\/blog\/wp-content\/uploads\/2021\/12\/Espacio-intergeneracional-el-Celler-300x198.png 300w\" sizes=\"(max-width: 366px) 100vw, 366px\" \/><\/figure><\/div>\n\n\n\n<p>En la entrevista del s\u00e1bado, tuvimos a Mireia Torres, coordinadora del <a href=\"https:\/\/www.inforesidencias.com\/centros\/centro-de-dia-para-mayores\/13004\/espai-el-celler\" target=\"_blank\" rel=\"noreferrer noopener\">espacio intergeneracional el Celler<\/a>, en Bigues i Riells. Se trata de un servicio que ha abierto sus puertas hace poco. Mireia nos cont\u00f3 primero cual es la historia de la masia donde est\u00e1 este espacio, y una funci\u00f3n de lugar cultural e intergeneracional con el que ha sido creado, Tambi\u00e9n hablaron sobre como desde el Celler se potencia el envejecimiento activo y  las actividades que imparten personas del municipio y de las cercan\u00edas, como debate, teatro, cine etc.<\/p>\n\n\n\n<p>Adem\u00e1s, la coordinadora del espacio intergeneracional el Celler, explic\u00f3 que hacen actos los fines de semana para toda la familia y otras actividades sin \u00e1nimo de lucro. Todo pensado para fomentar la cohesi\u00f3n de los habitantes de la zona y sus familias. Unas actividades que siempre que se puede en el espacio exterior que rodea la masia.<\/p>\n\n\n\n<p>En la bolsa de trabajo, hablamos de las preguntas que suele hacer en la mayor\u00eda de entrevistas de trabajo y que va bien tener en cuenta par ir preparado, las llamadas \u00abkiller questions\u00bb.  Para acabar, en la consulta del trabajador social, respondimos una pregunta que hizo una oyente que ten\u00eda a ver mucho con las emociones de la persona mayor y de la comprensi\u00f3n que se requer\u00eda por para entender su situaci\u00f3n.<\/p>\n\n\n\n<p>En el programa del <a href=\"https:\/\/www.estelfitxers.com\/audio\/2021-2022\/20211219-13_00TEMPSDEBENESTAR.MP3\" target=\"_blank\" rel=\"noreferrer noopener\">domingo 19<\/a>, retomamos el tema del d\u00eda anterior sobre las etapas de la vida y el hecho de que es momento de replante\u00e1rselas ante el aumento de la longevidad de la mayor\u00eda de la poblaci\u00f3n mundial. Por eso, Anna nos habl\u00f3 de la posibilidad de tener una vida en la que las etapas se solapen y se mezclen entre ellas. Una vida en donde las etapas no sean solo de car\u00e1cter formativo, laboral y de jubilaci\u00f3n.<\/p>\n\n\n\n<p>Los minutos reservados para la entrevista los destinamos a hablar de nutrici\u00f3n, a la par de espiritualidad, y charlar con una persona experta en nutrici\u00f3n sobre las comidas navide\u00f1as que est\u00e1n a punto de llegar. Una entrevista en que no todo fue hablar de comida sino tambi\u00e9n de la  presentaci\u00f3n de platos, de gratitud y  de las relaciones familiares que establecemos en comidas de este tipo. Una reflexi\u00f3n en la que tambi\u00e9n aprendimos la importancia de los aromas de la comida.<\/p>\n\n\n\n<p>En la consulta del trabajador social, despu\u00e9s de la <a href=\"https:\/\/www.inforesidencias.com\/bolsa\/ofertas-de-trabajo\">bolsa de empleo<\/a>, respondimos una pregunta que recibimos sobre m\u00e1s medidas de contenci\u00f3n que a veces se aplican a los mayores en las residencias. Unas medidas, como los cinturones, que evitan que una persona mayor pueda caer pero que quiz\u00e1 va en contra de su voluntad, bienestar emocional y cognitivo.<\/p>\n\n\n\n<p>Temas relacionados:<\/p>\n\n\n\n<ul><li><a href=\"https:\/\/www.inforesidencias.com\/centros\/buscador\/busquedas-predefinidas\/residencias-del-valles-occidental\" target=\"_blank\" rel=\"noreferrer noopener\">Residencias de ancianos en el Vall\u00e8s Occidental<\/a><\/li><li><a href=\"https:\/\/www.inforesidencias.com\/blog\/index.php\/2021\/05\/03\/consejos-de-alimentacion-para-personas-mayores\/\" target=\"_blank\" rel=\"noreferrer noopener\">Consejos de alimentaci\u00f3n para las personas mayores<\/a><\/li><\/ul>\n","protected":false},"excerpt":{"rendered":"<p>El programa del s\u00e1bado 18 de diciembre, empez\u00f3 con Anna Cebri\u00e1n hablando de las personas centenarias de hoy en dia y la esperanza de vida de los beb\u00e9s que nacen ahora, que llegar\u00eda a los 106. Una esperanza de vida tan alta que nos est\u00e1 obligando a replantear las etapas de vida que han habido tradicionalmente hasta ahora. En la entrevista del s\u00e1bado, tuvimos a Mireia Torres, coordinadora del espacio intergeneracional el Celler, en Bigues i Riells. Se trata de un servicio que ha abierto sus puertas hace poco. Mireia nos cont\u00f3 primero cual es la historia de la masia donde est\u00e1 este espacio, y una funci\u00f3n de lugar cultural e intergeneracional con el que ha sido creado, Tambi\u00e9n hablaron sobre como desde el Celler se potencia el envejecimiento activo y las actividades que imparten personas del municipio y de las cercan\u00edas, como debate, teatro, cine etc. Adem\u00e1s, la coordinadora [&hellip;]<\/p>\n","protected":false},"author":2,"featured_media":5239,"comment_status":"open","ping_status":"open","sticky":false,"template":"","format":"standard","meta":{"footnotes":""},"categories":[1],"tags":[],"yoast_head":"<!-- This site is optimized with the Yoast SEO plugin v21.7 - https:\/\/yoast.com\/wordpress\/plugins\/seo\/ -->\n<title>Espacio intergeneracional el Celler y las comidas de navidad - Blog Inforesidencias.com<\/title>\n<meta name=\"description\" content=\"Descubrimos el nuevo espacio intergeneracional el Celler, en Bigues i Riells y hablamos de comidas de navidad y emociones con una experta\" \/>\n<meta name=\"robots\" content=\"index, follow, max-snippet:-1, max-image-preview:large, max-video-preview:-1\" \/>\n<link rel=\"canonical\" href=\"https:\/\/www.inforesidencias.com\/blog\/index.php\/2021\/12\/23\/espacio-intergeneracional-el-celler-y-las-comidas-de-navidad\/\" \/>\n<meta property=\"og:locale\" content=\"es_ES\" \/>\n<meta property=\"og:type\" content=\"article\" \/>\n<meta property=\"og:title\" content=\"Espacio intergeneracional el Celler y las comidas de navidad - Blog Inforesidencias.com\" \/>\n<meta property=\"og:description\" content=\"Descubrimos el nuevo espacio intergeneracional el Celler, en Bigues i Riells y hablamos de comidas de navidad y emociones con una experta\" \/>\n<meta property=\"og:url\" content=\"https:\/\/www.inforesidencias.com\/blog\/index.php\/2021\/12\/23\/espacio-intergeneracional-el-celler-y-las-comidas-de-navidad\/\" \/>\n<meta property=\"og:site_name\" content=\"Blog Inforesidencias.com\" \/>\n<meta property=\"article:publisher\" content=\"https:\/\/www.facebook.com\/Inforesidencias\/\" \/>\n<meta property=\"article:author\" content=\"https:\/\/www.facebook.com\/josep.demarti\" \/>\n<meta property=\"article:published_time\" content=\"2021-12-23T04:00:00+00:00\" \/>\n<meta property=\"article:modified_time\" content=\"2021-12-23T10:04:31+00:00\" \/>\n<meta property=\"og:image\" content=\"https:\/\/www.inforesidencias.com\/blog\/wp-content\/uploads\/2021\/12\/Espacio-intergeneracional-el-Celler.png\" \/>\n\t<meta property=\"og:image:width\" content=\"700\" \/>\n\t<meta property=\"og:image:height\" content=\"463\" \/>\n\t<meta property=\"og:image:type\" content=\"image\/png\" \/>\n<meta name=\"author\" content=\"Josep de Mart\u00ed\" \/>\n<meta name=\"twitter:card\" content=\"summary_large_image\" \/>\n<meta name=\"twitter:creator\" content=\"@blog-ir\" \/>\n<meta name=\"twitter:site\" content=\"@inforesidencias\" \/>\n<meta name=\"twitter:label1\" content=\"Escrito por\" \/>\n\t<meta name=\"twitter:data1\" content=\"Josep de Mart\u00ed\" \/>\n\t<meta name=\"twitter:label2\" content=\"Tiempo de lectura\" \/>\n\t<meta name=\"twitter:data2\" content=\"3 minutos\" \/>\n<script type=\"application\/ld+json\" class=\"yoast-schema-graph\">{\"@context\":\"https:\/\/schema.org\",\"@graph\":[{\"@type\":\"WebPage\",\"@id\":\"https:\/\/www.inforesidencias.com\/blog\/index.php\/2021\/12\/23\/espacio-intergeneracional-el-celler-y-las-comidas-de-navidad\/\",\"url\":\"https:\/\/www.inforesidencias.com\/blog\/index.php\/2021\/12\/23\/espacio-intergeneracional-el-celler-y-las-comidas-de-navidad\/\",\"name\":\"Espacio intergeneracional el Celler y las comidas de navidad - Blog Inforesidencias.com\",\"isPartOf\":{\"@id\":\"https:\/\/www.inforesidencias.com\/blog\/#website\"},\"datePublished\":\"2021-12-23T04:00:00+00:00\",\"dateModified\":\"2021-12-23T10:04:31+00:00\",\"author\":{\"@id\":\"https:\/\/www.inforesidencias.com\/blog\/#\/schema\/person\/9e146774d1eb3bc1c0316242a3898628\"},\"description\":\"Descubrimos el nuevo espacio intergeneracional el Celler, en Bigues i Riells y hablamos de comidas de navidad y emociones con una experta\",\"breadcrumb\":{\"@id\":\"https:\/\/www.inforesidencias.com\/blog\/index.php\/2021\/12\/23\/espacio-intergeneracional-el-celler-y-las-comidas-de-navidad\/#breadcrumb\"},\"inLanguage\":\"es\",\"potentialAction\":[{\"@type\":\"ReadAction\",\"target\":[\"https:\/\/www.inforesidencias.com\/blog\/index.php\/2021\/12\/23\/espacio-intergeneracional-el-celler-y-las-comidas-de-navidad\/\"]}]},{\"@type\":\"BreadcrumbList\",\"@id\":\"https:\/\/www.inforesidencias.com\/blog\/index.php\/2021\/12\/23\/espacio-intergeneracional-el-celler-y-las-comidas-de-navidad\/#breadcrumb\",\"itemListElement\":[{\"@type\":\"ListItem\",\"position\":1,\"name\":\"Home\",\"item\":\"https:\/\/www.inforesidencias.com\/blog\/\"},{\"@type\":\"ListItem\",\"position\":2,\"name\":\"Espacio intergeneracional el Celler y las comidas de navidad\"}]},{\"@type\":\"WebSite\",\"@id\":\"https:\/\/www.inforesidencias.com\/blog\/#website\",\"url\":\"https:\/\/www.inforesidencias.com\/blog\/\",\"name\":\"Blog Inforesidencias.com\",\"description\":\"El buscador de residencias de la 3\u00aa edad\",\"potentialAction\":[{\"@type\":\"SearchAction\",\"target\":{\"@type\":\"EntryPoint\",\"urlTemplate\":\"https:\/\/www.inforesidencias.com\/blog\/?s={search_term_string}\"},\"query-input\":\"required name=search_term_string\"}],\"inLanguage\":\"es\"},{\"@type\":\"Person\",\"@id\":\"https:\/\/www.inforesidencias.com\/blog\/#\/schema\/person\/9e146774d1eb3bc1c0316242a3898628\",\"name\":\"Josep de Mart\u00ed\",\"image\":{\"@type\":\"ImageObject\",\"inLanguage\":\"es\",\"@id\":\"https:\/\/www.inforesidencias.com\/blog\/#\/schema\/person\/image\/\",\"url\":\"https:\/\/secure.gravatar.com\/avatar\/de0302c4806c00c4cebff396a798c1ff?s=96&d=mm&r=g\",\"contentUrl\":\"https:\/\/secure.gravatar.com\/avatar\/de0302c4806c00c4cebff396a798c1ff?s=96&d=mm&r=g\",\"caption\":\"Josep de Mart\u00ed\"},\"sameAs\":[\"https:\/\/www.inforesidencias.com\",\"https:\/\/www.facebook.com\/josep.demarti\",\"https:\/\/twitter.com\/blog-ir\"],\"url\":\"https:\/\/www.inforesidencias.com\/blog\/index.php\/author\/josepdemarti\/\"}]}<\/script>\n<!-- \/ Yoast SEO plugin. -->","yoast_head_json":{"title":"Espacio intergeneracional el Celler y las comidas de navidad - Blog Inforesidencias.com","description":"Descubrimos el nuevo espacio intergeneracional el Celler, en Bigues i Riells y hablamos de comidas de navidad y emociones con una experta","robots":{"index":"index","follow":"follow","max-snippet":"max-snippet:-1","max-image-preview":"max-image-preview:large","max-video-preview":"max-video-preview:-1"},"canonical":"https:\/\/www.inforesidencias.com\/blog\/index.php\/2021\/12\/23\/espacio-intergeneracional-el-celler-y-las-comidas-de-navidad\/","og_locale":"es_ES","og_type":"article","og_title":"Espacio intergeneracional el Celler y las comidas de navidad - Blog Inforesidencias.com","og_description":"Descubrimos el nuevo espacio intergeneracional el Celler, en Bigues i Riells y hablamos de comidas de navidad y emociones con una experta","og_url":"https:\/\/www.inforesidencias.com\/blog\/index.php\/2021\/12\/23\/espacio-intergeneracional-el-celler-y-las-comidas-de-navidad\/","og_site_name":"Blog Inforesidencias.com","article_publisher":"https:\/\/www.facebook.com\/Inforesidencias\/","article_author":"https:\/\/www.facebook.com\/josep.demarti","article_published_time":"2021-12-23T04:00:00+00:00","article_modified_time":"2021-12-23T10:04:31+00:00","og_image":[{"width":700,"height":463,"url":"https:\/\/www.inforesidencias.com\/blog\/wp-content\/uploads\/2021\/12\/Espacio-intergeneracional-el-Celler.png","type":"image\/png"}],"author":"Josep de Mart\u00ed","twitter_card":"summary_large_image","twitter_creator":"@blog-ir","twitter_site":"@inforesidencias","twitter_misc":{"Escrito por":"Josep de Mart\u00ed","Tiempo de lectura":"3 minutos"},"schema":{"@context":"https:\/\/schema.org","@graph":[{"@type":"WebPage","@id":"https:\/\/www.inforesidencias.com\/blog\/index.php\/2021\/12\/23\/espacio-intergeneracional-el-celler-y-las-comidas-de-navidad\/","url":"https:\/\/www.inforesidencias.com\/blog\/index.php\/2021\/12\/23\/espacio-intergeneracional-el-celler-y-las-comidas-de-navidad\/","name":"Espacio intergeneracional el Celler y las comidas de navidad - Blog Inforesidencias.com","isPartOf":{"@id":"https:\/\/www.inforesidencias.com\/blog\/#website"},"datePublished":"2021-12-23T04:00:00+00:00","dateModified":"2021-12-23T10:04:31+00:00","author":{"@id":"https:\/\/www.inforesidencias.com\/blog\/#\/schema\/person\/9e146774d1eb3bc1c0316242a3898628"},"description":"Descubrimos el nuevo espacio intergeneracional el Celler, en Bigues i Riells y hablamos de comidas de navidad y emociones con una experta","breadcrumb":{"@id":"https:\/\/www.inforesidencias.com\/blog\/index.php\/2021\/12\/23\/espacio-intergeneracional-el-celler-y-las-comidas-de-navidad\/#breadcrumb"},"inLanguage":"es","potentialAction":[{"@type":"ReadAction","target":["https:\/\/www.inforesidencias.com\/blog\/index.php\/2021\/12\/23\/espacio-intergeneracional-el-celler-y-las-comidas-de-navidad\/"]}]},{"@type":"BreadcrumbList","@id":"https:\/\/www.inforesidencias.com\/blog\/index.php\/2021\/12\/23\/espacio-intergeneracional-el-celler-y-las-comidas-de-navidad\/#breadcrumb","itemListElement":[{"@type":"ListItem","position":1,"name":"Home","item":"https:\/\/www.inforesidencias.com\/blog\/"},{"@type":"ListItem","position":2,"name":"Espacio intergeneracional el Celler y las comidas de navidad"}]},{"@type":"WebSite","@id":"https:\/\/www.inforesidencias.com\/blog\/#website","url":"https:\/\/www.inforesidencias.com\/blog\/","name":"Blog Inforesidencias.com","description":"El buscador de residencias de la 3\u00aa edad","potentialAction":[{"@type":"SearchAction","target":{"@type":"EntryPoint","urlTemplate":"https:\/\/www.inforesidencias.com\/blog\/?s={search_term_string}"},"query-input":"required name=search_term_string"}],"inLanguage":"es"},{"@type":"Person","@id":"https:\/\/www.inforesidencias.com\/blog\/#\/schema\/person\/9e146774d1eb3bc1c0316242a3898628","name":"Josep de Mart\u00ed","image":{"@type":"ImageObject","inLanguage":"es","@id":"https:\/\/www.inforesidencias.com\/blog\/#\/schema\/person\/image\/","url":"https:\/\/secure.gravatar.com\/avatar\/de0302c4806c00c4cebff396a798c1ff?s=96&d=mm&r=g","contentUrl":"https:\/\/secure.gravatar.com\/avatar\/de0302c4806c00c4cebff396a798c1ff?s=96&d=mm&r=g","caption":"Josep de Mart\u00ed"},"sameAs":["https:\/\/www.inforesidencias.com","https:\/\/www.facebook.com\/josep.demarti","https:\/\/twitter.com\/blog-ir"],"url":"https:\/\/www.inforesidencias.com\/blog\/index.php\/author\/josepdemarti\/"}]}},"_links":{"self":[{"href":"https:\/\/www.inforesidencias.com\/blog\/index.php\/wp-json\/wp\/v2\/posts\/5236"}],"collection":[{"href":"https:\/\/www.inforesidencias.com\/blog\/index.php\/wp-json\/wp\/v2\/posts"}],"about":[{"href":"https:\/\/www.inforesidencias.com\/blog\/index.php\/wp-json\/wp\/v2\/types\/post"}],"author":[{"embeddable":true,"href":"https:\/\/www.inforesidencias.com\/blog\/index.php\/wp-json\/wp\/v2\/users\/2"}],"replies":[{"embeddable":true,"href":"https:\/\/www.inforesidencias.com\/blog\/index.php\/wp-json\/wp\/v2\/comments?post=5236"}],"version-history":[{"count":5,"href":"https:\/\/www.inforesidencias.com\/blog\/index.php\/wp-json\/wp\/v2\/posts\/5236\/revisions"}],"predecessor-version":[{"id":5242,"href":"https:\/\/www.inforesidencias.com\/blog\/index.php\/wp-json\/wp\/v2\/posts\/5236\/revisions\/5242"}],"wp:featuredmedia":[{"embeddable":true,"href":"https:\/\/www.inforesidencias.com\/blog\/index.php\/wp-json\/wp\/v2\/media\/5239"}],"wp:attachment":[{"href":"https:\/\/www.inforesidencias.com\/blog\/index.php\/wp-json\/wp\/v2\/media?parent=5236"}],"wp:term":[{"taxonomy":"category","embeddable":true,"href":"https:\/\/www.inforesidencias.com\/blog\/index.php\/wp-json\/wp\/v2\/categories?post=5236"},{"taxonomy":"post_tag","embeddable":true,"href":"https:\/\/www.inforesidencias.com\/blog\/index.php\/wp-json\/wp\/v2\/tags?post=5236"}],"curies":[{"name":"wp","href":"https:\/\/api.w.org\/{rel}","templated":true}]}}