{"id":5254,"date":"2021-12-30T08:02:00","date_gmt":"2021-12-30T07:02:00","guid":{"rendered":"https:\/\/www.inforesidencias.com\/blog\/?p=5254"},"modified":"2022-01-03T16:29:16","modified_gmt":"2022-01-03T15:29:16","slug":"tertulia-intergeneracional-el-dia-de-san-esteban","status":"publish","type":"post","link":"https:\/\/www.inforesidencias.com\/blog\/index.php\/2021\/12\/30\/tertulia-intergeneracional-el-dia-de-san-esteban\/","title":{"rendered":"Tertulia intergeneracional el d\u00eda de San Esteban"},"content":{"rendered":"\n<p>El <a href=\"https:\/\/www.estelfitxers.com\/audio\/2021-2022\/20211226-13_00TEMPSDEBENESTAR.MP3\" target=\"_blank\" rel=\"noreferrer noopener\">programa del domingo d\u00eda 26 de diciembre<\/a><a href=\"https:\/\/www.estelfitxers.com\/audio\/2021-2022\/20211226-13_00TEMPSDEBENESTAR.MP3\">,<\/a> el d\u00eda de San Esteban, empez\u00f3 con un cuento que nos explic\u00f3 Anna Cebri\u00e1n, y acab\u00f3 con una tertulia intergeneracional.   <\/p>\n\n\n\n<p>El cuento que explic\u00f3 Anna fue \u00abLa met\u00e1fora de la cesta de Caleb\u00bb, que es una met\u00e1fora sobre la vida y c\u00f3mo cada uno de nosotros la vamos construyendo.&nbsp; Nos explica los pasos que realizamos a medida que vamos rellenando la cesta de nuestra vida, en primer lugar las vamos rellenando con grandes piedras o rocas, despu\u00e9s se pueden incluir guijarros entre las rocas, y tambi\u00e9n se puede seguir completando con arena todos los espacios que pudieran quedar y por \u00faltimo se colma con agua para que nos quede la cesta de nuestra vida completamente llena hasta los mismos bordes de la cesta.<\/p>\n\n\n\n<h3 class=\"wp-block-heading\"><strong>\u00bfQu\u00e9 significado tiene cada elemento de la cesta?<\/strong><\/h3>\n\n\n\n<ul><li>La cesta es nuestra vida, <\/li><li>Las rocas o piedras grandes son los grandes eventos de nuestra vida que nos hacen ser como somos (el primer trabajo, el primer hijo, las p\u00e9rdidas).  Son aquellos eventos que nos marcan, que no olvidamos.<\/li><li>Los guijarros son las actividades del d\u00eda a d\u00eda que es parte de nuestra rutina. Son las tareas con las que llenamos nuestros d\u00edas.<\/li><li>La arena son los peque\u00f1os placeres o cosas algo inesperadas que nos suceden durante el d\u00eda, que nos aportan alegr\u00eda y nos ayudan a disfrutar del mismo.&nbsp; Puede ser un caf\u00e9 con una amiga, una charla con un ser querido, unas risas con tu nieto, un paseo por la naturaleza, una puesta de sol, o la sonrisa de una ni\u00f1a&#8230;<\/li><li>Y lo m\u00e1s importante, el agua que representan las relaciones personales , las personas que hay en nuestras vidas, es como el agua que fluye y que conecta todo lo que sucede en nuestras vidas: las piedras, los guijarros y la arena todo queda envuelto por el agua.   Todo queda conectado gracias las relaciones personales, las amistades, compartir emociones y momentos con otras personas.  <\/li><\/ul>\n\n\n\n<p>Despu\u00e9s de este peque\u00f1o cuento que nos sirve para recordarnos a todos que tenemos que saber seguir disfrutando del d\u00eda a d\u00eda y de la compa\u00f1\u00eda de las personas que tenemos a nuestro alrededor, sobre todo en estos d\u00edas de Navidad, empezamos una tertulia un poco especial, la hemos llamado tertulia intergeneracional ya que invitamos a las madres de nuestros tertulianos habituales.<\/p>\n\n\n\n<figure class=\"wp-block-image size-large\"><img decoding=\"async\" loading=\"lazy\" width=\"1024\" height=\"768\" src=\"https:\/\/www.inforesidencias.com\/blog\/wp-content\/uploads\/2021\/12\/radio1-1024x768.jpg\" alt=\"\" class=\"wp-image-5257\" srcset=\"https:\/\/www.inforesidencias.com\/blog\/wp-content\/uploads\/2021\/12\/radio1-1024x768.jpg 1024w, https:\/\/www.inforesidencias.com\/blog\/wp-content\/uploads\/2021\/12\/radio1-300x225.jpg 300w, https:\/\/www.inforesidencias.com\/blog\/wp-content\/uploads\/2021\/12\/radio1-768x576.jpg 768w, https:\/\/www.inforesidencias.com\/blog\/wp-content\/uploads\/2021\/12\/radio1-1536x1152.jpg 1536w, https:\/\/www.inforesidencias.com\/blog\/wp-content\/uploads\/2021\/12\/radio1-2048x1536.jpg 2048w\" sizes=\"(max-width: 1024px) 100vw, 1024px\" \/><figcaption>Tert\u00falia intergeneracional:  madres e hijos<\/figcaption><\/figure>\n\n\n\n<h3 class=\"wp-block-heading\"><strong>Tertulia intergeneracional<\/strong><\/h3>\n\n\n\n<p>Tuvimos una entretenida charla entre Jordi, Anna Cebri\u00e1n, su madre M\u00aaPaz, Xavier Pladevall y su madre M\u00aa Rosa  sobre la Navidad, y las costumbres de cada familia durante estos d\u00edas de Navidad.&nbsp;&nbsp; Y as\u00ed pudimos saber las diferentes costumbres culinarias de cada familia en una entretenida charla sobre la Navidad, la familia y la vida en general.<\/p>\n\n\n\n<h3 class=\"wp-block-heading\">Temas relacionados:<\/h3>\n\n\n\n<p>Si necesitas buscar una residencia de mayores en <a rel=\"noreferrer noopener\" href=\"https:\/\/www.inforesidencias.com\/centros\/buscador\/residencias\/madrid\/madrid\/madrid\" target=\"_blank\">Madrid haz click aqu\u00ed<\/a>, o bien te ayudamos a buscarla si no sabes c\u00f3mo empezar:  <a rel=\"noreferrer noopener\" href=\"https:\/\/www.inforesidencias.com\/particulares\/buscamos-por-ti\" target=\"_blank\">Buscamos por t<\/a>i<\/p>\n\n\n\n<p>La importancia de mantenerse en forma, tanto el cuerpo como la mente:  <a href=\"https:\/\/www.inforesidencias.com\/blog\/index.php\/2021\/12\/28\/consejos-para-envejecer-bien\/\">consejos para mantener tu cerebro en forma y envejecer bien<\/a><\/p>\n\n\n\n<p>Y si te gustan los cuentos, te animamos <a href=\"https:\/\/dependencia.info\/noticia\/4738\/historietas\/historietas:-la-ultima-aventura-de-eugenia-por-susana-sierra.html\">a descubrir m\u00e1s aqu\u00ed<\/a><\/p>\n\n\n\n<p><\/p>\n","protected":false},"excerpt":{"rendered":"<p>El programa del domingo d\u00eda 26 de diciembre, el d\u00eda de San Esteban, empez\u00f3 con un cuento que nos explic\u00f3 Anna Cebri\u00e1n, y acab\u00f3 con una tertulia intergeneracional. El cuento que explic\u00f3 Anna fue \u00abLa met\u00e1fora de la cesta de Caleb\u00bb, que es una met\u00e1fora sobre la vida y c\u00f3mo cada uno de nosotros la vamos construyendo.&nbsp; Nos explica los pasos que realizamos a medida que vamos rellenando la cesta de nuestra vida, en primer lugar las vamos rellenando con grandes piedras o rocas, despu\u00e9s se pueden incluir guijarros entre las rocas, y tambi\u00e9n se puede seguir completando con arena todos los espacios que pudieran quedar y por \u00faltimo se colma con agua para que nos quede la cesta de nuestra vida completamente llena hasta los mismos bordes de la cesta. \u00bfQu\u00e9 significado tiene cada elemento de la cesta? La cesta es nuestra vida, Las rocas o piedras grandes son [&hellip;]<\/p>\n","protected":false},"author":2,"featured_media":5257,"comment_status":"open","ping_status":"open","sticky":false,"template":"","format":"standard","meta":{"footnotes":""},"categories":[14,3,5,89,1],"tags":[],"yoast_head":"<!-- This site is optimized with the Yoast SEO plugin v21.7 - https:\/\/yoast.com\/wordpress\/plugins\/seo\/ -->\n<title>Tertulia intergeneracional el d\u00eda de San Esteban - Blog Inforesidencias.com<\/title>\n<meta name=\"description\" content=\"Una tertulia intergeneracional el d\u00eda de San Esteban y un cuento sobre c\u00f3mo construimos nuestra vida: la met\u00e1fora de la cesta de Caleb\" \/>\n<meta name=\"robots\" content=\"index, follow, max-snippet:-1, max-image-preview:large, max-video-preview:-1\" \/>\n<link rel=\"canonical\" href=\"https:\/\/www.inforesidencias.com\/blog\/index.php\/2021\/12\/30\/tertulia-intergeneracional-el-dia-de-san-esteban\/\" \/>\n<meta property=\"og:locale\" content=\"es_ES\" \/>\n<meta property=\"og:type\" content=\"article\" \/>\n<meta property=\"og:title\" content=\"Tertulia intergeneracional el d\u00eda de San Esteban - Blog Inforesidencias.com\" \/>\n<meta property=\"og:description\" content=\"Una tertulia intergeneracional el d\u00eda de San Esteban y un cuento sobre c\u00f3mo construimos nuestra vida: la met\u00e1fora de la cesta de Caleb\" \/>\n<meta property=\"og:url\" content=\"https:\/\/www.inforesidencias.com\/blog\/index.php\/2021\/12\/30\/tertulia-intergeneracional-el-dia-de-san-esteban\/\" \/>\n<meta property=\"og:site_name\" content=\"Blog Inforesidencias.com\" \/>\n<meta property=\"article:publisher\" content=\"https:\/\/www.facebook.com\/Inforesidencias\/\" \/>\n<meta property=\"article:author\" content=\"https:\/\/www.facebook.com\/josep.demarti\" \/>\n<meta property=\"article:published_time\" content=\"2021-12-30T07:02:00+00:00\" \/>\n<meta property=\"article:modified_time\" content=\"2022-01-03T15:29:16+00:00\" \/>\n<meta property=\"og:image\" content=\"https:\/\/www.inforesidencias.com\/blog\/wp-content\/uploads\/2021\/12\/radio1-scaled.jpg\" \/>\n\t<meta property=\"og:image:width\" content=\"2560\" \/>\n\t<meta property=\"og:image:height\" content=\"1920\" \/>\n\t<meta property=\"og:image:type\" content=\"image\/jpeg\" \/>\n<meta name=\"author\" content=\"Josep de Mart\u00ed\" \/>\n<meta name=\"twitter:card\" content=\"summary_large_image\" \/>\n<meta name=\"twitter:creator\" content=\"@blog-ir\" \/>\n<meta name=\"twitter:site\" content=\"@inforesidencias\" \/>\n<meta name=\"twitter:label1\" content=\"Escrito por\" \/>\n\t<meta name=\"twitter:data1\" content=\"Josep de Mart\u00ed\" \/>\n\t<meta name=\"twitter:label2\" content=\"Tiempo de lectura\" \/>\n\t<meta name=\"twitter:data2\" content=\"3 minutos\" \/>\n<script type=\"application\/ld+json\" class=\"yoast-schema-graph\">{\"@context\":\"https:\/\/schema.org\",\"@graph\":[{\"@type\":\"WebPage\",\"@id\":\"https:\/\/www.inforesidencias.com\/blog\/index.php\/2021\/12\/30\/tertulia-intergeneracional-el-dia-de-san-esteban\/\",\"url\":\"https:\/\/www.inforesidencias.com\/blog\/index.php\/2021\/12\/30\/tertulia-intergeneracional-el-dia-de-san-esteban\/\",\"name\":\"Tertulia intergeneracional el d\u00eda de San Esteban - Blog Inforesidencias.com\",\"isPartOf\":{\"@id\":\"https:\/\/www.inforesidencias.com\/blog\/#website\"},\"datePublished\":\"2021-12-30T07:02:00+00:00\",\"dateModified\":\"2022-01-03T15:29:16+00:00\",\"author\":{\"@id\":\"https:\/\/www.inforesidencias.com\/blog\/#\/schema\/person\/9e146774d1eb3bc1c0316242a3898628\"},\"description\":\"Una tertulia intergeneracional el d\u00eda de San Esteban y un cuento sobre c\u00f3mo construimos nuestra vida: la met\u00e1fora de la cesta de Caleb\",\"breadcrumb\":{\"@id\":\"https:\/\/www.inforesidencias.com\/blog\/index.php\/2021\/12\/30\/tertulia-intergeneracional-el-dia-de-san-esteban\/#breadcrumb\"},\"inLanguage\":\"es\",\"potentialAction\":[{\"@type\":\"ReadAction\",\"target\":[\"https:\/\/www.inforesidencias.com\/blog\/index.php\/2021\/12\/30\/tertulia-intergeneracional-el-dia-de-san-esteban\/\"]}]},{\"@type\":\"BreadcrumbList\",\"@id\":\"https:\/\/www.inforesidencias.com\/blog\/index.php\/2021\/12\/30\/tertulia-intergeneracional-el-dia-de-san-esteban\/#breadcrumb\",\"itemListElement\":[{\"@type\":\"ListItem\",\"position\":1,\"name\":\"Home\",\"item\":\"https:\/\/www.inforesidencias.com\/blog\/\"},{\"@type\":\"ListItem\",\"position\":2,\"name\":\"Tertulia intergeneracional el d\u00eda de San Esteban\"}]},{\"@type\":\"WebSite\",\"@id\":\"https:\/\/www.inforesidencias.com\/blog\/#website\",\"url\":\"https:\/\/www.inforesidencias.com\/blog\/\",\"name\":\"Blog Inforesidencias.com\",\"description\":\"El buscador de residencias de la 3\u00aa edad\",\"potentialAction\":[{\"@type\":\"SearchAction\",\"target\":{\"@type\":\"EntryPoint\",\"urlTemplate\":\"https:\/\/www.inforesidencias.com\/blog\/?s={search_term_string}\"},\"query-input\":\"required name=search_term_string\"}],\"inLanguage\":\"es\"},{\"@type\":\"Person\",\"@id\":\"https:\/\/www.inforesidencias.com\/blog\/#\/schema\/person\/9e146774d1eb3bc1c0316242a3898628\",\"name\":\"Josep de Mart\u00ed\",\"image\":{\"@type\":\"ImageObject\",\"inLanguage\":\"es\",\"@id\":\"https:\/\/www.inforesidencias.com\/blog\/#\/schema\/person\/image\/\",\"url\":\"https:\/\/secure.gravatar.com\/avatar\/de0302c4806c00c4cebff396a798c1ff?s=96&d=mm&r=g\",\"contentUrl\":\"https:\/\/secure.gravatar.com\/avatar\/de0302c4806c00c4cebff396a798c1ff?s=96&d=mm&r=g\",\"caption\":\"Josep de Mart\u00ed\"},\"sameAs\":[\"https:\/\/www.inforesidencias.com\",\"https:\/\/www.facebook.com\/josep.demarti\",\"https:\/\/twitter.com\/blog-ir\"],\"url\":\"https:\/\/www.inforesidencias.com\/blog\/index.php\/author\/josepdemarti\/\"}]}<\/script>\n<!-- \/ Yoast SEO plugin. -->","yoast_head_json":{"title":"Tertulia intergeneracional el d\u00eda de San Esteban - Blog Inforesidencias.com","description":"Una tertulia intergeneracional el d\u00eda de San Esteban y un cuento sobre c\u00f3mo construimos nuestra vida: la met\u00e1fora de la cesta de Caleb","robots":{"index":"index","follow":"follow","max-snippet":"max-snippet:-1","max-image-preview":"max-image-preview:large","max-video-preview":"max-video-preview:-1"},"canonical":"https:\/\/www.inforesidencias.com\/blog\/index.php\/2021\/12\/30\/tertulia-intergeneracional-el-dia-de-san-esteban\/","og_locale":"es_ES","og_type":"article","og_title":"Tertulia intergeneracional el d\u00eda de San Esteban - Blog Inforesidencias.com","og_description":"Una tertulia intergeneracional el d\u00eda de San Esteban y un cuento sobre c\u00f3mo construimos nuestra vida: la met\u00e1fora de la cesta de Caleb","og_url":"https:\/\/www.inforesidencias.com\/blog\/index.php\/2021\/12\/30\/tertulia-intergeneracional-el-dia-de-san-esteban\/","og_site_name":"Blog Inforesidencias.com","article_publisher":"https:\/\/www.facebook.com\/Inforesidencias\/","article_author":"https:\/\/www.facebook.com\/josep.demarti","article_published_time":"2021-12-30T07:02:00+00:00","article_modified_time":"2022-01-03T15:29:16+00:00","og_image":[{"width":2560,"height":1920,"url":"https:\/\/www.inforesidencias.com\/blog\/wp-content\/uploads\/2021\/12\/radio1-scaled.jpg","type":"image\/jpeg"}],"author":"Josep de Mart\u00ed","twitter_card":"summary_large_image","twitter_creator":"@blog-ir","twitter_site":"@inforesidencias","twitter_misc":{"Escrito por":"Josep de Mart\u00ed","Tiempo de lectura":"3 minutos"},"schema":{"@context":"https:\/\/schema.org","@graph":[{"@type":"WebPage","@id":"https:\/\/www.inforesidencias.com\/blog\/index.php\/2021\/12\/30\/tertulia-intergeneracional-el-dia-de-san-esteban\/","url":"https:\/\/www.inforesidencias.com\/blog\/index.php\/2021\/12\/30\/tertulia-intergeneracional-el-dia-de-san-esteban\/","name":"Tertulia intergeneracional el d\u00eda de San Esteban - Blog Inforesidencias.com","isPartOf":{"@id":"https:\/\/www.inforesidencias.com\/blog\/#website"},"datePublished":"2021-12-30T07:02:00+00:00","dateModified":"2022-01-03T15:29:16+00:00","author":{"@id":"https:\/\/www.inforesidencias.com\/blog\/#\/schema\/person\/9e146774d1eb3bc1c0316242a3898628"},"description":"Una tertulia intergeneracional el d\u00eda de San Esteban y un cuento sobre c\u00f3mo construimos nuestra vida: la met\u00e1fora de la cesta de Caleb","breadcrumb":{"@id":"https:\/\/www.inforesidencias.com\/blog\/index.php\/2021\/12\/30\/tertulia-intergeneracional-el-dia-de-san-esteban\/#breadcrumb"},"inLanguage":"es","potentialAction":[{"@type":"ReadAction","target":["https:\/\/www.inforesidencias.com\/blog\/index.php\/2021\/12\/30\/tertulia-intergeneracional-el-dia-de-san-esteban\/"]}]},{"@type":"BreadcrumbList","@id":"https:\/\/www.inforesidencias.com\/blog\/index.php\/2021\/12\/30\/tertulia-intergeneracional-el-dia-de-san-esteban\/#breadcrumb","itemListElement":[{"@type":"ListItem","position":1,"name":"Home","item":"https:\/\/www.inforesidencias.com\/blog\/"},{"@type":"ListItem","position":2,"name":"Tertulia intergeneracional el d\u00eda de San Esteban"}]},{"@type":"WebSite","@id":"https:\/\/www.inforesidencias.com\/blog\/#website","url":"https:\/\/www.inforesidencias.com\/blog\/","name":"Blog Inforesidencias.com","description":"El buscador de residencias de la 3\u00aa edad","potentialAction":[{"@type":"SearchAction","target":{"@type":"EntryPoint","urlTemplate":"https:\/\/www.inforesidencias.com\/blog\/?s={search_term_string}"},"query-input":"required name=search_term_string"}],"inLanguage":"es"},{"@type":"Person","@id":"https:\/\/www.inforesidencias.com\/blog\/#\/schema\/person\/9e146774d1eb3bc1c0316242a3898628","name":"Josep de Mart\u00ed","image":{"@type":"ImageObject","inLanguage":"es","@id":"https:\/\/www.inforesidencias.com\/blog\/#\/schema\/person\/image\/","url":"https:\/\/secure.gravatar.com\/avatar\/de0302c4806c00c4cebff396a798c1ff?s=96&d=mm&r=g","contentUrl":"https:\/\/secure.gravatar.com\/avatar\/de0302c4806c00c4cebff396a798c1ff?s=96&d=mm&r=g","caption":"Josep de Mart\u00ed"},"sameAs":["https:\/\/www.inforesidencias.com","https:\/\/www.facebook.com\/josep.demarti","https:\/\/twitter.com\/blog-ir"],"url":"https:\/\/www.inforesidencias.com\/blog\/index.php\/author\/josepdemarti\/"}]}},"_links":{"self":[{"href":"https:\/\/www.inforesidencias.com\/blog\/index.php\/wp-json\/wp\/v2\/posts\/5254"}],"collection":[{"href":"https:\/\/www.inforesidencias.com\/blog\/index.php\/wp-json\/wp\/v2\/posts"}],"about":[{"href":"https:\/\/www.inforesidencias.com\/blog\/index.php\/wp-json\/wp\/v2\/types\/post"}],"author":[{"embeddable":true,"href":"https:\/\/www.inforesidencias.com\/blog\/index.php\/wp-json\/wp\/v2\/users\/2"}],"replies":[{"embeddable":true,"href":"https:\/\/www.inforesidencias.com\/blog\/index.php\/wp-json\/wp\/v2\/comments?post=5254"}],"version-history":[{"count":6,"href":"https:\/\/www.inforesidencias.com\/blog\/index.php\/wp-json\/wp\/v2\/posts\/5254\/revisions"}],"predecessor-version":[{"id":5275,"href":"https:\/\/www.inforesidencias.com\/blog\/index.php\/wp-json\/wp\/v2\/posts\/5254\/revisions\/5275"}],"wp:featuredmedia":[{"embeddable":true,"href":"https:\/\/www.inforesidencias.com\/blog\/index.php\/wp-json\/wp\/v2\/media\/5257"}],"wp:attachment":[{"href":"https:\/\/www.inforesidencias.com\/blog\/index.php\/wp-json\/wp\/v2\/media?parent=5254"}],"wp:term":[{"taxonomy":"category","embeddable":true,"href":"https:\/\/www.inforesidencias.com\/blog\/index.php\/wp-json\/wp\/v2\/categories?post=5254"},{"taxonomy":"post_tag","embeddable":true,"href":"https:\/\/www.inforesidencias.com\/blog\/index.php\/wp-json\/wp\/v2\/tags?post=5254"}],"curies":[{"name":"wp","href":"https:\/\/api.w.org\/{rel}","templated":true}]}}