{"id":5297,"date":"2022-01-17T06:26:00","date_gmt":"2022-01-17T05:26:00","guid":{"rendered":"https:\/\/www.inforesidencias.com\/blog\/?p=5297"},"modified":"2022-01-18T15:53:27","modified_gmt":"2022-01-18T14:53:27","slug":"viajes-de-la-edad-tardia-un-nuevo-concepto-de-viajes-para-mayores-muy-mayores","status":"publish","type":"post","link":"https:\/\/www.inforesidencias.com\/blog\/index.php\/2022\/01\/17\/viajes-de-la-edad-tardia-un-nuevo-concepto-de-viajes-para-mayores-muy-mayores\/","title":{"rendered":"Viajes de la Edad Tard\u00eda. Un nuevo concepto de viajes para mayores muy mayores"},"content":{"rendered":"\n<p><\/p>\n\n\n\n<p><\/p>\n\n\n\n<p>\u201cViajes para mayores que no van de viaje\u201d. As\u00ed es como define Juan Cabrillana a su Agencia de viajes a medida para personas mayores con acompa\u00f1amiento continuo. Una agencia llamada viajes de la edad tard\u00eda.<\/p>\n\n\n\n<p>Este asturiano, madrile\u00f1o de adopci\u00f3n, decidi\u00f3 dar un giro a su vida despu\u00e9s de 27 a\u00f1os trabajando en el \u00e1rea financiera de la editorial Anaya.<br>Fue durante una excedencia para el cuidado de su madre, cuando al comprobar la falta de motivaci\u00f3n de muchas personas mayores para llevar a cabo actividades, decidi\u00f3 dejar su empresa para embarcarse en esta aventura.<\/p>\n\n\n\n<div class=\"wp-block-image\"><figure class=\"alignleft size-large is-resized\"><a href=\"https:\/\/viajesdelaedadtardia.es\/\"><img decoding=\"async\" loading=\"lazy\" src=\"https:\/\/www.inforesidencias.com\/blog\/wp-content\/uploads\/2022\/01\/Viajes-de-la-edad-tardia-piscina.jpeg\" alt=\"\" class=\"wp-image-5299\" width=\"327\" height=\"183\" srcset=\"https:\/\/www.inforesidencias.com\/blog\/wp-content\/uploads\/2022\/01\/Viajes-de-la-edad-tardia-piscina.jpeg 320w, https:\/\/www.inforesidencias.com\/blog\/wp-content\/uploads\/2022\/01\/Viajes-de-la-edad-tardia-piscina-300x169.jpeg 300w\" sizes=\"(max-width: 327px) 100vw, 327px\" \/><\/a><figcaption>Juan Cambranilla y su madre<\/figcaption><\/figure><\/div>\n\n\n\n<p>\u201cMi madre viv\u00eda en un resort para mayores en Alicante, ten\u00eda 85 a\u00f1os, estaba pr\u00e1cticamente ciega (DMAE), una demencia avanzada y cuidados paliativos en cardiolog\u00eda. La llevaba a la piscina, a la playa (le encantaba escuchar el rumor de las olas), a pasear por Santa Pola y otros pueblos del entorno. Para los mayores que viv\u00edan all\u00ed era el hijo perfecto.\u201d<\/p>\n\n\n\n<p>\u201cAhora que ten\u00eda tiempo, me habr\u00eda gustado viajar con ella, llevarla a lugares a los que s\u00e9 que le habr\u00eda encantado ir, pero ya no ten\u00eda sentido, le daba igual estar en un sitio que en otro.\u201d<\/p>\n\n\n\n<p>Esto le llev\u00f3 a pensar que lo que no hab\u00eda podido hacer con ella, podr\u00eda hacerlo con otras personas mayores. Mayores que no encuentran a nadie que organice un viaje de la forma que ellos necesitan.<\/p>\n\n\n\n<p><strong>Lo que hace que Viajes de la Edad Tard\u00eda sea diferente.<\/strong><\/p>\n\n\n\n<p>El acompa\u00f1amiento continuo y el hecho de que viaja con grupos desde 1 a un m\u00e1ximo de 4 personas son algunos de sus elementos diferenciadores.<br>Son viajes tranquilos, te recoge en tu casa, viajas en un veh\u00edculo de alta gama, duermes en alojamientos \u00fanicos y con relevancia hist\u00f3rica, comes en restaurantes donde prime la gastronom\u00eda local y realizas actividades singulares para sumergirse en la historia y el estilo de vida local.<\/p>\n\n\n\n<p>\u201cViajamos ellos y yo, esto nos permite una flexibilidad total, no hay prisa, no hay que madrugar, ni esperar a nadie, ni hacer visitas a contra reloj o ver cosas que no les interesan.\u201d<\/p>\n\n\n\n<p>Existen viajes ya dise\u00f1ados que se pueden ver en la web, pero tambi\u00e9n dise\u00f1a viajes a medida en funci\u00f3n de las preferencias y necesidades de los mayores. Una propuesta diferente de viajes para personas mayores, el viaje se adapta a ellos, a su ritmo, a sus preferencias.<br>Despertando la curiosidad.<\/p>\n\n\n\n<p><strong>Una web dirigida a los mayores. No a sus hijos.<\/strong><\/p>\n\n\n\n<p>Los mayores, se suscriben en <a href=\"https:\/\/viajesdelaedadtardia.es\/\" target=\"_blank\" rel=\"noreferrer noopener\">Viajesdelaedadtardia.es <\/a>a cambio de un ebook, \u201cla aventura de envejecer\u201d, a partir de ah\u00ed, reciben semanalmente un email motivante donde les cuenta historias que a su vez relaciona con los beneficios que tiene viajar.<\/p>\n\n\n\n<p>\u201cEn febrero, har\u00e9 un viaje a Galicia con un escritor mayor que se pasa la vida en casa con sus asuntos, su mujer mucho m\u00e1s activa, necesita ver el mar de vez en cuando. Yo viajo por amor me dec\u00eda, a mi me basta con sentarme en una terraza, escribiendo, leyendo\u2026\u201d<\/p>\n\n\n\n<p>Otra forma en la que llegan sus clientes es a trav\u00e9s de los hijos.<br>\u201cRecuerdo un hijo que me contact\u00f3 para que intentara convencer a su padre para hacer un viaje. Su mujer ten\u00eda principios de alzheimer y \u00e9l estaba entrando en una depresi\u00f3n. Viv\u00edan en Bilbao pero hab\u00edan nacido en Andaluc\u00eda. \u00c9l hab\u00eda viajado por todo el mundo, era Capit\u00e1n de la marina mercante. Grab\u00e9 un video donde le contaba una historia, las consecuencias de no actuar y le propuse una vuelta a los or\u00edgenes. Al final actu\u00f3\u201d<\/p>\n\n\n\n<p>Normalmente las mujeres est\u00e1n m\u00e1s dispuestas a viajar, de hecho la mayor\u00eda lo est\u00e1n deseando, sin embargo a muchos hombres les cuesta salir de su rutina.<\/p>\n\n\n\n<p><strong>La felicidad no est\u00e1 en los bienes materiales, sino en los recuerdos<\/strong><\/p>\n\n\n\n<p>La felicidad no reside en los bienes materiales que poseemos, la clave est\u00e1 en los recuerdos almacenados, por eso nuestras mayores inversiones deber\u00edan ir hacia experiencias que crean recuerdos para toda la vida.<br>El fin de un viaje es la b\u00fasqueda del bienestar; es algo pleno. El fin de una compra de un bien material es rellenar de forma inmediata un vac\u00edo; es algo ef\u00edmero.<\/p>\n\n\n\n<p>\u201cSe trata de que vean que existe una manera diferente de viajar (sin ninguna preocupaci\u00f3n y con total seguridad) y el fuerte impacto positivo que viajar y vivir nuevas experiencias puede tener sobre su estado de \u00e1nimo.\u201d<\/p>\n\n\n\n<p>Ya no hay excusa. <\/p>\n\n\n\n<p>Juan Cabrillana, fundador de viajes de la edad tard\u00eda<br><\/p>\n\n\n\n<p>Te puede interesar:<\/p>\n\n\n\n<ul><li><a href=\"https:\/\/www.inforesidencias.com\/blog\/index.php\/2020\/02\/18\/una-bicicleta-reminiscente-para-viajar-por-el-mundo\/\">Una bicicleta para viajar por el mundo desde casa<\/a><\/li><li><a href=\"https:\/\/www.inforesidencias.com\/centros\/buscador\/residencias\/valencia\/alicante-alacant\">Residencias de mayores cerca de Santa Pola,<\/a> Alicante<\/li><\/ul>\n","protected":false},"excerpt":{"rendered":"<p>\u201cViajes para mayores que no van de viaje\u201d. As\u00ed es como define Juan Cabrillana a su Agencia de viajes a medida para personas mayores con acompa\u00f1amiento continuo. Una agencia llamada viajes de la edad tard\u00eda. Este asturiano, madrile\u00f1o de adopci\u00f3n, decidi\u00f3 dar un giro a su vida despu\u00e9s de 27 a\u00f1os trabajando en el \u00e1rea financiera de la editorial Anaya.Fue durante una excedencia para el cuidado de su madre, cuando al comprobar la falta de motivaci\u00f3n de muchas personas mayores para llevar a cabo actividades, decidi\u00f3 dejar su empresa para embarcarse en esta aventura. \u201cMi madre viv\u00eda en un resort para mayores en Alicante, ten\u00eda 85 a\u00f1os, estaba pr\u00e1cticamente ciega (DMAE), una demencia avanzada y cuidados paliativos en cardiolog\u00eda. La llevaba a la piscina, a la playa (le encantaba escuchar el rumor de las olas), a pasear por Santa Pola y otros pueblos del entorno. Para los mayores que viv\u00edan [&hellip;]<\/p>\n","protected":false},"author":2,"featured_media":5298,"comment_status":"open","ping_status":"open","sticky":false,"template":"","format":"standard","meta":{"footnotes":""},"categories":[1],"tags":[],"yoast_head":"<!-- This site is optimized with the Yoast SEO plugin v21.7 - https:\/\/yoast.com\/wordpress\/plugins\/seo\/ -->\n<title>Viajes de la Edad Tard\u00eda. Un nuevo concepto de viajes para mayores muy mayores - Blog Inforesidencias.com<\/title>\n<meta name=\"description\" content=\"Viajes de la edad tard\u00eda, una agencia de viajes pensada exclusivamente para las personas mayores con un toque diferente y vocacional\" \/>\n<meta name=\"robots\" content=\"index, follow, max-snippet:-1, max-image-preview:large, max-video-preview:-1\" \/>\n<link rel=\"canonical\" href=\"https:\/\/www.inforesidencias.com\/blog\/index.php\/2022\/01\/17\/viajes-de-la-edad-tardia-un-nuevo-concepto-de-viajes-para-mayores-muy-mayores\/\" \/>\n<meta property=\"og:locale\" content=\"es_ES\" \/>\n<meta property=\"og:type\" content=\"article\" \/>\n<meta property=\"og:title\" content=\"Viajes de la Edad Tard\u00eda. Un nuevo concepto de viajes para mayores muy mayores - Blog Inforesidencias.com\" \/>\n<meta property=\"og:description\" content=\"Viajes de la edad tard\u00eda, una agencia de viajes pensada exclusivamente para las personas mayores con un toque diferente y vocacional\" \/>\n<meta property=\"og:url\" content=\"https:\/\/www.inforesidencias.com\/blog\/index.php\/2022\/01\/17\/viajes-de-la-edad-tardia-un-nuevo-concepto-de-viajes-para-mayores-muy-mayores\/\" \/>\n<meta property=\"og:site_name\" content=\"Blog Inforesidencias.com\" \/>\n<meta property=\"article:publisher\" content=\"https:\/\/www.facebook.com\/Inforesidencias\/\" \/>\n<meta property=\"article:author\" content=\"https:\/\/www.facebook.com\/josep.demarti\" \/>\n<meta property=\"article:published_time\" content=\"2022-01-17T05:26:00+00:00\" \/>\n<meta property=\"article:modified_time\" content=\"2022-01-18T14:53:27+00:00\" \/>\n<meta property=\"og:image\" content=\"https:\/\/www.inforesidencias.com\/blog\/wp-content\/uploads\/2022\/01\/Viajes-de-la-edad-tardi\u0301a.jpeg\" \/>\n\t<meta property=\"og:image:width\" content=\"320\" \/>\n\t<meta property=\"og:image:height\" content=\"180\" \/>\n\t<meta property=\"og:image:type\" content=\"image\/jpeg\" \/>\n<meta name=\"author\" content=\"Josep de Mart\u00ed\" \/>\n<meta name=\"twitter:card\" content=\"summary_large_image\" \/>\n<meta name=\"twitter:creator\" content=\"@blog-ir\" \/>\n<meta name=\"twitter:site\" content=\"@inforesidencias\" \/>\n<meta name=\"twitter:label1\" content=\"Escrito por\" \/>\n\t<meta name=\"twitter:data1\" content=\"Josep de Mart\u00ed\" \/>\n\t<meta name=\"twitter:label2\" content=\"Tiempo de lectura\" \/>\n\t<meta name=\"twitter:data2\" content=\"4 minutos\" \/>\n<script type=\"application\/ld+json\" class=\"yoast-schema-graph\">{\"@context\":\"https:\/\/schema.org\",\"@graph\":[{\"@type\":\"WebPage\",\"@id\":\"https:\/\/www.inforesidencias.com\/blog\/index.php\/2022\/01\/17\/viajes-de-la-edad-tardia-un-nuevo-concepto-de-viajes-para-mayores-muy-mayores\/\",\"url\":\"https:\/\/www.inforesidencias.com\/blog\/index.php\/2022\/01\/17\/viajes-de-la-edad-tardia-un-nuevo-concepto-de-viajes-para-mayores-muy-mayores\/\",\"name\":\"Viajes de la Edad Tard\u00eda. Un nuevo concepto de viajes para mayores muy mayores - Blog Inforesidencias.com\",\"isPartOf\":{\"@id\":\"https:\/\/www.inforesidencias.com\/blog\/#website\"},\"datePublished\":\"2022-01-17T05:26:00+00:00\",\"dateModified\":\"2022-01-18T14:53:27+00:00\",\"author\":{\"@id\":\"https:\/\/www.inforesidencias.com\/blog\/#\/schema\/person\/9e146774d1eb3bc1c0316242a3898628\"},\"description\":\"Viajes de la edad tard\u00eda, una agencia de viajes pensada exclusivamente para las personas mayores con un toque diferente y vocacional\",\"breadcrumb\":{\"@id\":\"https:\/\/www.inforesidencias.com\/blog\/index.php\/2022\/01\/17\/viajes-de-la-edad-tardia-un-nuevo-concepto-de-viajes-para-mayores-muy-mayores\/#breadcrumb\"},\"inLanguage\":\"es\",\"potentialAction\":[{\"@type\":\"ReadAction\",\"target\":[\"https:\/\/www.inforesidencias.com\/blog\/index.php\/2022\/01\/17\/viajes-de-la-edad-tardia-un-nuevo-concepto-de-viajes-para-mayores-muy-mayores\/\"]}]},{\"@type\":\"BreadcrumbList\",\"@id\":\"https:\/\/www.inforesidencias.com\/blog\/index.php\/2022\/01\/17\/viajes-de-la-edad-tardia-un-nuevo-concepto-de-viajes-para-mayores-muy-mayores\/#breadcrumb\",\"itemListElement\":[{\"@type\":\"ListItem\",\"position\":1,\"name\":\"Home\",\"item\":\"https:\/\/www.inforesidencias.com\/blog\/\"},{\"@type\":\"ListItem\",\"position\":2,\"name\":\"Viajes de la Edad Tard\u00eda. Un nuevo concepto de viajes para mayores muy mayores\"}]},{\"@type\":\"WebSite\",\"@id\":\"https:\/\/www.inforesidencias.com\/blog\/#website\",\"url\":\"https:\/\/www.inforesidencias.com\/blog\/\",\"name\":\"Blog Inforesidencias.com\",\"description\":\"El buscador de residencias de la 3\u00aa edad\",\"potentialAction\":[{\"@type\":\"SearchAction\",\"target\":{\"@type\":\"EntryPoint\",\"urlTemplate\":\"https:\/\/www.inforesidencias.com\/blog\/?s={search_term_string}\"},\"query-input\":\"required name=search_term_string\"}],\"inLanguage\":\"es\"},{\"@type\":\"Person\",\"@id\":\"https:\/\/www.inforesidencias.com\/blog\/#\/schema\/person\/9e146774d1eb3bc1c0316242a3898628\",\"name\":\"Josep de Mart\u00ed\",\"image\":{\"@type\":\"ImageObject\",\"inLanguage\":\"es\",\"@id\":\"https:\/\/www.inforesidencias.com\/blog\/#\/schema\/person\/image\/\",\"url\":\"https:\/\/secure.gravatar.com\/avatar\/de0302c4806c00c4cebff396a798c1ff?s=96&d=mm&r=g\",\"contentUrl\":\"https:\/\/secure.gravatar.com\/avatar\/de0302c4806c00c4cebff396a798c1ff?s=96&d=mm&r=g\",\"caption\":\"Josep de Mart\u00ed\"},\"sameAs\":[\"https:\/\/www.inforesidencias.com\",\"https:\/\/www.facebook.com\/josep.demarti\",\"https:\/\/twitter.com\/blog-ir\"],\"url\":\"https:\/\/www.inforesidencias.com\/blog\/index.php\/author\/josepdemarti\/\"}]}<\/script>\n<!-- \/ Yoast SEO plugin. -->","yoast_head_json":{"title":"Viajes de la Edad Tard\u00eda. Un nuevo concepto de viajes para mayores muy mayores - Blog Inforesidencias.com","description":"Viajes de la edad tard\u00eda, una agencia de viajes pensada exclusivamente para las personas mayores con un toque diferente y vocacional","robots":{"index":"index","follow":"follow","max-snippet":"max-snippet:-1","max-image-preview":"max-image-preview:large","max-video-preview":"max-video-preview:-1"},"canonical":"https:\/\/www.inforesidencias.com\/blog\/index.php\/2022\/01\/17\/viajes-de-la-edad-tardia-un-nuevo-concepto-de-viajes-para-mayores-muy-mayores\/","og_locale":"es_ES","og_type":"article","og_title":"Viajes de la Edad Tard\u00eda. Un nuevo concepto de viajes para mayores muy mayores - Blog Inforesidencias.com","og_description":"Viajes de la edad tard\u00eda, una agencia de viajes pensada exclusivamente para las personas mayores con un toque diferente y vocacional","og_url":"https:\/\/www.inforesidencias.com\/blog\/index.php\/2022\/01\/17\/viajes-de-la-edad-tardia-un-nuevo-concepto-de-viajes-para-mayores-muy-mayores\/","og_site_name":"Blog Inforesidencias.com","article_publisher":"https:\/\/www.facebook.com\/Inforesidencias\/","article_author":"https:\/\/www.facebook.com\/josep.demarti","article_published_time":"2022-01-17T05:26:00+00:00","article_modified_time":"2022-01-18T14:53:27+00:00","og_image":[{"width":320,"height":180,"url":"https:\/\/www.inforesidencias.com\/blog\/wp-content\/uploads\/2022\/01\/Viajes-de-la-edad-tardi\u0301a.jpeg","type":"image\/jpeg"}],"author":"Josep de Mart\u00ed","twitter_card":"summary_large_image","twitter_creator":"@blog-ir","twitter_site":"@inforesidencias","twitter_misc":{"Escrito por":"Josep de Mart\u00ed","Tiempo de lectura":"4 minutos"},"schema":{"@context":"https:\/\/schema.org","@graph":[{"@type":"WebPage","@id":"https:\/\/www.inforesidencias.com\/blog\/index.php\/2022\/01\/17\/viajes-de-la-edad-tardia-un-nuevo-concepto-de-viajes-para-mayores-muy-mayores\/","url":"https:\/\/www.inforesidencias.com\/blog\/index.php\/2022\/01\/17\/viajes-de-la-edad-tardia-un-nuevo-concepto-de-viajes-para-mayores-muy-mayores\/","name":"Viajes de la Edad Tard\u00eda. Un nuevo concepto de viajes para mayores muy mayores - Blog Inforesidencias.com","isPartOf":{"@id":"https:\/\/www.inforesidencias.com\/blog\/#website"},"datePublished":"2022-01-17T05:26:00+00:00","dateModified":"2022-01-18T14:53:27+00:00","author":{"@id":"https:\/\/www.inforesidencias.com\/blog\/#\/schema\/person\/9e146774d1eb3bc1c0316242a3898628"},"description":"Viajes de la edad tard\u00eda, una agencia de viajes pensada exclusivamente para las personas mayores con un toque diferente y vocacional","breadcrumb":{"@id":"https:\/\/www.inforesidencias.com\/blog\/index.php\/2022\/01\/17\/viajes-de-la-edad-tardia-un-nuevo-concepto-de-viajes-para-mayores-muy-mayores\/#breadcrumb"},"inLanguage":"es","potentialAction":[{"@type":"ReadAction","target":["https:\/\/www.inforesidencias.com\/blog\/index.php\/2022\/01\/17\/viajes-de-la-edad-tardia-un-nuevo-concepto-de-viajes-para-mayores-muy-mayores\/"]}]},{"@type":"BreadcrumbList","@id":"https:\/\/www.inforesidencias.com\/blog\/index.php\/2022\/01\/17\/viajes-de-la-edad-tardia-un-nuevo-concepto-de-viajes-para-mayores-muy-mayores\/#breadcrumb","itemListElement":[{"@type":"ListItem","position":1,"name":"Home","item":"https:\/\/www.inforesidencias.com\/blog\/"},{"@type":"ListItem","position":2,"name":"Viajes de la Edad Tard\u00eda. Un nuevo concepto de viajes para mayores muy mayores"}]},{"@type":"WebSite","@id":"https:\/\/www.inforesidencias.com\/blog\/#website","url":"https:\/\/www.inforesidencias.com\/blog\/","name":"Blog Inforesidencias.com","description":"El buscador de residencias de la 3\u00aa edad","potentialAction":[{"@type":"SearchAction","target":{"@type":"EntryPoint","urlTemplate":"https:\/\/www.inforesidencias.com\/blog\/?s={search_term_string}"},"query-input":"required name=search_term_string"}],"inLanguage":"es"},{"@type":"Person","@id":"https:\/\/www.inforesidencias.com\/blog\/#\/schema\/person\/9e146774d1eb3bc1c0316242a3898628","name":"Josep de Mart\u00ed","image":{"@type":"ImageObject","inLanguage":"es","@id":"https:\/\/www.inforesidencias.com\/blog\/#\/schema\/person\/image\/","url":"https:\/\/secure.gravatar.com\/avatar\/de0302c4806c00c4cebff396a798c1ff?s=96&d=mm&r=g","contentUrl":"https:\/\/secure.gravatar.com\/avatar\/de0302c4806c00c4cebff396a798c1ff?s=96&d=mm&r=g","caption":"Josep de Mart\u00ed"},"sameAs":["https:\/\/www.inforesidencias.com","https:\/\/www.facebook.com\/josep.demarti","https:\/\/twitter.com\/blog-ir"],"url":"https:\/\/www.inforesidencias.com\/blog\/index.php\/author\/josepdemarti\/"}]}},"_links":{"self":[{"href":"https:\/\/www.inforesidencias.com\/blog\/index.php\/wp-json\/wp\/v2\/posts\/5297"}],"collection":[{"href":"https:\/\/www.inforesidencias.com\/blog\/index.php\/wp-json\/wp\/v2\/posts"}],"about":[{"href":"https:\/\/www.inforesidencias.com\/blog\/index.php\/wp-json\/wp\/v2\/types\/post"}],"author":[{"embeddable":true,"href":"https:\/\/www.inforesidencias.com\/blog\/index.php\/wp-json\/wp\/v2\/users\/2"}],"replies":[{"embeddable":true,"href":"https:\/\/www.inforesidencias.com\/blog\/index.php\/wp-json\/wp\/v2\/comments?post=5297"}],"version-history":[{"count":6,"href":"https:\/\/www.inforesidencias.com\/blog\/index.php\/wp-json\/wp\/v2\/posts\/5297\/revisions"}],"predecessor-version":[{"id":5313,"href":"https:\/\/www.inforesidencias.com\/blog\/index.php\/wp-json\/wp\/v2\/posts\/5297\/revisions\/5313"}],"wp:featuredmedia":[{"embeddable":true,"href":"https:\/\/www.inforesidencias.com\/blog\/index.php\/wp-json\/wp\/v2\/media\/5298"}],"wp:attachment":[{"href":"https:\/\/www.inforesidencias.com\/blog\/index.php\/wp-json\/wp\/v2\/media?parent=5297"}],"wp:term":[{"taxonomy":"category","embeddable":true,"href":"https:\/\/www.inforesidencias.com\/blog\/index.php\/wp-json\/wp\/v2\/categories?post=5297"},{"taxonomy":"post_tag","embeddable":true,"href":"https:\/\/www.inforesidencias.com\/blog\/index.php\/wp-json\/wp\/v2\/tags?post=5297"}],"curies":[{"name":"wp","href":"https:\/\/api.w.org\/{rel}","templated":true}]}}