{"id":5305,"date":"2022-01-20T06:11:00","date_gmt":"2022-01-20T05:11:00","guid":{"rendered":"https:\/\/www.inforesidencias.com\/blog\/?p=5305"},"modified":"2022-01-17T18:16:17","modified_gmt":"2022-01-17T17:16:17","slug":"propositos-para-el-ano-nuevo","status":"publish","type":"post","link":"https:\/\/www.inforesidencias.com\/blog\/index.php\/2022\/01\/20\/propositos-para-el-ano-nuevo\/","title":{"rendered":"Prop\u00f3sitos para el a\u00f1o nuevo"},"content":{"rendered":"\n<p>En el programa del <a href=\"https:\/\/www.estelfitxers.com\/audio\/2021-2022\/20220115-13_00TEMPSDEBENESTAR.MP3\" target=\"_blank\" rel=\"noreferrer noopener\">s\u00e1bado 15 de enero <\/a>de \u00ab\u00c9s gran ser gran\u00bb empezamos haciendo una r\u00e1pida mirada al fin de a\u00f1o, ese momento en el que hacemos prop\u00f3sitos para el a\u00f1o nuevo que entra. En relaci\u00f3n a estos prop\u00f3sitos, repasamos cuales son los m\u00e1s comunes en nuestro pa\u00eds.<\/p>\n\n\n\n<p>Seguidamente, en la entrevista del d\u00eda, hablamos con Penny Subirats, directora de la residencia <a href=\"https:\/\/www.inforesidencias.com\/centros\/residencia\/3128\/residencia-l-onada-golden-beach\" target=\"_blank\" rel=\"noreferrer noopener\">l&#8217;Onada la R\u00e0pita<\/a>. Para empezar, Penny nos explic\u00f3 cuantas plazas tiene la residencia y el hecho de que tambi\u00e9n disponen de un servicio diurno para aquellas personas que solo van durante el d\u00eda y otro de atenci\u00f3n domiciliaria.  Tambi\u00e9n aprendimos cu\u00e1l es la configuraci\u00f3n del edificio y como es un d\u00eda en la residencia y explic\u00f3 algunas actividades espec\u00edficas, como una llamada \u00ablo meu yayo, la meva yaya\u00bb. Para acabar la entrevista, hablamos de las <a href=\"https:\/\/www.inforesidencias.com\/blog\/index.php\/2020\/11\/06\/naomi-feil-50-anos-en-el-campo-de-la-demencia\/\" target=\"_blank\" rel=\"noreferrer noopener\">terapias de validaci\u00f3n<\/a> que trabajan desde l&#8217;Onada la R\u00e0pita con sus residentes.<\/p>\n\n\n\n<p>En la bolsa de trabajo, dedicamos el tiempo disponible a hablar de diferentes formas de encontrar trabajo en este 2022. Algunas de ellas conocidas y otras en las que seguro que no hab\u00edamos pensado y seguro que nos resultan \u00fatiles. Para acabar, en la consulta del trabajador social, charlamos de reformas del hogar y del espacio m\u00e1s importante a reformar en el domicilio de una persona mayor para que mantenga su independencia, el ba\u00f1o.<\/p>\n\n\n\n<p>En el inicio del programa del <a href=\"https:\/\/www.estelfitxers.com\/audio\/2021-2022\/20220116-13_00TEMPSDEBENESTAR.MP3\" target=\"_blank\" rel=\"noreferrer noopener\">domingo 19 de enero<\/a><a href=\"https:\/\/www.estelfitxers.com\/audio\/2021-2022\/20220116-13_00TEMPSDEBENESTAR.MP3\">,<\/a> retomando el tema del dia anterior sobre los prop\u00f3sitos de a\u00f1o nuevo, explicamos cuales son algunos de los motivos por los que estos objetivos quedan en agua de borrajas a las pocas semanas de iniciarlos y como revertir esta situaci\u00f3n.<\/p>\n\n\n\n<div class=\"wp-block-image\"><figure class=\"alignleft size-large is-resized\"><img decoding=\"async\" loading=\"lazy\" src=\"https:\/\/www.inforesidencias.com\/blog\/wp-content\/uploads\/2022\/01\/residencia-Solarium-en-Barcelona-768x1024.jpg\" alt=\"\" class=\"wp-image-5309\" width=\"224\" height=\"298\" srcset=\"https:\/\/www.inforesidencias.com\/blog\/wp-content\/uploads\/2022\/01\/residencia-Solarium-en-Barcelona-768x1024.jpg 768w, https:\/\/www.inforesidencias.com\/blog\/wp-content\/uploads\/2022\/01\/residencia-Solarium-en-Barcelona-225x300.jpg 225w, https:\/\/www.inforesidencias.com\/blog\/wp-content\/uploads\/2022\/01\/residencia-Solarium-en-Barcelona.jpg 900w\" sizes=\"(max-width: 224px) 100vw, 224px\" \/><figcaption>La Sra. Merc\u00e8 (izquierda) y Marta, la directora (derecha)<\/figcaption><\/figure><\/div>\n\n\n\n<p>En el espacio para la entrevista a personas relacionadas con el mundo de las residencias de mayores, contamos con Marta Navarro, directora de la <a href=\"https:\/\/www.inforesidencias.com\/centros\/residencia\/12978\/residencia-solarium\" target=\"_blank\" rel=\"noreferrer noopener\">residencia Solarium en Barcelona<\/a><a href=\"https:\/\/www.inforesidencias.com\/centros\/residencia\/12978\/residencia-solarium\"> <\/a>y con una residente, la Sra Merc\u00e8 de Nin. En esta ocasi\u00f3n empezamos hablando primero con la Sra. Merc\u00e8 quien fue la segunda persona que fue a vivir a Solarium y nos explic\u00f3 como conoci\u00f3 la residencia (antes de que se abriera). Al hablar Merc\u00e8 desprend\u00eda satisfacci\u00f3n en cada frase.<\/p>\n\n\n\n<p>Seguidamente Marta, la directora nos explic\u00f3 que la residencia hace pocos meses que abri\u00f3 sus puertas (octubre 2021), y las actividades que hacen cada dia con los residentes. Unas actividades que publican a menudo en sus redes sociales como instagram. <\/p>\n\n\n\n<p>Despu\u00e9s de la <a href=\"https:\/\/www.inforesidencias.com\/bolsa\/ofertas-de-trabajo\" target=\"_blank\" rel=\"noreferrer noopener\">bolsa de trabajo<\/a> en la que repasamos las \u00faltimas ofertas publicadas en inforesidencias.com, en la consulta del trabajador social continuamos como el dia anterior, hablando de aspectos clave en  las reformas del hogar para adaptar un domicilio a las necesidades de una persona mayor.<\/p>\n\n\n\n<p>Temas relacionados:<\/p>\n\n\n\n<ul><li><a href=\"https:\/\/www.inforesidencias.com\/contenidos\/noticias\/nacional\/adaptar-la-vivienda-para-la-tercera-edad\">Adaptar la vivienda para la tercera edad<\/a><\/li><\/ul>\n\n\n\n<ul><li><a href=\"https:\/\/www.inforesidencias.com\/centros\/buscador\/busquedas-predefinidas\/residencias-de-ancianos-transparentes-madrid\" target=\"_blank\" rel=\"noreferrer noopener\">Residencias de ancianos transparentes en Madrid<\/a><\/li><\/ul>\n\n\n\n<p><\/p>\n","protected":false},"excerpt":{"rendered":"<p>En el programa del s\u00e1bado 15 de enero de \u00ab\u00c9s gran ser gran\u00bb empezamos haciendo una r\u00e1pida mirada al fin de a\u00f1o, ese momento en el que hacemos prop\u00f3sitos para el a\u00f1o nuevo que entra. En relaci\u00f3n a estos prop\u00f3sitos, repasamos cuales son los m\u00e1s comunes en nuestro pa\u00eds. Seguidamente, en la entrevista del d\u00eda, hablamos con Penny Subirats, directora de la residencia l&#8217;Onada la R\u00e0pita. Para empezar, Penny nos explic\u00f3 cuantas plazas tiene la residencia y el hecho de que tambi\u00e9n disponen de un servicio diurno para aquellas personas que solo van durante el d\u00eda y otro de atenci\u00f3n domiciliaria. Tambi\u00e9n aprendimos cu\u00e1l es la configuraci\u00f3n del edificio y como es un d\u00eda en la residencia y explic\u00f3 algunas actividades espec\u00edficas, como una llamada \u00ablo meu yayo, la meva yaya\u00bb. Para acabar la entrevista, hablamos de las terapias de validaci\u00f3n que trabajan desde l&#8217;Onada la R\u00e0pita con sus residentes. [&hellip;]<\/p>\n","protected":false},"author":2,"featured_media":5308,"comment_status":"open","ping_status":"open","sticky":false,"template":"","format":"standard","meta":{"footnotes":""},"categories":[1],"tags":[],"yoast_head":"<!-- This site is optimized with the Yoast SEO plugin v21.7 - https:\/\/yoast.com\/wordpress\/plugins\/seo\/ -->\n<title>Prop\u00f3sitos para el a\u00f1o nuevo - Blog Inforesidencias.com<\/title>\n<meta name=\"description\" content=\"Prop\u00f3sitos para el a\u00f1o nuevo y como conseguirlos. Tambi\u00e9n entrevistamos a personal de la residencica Solarium i de l&#039;Onada la R\u00e0pita\" \/>\n<meta name=\"robots\" content=\"index, follow, max-snippet:-1, max-image-preview:large, max-video-preview:-1\" \/>\n<link rel=\"canonical\" href=\"https:\/\/www.inforesidencias.com\/blog\/index.php\/2022\/01\/20\/propositos-para-el-ano-nuevo\/\" \/>\n<meta property=\"og:locale\" content=\"es_ES\" \/>\n<meta property=\"og:type\" content=\"article\" \/>\n<meta property=\"og:title\" content=\"Prop\u00f3sitos para el a\u00f1o nuevo - Blog Inforesidencias.com\" \/>\n<meta property=\"og:description\" content=\"Prop\u00f3sitos para el a\u00f1o nuevo y como conseguirlos. Tambi\u00e9n entrevistamos a personal de la residencica Solarium i de l&#039;Onada la R\u00e0pita\" \/>\n<meta property=\"og:url\" content=\"https:\/\/www.inforesidencias.com\/blog\/index.php\/2022\/01\/20\/propositos-para-el-ano-nuevo\/\" \/>\n<meta property=\"og:site_name\" content=\"Blog Inforesidencias.com\" \/>\n<meta property=\"article:publisher\" content=\"https:\/\/www.facebook.com\/Inforesidencias\/\" \/>\n<meta property=\"article:author\" content=\"https:\/\/www.facebook.com\/josep.demarti\" \/>\n<meta property=\"article:published_time\" content=\"2022-01-20T05:11:00+00:00\" \/>\n<meta property=\"article:modified_time\" content=\"2022-01-17T17:16:17+00:00\" \/>\n<meta property=\"og:image\" content=\"https:\/\/www.inforesidencias.com\/blog\/wp-content\/uploads\/2022\/01\/Propo\u0301sitos-para-el-an\u0303o-nuevo.png\" \/>\n\t<meta property=\"og:image:width\" content=\"900\" \/>\n\t<meta property=\"og:image:height\" content=\"592\" \/>\n\t<meta property=\"og:image:type\" content=\"image\/png\" \/>\n<meta name=\"author\" content=\"Josep de Mart\u00ed\" \/>\n<meta name=\"twitter:card\" content=\"summary_large_image\" \/>\n<meta name=\"twitter:creator\" content=\"@blog-ir\" \/>\n<meta name=\"twitter:site\" content=\"@inforesidencias\" \/>\n<meta name=\"twitter:label1\" content=\"Escrito por\" \/>\n\t<meta name=\"twitter:data1\" content=\"Josep de Mart\u00ed\" \/>\n\t<meta name=\"twitter:label2\" content=\"Tiempo de lectura\" \/>\n\t<meta name=\"twitter:data2\" content=\"2 minutos\" \/>\n<script type=\"application\/ld+json\" class=\"yoast-schema-graph\">{\"@context\":\"https:\/\/schema.org\",\"@graph\":[{\"@type\":\"WebPage\",\"@id\":\"https:\/\/www.inforesidencias.com\/blog\/index.php\/2022\/01\/20\/propositos-para-el-ano-nuevo\/\",\"url\":\"https:\/\/www.inforesidencias.com\/blog\/index.php\/2022\/01\/20\/propositos-para-el-ano-nuevo\/\",\"name\":\"Prop\u00f3sitos para el a\u00f1o nuevo - Blog Inforesidencias.com\",\"isPartOf\":{\"@id\":\"https:\/\/www.inforesidencias.com\/blog\/#website\"},\"datePublished\":\"2022-01-20T05:11:00+00:00\",\"dateModified\":\"2022-01-17T17:16:17+00:00\",\"author\":{\"@id\":\"https:\/\/www.inforesidencias.com\/blog\/#\/schema\/person\/9e146774d1eb3bc1c0316242a3898628\"},\"description\":\"Prop\u00f3sitos para el a\u00f1o nuevo y como conseguirlos. Tambi\u00e9n entrevistamos a personal de la residencica Solarium i de l'Onada la R\u00e0pita\",\"breadcrumb\":{\"@id\":\"https:\/\/www.inforesidencias.com\/blog\/index.php\/2022\/01\/20\/propositos-para-el-ano-nuevo\/#breadcrumb\"},\"inLanguage\":\"es\",\"potentialAction\":[{\"@type\":\"ReadAction\",\"target\":[\"https:\/\/www.inforesidencias.com\/blog\/index.php\/2022\/01\/20\/propositos-para-el-ano-nuevo\/\"]}]},{\"@type\":\"BreadcrumbList\",\"@id\":\"https:\/\/www.inforesidencias.com\/blog\/index.php\/2022\/01\/20\/propositos-para-el-ano-nuevo\/#breadcrumb\",\"itemListElement\":[{\"@type\":\"ListItem\",\"position\":1,\"name\":\"Home\",\"item\":\"https:\/\/www.inforesidencias.com\/blog\/\"},{\"@type\":\"ListItem\",\"position\":2,\"name\":\"Prop\u00f3sitos para el a\u00f1o nuevo\"}]},{\"@type\":\"WebSite\",\"@id\":\"https:\/\/www.inforesidencias.com\/blog\/#website\",\"url\":\"https:\/\/www.inforesidencias.com\/blog\/\",\"name\":\"Blog Inforesidencias.com\",\"description\":\"El buscador de residencias de la 3\u00aa edad\",\"potentialAction\":[{\"@type\":\"SearchAction\",\"target\":{\"@type\":\"EntryPoint\",\"urlTemplate\":\"https:\/\/www.inforesidencias.com\/blog\/?s={search_term_string}\"},\"query-input\":\"required name=search_term_string\"}],\"inLanguage\":\"es\"},{\"@type\":\"Person\",\"@id\":\"https:\/\/www.inforesidencias.com\/blog\/#\/schema\/person\/9e146774d1eb3bc1c0316242a3898628\",\"name\":\"Josep de Mart\u00ed\",\"image\":{\"@type\":\"ImageObject\",\"inLanguage\":\"es\",\"@id\":\"https:\/\/www.inforesidencias.com\/blog\/#\/schema\/person\/image\/\",\"url\":\"https:\/\/secure.gravatar.com\/avatar\/de0302c4806c00c4cebff396a798c1ff?s=96&d=mm&r=g\",\"contentUrl\":\"https:\/\/secure.gravatar.com\/avatar\/de0302c4806c00c4cebff396a798c1ff?s=96&d=mm&r=g\",\"caption\":\"Josep de Mart\u00ed\"},\"sameAs\":[\"https:\/\/www.inforesidencias.com\",\"https:\/\/www.facebook.com\/josep.demarti\",\"https:\/\/twitter.com\/blog-ir\"],\"url\":\"https:\/\/www.inforesidencias.com\/blog\/index.php\/author\/josepdemarti\/\"}]}<\/script>\n<!-- \/ Yoast SEO plugin. -->","yoast_head_json":{"title":"Prop\u00f3sitos para el a\u00f1o nuevo - Blog Inforesidencias.com","description":"Prop\u00f3sitos para el a\u00f1o nuevo y como conseguirlos. Tambi\u00e9n entrevistamos a personal de la residencica Solarium i de l'Onada la R\u00e0pita","robots":{"index":"index","follow":"follow","max-snippet":"max-snippet:-1","max-image-preview":"max-image-preview:large","max-video-preview":"max-video-preview:-1"},"canonical":"https:\/\/www.inforesidencias.com\/blog\/index.php\/2022\/01\/20\/propositos-para-el-ano-nuevo\/","og_locale":"es_ES","og_type":"article","og_title":"Prop\u00f3sitos para el a\u00f1o nuevo - Blog Inforesidencias.com","og_description":"Prop\u00f3sitos para el a\u00f1o nuevo y como conseguirlos. Tambi\u00e9n entrevistamos a personal de la residencica Solarium i de l'Onada la R\u00e0pita","og_url":"https:\/\/www.inforesidencias.com\/blog\/index.php\/2022\/01\/20\/propositos-para-el-ano-nuevo\/","og_site_name":"Blog Inforesidencias.com","article_publisher":"https:\/\/www.facebook.com\/Inforesidencias\/","article_author":"https:\/\/www.facebook.com\/josep.demarti","article_published_time":"2022-01-20T05:11:00+00:00","article_modified_time":"2022-01-17T17:16:17+00:00","og_image":[{"width":900,"height":592,"url":"https:\/\/www.inforesidencias.com\/blog\/wp-content\/uploads\/2022\/01\/Propo\u0301sitos-para-el-an\u0303o-nuevo.png","type":"image\/png"}],"author":"Josep de Mart\u00ed","twitter_card":"summary_large_image","twitter_creator":"@blog-ir","twitter_site":"@inforesidencias","twitter_misc":{"Escrito por":"Josep de Mart\u00ed","Tiempo de lectura":"2 minutos"},"schema":{"@context":"https:\/\/schema.org","@graph":[{"@type":"WebPage","@id":"https:\/\/www.inforesidencias.com\/blog\/index.php\/2022\/01\/20\/propositos-para-el-ano-nuevo\/","url":"https:\/\/www.inforesidencias.com\/blog\/index.php\/2022\/01\/20\/propositos-para-el-ano-nuevo\/","name":"Prop\u00f3sitos para el a\u00f1o nuevo - Blog Inforesidencias.com","isPartOf":{"@id":"https:\/\/www.inforesidencias.com\/blog\/#website"},"datePublished":"2022-01-20T05:11:00+00:00","dateModified":"2022-01-17T17:16:17+00:00","author":{"@id":"https:\/\/www.inforesidencias.com\/blog\/#\/schema\/person\/9e146774d1eb3bc1c0316242a3898628"},"description":"Prop\u00f3sitos para el a\u00f1o nuevo y como conseguirlos. Tambi\u00e9n entrevistamos a personal de la residencica Solarium i de l'Onada la R\u00e0pita","breadcrumb":{"@id":"https:\/\/www.inforesidencias.com\/blog\/index.php\/2022\/01\/20\/propositos-para-el-ano-nuevo\/#breadcrumb"},"inLanguage":"es","potentialAction":[{"@type":"ReadAction","target":["https:\/\/www.inforesidencias.com\/blog\/index.php\/2022\/01\/20\/propositos-para-el-ano-nuevo\/"]}]},{"@type":"BreadcrumbList","@id":"https:\/\/www.inforesidencias.com\/blog\/index.php\/2022\/01\/20\/propositos-para-el-ano-nuevo\/#breadcrumb","itemListElement":[{"@type":"ListItem","position":1,"name":"Home","item":"https:\/\/www.inforesidencias.com\/blog\/"},{"@type":"ListItem","position":2,"name":"Prop\u00f3sitos para el a\u00f1o nuevo"}]},{"@type":"WebSite","@id":"https:\/\/www.inforesidencias.com\/blog\/#website","url":"https:\/\/www.inforesidencias.com\/blog\/","name":"Blog Inforesidencias.com","description":"El buscador de residencias de la 3\u00aa edad","potentialAction":[{"@type":"SearchAction","target":{"@type":"EntryPoint","urlTemplate":"https:\/\/www.inforesidencias.com\/blog\/?s={search_term_string}"},"query-input":"required name=search_term_string"}],"inLanguage":"es"},{"@type":"Person","@id":"https:\/\/www.inforesidencias.com\/blog\/#\/schema\/person\/9e146774d1eb3bc1c0316242a3898628","name":"Josep de Mart\u00ed","image":{"@type":"ImageObject","inLanguage":"es","@id":"https:\/\/www.inforesidencias.com\/blog\/#\/schema\/person\/image\/","url":"https:\/\/secure.gravatar.com\/avatar\/de0302c4806c00c4cebff396a798c1ff?s=96&d=mm&r=g","contentUrl":"https:\/\/secure.gravatar.com\/avatar\/de0302c4806c00c4cebff396a798c1ff?s=96&d=mm&r=g","caption":"Josep de Mart\u00ed"},"sameAs":["https:\/\/www.inforesidencias.com","https:\/\/www.facebook.com\/josep.demarti","https:\/\/twitter.com\/blog-ir"],"url":"https:\/\/www.inforesidencias.com\/blog\/index.php\/author\/josepdemarti\/"}]}},"_links":{"self":[{"href":"https:\/\/www.inforesidencias.com\/blog\/index.php\/wp-json\/wp\/v2\/posts\/5305"}],"collection":[{"href":"https:\/\/www.inforesidencias.com\/blog\/index.php\/wp-json\/wp\/v2\/posts"}],"about":[{"href":"https:\/\/www.inforesidencias.com\/blog\/index.php\/wp-json\/wp\/v2\/types\/post"}],"author":[{"embeddable":true,"href":"https:\/\/www.inforesidencias.com\/blog\/index.php\/wp-json\/wp\/v2\/users\/2"}],"replies":[{"embeddable":true,"href":"https:\/\/www.inforesidencias.com\/blog\/index.php\/wp-json\/wp\/v2\/comments?post=5305"}],"version-history":[{"count":4,"href":"https:\/\/www.inforesidencias.com\/blog\/index.php\/wp-json\/wp\/v2\/posts\/5305\/revisions"}],"predecessor-version":[{"id":5311,"href":"https:\/\/www.inforesidencias.com\/blog\/index.php\/wp-json\/wp\/v2\/posts\/5305\/revisions\/5311"}],"wp:featuredmedia":[{"embeddable":true,"href":"https:\/\/www.inforesidencias.com\/blog\/index.php\/wp-json\/wp\/v2\/media\/5308"}],"wp:attachment":[{"href":"https:\/\/www.inforesidencias.com\/blog\/index.php\/wp-json\/wp\/v2\/media?parent=5305"}],"wp:term":[{"taxonomy":"category","embeddable":true,"href":"https:\/\/www.inforesidencias.com\/blog\/index.php\/wp-json\/wp\/v2\/categories?post=5305"},{"taxonomy":"post_tag","embeddable":true,"href":"https:\/\/www.inforesidencias.com\/blog\/index.php\/wp-json\/wp\/v2\/tags?post=5305"}],"curies":[{"name":"wp","href":"https:\/\/api.w.org\/{rel}","templated":true}]}}