{"id":5324,"date":"2022-01-28T15:02:10","date_gmt":"2022-01-28T14:02:10","guid":{"rendered":"https:\/\/www.inforesidencias.com\/blog\/?p=5324"},"modified":"2022-01-28T15:02:11","modified_gmt":"2022-01-28T14:02:11","slug":"atencion-e-intencion-para-cumplir-tus-propositos","status":"publish","type":"post","link":"https:\/\/www.inforesidencias.com\/blog\/index.php\/2022\/01\/28\/atencion-e-intencion-para-cumplir-tus-propositos\/","title":{"rendered":"Atenci\u00f3n e intenci\u00f3n para cumplir tus prop\u00f3sitos"},"content":{"rendered":"\n<p>En el programa del\u00a0<a rel=\"noreferrer noopener\" href=\"https:\/\/www.estelfitxers.com\/audio\/2021-2022\/20220122-13_00TEMPSDEBENESTAR.MP3\" target=\"_blank\">s\u00e1bado 22 de enero<\/a>\u00a0de \u00ab\u00c9s gran ser gran\u00bb empezamos con dos consejos para cumplir nuestros prop\u00f3sitos del a\u00f1o, atenci\u00f3n e intenci\u00f3n:\u00a0 primero es compartirlo para poner atenci\u00f3n,  y en segundo lugar es la \u201cintenci\u00f3n\u201d de hacerlo y el definir por qu\u00e9 es importante para ti.\u00a0 Es decir, la atenci\u00f3n energiza, pero la intenci\u00f3n te transforma.<\/p>\n\n\n\n<p>Seguidamente, en la entrevista del d\u00eda, hablamos con Susana S\u00e1nchez, Responsable de selecci\u00f3n, formaci\u00f3n y desarrollo del <a href=\"https:\/\/www.inforesidencias.com\/centros\/buscador\/directorio\/grupos\/grupo-amavirr\" target=\"_blank\" rel=\"noreferrer noopener\">Grupo Amavir<\/a>.&nbsp; Con 4.500 empleados y 42 residencias que son el hogar de las personas que residen en ellas. Para empezar, Susana nos explic\u00f3 la importancia de la profesionalizaci\u00f3n de los empleados en el sector geroasistencial y la importancia de este colectivo, donde hay profesionales altamente cualificados e implicados en el cuidado de las personas.<\/p>\n\n\n\n<p>Nos coment\u00f3 la importancia de la Escuela Amavir, con mas de 65 acciones formativas tanto de la parte t\u00e9cnica, como de habilidades \u201cblandas\u201d, por ejemplo, para reforzar la parte de gesti\u00f3n del estr\u00e9s y la capacidad de resilencia, que est\u00e1 siendo muy importante durante estos meses interminables de pandemia. Tambi\u00e9n Susana nos explic\u00f3 c\u00f3mo se trabaja el plan de carrera del personal dentro del Grupo Amavir y como se buscan profesionales que tengan vocaci\u00f3n y experiencia, es decir,  que les guste la parte asistencial pero que tambi\u00e9n les guste cuidar a personas mayores desde el respecto y el cari\u00f1o a las personas. &nbsp;<\/p>\n\n\n\n<p>En la bolsa trabajo, dedicamos el tiempo disponible a hablar de las diferentes ofertas disponibles en la <a href=\"https:\/\/www.inforesidencias.com\/bolsa\/ofertas-de-trabajo\">bolsa de trabajo de inforesidencias.com<\/a>.<\/p>\n\n\n\n<p>Para acabar, en la consulta del trabajador social, hablamos de la sensaci\u00f3n de soledad, qu\u00e9 significa y c\u00f3mo se puede evitar.&nbsp; Se comenta la existencia de las 3 plagas seg\u00fan la teor\u00eda de la Alternativa Ed\u00e9n: la soledad, el aburrimiento y el sentimiento de inutilidad.  Entramos en detalle en la parte de la soledad y c\u00f3mo evitarlo.<\/p>\n\n\n\n<p>En el programa del\u00a0domingo 22 de enero<a href=\"https:\/\/www.estelfitxers.com\/audio\/2021-2022\/20220116-13_00TEMPSDEBENESTAR.MP3\">,<\/a>\u00a0retomamos el tema del d\u00eda anterior sobre la atenci\u00f3n e intenci\u00f3n para poder cumplir los prop\u00f3sitos:\u00a0 el tercer punto es \u201canalizar\u201d lo que hemos hecho, no controlarlo, sino saber qu\u00e9 ha funcionado y que no ha funcionado, con curiosidad para poder cambiar los h\u00e1bitos que no nos han sido \u00fatiles y aprender de los errores sin juzgarnos continuamente por ello.<\/p>\n\n\n\n<div class=\"wp-block-image\"><figure class=\"alignleft size-large is-resized\"><img decoding=\"async\" loading=\"lazy\" src=\"https:\/\/www.inforesidencias.com\/blog\/wp-content\/uploads\/2022\/01\/vista-exterior.png\" alt=\"\" class=\"wp-image-5328\" width=\"328\" height=\"220\" srcset=\"https:\/\/www.inforesidencias.com\/blog\/wp-content\/uploads\/2022\/01\/vista-exterior.png 484w, https:\/\/www.inforesidencias.com\/blog\/wp-content\/uploads\/2022\/01\/vista-exterior-300x201.png 300w\" sizes=\"(max-width: 328px) 100vw, 328px\" \/><\/figure><\/div>\n\n\n\n<p>En la entrevista del d\u00eda hablamos con el Oriol Cabot, Director T\u00e9cnico de la <a href=\"https:\/\/granvida.com\/sant-marti\/\" target=\"_blank\" rel=\"noreferrer noopener\">Residencia Mart\u00ed <\/a>a St Antoni de Calonge del grupo Gran Vida.&nbsp; Uri nos explica la situaci\u00f3n privilegiada donde esta la residencia que esta ubicada en el centro del pueblo, al lado del mercado donde se hace el mercadillo semanal donde les encanta salir a los usuarios de la residencia. Adem\u00e1s, esta cerca de la playa, que se aprovecha mucho todo el a\u00f1o para salir a pasear.&nbsp; La residencia tiene un jard\u00edn muy grande para hacer todo tipo de actividades al aire libre, donde se aprovecha cada mes para traer animales y fomentar la relaci\u00f3n entre personas y animales, como ejemplo nos comenta la \u00faltima actividad que ha sido traer un pony durante un d\u00eda para estar con \u00e9l.&nbsp; Si te interesa saber m\u00e1s sobre animales seniors haz <a href=\"https:\/\/www.inforesidencias.com\/blog\/index.php\/2021\/11\/12\/la-residencia-torreblanca-y-la-vejez-de-los-perros-senior\/\" target=\"_blank\" rel=\"noreferrer noopener\">click aqu\u00ed.<\/a><\/p>\n\n\n\n<p>Otras ideas es crear un huerto en el jard\u00edn para que lo puedan disfrutar los usuarios de la residencia.<\/p>\n\n\n\n<p>Desde la residencia se fomenta que los usuarios se sientan \u00fatiles y que hagan cosas y participen en la vida del d\u00eda a d\u00eda de la residencia.&nbsp; Adem\u00e1s de actividades conjuntas, como cocina, costura, cer\u00e1mica, etc\u2026 donde se fomenta la socializaci\u00f3n y el aprendizaje mutuo entre los residentes y las personas que est\u00e1n trabajando en la residencia.&nbsp;<\/p>\n\n\n\n<p>En la bolsa de trabajo se anima a las residencias a incluir sus <a href=\"https:\/\/www.inforesidencias.com\/bolsa\/ofertas-de-trabajo\" target=\"_blank\" rel=\"noreferrer noopener\">ofertas de trabajo en inforesidencias.com<\/a>.&nbsp;&nbsp; En la consulta del trabajador social, en esta ocasi\u00f3n hablamos de c\u00f3mo mantener la m\u00e1xima autonom\u00eda en personas que empiezan a tener alg\u00fan deterioro cognitivo.&nbsp; Explicamos como ayudar a una persona que empieza a tener problemas cognitivos a \u201crecordar\u201d lo que tiene que hacer, a trav\u00e9s de listados de las tareas desglosadas con ejemplos concretos, y dejarle hacer para que mantenga el m\u00e1ximo tiempo posible su autonom\u00eda.<\/p>\n\n\n\n<p><\/p>\n","protected":false},"excerpt":{"rendered":"<p>En el programa del\u00a0s\u00e1bado 22 de enero\u00a0de \u00ab\u00c9s gran ser gran\u00bb empezamos con dos consejos para cumplir nuestros prop\u00f3sitos del a\u00f1o, atenci\u00f3n e intenci\u00f3n:\u00a0 primero es compartirlo para poner atenci\u00f3n, y en segundo lugar es la \u201cintenci\u00f3n\u201d de hacerlo y el definir por qu\u00e9 es importante para ti.\u00a0 Es decir, la atenci\u00f3n energiza, pero la intenci\u00f3n te transforma. Seguidamente, en la entrevista del d\u00eda, hablamos con Susana S\u00e1nchez, Responsable de selecci\u00f3n, formaci\u00f3n y desarrollo del Grupo Amavir.&nbsp; Con 4.500 empleados y 42 residencias que son el hogar de las personas que residen en ellas. Para empezar, Susana nos explic\u00f3 la importancia de la profesionalizaci\u00f3n de los empleados en el sector geroasistencial y la importancia de este colectivo, donde hay profesionales altamente cualificados e implicados en el cuidado de las personas. Nos coment\u00f3 la importancia de la Escuela Amavir, con mas de 65 acciones formativas tanto de la parte t\u00e9cnica, como [&hellip;]<\/p>\n","protected":false},"author":2,"featured_media":5327,"comment_status":"open","ping_status":"open","sticky":false,"template":"","format":"standard","meta":{"footnotes":""},"categories":[1],"tags":[],"yoast_head":"<!-- This site is optimized with the Yoast SEO plugin v21.7 - https:\/\/yoast.com\/wordpress\/plugins\/seo\/ -->\n<title>Atenci\u00f3n e intenci\u00f3n para cumplir tus prop\u00f3sitos - Blog Inforesidencias.com<\/title>\n<meta name=\"description\" content=\"Hablamos de dos aspectos clave a tener en cuenta a la hora de conseguir nuestros prop\u00f3sitos, atenci\u00f3n e intenci\u00f3n\" \/>\n<meta name=\"robots\" content=\"index, follow, max-snippet:-1, max-image-preview:large, max-video-preview:-1\" \/>\n<link rel=\"canonical\" href=\"https:\/\/www.inforesidencias.com\/blog\/index.php\/2022\/01\/28\/atencion-e-intencion-para-cumplir-tus-propositos\/\" \/>\n<meta property=\"og:locale\" content=\"es_ES\" \/>\n<meta property=\"og:type\" content=\"article\" \/>\n<meta property=\"og:title\" content=\"Atenci\u00f3n e intenci\u00f3n para cumplir tus prop\u00f3sitos - Blog Inforesidencias.com\" \/>\n<meta property=\"og:description\" content=\"Hablamos de dos aspectos clave a tener en cuenta a la hora de conseguir nuestros prop\u00f3sitos, atenci\u00f3n e intenci\u00f3n\" \/>\n<meta property=\"og:url\" content=\"https:\/\/www.inforesidencias.com\/blog\/index.php\/2022\/01\/28\/atencion-e-intencion-para-cumplir-tus-propositos\/\" \/>\n<meta property=\"og:site_name\" content=\"Blog Inforesidencias.com\" \/>\n<meta property=\"article:publisher\" content=\"https:\/\/www.facebook.com\/Inforesidencias\/\" \/>\n<meta property=\"article:author\" content=\"https:\/\/www.facebook.com\/josep.demarti\" \/>\n<meta property=\"article:published_time\" content=\"2022-01-28T14:02:10+00:00\" \/>\n<meta property=\"article:modified_time\" content=\"2022-01-28T14:02:11+00:00\" \/>\n<meta property=\"og:image\" content=\"https:\/\/www.inforesidencias.com\/blog\/wp-content\/uploads\/2022\/01\/Atencio\u0301n-e-intencio\u0301n-para-lograr-tus-propo\u0301sitos.png\" \/>\n\t<meta property=\"og:image:width\" content=\"596\" \/>\n\t<meta property=\"og:image:height\" content=\"838\" \/>\n\t<meta property=\"og:image:type\" content=\"image\/png\" \/>\n<meta name=\"author\" content=\"Josep de Mart\u00ed\" \/>\n<meta name=\"twitter:card\" content=\"summary_large_image\" \/>\n<meta name=\"twitter:creator\" content=\"@blog-ir\" \/>\n<meta name=\"twitter:site\" content=\"@inforesidencias\" \/>\n<meta name=\"twitter:label1\" content=\"Escrito por\" \/>\n\t<meta name=\"twitter:data1\" content=\"Josep de Mart\u00ed\" \/>\n\t<meta name=\"twitter:label2\" content=\"Tiempo de lectura\" \/>\n\t<meta name=\"twitter:data2\" content=\"4 minutos\" \/>\n<script type=\"application\/ld+json\" class=\"yoast-schema-graph\">{\"@context\":\"https:\/\/schema.org\",\"@graph\":[{\"@type\":\"WebPage\",\"@id\":\"https:\/\/www.inforesidencias.com\/blog\/index.php\/2022\/01\/28\/atencion-e-intencion-para-cumplir-tus-propositos\/\",\"url\":\"https:\/\/www.inforesidencias.com\/blog\/index.php\/2022\/01\/28\/atencion-e-intencion-para-cumplir-tus-propositos\/\",\"name\":\"Atenci\u00f3n e intenci\u00f3n para cumplir tus prop\u00f3sitos - Blog Inforesidencias.com\",\"isPartOf\":{\"@id\":\"https:\/\/www.inforesidencias.com\/blog\/#website\"},\"datePublished\":\"2022-01-28T14:02:10+00:00\",\"dateModified\":\"2022-01-28T14:02:11+00:00\",\"author\":{\"@id\":\"https:\/\/www.inforesidencias.com\/blog\/#\/schema\/person\/9e146774d1eb3bc1c0316242a3898628\"},\"description\":\"Hablamos de dos aspectos clave a tener en cuenta a la hora de conseguir nuestros prop\u00f3sitos, atenci\u00f3n e intenci\u00f3n\",\"breadcrumb\":{\"@id\":\"https:\/\/www.inforesidencias.com\/blog\/index.php\/2022\/01\/28\/atencion-e-intencion-para-cumplir-tus-propositos\/#breadcrumb\"},\"inLanguage\":\"es\",\"potentialAction\":[{\"@type\":\"ReadAction\",\"target\":[\"https:\/\/www.inforesidencias.com\/blog\/index.php\/2022\/01\/28\/atencion-e-intencion-para-cumplir-tus-propositos\/\"]}]},{\"@type\":\"BreadcrumbList\",\"@id\":\"https:\/\/www.inforesidencias.com\/blog\/index.php\/2022\/01\/28\/atencion-e-intencion-para-cumplir-tus-propositos\/#breadcrumb\",\"itemListElement\":[{\"@type\":\"ListItem\",\"position\":1,\"name\":\"Home\",\"item\":\"https:\/\/www.inforesidencias.com\/blog\/\"},{\"@type\":\"ListItem\",\"position\":2,\"name\":\"Atenci\u00f3n e intenci\u00f3n para cumplir tus prop\u00f3sitos\"}]},{\"@type\":\"WebSite\",\"@id\":\"https:\/\/www.inforesidencias.com\/blog\/#website\",\"url\":\"https:\/\/www.inforesidencias.com\/blog\/\",\"name\":\"Blog Inforesidencias.com\",\"description\":\"El buscador de residencias de la 3\u00aa edad\",\"potentialAction\":[{\"@type\":\"SearchAction\",\"target\":{\"@type\":\"EntryPoint\",\"urlTemplate\":\"https:\/\/www.inforesidencias.com\/blog\/?s={search_term_string}\"},\"query-input\":\"required name=search_term_string\"}],\"inLanguage\":\"es\"},{\"@type\":\"Person\",\"@id\":\"https:\/\/www.inforesidencias.com\/blog\/#\/schema\/person\/9e146774d1eb3bc1c0316242a3898628\",\"name\":\"Josep de Mart\u00ed\",\"image\":{\"@type\":\"ImageObject\",\"inLanguage\":\"es\",\"@id\":\"https:\/\/www.inforesidencias.com\/blog\/#\/schema\/person\/image\/\",\"url\":\"https:\/\/secure.gravatar.com\/avatar\/de0302c4806c00c4cebff396a798c1ff?s=96&d=mm&r=g\",\"contentUrl\":\"https:\/\/secure.gravatar.com\/avatar\/de0302c4806c00c4cebff396a798c1ff?s=96&d=mm&r=g\",\"caption\":\"Josep de Mart\u00ed\"},\"sameAs\":[\"https:\/\/www.inforesidencias.com\",\"https:\/\/www.facebook.com\/josep.demarti\",\"https:\/\/twitter.com\/blog-ir\"],\"url\":\"https:\/\/www.inforesidencias.com\/blog\/index.php\/author\/josepdemarti\/\"}]}<\/script>\n<!-- \/ Yoast SEO plugin. -->","yoast_head_json":{"title":"Atenci\u00f3n e intenci\u00f3n para cumplir tus prop\u00f3sitos - Blog Inforesidencias.com","description":"Hablamos de dos aspectos clave a tener en cuenta a la hora de conseguir nuestros prop\u00f3sitos, atenci\u00f3n e intenci\u00f3n","robots":{"index":"index","follow":"follow","max-snippet":"max-snippet:-1","max-image-preview":"max-image-preview:large","max-video-preview":"max-video-preview:-1"},"canonical":"https:\/\/www.inforesidencias.com\/blog\/index.php\/2022\/01\/28\/atencion-e-intencion-para-cumplir-tus-propositos\/","og_locale":"es_ES","og_type":"article","og_title":"Atenci\u00f3n e intenci\u00f3n para cumplir tus prop\u00f3sitos - Blog Inforesidencias.com","og_description":"Hablamos de dos aspectos clave a tener en cuenta a la hora de conseguir nuestros prop\u00f3sitos, atenci\u00f3n e intenci\u00f3n","og_url":"https:\/\/www.inforesidencias.com\/blog\/index.php\/2022\/01\/28\/atencion-e-intencion-para-cumplir-tus-propositos\/","og_site_name":"Blog Inforesidencias.com","article_publisher":"https:\/\/www.facebook.com\/Inforesidencias\/","article_author":"https:\/\/www.facebook.com\/josep.demarti","article_published_time":"2022-01-28T14:02:10+00:00","article_modified_time":"2022-01-28T14:02:11+00:00","og_image":[{"width":596,"height":838,"url":"https:\/\/www.inforesidencias.com\/blog\/wp-content\/uploads\/2022\/01\/Atencio\u0301n-e-intencio\u0301n-para-lograr-tus-propo\u0301sitos.png","type":"image\/png"}],"author":"Josep de Mart\u00ed","twitter_card":"summary_large_image","twitter_creator":"@blog-ir","twitter_site":"@inforesidencias","twitter_misc":{"Escrito por":"Josep de Mart\u00ed","Tiempo de lectura":"4 minutos"},"schema":{"@context":"https:\/\/schema.org","@graph":[{"@type":"WebPage","@id":"https:\/\/www.inforesidencias.com\/blog\/index.php\/2022\/01\/28\/atencion-e-intencion-para-cumplir-tus-propositos\/","url":"https:\/\/www.inforesidencias.com\/blog\/index.php\/2022\/01\/28\/atencion-e-intencion-para-cumplir-tus-propositos\/","name":"Atenci\u00f3n e intenci\u00f3n para cumplir tus prop\u00f3sitos - Blog Inforesidencias.com","isPartOf":{"@id":"https:\/\/www.inforesidencias.com\/blog\/#website"},"datePublished":"2022-01-28T14:02:10+00:00","dateModified":"2022-01-28T14:02:11+00:00","author":{"@id":"https:\/\/www.inforesidencias.com\/blog\/#\/schema\/person\/9e146774d1eb3bc1c0316242a3898628"},"description":"Hablamos de dos aspectos clave a tener en cuenta a la hora de conseguir nuestros prop\u00f3sitos, atenci\u00f3n e intenci\u00f3n","breadcrumb":{"@id":"https:\/\/www.inforesidencias.com\/blog\/index.php\/2022\/01\/28\/atencion-e-intencion-para-cumplir-tus-propositos\/#breadcrumb"},"inLanguage":"es","potentialAction":[{"@type":"ReadAction","target":["https:\/\/www.inforesidencias.com\/blog\/index.php\/2022\/01\/28\/atencion-e-intencion-para-cumplir-tus-propositos\/"]}]},{"@type":"BreadcrumbList","@id":"https:\/\/www.inforesidencias.com\/blog\/index.php\/2022\/01\/28\/atencion-e-intencion-para-cumplir-tus-propositos\/#breadcrumb","itemListElement":[{"@type":"ListItem","position":1,"name":"Home","item":"https:\/\/www.inforesidencias.com\/blog\/"},{"@type":"ListItem","position":2,"name":"Atenci\u00f3n e intenci\u00f3n para cumplir tus prop\u00f3sitos"}]},{"@type":"WebSite","@id":"https:\/\/www.inforesidencias.com\/blog\/#website","url":"https:\/\/www.inforesidencias.com\/blog\/","name":"Blog Inforesidencias.com","description":"El buscador de residencias de la 3\u00aa edad","potentialAction":[{"@type":"SearchAction","target":{"@type":"EntryPoint","urlTemplate":"https:\/\/www.inforesidencias.com\/blog\/?s={search_term_string}"},"query-input":"required name=search_term_string"}],"inLanguage":"es"},{"@type":"Person","@id":"https:\/\/www.inforesidencias.com\/blog\/#\/schema\/person\/9e146774d1eb3bc1c0316242a3898628","name":"Josep de Mart\u00ed","image":{"@type":"ImageObject","inLanguage":"es","@id":"https:\/\/www.inforesidencias.com\/blog\/#\/schema\/person\/image\/","url":"https:\/\/secure.gravatar.com\/avatar\/de0302c4806c00c4cebff396a798c1ff?s=96&d=mm&r=g","contentUrl":"https:\/\/secure.gravatar.com\/avatar\/de0302c4806c00c4cebff396a798c1ff?s=96&d=mm&r=g","caption":"Josep de Mart\u00ed"},"sameAs":["https:\/\/www.inforesidencias.com","https:\/\/www.facebook.com\/josep.demarti","https:\/\/twitter.com\/blog-ir"],"url":"https:\/\/www.inforesidencias.com\/blog\/index.php\/author\/josepdemarti\/"}]}},"_links":{"self":[{"href":"https:\/\/www.inforesidencias.com\/blog\/index.php\/wp-json\/wp\/v2\/posts\/5324"}],"collection":[{"href":"https:\/\/www.inforesidencias.com\/blog\/index.php\/wp-json\/wp\/v2\/posts"}],"about":[{"href":"https:\/\/www.inforesidencias.com\/blog\/index.php\/wp-json\/wp\/v2\/types\/post"}],"author":[{"embeddable":true,"href":"https:\/\/www.inforesidencias.com\/blog\/index.php\/wp-json\/wp\/v2\/users\/2"}],"replies":[{"embeddable":true,"href":"https:\/\/www.inforesidencias.com\/blog\/index.php\/wp-json\/wp\/v2\/comments?post=5324"}],"version-history":[{"count":2,"href":"https:\/\/www.inforesidencias.com\/blog\/index.php\/wp-json\/wp\/v2\/posts\/5324\/revisions"}],"predecessor-version":[{"id":5329,"href":"https:\/\/www.inforesidencias.com\/blog\/index.php\/wp-json\/wp\/v2\/posts\/5324\/revisions\/5329"}],"wp:featuredmedia":[{"embeddable":true,"href":"https:\/\/www.inforesidencias.com\/blog\/index.php\/wp-json\/wp\/v2\/media\/5327"}],"wp:attachment":[{"href":"https:\/\/www.inforesidencias.com\/blog\/index.php\/wp-json\/wp\/v2\/media?parent=5324"}],"wp:term":[{"taxonomy":"category","embeddable":true,"href":"https:\/\/www.inforesidencias.com\/blog\/index.php\/wp-json\/wp\/v2\/categories?post=5324"},{"taxonomy":"post_tag","embeddable":true,"href":"https:\/\/www.inforesidencias.com\/blog\/index.php\/wp-json\/wp\/v2\/tags?post=5324"}],"curies":[{"name":"wp","href":"https:\/\/api.w.org\/{rel}","templated":true}]}}