{"id":5330,"date":"2022-02-15T07:17:00","date_gmt":"2022-02-15T06:17:00","guid":{"rendered":"https:\/\/www.inforesidencias.com\/blog\/?p=5330"},"modified":"2022-02-02T18:15:04","modified_gmt":"2022-02-02T17:15:04","slug":"personas-mayores-y-el-final-de-la-pandemia","status":"publish","type":"post","link":"https:\/\/www.inforesidencias.com\/blog\/index.php\/2022\/02\/15\/personas-mayores-y-el-final-de-la-pandemia\/","title":{"rendered":"Personas mayores y el final de la pandemia"},"content":{"rendered":"\n<p><\/p>\n\n\n\n<p><\/p>\n\n\n\n<p>La OMS ha declarado por boca de algunos portavoces que quiz\u00e1 el mundo est\u00e9 viviendo los \u00faltimos meses de pandemia. Es una afirmaci\u00f3n que se hace con cautela, pero, a\u00fan as\u00ed, personalidades como Hans Kluge, director regional de Europa de la OMS, ha declarado que, en Europa, \u00abEs plausible que la regi\u00f3n se acerque al final de la pandemia\u00bb. Son declaraciones que no eximen de ser prudentes, pues pronostica tambi\u00e9n que al menos el 60 % de los europeos se contagiar\u00e1 hasta marzo.<\/p>\n\n\n\n<p>Por los datos que maneja, la OMS considera que cuando la ola de la variante \u00f3micron est\u00e9 en fase descendente, la suma de poblaci\u00f3n vacunada y la que ha pasado la enfermedad, unida a que el calor no es propicio para la propagaci\u00f3n, hace que se sea moderadamente optimista de cara a una vuelta a la normalidad.<\/p>\n\n\n\n<p>La prudencia tambi\u00e9n est\u00e1 presente en las declaraciones, pues la aparici\u00f3n de nuevas variantes es una amenaza cierta que forma parte de la evoluci\u00f3n de estas enfermedades. Sin embargo, va cogiendo fuerza la idea de que la epidemia de SARS-CoV-2 se convertir\u00e1 en endemia, aunque no al mismo tiempo en todo el mundo, pues la administraci\u00f3n de vacunas lleva un grave retraso en muchos pa\u00edses.<\/p>\n\n\n\n<p>Los cient\u00edficos son prudentes. Por una parte, las caracter\u00edsticas de sintomatolog\u00eda leve de la variante \u00f3micron junto con el alto grado de inmunidad hacen que en esta nueva mutaci\u00f3n se den las circunstancias perfectas para pensar que estamos ante el principio del fin de la pandemia, y que la covid-19 se convierta en un virus estacional, como la gripe. Por otra, la experiencia indica es pronto para asegurarlo y hay que estar atentos a la aparici\u00f3n otras nuevas variantes de la enfermedad.<\/p>\n\n\n\n<div class=\"wp-block-image\"><figure class=\"alignleft size-large is-resized\"><img decoding=\"async\" loading=\"lazy\" src=\"https:\/\/www.inforesidencias.com\/blog\/wp-content\/uploads\/2022\/02\/final-de-la-pandemia-1024x696.png\" alt=\"\" class=\"wp-image-5333\" width=\"344\" height=\"234\" srcset=\"https:\/\/www.inforesidencias.com\/blog\/wp-content\/uploads\/2022\/02\/final-de-la-pandemia-1024x696.png 1024w, https:\/\/www.inforesidencias.com\/blog\/wp-content\/uploads\/2022\/02\/final-de-la-pandemia-300x204.png 300w, https:\/\/www.inforesidencias.com\/blog\/wp-content\/uploads\/2022\/02\/final-de-la-pandemia-768x522.png 768w, https:\/\/www.inforesidencias.com\/blog\/wp-content\/uploads\/2022\/02\/final-de-la-pandemia.png 1366w\" sizes=\"(max-width: 344px) 100vw, 344px\" \/><\/figure><\/div>\n\n\n\n<p>Sin embargo, es cierto que palabras como \u00abendemia\u00bb o \u00abgripalizaci\u00f3n\u00bb de la covid-19 est\u00e1n haci\u00e9ndose hueco en las informaciones y comentarios. Este lenguaje tiene dos vertientes contradictorias; por una parte, invita al optimismo y a plantearse una gesti\u00f3n de la enfermedad que se acerque a la forma en como se afrontan otros virus estacionales, como la gripe. Esta visi\u00f3n, aunque sea una planificaci\u00f3n que se plantea para cuando la incidencia baje y se den las circunstancias adecuadas, supone una cierta v\u00e1lvula de escape y de esperanza para muchas personas que viven con angustia y con sus rutinas cotidianas muy condicionadas, como las que aquellas que viven en residencias geri\u00e1tricas, en las que las restricciones de visitas y movimiento son muy duras de sobrellevar, o en personas con enfermedades cr\u00f3nicas. Sin embargo, por otra parte, este moderado optimismo puede llevar a descuidar las medidas de autoprotecci\u00f3n, levantar restricciones todav\u00eda necesarias o no ponerse vacunas ni dosis de refuerzo, lo que se traducir\u00e1 en prolongar la situaci\u00f3n con sus consiguientes contagios y fallecimientos.<\/p>\n\n\n\n<p>Es innegable que tampoco es sano para la sociedad prolongar la situaci\u00f3n de excepcionalidad de manera indefinida. Los problemas de salud mental asociados a la pandemia se multiplican a medida que esta se prolonga. En las personas mayores hay que sumar, adem\u00e1s, las consecuencias f\u00edsicas de la inmovilidad obligada por las restricciones. Se est\u00e1n evitando contagios en las residencias para la tercera edad y, en general entre las personas mayores, pero est\u00e1n aumentando los problemas f\u00edsicos, las depresiones, la soledad y se acelera el deterioro cognitivo. Los mayores saben que ellos no disponen del mismo tiempo para recuperarse del aislamiento que los j\u00f3venes, lo que les causa problemas emocionales que deben tratarse con mucha sensibilidad y de forma inmediata.<\/p>\n\n\n\n<p>Lo l\u00f3gico es llegar a un escenario de normalizaci\u00f3n de la enfermedad, aunque debe estar muy claro el fin de la ola de \u00f3micron. Si esto ocurriera, como con otros virus, el pr\u00f3ximo a\u00f1o se proteger\u00eda a los m\u00e1s vulnerables (mayores y cr\u00f3nicos) y no pasar\u00eda nada si el resto contrae la enfermedad. Pero, en ning\u00fan caso, no se puede pasar a esta normalizaci\u00f3n sin estar preparados para la aparici\u00f3n de nuevas variantes.<\/p>\n\n\n\n<p>Ante la perspectiva de acercarnos a la vida anterior a la pandemia, las personas mayores tienen mucho que decir. Deben estar presentes en c\u00f3mo se plantea la retirada de las restricciones y las decisiones administrativas de manejo de la enfermedad en el futuro de manera activa, no solo como receptoras de beneficios y tratamientos o como sufridoras de limitaciones.<br>Una buena manera de pensar en un futuro end\u00e9mico o \u00abgripalizado\u00bb, en relaci\u00f3n con las personas mayores, es empezar a planificar las acciones necesarias para gestionar la aparici\u00f3n de variantes o de brotes, sin que eso suponga confinamientos ni graves restricciones que lleven a la soledad y aislamiento de nuevo. Aunque estemos en fase pand\u00e9mica, la gesti\u00f3n de los tiempos posteriores no deber\u00eda improvisarse, por el contrario, es necesario que se sepa c\u00f3mo actuar y qu\u00e9 h\u00e1bitos deber\u00e1n mantenerse, quiz\u00e1 de forma generalizada y hacerse costumbre (como ponerse mascarilla cuando se sospecha de una infecci\u00f3n, sea cual sea su naturales, y se va a estar con otras personas).<\/p>\n\n\n\n<p>Tambi\u00e9n ser\u00e1 necesario abordar el estr\u00e9s postraum\u00e1tico que muchas personas mayores sufren tras el confinamiento y la soledad que produce, as\u00ed como el duelo por la p\u00e9rdida y por no haberse despedido de los seres queridos de la manera que se desea.<br>Otra de las cuestiones a tratar son los efectos f\u00edsicos de quienes han padecido covid-19, la llamada covid persistente, que en algunas personas tiene car\u00e1cter invalidante.<\/p>\n\n\n\n<p>Y tambi\u00e9n, por supuesto, el modelo de cuidado que se ofrece a las personas mayores. En este sentido, en demasiadas ocasiones la impresi\u00f3n es que las administraciones deciden sin consultar a las personas interesadas. La buena voluntad por ofrecer un modelo de cuidado de calidad se ve comprometida por la falta de conocimiento de lo que de verdad necesita y desea la persona a quien van dirigidas las decisiones. Se est\u00e1n haciendo esfuerzos y se est\u00e1 avanzando, pero hay que darse m\u00e1s prisa y ser m\u00e1s valientes, porque las personas mayores no pueden esperar.<\/p>\n\n\n\n<p>Encontrar la residencias de mayores que buscas haciendo <a href=\"https:\/\/www.inforesidencias.com\/particulares\/buscamos-por-ti\" target=\"_blank\" rel=\"noreferrer noopener\">clic aqu\u00ed<\/a><\/p>\n\n\n\n<p>Para concluir, las personas mayores son un grupo de alto riesgo ante el contagio por el coronavirus, como de la gripe y de otras enfermedades, pero deber\u00e1n sumarse a la vida normalizada, va en ello tambi\u00e9n su salud f\u00edsica y mental. Aunque la pandemia haya cambiado la manera de vivir el ocio, hacer deporte, trabajar o relacionarnos, se siguen teniendo los mismo deseos de convivencia y realizaci\u00f3n personal. Las personas mayores, tambi\u00e9n.<\/p>\n\n\n\n<p>De momento, y hasta que ese esperanzador final de la pandemia que algunos ya ven m\u00e1s cerca, prudencia, vacunaci\u00f3n y mantenimiento de las costumbres adquiridas como mascarilla, distancia social e higiene de manos.<\/p>\n\n\n\n<p>Te pueden interesar alguno de estos art\u00edculos publicados al principio de la pandemia:<\/p>\n\n\n\n<ul><li><a href=\"https:\/\/www.inforesidencias.com\/blog\/index.php\/2020\/03\/25\/el-calvario-de-los-directores-de-residencias\/\" target=\"_blank\" rel=\"noreferrer noopener\">El calvario de los directores de residencia<\/a><\/li><\/ul>\n\n\n\n<ul><li><a href=\"https:\/\/www.inforesidencias.com\/blog\/index.php\/2020\/04\/21\/medicalizar-las-residencias-del-manana\/\" target=\"_blank\" rel=\"noreferrer noopener\">\u00bfMedicalizar las residencias del ma\u00f1ana?<\/a><\/li><\/ul>\n","protected":false},"excerpt":{"rendered":"<p>La OMS ha declarado por boca de algunos portavoces que quiz\u00e1 el mundo est\u00e9 viviendo los \u00faltimos meses de pandemia. Es una afirmaci\u00f3n que se hace con cautela, pero, a\u00fan as\u00ed, personalidades como Hans Kluge, director regional de Europa de la OMS, ha declarado que, en Europa, \u00abEs plausible que la regi\u00f3n se acerque al final de la pandemia\u00bb. Son declaraciones que no eximen de ser prudentes, pues pronostica tambi\u00e9n que al menos el 60 % de los europeos se contagiar\u00e1 hasta marzo. Por los datos que maneja, la OMS considera que cuando la ola de la variante \u00f3micron est\u00e9 en fase descendente, la suma de poblaci\u00f3n vacunada y la que ha pasado la enfermedad, unida a que el calor no es propicio para la propagaci\u00f3n, hace que se sea moderadamente optimista de cara a una vuelta a la normalidad. La prudencia tambi\u00e9n est\u00e1 presente en las declaraciones, pues la [&hellip;]<\/p>\n","protected":false},"author":2,"featured_media":5333,"comment_status":"open","ping_status":"open","sticky":false,"template":"","format":"standard","meta":{"footnotes":""},"categories":[1],"tags":[],"yoast_head":"<!-- This site is optimized with the Yoast SEO plugin v21.7 - https:\/\/yoast.com\/wordpress\/plugins\/seo\/ -->\n<title>Personas mayores y el final de la pandemia - Blog Inforesidencias.com<\/title>\n<meta name=\"description\" content=\"Agunos expertos auguran que el final de la pandemia est\u00e1 cerca. \u00bfSe tendr\u00e1 en cuenta la opini\u00f3n de las personas mayores en este nuevo futuro?\" \/>\n<meta name=\"robots\" content=\"index, follow, max-snippet:-1, max-image-preview:large, max-video-preview:-1\" \/>\n<link rel=\"canonical\" href=\"https:\/\/www.inforesidencias.com\/blog\/index.php\/2022\/02\/15\/personas-mayores-y-el-final-de-la-pandemia\/\" \/>\n<meta property=\"og:locale\" content=\"es_ES\" \/>\n<meta property=\"og:type\" content=\"article\" \/>\n<meta property=\"og:title\" content=\"Personas mayores y el final de la pandemia - Blog Inforesidencias.com\" \/>\n<meta property=\"og:description\" content=\"Agunos expertos auguran que el final de la pandemia est\u00e1 cerca. \u00bfSe tendr\u00e1 en cuenta la opini\u00f3n de las personas mayores en este nuevo futuro?\" \/>\n<meta property=\"og:url\" content=\"https:\/\/www.inforesidencias.com\/blog\/index.php\/2022\/02\/15\/personas-mayores-y-el-final-de-la-pandemia\/\" \/>\n<meta property=\"og:site_name\" content=\"Blog Inforesidencias.com\" \/>\n<meta property=\"article:publisher\" content=\"https:\/\/www.facebook.com\/Inforesidencias\/\" \/>\n<meta property=\"article:author\" content=\"https:\/\/www.facebook.com\/josep.demarti\" \/>\n<meta property=\"article:published_time\" content=\"2022-02-15T06:17:00+00:00\" \/>\n<meta property=\"article:modified_time\" content=\"2022-02-02T17:15:04+00:00\" \/>\n<meta property=\"og:image\" content=\"https:\/\/www.inforesidencias.com\/blog\/wp-content\/uploads\/2022\/02\/final-de-la-pandemia-1024x696.png\" \/>\n\t<meta property=\"og:image:width\" content=\"1024\" \/>\n\t<meta property=\"og:image:height\" content=\"696\" \/>\n\t<meta property=\"og:image:type\" content=\"image\/png\" \/>\n<meta name=\"author\" content=\"Josep de Mart\u00ed\" \/>\n<meta name=\"twitter:card\" content=\"summary_large_image\" \/>\n<meta name=\"twitter:creator\" content=\"@blog-ir\" \/>\n<meta name=\"twitter:site\" content=\"@inforesidencias\" \/>\n<meta name=\"twitter:label1\" content=\"Escrito por\" \/>\n\t<meta name=\"twitter:data1\" content=\"Josep de Mart\u00ed\" \/>\n\t<meta name=\"twitter:label2\" content=\"Tiempo de lectura\" \/>\n\t<meta name=\"twitter:data2\" content=\"6 minutos\" \/>\n<script type=\"application\/ld+json\" class=\"yoast-schema-graph\">{\"@context\":\"https:\/\/schema.org\",\"@graph\":[{\"@type\":\"WebPage\",\"@id\":\"https:\/\/www.inforesidencias.com\/blog\/index.php\/2022\/02\/15\/personas-mayores-y-el-final-de-la-pandemia\/\",\"url\":\"https:\/\/www.inforesidencias.com\/blog\/index.php\/2022\/02\/15\/personas-mayores-y-el-final-de-la-pandemia\/\",\"name\":\"Personas mayores y el final de la pandemia - Blog Inforesidencias.com\",\"isPartOf\":{\"@id\":\"https:\/\/www.inforesidencias.com\/blog\/#website\"},\"datePublished\":\"2022-02-15T06:17:00+00:00\",\"dateModified\":\"2022-02-02T17:15:04+00:00\",\"author\":{\"@id\":\"https:\/\/www.inforesidencias.com\/blog\/#\/schema\/person\/9e146774d1eb3bc1c0316242a3898628\"},\"description\":\"Agunos expertos auguran que el final de la pandemia est\u00e1 cerca. \u00bfSe tendr\u00e1 en cuenta la opini\u00f3n de las personas mayores en este nuevo futuro?\",\"breadcrumb\":{\"@id\":\"https:\/\/www.inforesidencias.com\/blog\/index.php\/2022\/02\/15\/personas-mayores-y-el-final-de-la-pandemia\/#breadcrumb\"},\"inLanguage\":\"es\",\"potentialAction\":[{\"@type\":\"ReadAction\",\"target\":[\"https:\/\/www.inforesidencias.com\/blog\/index.php\/2022\/02\/15\/personas-mayores-y-el-final-de-la-pandemia\/\"]}]},{\"@type\":\"BreadcrumbList\",\"@id\":\"https:\/\/www.inforesidencias.com\/blog\/index.php\/2022\/02\/15\/personas-mayores-y-el-final-de-la-pandemia\/#breadcrumb\",\"itemListElement\":[{\"@type\":\"ListItem\",\"position\":1,\"name\":\"Home\",\"item\":\"https:\/\/www.inforesidencias.com\/blog\/\"},{\"@type\":\"ListItem\",\"position\":2,\"name\":\"Personas mayores y el final de la pandemia\"}]},{\"@type\":\"WebSite\",\"@id\":\"https:\/\/www.inforesidencias.com\/blog\/#website\",\"url\":\"https:\/\/www.inforesidencias.com\/blog\/\",\"name\":\"Blog Inforesidencias.com\",\"description\":\"El buscador de residencias de la 3\u00aa edad\",\"potentialAction\":[{\"@type\":\"SearchAction\",\"target\":{\"@type\":\"EntryPoint\",\"urlTemplate\":\"https:\/\/www.inforesidencias.com\/blog\/?s={search_term_string}\"},\"query-input\":\"required name=search_term_string\"}],\"inLanguage\":\"es\"},{\"@type\":\"Person\",\"@id\":\"https:\/\/www.inforesidencias.com\/blog\/#\/schema\/person\/9e146774d1eb3bc1c0316242a3898628\",\"name\":\"Josep de Mart\u00ed\",\"image\":{\"@type\":\"ImageObject\",\"inLanguage\":\"es\",\"@id\":\"https:\/\/www.inforesidencias.com\/blog\/#\/schema\/person\/image\/\",\"url\":\"https:\/\/secure.gravatar.com\/avatar\/de0302c4806c00c4cebff396a798c1ff?s=96&d=mm&r=g\",\"contentUrl\":\"https:\/\/secure.gravatar.com\/avatar\/de0302c4806c00c4cebff396a798c1ff?s=96&d=mm&r=g\",\"caption\":\"Josep de Mart\u00ed\"},\"sameAs\":[\"https:\/\/www.inforesidencias.com\",\"https:\/\/www.facebook.com\/josep.demarti\",\"https:\/\/twitter.com\/blog-ir\"],\"url\":\"https:\/\/www.inforesidencias.com\/blog\/index.php\/author\/josepdemarti\/\"}]}<\/script>\n<!-- \/ Yoast SEO plugin. -->","yoast_head_json":{"title":"Personas mayores y el final de la pandemia - Blog Inforesidencias.com","description":"Agunos expertos auguran que el final de la pandemia est\u00e1 cerca. \u00bfSe tendr\u00e1 en cuenta la opini\u00f3n de las personas mayores en este nuevo futuro?","robots":{"index":"index","follow":"follow","max-snippet":"max-snippet:-1","max-image-preview":"max-image-preview:large","max-video-preview":"max-video-preview:-1"},"canonical":"https:\/\/www.inforesidencias.com\/blog\/index.php\/2022\/02\/15\/personas-mayores-y-el-final-de-la-pandemia\/","og_locale":"es_ES","og_type":"article","og_title":"Personas mayores y el final de la pandemia - Blog Inforesidencias.com","og_description":"Agunos expertos auguran que el final de la pandemia est\u00e1 cerca. \u00bfSe tendr\u00e1 en cuenta la opini\u00f3n de las personas mayores en este nuevo futuro?","og_url":"https:\/\/www.inforesidencias.com\/blog\/index.php\/2022\/02\/15\/personas-mayores-y-el-final-de-la-pandemia\/","og_site_name":"Blog Inforesidencias.com","article_publisher":"https:\/\/www.facebook.com\/Inforesidencias\/","article_author":"https:\/\/www.facebook.com\/josep.demarti","article_published_time":"2022-02-15T06:17:00+00:00","article_modified_time":"2022-02-02T17:15:04+00:00","og_image":[{"width":1024,"height":696,"url":"https:\/\/www.inforesidencias.com\/blog\/wp-content\/uploads\/2022\/02\/final-de-la-pandemia-1024x696.png","type":"image\/png"}],"author":"Josep de Mart\u00ed","twitter_card":"summary_large_image","twitter_creator":"@blog-ir","twitter_site":"@inforesidencias","twitter_misc":{"Escrito por":"Josep de Mart\u00ed","Tiempo de lectura":"6 minutos"},"schema":{"@context":"https:\/\/schema.org","@graph":[{"@type":"WebPage","@id":"https:\/\/www.inforesidencias.com\/blog\/index.php\/2022\/02\/15\/personas-mayores-y-el-final-de-la-pandemia\/","url":"https:\/\/www.inforesidencias.com\/blog\/index.php\/2022\/02\/15\/personas-mayores-y-el-final-de-la-pandemia\/","name":"Personas mayores y el final de la pandemia - Blog Inforesidencias.com","isPartOf":{"@id":"https:\/\/www.inforesidencias.com\/blog\/#website"},"datePublished":"2022-02-15T06:17:00+00:00","dateModified":"2022-02-02T17:15:04+00:00","author":{"@id":"https:\/\/www.inforesidencias.com\/blog\/#\/schema\/person\/9e146774d1eb3bc1c0316242a3898628"},"description":"Agunos expertos auguran que el final de la pandemia est\u00e1 cerca. \u00bfSe tendr\u00e1 en cuenta la opini\u00f3n de las personas mayores en este nuevo futuro?","breadcrumb":{"@id":"https:\/\/www.inforesidencias.com\/blog\/index.php\/2022\/02\/15\/personas-mayores-y-el-final-de-la-pandemia\/#breadcrumb"},"inLanguage":"es","potentialAction":[{"@type":"ReadAction","target":["https:\/\/www.inforesidencias.com\/blog\/index.php\/2022\/02\/15\/personas-mayores-y-el-final-de-la-pandemia\/"]}]},{"@type":"BreadcrumbList","@id":"https:\/\/www.inforesidencias.com\/blog\/index.php\/2022\/02\/15\/personas-mayores-y-el-final-de-la-pandemia\/#breadcrumb","itemListElement":[{"@type":"ListItem","position":1,"name":"Home","item":"https:\/\/www.inforesidencias.com\/blog\/"},{"@type":"ListItem","position":2,"name":"Personas mayores y el final de la pandemia"}]},{"@type":"WebSite","@id":"https:\/\/www.inforesidencias.com\/blog\/#website","url":"https:\/\/www.inforesidencias.com\/blog\/","name":"Blog Inforesidencias.com","description":"El buscador de residencias de la 3\u00aa edad","potentialAction":[{"@type":"SearchAction","target":{"@type":"EntryPoint","urlTemplate":"https:\/\/www.inforesidencias.com\/blog\/?s={search_term_string}"},"query-input":"required name=search_term_string"}],"inLanguage":"es"},{"@type":"Person","@id":"https:\/\/www.inforesidencias.com\/blog\/#\/schema\/person\/9e146774d1eb3bc1c0316242a3898628","name":"Josep de Mart\u00ed","image":{"@type":"ImageObject","inLanguage":"es","@id":"https:\/\/www.inforesidencias.com\/blog\/#\/schema\/person\/image\/","url":"https:\/\/secure.gravatar.com\/avatar\/de0302c4806c00c4cebff396a798c1ff?s=96&d=mm&r=g","contentUrl":"https:\/\/secure.gravatar.com\/avatar\/de0302c4806c00c4cebff396a798c1ff?s=96&d=mm&r=g","caption":"Josep de Mart\u00ed"},"sameAs":["https:\/\/www.inforesidencias.com","https:\/\/www.facebook.com\/josep.demarti","https:\/\/twitter.com\/blog-ir"],"url":"https:\/\/www.inforesidencias.com\/blog\/index.php\/author\/josepdemarti\/"}]}},"_links":{"self":[{"href":"https:\/\/www.inforesidencias.com\/blog\/index.php\/wp-json\/wp\/v2\/posts\/5330"}],"collection":[{"href":"https:\/\/www.inforesidencias.com\/blog\/index.php\/wp-json\/wp\/v2\/posts"}],"about":[{"href":"https:\/\/www.inforesidencias.com\/blog\/index.php\/wp-json\/wp\/v2\/types\/post"}],"author":[{"embeddable":true,"href":"https:\/\/www.inforesidencias.com\/blog\/index.php\/wp-json\/wp\/v2\/users\/2"}],"replies":[{"embeddable":true,"href":"https:\/\/www.inforesidencias.com\/blog\/index.php\/wp-json\/wp\/v2\/comments?post=5330"}],"version-history":[{"count":6,"href":"https:\/\/www.inforesidencias.com\/blog\/index.php\/wp-json\/wp\/v2\/posts\/5330\/revisions"}],"predecessor-version":[{"id":5337,"href":"https:\/\/www.inforesidencias.com\/blog\/index.php\/wp-json\/wp\/v2\/posts\/5330\/revisions\/5337"}],"wp:featuredmedia":[{"embeddable":true,"href":"https:\/\/www.inforesidencias.com\/blog\/index.php\/wp-json\/wp\/v2\/media\/5333"}],"wp:attachment":[{"href":"https:\/\/www.inforesidencias.com\/blog\/index.php\/wp-json\/wp\/v2\/media?parent=5330"}],"wp:term":[{"taxonomy":"category","embeddable":true,"href":"https:\/\/www.inforesidencias.com\/blog\/index.php\/wp-json\/wp\/v2\/categories?post=5330"},{"taxonomy":"post_tag","embeddable":true,"href":"https:\/\/www.inforesidencias.com\/blog\/index.php\/wp-json\/wp\/v2\/tags?post=5330"}],"curies":[{"name":"wp","href":"https:\/\/api.w.org\/{rel}","templated":true}]}}