{"id":5469,"date":"2022-03-28T11:35:25","date_gmt":"2022-03-28T10:35:25","guid":{"rendered":"https:\/\/www.inforesidencias.com\/blog\/?p=5469"},"modified":"2022-03-28T12:34:48","modified_gmt":"2022-03-28T11:34:48","slug":"el-duelo-en-un-proceso-de-demencia","status":"publish","type":"post","link":"https:\/\/www.inforesidencias.com\/blog\/index.php\/2022\/03\/28\/el-duelo-en-un-proceso-de-demencia\/","title":{"rendered":"El duelo en un proceso de demencia"},"content":{"rendered":"\n<p><\/p>\n\n\n\n<p><\/p>\n\n\n\n<p class=\"has-text-align-center\"><strong><em>Qu\u00e9 es el duelo?<\/em><\/strong><\/p>\n\n\n\n<p>Un duelo es un proceso psicol\u00f3gico de adaptaci\u00f3n emocional a una p\u00e9rdida. Es natural, funcional y es necesario. La p\u00e9rdida no tiene por qu\u00e9 estar referida exclusivamente a una muerte, sino que puede ser una p\u00e9rdida de una relaci\u00f3n con una persona, la p\u00e9rdida de un trabajo, de autonom\u00eda, de un objeto significativo, de un rol espec\u00edfico, etc.).<\/p>\n\n\n\n<p>En la vida, existen multitud de situaciones que continuamente implican la elaboraci\u00f3n de duelos. El duelo se desarrolla en sucesivas fases o etapas. Adem\u00e1s, se presentan una serie de reacciones fisiol\u00f3gicas, sociales, comportamentales y emocionales m\u00e1s o menos comunes a todas las personas.<\/p>\n\n\n\n<p>Seg\u00fan K\u00fcbler-Ross, psiquiatra y una de las mayores expertas mundiales en psicolog\u00eda de la muerte y cuidados paliativos, existen 5 etapas del duelo: negaci\u00f3n, ira, negociaci\u00f3n, depresi\u00f3n y aceptaci\u00f3n. Cuando una persona de nuestro entorno cercano sufre una enfermedad, como puede ser una demencia, tanto la propia persona como sus familiares y personas cercanas, van a pasar por un proceso de duelo.<\/p>\n\n\n\n<p class=\"has-text-align-center\"><strong><em>El duelo en un proceso de demencia<\/em><\/strong><\/p>\n\n\n\n<p>El duelo, en este caso, empieza con el diagn\u00f3stico de la enfermedad y acaba despu\u00e9s de la muerte de la persona enferma, por lo tanto, es un proceso largo y no lineal. Se podr\u00eda decir que vamos a ir pasando por distintos duelos a la vez, con cada una de las p\u00e9rdidas que conlleva la enfermedad (p\u00e9rdidas de rol, p\u00e9rdidas cognitivas y funcionales, p\u00e9rdidas de relaciones sociales\u2026), adem\u00e1s del duelo global por el conjunto de la enfermedad.<\/p>\n\n\n\n<p>Adem\u00e1s, al no ser un proceso lineal, vamos a saltar de una fase a otra, hacia delante y hacia atr\u00e1s, hasta pueden superponerse las distintas fases, sin poder acabar de<br>elaborarlo completamente debido a que la persona sigue all\u00ed f\u00edsicamente porque todav\u00eda no ha fallecido.<\/p>\n\n\n\n<p>La <u>negaci\u00f3n<\/u> funciona como un mecanismo de defensa inconsciente que protege e impide a la persona tomar conciencia de la realidad hasta que se encuentre psicol\u00f3gicamente preparada para afrontarla.<\/p>\n\n\n\n<p>Podemos entrar en un estado de \u201cshock\u201d ps\u00edquico que enturbia la conciencia de la realidad.<\/p>\n\n\n\n<p>La <u>rabia<\/u> se puede manifestar como hostilidad hacia los familiares, el personal sanitario o hacia la propia persona con demencia.<\/p>\n\n\n\n<p>En la etapa de <u>negociaci\u00f3n<\/u>, solemos plantearnos qu\u00e9 hubi\u00e9semos podido hacer para evitar o retrasar la enfermedad, podemos intentar negociar con Dios para que la p\u00e9rdida no ocurra, etc.<\/p>\n\n\n\n<p>En la fase de <u>depresi\u00f3n<\/u>, es com\u00fan sentir tristeza, desesperanza, retraimiento social, p\u00e9rdida de apetito y sentir dolor f\u00edsico.<\/p>\n\n\n\n<p><\/p>\n\n\n\n<p><\/p>\n\n\n\n<p><\/p>\n\n\n\n<p><\/p>\n\n\n\n<p><\/p>\n\n\n\n<p><\/p>\n\n\n\n<p class=\"has-text-align-center\"><strong><em>Ejemplos de duelo durante y despu\u00e9s del proceso de enfermedad<\/em><\/strong><\/p>\n\n\n\n<p><\/p>\n\n\n\n<p><\/p>\n\n\n\n<p class=\"has-text-align-left\"><u>El diagn\u00f3stico<\/u><\/p>\n\n\n\n<p>Cuando se diagnostica una demencia a una persona, tanto \u00e9sta como las personas de su entorno, deber\u00e1n afrontar una situaci\u00f3n nueva y, por lo tanto, empezar a elaborar un duelo.<\/p>\n\n\n\n<p><u>Evoluci\u00f3n de la enfermedad<\/u><\/p>\n\n\n\n<p>Cuando la enfermedad va evolucionando, acontecen un conjunto de p\u00e9rdidas cognitivas acompa\u00f1adas de cambios emocionales y conductuales. Tanto la propia persona como sus familiares, inician el duelo por los cambios y\/o p\u00e9rdidas de estas facultades. La persona sigue siendo un ser querido, y a la vez, es alguien que comienza a desarrollar comportamientos y conductas hasta aquel momento desconocidas para sus familiares.<\/p>\n\n\n\n<div class=\"wp-block-image\"><figure class=\"alignleft size-large is-resized\"><img decoding=\"async\" loading=\"lazy\" src=\"https:\/\/www.inforesidencias.com\/blog\/wp-content\/uploads\/2022\/03\/El-duelo-en-un-proceso-de-demencia.png\" alt=\"\" class=\"wp-image-5472\" width=\"406\" height=\"251\" srcset=\"https:\/\/www.inforesidencias.com\/blog\/wp-content\/uploads\/2022\/03\/El-duelo-en-un-proceso-de-demencia.png 850w, https:\/\/www.inforesidencias.com\/blog\/wp-content\/uploads\/2022\/03\/El-duelo-en-un-proceso-de-demencia-300x186.png 300w, https:\/\/www.inforesidencias.com\/blog\/wp-content\/uploads\/2022\/03\/El-duelo-en-un-proceso-de-demencia-768x477.png 768w\" sizes=\"(max-width: 406px) 100vw, 406px\" \/><figcaption><em>El duelo en un proceso de demencia<\/em><\/figcaption><\/figure><\/div>\n\n\n\n<p>Tambi\u00e9n suele acontecer un cambio y\/o inversi\u00f3n de roles. Por ejemplo, en el caso de que la persona enferma sea una madre, los\/as hijos\/as van a acabar asumiendo el papel de padres o madres, ya que empieza una dependencia a causa del deterioro funcional y cognitivo que sufre esta persona. Es en este momento cuando surge la figura del cuidador principal.<\/p>\n\n\n\n<p>Debido al nivel de sobrecarga que conlleva un cuidado 24h, los 365 d\u00edas del a\u00f1o; sumado a la necesidad de control de ciertas patolog\u00edas habituales en el proceso de demencia de una persona, llega un momento en el cual, la familia puede decidir ingresar a la persona en una residencia.<\/p>\n\n\n\n<p>En este momento resurgen las emociones secundarias a las fases del duelo y<br>podemos volver a pasar por surgen todas las fases comentadas.<\/p>\n\n\n\n<p><u>Fase terminal y muerte<\/u><\/p>\n\n\n\n<p>La postraci\u00f3n de la persona en una silla o en la cama, los problemas m\u00e9dicos y la dificultad para interpretar los deseos y necesidades de la persona, impactar\u00e1 nuevamente a la familia, ya que significa la proximidad de la muerte.<\/p>\n\n\n\n<p><u>Despu\u00e9s de la muerte<\/u><\/p>\n\n\n\n<p>Se suele pensar que tras la muerte de la persona con demencia todo se ha acabado, pero no es as\u00ed, ya que comienza una larga etapa de resocializaci\u00f3n, sobre todo para la persona cuidadora principal, que durar\u00e1 como m\u00ednimo los 2 a\u00f1os posteriores a su muerte.<\/p>\n\n\n\n<p>El fallecimiento provoca una sensaci\u00f3n de vac\u00edo y de no saber qu\u00e9 hacer con su tiempo. Probablemente se hayan perdido las relaciones sociales con amistades, el trabajo, la realizaci\u00f3n de aficiones y muchas otras actividades. El duelo completo termina con la capacidad para recordar con cari\u00f1o lo que era aquel familiar antes de enfermar, con tristeza, pero sin derrumbarse, sin sufrimiento extremo.<\/p>\n\n\n\n<p>Si el proceso de duelo es normal, la persona que lo ha padecido retoma la vida y surgen nuevas propuestas de vida, se reanuda la actividad, se adquieren nuevas habilidades y roles que conducen a la adaptaci\u00f3n de la vida cotidiana a la nueva situaci\u00f3n. Lo que ha sucedido y sucede no se olvida, pero ya no genera un efecto traum\u00e1tico.<\/p>\n\n\n\n<p>En otras ocasiones, si la persona se ha quedado estancada en alguna de las fases sin poder avanzar (por ejemplo una negaci\u00f3n permanente de la enfermedad), padece alucinaciones complejas, establece conductas anormales o el duelo no aparece, puede ser debido a un duelo patol\u00f3gico.<\/p>\n\n\n\n<p>\u00bfQu\u00e9 podemos hacer para superar satisfactoriamente estos m\u00faltiples procesos de duelo?<\/p>\n\n\n\n<p>Es importante seguir las siguientes recomendaciones:<\/p>\n\n\n\n<ul><li>Pedir la colaboraci\u00f3n de la familia y utilizar los recursos de la comunidad (centros de d\u00eda, servicios de ayuda a domicilio\u2026) para compartir el cuidado de la persona.<\/li><li>Aceptar nuestras emociones y validarlas (tanto las agradables como las desagradables).<\/li><li>Seguir realizando actividades gratificantes y significativas.<\/li><li>Evitar el aislamiento social.<\/li><li>Formarse en estrategias y herramientas tanto para el autocuidado como para el cuidado de la persona con demencia.<\/li><li>Asistir a grupos de apoyo emocional.<\/li><li>Contar con el asesoramiento y acompa\u00f1amiento de profesionales expertos en psicogerontolog\u00eda como el equipo de <a href=\"https:\/\/seniorcoach.es\/categoria-producto\/asesoramiento-y-formacion-para-cuidadores-de-personas-mayores\/\" target=\"_blank\" rel=\"noreferrer noopener\">Senior Coach<\/a>.<\/li><\/ul>\n\n\n\n<p><strong>Autora:<\/strong>  El duelo en un proceso de demencia es un art\u00edculo escrito por S\u00f2nia Shah Llois, psicogeront\u00f3loga y formadora en la Universitat Oberta de Catalunya y el COP (Colegio Oficial de Psic\u00f3logos)<\/p>\n\n\n\n<p><\/p>\n\n\n\n<p>Te puede interesar:<\/p>\n\n\n\n<ul><li>El art\u00edculo sobre el <a href=\"https:\/\/www.inforesidencias.com\/blog\/index.php\/2019\/11\/18\/sentirse-util-el-empoderamiento-en-la-tercera-edad-es-la-mejor-receta\/\" target=\"_blank\" rel=\"noreferrer noopener\">empoderamiento en la tercera edad<\/a>, de Sonia Shah y Carlos del Rio<\/li><\/ul>\n\n\n\n<ul><li><a href=\"https:\/\/www.inforesidencias.com\/contenidos\/mayores-y-familia\/nacional\/convivir-con-la-demencia\" target=\"_blank\" rel=\"noreferrer noopener\">Convivir con la demencia<\/a><\/li><\/ul>\n","protected":false},"excerpt":{"rendered":"<p>Qu\u00e9 es el duelo? Un duelo es un proceso psicol\u00f3gico de adaptaci\u00f3n emocional a una p\u00e9rdida. Es natural, funcional y es necesario. La p\u00e9rdida no tiene por qu\u00e9 estar referida exclusivamente a una muerte, sino que puede ser una p\u00e9rdida de una relaci\u00f3n con una persona, la p\u00e9rdida de un trabajo, de autonom\u00eda, de un objeto significativo, de un rol espec\u00edfico, etc.). En la vida, existen multitud de situaciones que continuamente implican la elaboraci\u00f3n de duelos. El duelo se desarrolla en sucesivas fases o etapas. Adem\u00e1s, se presentan una serie de reacciones fisiol\u00f3gicas, sociales, comportamentales y emocionales m\u00e1s o menos comunes a todas las personas. Seg\u00fan K\u00fcbler-Ross, psiquiatra y una de las mayores expertas mundiales en psicolog\u00eda de la muerte y cuidados paliativos, existen 5 etapas del duelo: negaci\u00f3n, ira, negociaci\u00f3n, depresi\u00f3n y aceptaci\u00f3n. Cuando una persona de nuestro entorno cercano sufre una enfermedad, como puede ser una demencia, tanto [&hellip;]<\/p>\n","protected":false},"author":2,"featured_media":5472,"comment_status":"open","ping_status":"open","sticky":false,"template":"","format":"standard","meta":{"footnotes":""},"categories":[1],"tags":[],"yoast_head":"<!-- This site is optimized with the Yoast SEO plugin v21.7 - https:\/\/yoast.com\/wordpress\/plugins\/seo\/ -->\n<title>El duelo en un proceso de demencia - Blog Inforesidencias.com<\/title>\n<meta name=\"description\" content=\"El diagnostico de la demencia y el duelo que conlleva. El duelo en un proceso de demencia se inicia en el diagnostico y hasta la que morimos\" \/>\n<meta name=\"robots\" content=\"index, follow, max-snippet:-1, max-image-preview:large, max-video-preview:-1\" \/>\n<link rel=\"canonical\" href=\"https:\/\/www.inforesidencias.com\/blog\/index.php\/2022\/03\/28\/el-duelo-en-un-proceso-de-demencia\/\" \/>\n<meta property=\"og:locale\" content=\"es_ES\" \/>\n<meta property=\"og:type\" content=\"article\" \/>\n<meta property=\"og:title\" content=\"El duelo en un proceso de demencia - Blog Inforesidencias.com\" \/>\n<meta property=\"og:description\" content=\"El diagnostico de la demencia y el duelo que conlleva. El duelo en un proceso de demencia se inicia en el diagnostico y hasta la que morimos\" \/>\n<meta property=\"og:url\" content=\"https:\/\/www.inforesidencias.com\/blog\/index.php\/2022\/03\/28\/el-duelo-en-un-proceso-de-demencia\/\" \/>\n<meta property=\"og:site_name\" content=\"Blog Inforesidencias.com\" \/>\n<meta property=\"article:publisher\" content=\"https:\/\/www.facebook.com\/Inforesidencias\/\" \/>\n<meta property=\"article:author\" content=\"https:\/\/www.facebook.com\/josep.demarti\" \/>\n<meta property=\"article:published_time\" content=\"2022-03-28T10:35:25+00:00\" \/>\n<meta property=\"article:modified_time\" content=\"2022-03-28T11:34:48+00:00\" \/>\n<meta property=\"og:image\" content=\"https:\/\/www.inforesidencias.com\/blog\/wp-content\/uploads\/2022\/03\/El-duelo-en-un-proceso-de-demencia.png\" \/>\n\t<meta property=\"og:image:width\" content=\"850\" \/>\n\t<meta property=\"og:image:height\" content=\"528\" \/>\n\t<meta property=\"og:image:type\" content=\"image\/png\" \/>\n<meta name=\"author\" content=\"Josep de Mart\u00ed\" \/>\n<meta name=\"twitter:card\" content=\"summary_large_image\" \/>\n<meta name=\"twitter:creator\" content=\"@blog-ir\" \/>\n<meta name=\"twitter:site\" content=\"@inforesidencias\" \/>\n<meta name=\"twitter:label1\" content=\"Escrito por\" \/>\n\t<meta name=\"twitter:data1\" content=\"Josep de Mart\u00ed\" \/>\n\t<meta name=\"twitter:label2\" content=\"Tiempo de lectura\" \/>\n\t<meta name=\"twitter:data2\" content=\"6 minutos\" \/>\n<script type=\"application\/ld+json\" class=\"yoast-schema-graph\">{\"@context\":\"https:\/\/schema.org\",\"@graph\":[{\"@type\":\"WebPage\",\"@id\":\"https:\/\/www.inforesidencias.com\/blog\/index.php\/2022\/03\/28\/el-duelo-en-un-proceso-de-demencia\/\",\"url\":\"https:\/\/www.inforesidencias.com\/blog\/index.php\/2022\/03\/28\/el-duelo-en-un-proceso-de-demencia\/\",\"name\":\"El duelo en un proceso de demencia - Blog Inforesidencias.com\",\"isPartOf\":{\"@id\":\"https:\/\/www.inforesidencias.com\/blog\/#website\"},\"datePublished\":\"2022-03-28T10:35:25+00:00\",\"dateModified\":\"2022-03-28T11:34:48+00:00\",\"author\":{\"@id\":\"https:\/\/www.inforesidencias.com\/blog\/#\/schema\/person\/9e146774d1eb3bc1c0316242a3898628\"},\"description\":\"El diagnostico de la demencia y el duelo que conlleva. El duelo en un proceso de demencia se inicia en el diagnostico y hasta la que morimos\",\"breadcrumb\":{\"@id\":\"https:\/\/www.inforesidencias.com\/blog\/index.php\/2022\/03\/28\/el-duelo-en-un-proceso-de-demencia\/#breadcrumb\"},\"inLanguage\":\"es\",\"potentialAction\":[{\"@type\":\"ReadAction\",\"target\":[\"https:\/\/www.inforesidencias.com\/blog\/index.php\/2022\/03\/28\/el-duelo-en-un-proceso-de-demencia\/\"]}]},{\"@type\":\"BreadcrumbList\",\"@id\":\"https:\/\/www.inforesidencias.com\/blog\/index.php\/2022\/03\/28\/el-duelo-en-un-proceso-de-demencia\/#breadcrumb\",\"itemListElement\":[{\"@type\":\"ListItem\",\"position\":1,\"name\":\"Home\",\"item\":\"https:\/\/www.inforesidencias.com\/blog\/\"},{\"@type\":\"ListItem\",\"position\":2,\"name\":\"El duelo en un proceso de demencia\"}]},{\"@type\":\"WebSite\",\"@id\":\"https:\/\/www.inforesidencias.com\/blog\/#website\",\"url\":\"https:\/\/www.inforesidencias.com\/blog\/\",\"name\":\"Blog Inforesidencias.com\",\"description\":\"El buscador de residencias de la 3\u00aa edad\",\"potentialAction\":[{\"@type\":\"SearchAction\",\"target\":{\"@type\":\"EntryPoint\",\"urlTemplate\":\"https:\/\/www.inforesidencias.com\/blog\/?s={search_term_string}\"},\"query-input\":\"required name=search_term_string\"}],\"inLanguage\":\"es\"},{\"@type\":\"Person\",\"@id\":\"https:\/\/www.inforesidencias.com\/blog\/#\/schema\/person\/9e146774d1eb3bc1c0316242a3898628\",\"name\":\"Josep de Mart\u00ed\",\"image\":{\"@type\":\"ImageObject\",\"inLanguage\":\"es\",\"@id\":\"https:\/\/www.inforesidencias.com\/blog\/#\/schema\/person\/image\/\",\"url\":\"https:\/\/secure.gravatar.com\/avatar\/de0302c4806c00c4cebff396a798c1ff?s=96&d=mm&r=g\",\"contentUrl\":\"https:\/\/secure.gravatar.com\/avatar\/de0302c4806c00c4cebff396a798c1ff?s=96&d=mm&r=g\",\"caption\":\"Josep de Mart\u00ed\"},\"sameAs\":[\"https:\/\/www.inforesidencias.com\",\"https:\/\/www.facebook.com\/josep.demarti\",\"https:\/\/twitter.com\/blog-ir\"],\"url\":\"https:\/\/www.inforesidencias.com\/blog\/index.php\/author\/josepdemarti\/\"}]}<\/script>\n<!-- \/ Yoast SEO plugin. -->","yoast_head_json":{"title":"El duelo en un proceso de demencia - Blog Inforesidencias.com","description":"El diagnostico de la demencia y el duelo que conlleva. El duelo en un proceso de demencia se inicia en el diagnostico y hasta la que morimos","robots":{"index":"index","follow":"follow","max-snippet":"max-snippet:-1","max-image-preview":"max-image-preview:large","max-video-preview":"max-video-preview:-1"},"canonical":"https:\/\/www.inforesidencias.com\/blog\/index.php\/2022\/03\/28\/el-duelo-en-un-proceso-de-demencia\/","og_locale":"es_ES","og_type":"article","og_title":"El duelo en un proceso de demencia - Blog Inforesidencias.com","og_description":"El diagnostico de la demencia y el duelo que conlleva. El duelo en un proceso de demencia se inicia en el diagnostico y hasta la que morimos","og_url":"https:\/\/www.inforesidencias.com\/blog\/index.php\/2022\/03\/28\/el-duelo-en-un-proceso-de-demencia\/","og_site_name":"Blog Inforesidencias.com","article_publisher":"https:\/\/www.facebook.com\/Inforesidencias\/","article_author":"https:\/\/www.facebook.com\/josep.demarti","article_published_time":"2022-03-28T10:35:25+00:00","article_modified_time":"2022-03-28T11:34:48+00:00","og_image":[{"width":850,"height":528,"url":"https:\/\/www.inforesidencias.com\/blog\/wp-content\/uploads\/2022\/03\/El-duelo-en-un-proceso-de-demencia.png","type":"image\/png"}],"author":"Josep de Mart\u00ed","twitter_card":"summary_large_image","twitter_creator":"@blog-ir","twitter_site":"@inforesidencias","twitter_misc":{"Escrito por":"Josep de Mart\u00ed","Tiempo de lectura":"6 minutos"},"schema":{"@context":"https:\/\/schema.org","@graph":[{"@type":"WebPage","@id":"https:\/\/www.inforesidencias.com\/blog\/index.php\/2022\/03\/28\/el-duelo-en-un-proceso-de-demencia\/","url":"https:\/\/www.inforesidencias.com\/blog\/index.php\/2022\/03\/28\/el-duelo-en-un-proceso-de-demencia\/","name":"El duelo en un proceso de demencia - Blog Inforesidencias.com","isPartOf":{"@id":"https:\/\/www.inforesidencias.com\/blog\/#website"},"datePublished":"2022-03-28T10:35:25+00:00","dateModified":"2022-03-28T11:34:48+00:00","author":{"@id":"https:\/\/www.inforesidencias.com\/blog\/#\/schema\/person\/9e146774d1eb3bc1c0316242a3898628"},"description":"El diagnostico de la demencia y el duelo que conlleva. El duelo en un proceso de demencia se inicia en el diagnostico y hasta la que morimos","breadcrumb":{"@id":"https:\/\/www.inforesidencias.com\/blog\/index.php\/2022\/03\/28\/el-duelo-en-un-proceso-de-demencia\/#breadcrumb"},"inLanguage":"es","potentialAction":[{"@type":"ReadAction","target":["https:\/\/www.inforesidencias.com\/blog\/index.php\/2022\/03\/28\/el-duelo-en-un-proceso-de-demencia\/"]}]},{"@type":"BreadcrumbList","@id":"https:\/\/www.inforesidencias.com\/blog\/index.php\/2022\/03\/28\/el-duelo-en-un-proceso-de-demencia\/#breadcrumb","itemListElement":[{"@type":"ListItem","position":1,"name":"Home","item":"https:\/\/www.inforesidencias.com\/blog\/"},{"@type":"ListItem","position":2,"name":"El duelo en un proceso de demencia"}]},{"@type":"WebSite","@id":"https:\/\/www.inforesidencias.com\/blog\/#website","url":"https:\/\/www.inforesidencias.com\/blog\/","name":"Blog Inforesidencias.com","description":"El buscador de residencias de la 3\u00aa edad","potentialAction":[{"@type":"SearchAction","target":{"@type":"EntryPoint","urlTemplate":"https:\/\/www.inforesidencias.com\/blog\/?s={search_term_string}"},"query-input":"required name=search_term_string"}],"inLanguage":"es"},{"@type":"Person","@id":"https:\/\/www.inforesidencias.com\/blog\/#\/schema\/person\/9e146774d1eb3bc1c0316242a3898628","name":"Josep de Mart\u00ed","image":{"@type":"ImageObject","inLanguage":"es","@id":"https:\/\/www.inforesidencias.com\/blog\/#\/schema\/person\/image\/","url":"https:\/\/secure.gravatar.com\/avatar\/de0302c4806c00c4cebff396a798c1ff?s=96&d=mm&r=g","contentUrl":"https:\/\/secure.gravatar.com\/avatar\/de0302c4806c00c4cebff396a798c1ff?s=96&d=mm&r=g","caption":"Josep de Mart\u00ed"},"sameAs":["https:\/\/www.inforesidencias.com","https:\/\/www.facebook.com\/josep.demarti","https:\/\/twitter.com\/blog-ir"],"url":"https:\/\/www.inforesidencias.com\/blog\/index.php\/author\/josepdemarti\/"}]}},"_links":{"self":[{"href":"https:\/\/www.inforesidencias.com\/blog\/index.php\/wp-json\/wp\/v2\/posts\/5469"}],"collection":[{"href":"https:\/\/www.inforesidencias.com\/blog\/index.php\/wp-json\/wp\/v2\/posts"}],"about":[{"href":"https:\/\/www.inforesidencias.com\/blog\/index.php\/wp-json\/wp\/v2\/types\/post"}],"author":[{"embeddable":true,"href":"https:\/\/www.inforesidencias.com\/blog\/index.php\/wp-json\/wp\/v2\/users\/2"}],"replies":[{"embeddable":true,"href":"https:\/\/www.inforesidencias.com\/blog\/index.php\/wp-json\/wp\/v2\/comments?post=5469"}],"version-history":[{"count":19,"href":"https:\/\/www.inforesidencias.com\/blog\/index.php\/wp-json\/wp\/v2\/posts\/5469\/revisions"}],"predecessor-version":[{"id":5490,"href":"https:\/\/www.inforesidencias.com\/blog\/index.php\/wp-json\/wp\/v2\/posts\/5469\/revisions\/5490"}],"wp:featuredmedia":[{"embeddable":true,"href":"https:\/\/www.inforesidencias.com\/blog\/index.php\/wp-json\/wp\/v2\/media\/5472"}],"wp:attachment":[{"href":"https:\/\/www.inforesidencias.com\/blog\/index.php\/wp-json\/wp\/v2\/media?parent=5469"}],"wp:term":[{"taxonomy":"category","embeddable":true,"href":"https:\/\/www.inforesidencias.com\/blog\/index.php\/wp-json\/wp\/v2\/categories?post=5469"},{"taxonomy":"post_tag","embeddable":true,"href":"https:\/\/www.inforesidencias.com\/blog\/index.php\/wp-json\/wp\/v2\/tags?post=5469"}],"curies":[{"name":"wp","href":"https:\/\/api.w.org\/{rel}","templated":true}]}}