{"id":5491,"date":"2022-04-01T09:44:47","date_gmt":"2022-04-01T08:44:47","guid":{"rendered":"https:\/\/www.inforesidencias.com\/blog\/?p=5491"},"modified":"2022-04-01T09:44:49","modified_gmt":"2022-04-01T08:44:49","slug":"es-gran-ser-gran-de-inforesidencias-com","status":"publish","type":"post","link":"https:\/\/www.inforesidencias.com\/blog\/index.php\/2022\/04\/01\/es-gran-ser-gran-de-inforesidencias-com\/","title":{"rendered":"\u00ab\u00c9s gran ser gran\u00bb de inforesidencias.com"},"content":{"rendered":"\n<h3 class=\"wp-block-heading\"><strong><u>\u00ab<\/u>\u00c9s gran ser gran\u00bb <\/strong>de inforesidencias.com<strong>. Programa del\u00a0<\/strong><a href=\"https:\/\/www.estelfitxers.com\/audio\/2021-2022\/20220326-13_00TEMPSDEBENESTAR.MP3\"><strong>26 de marzo<\/strong><\/a><\/h3>\n\n\n\n<p>Empezamos el programa de \u00ab\u00c9s gran ser gran\u00bb de inforesidencias.com hablando de un incidente que me ha impactado viniendo hacia la radio, vengo en metro, y hay personas que ponen m\u00fasica y cantan en los vagones a cambio de que les des dinero.\u00a0 Hoy era un rapero de origen sudamericano que ha hecho un rap triste, nos ha hablado de la pandemia, de lo mucho que ha echado de menos a sus padres, de darles un abrazo, y tambi\u00e9n de la terrible guerra en Ucrania, y como tanta gente est\u00e1n perdiendo todo lo que tienen, incluso algunos su vida.\u00a0 Ha sido un rap bonito pero muy triste.\u00a0\u00a0 Y esto me ha hecho reflexionar sobre la necesidad de neutralizar esta situaci\u00f3n que tenemos ahora de tristeza, incertidumbre, y de imponer la voluntad de unos sobre otros.\u00a0\u00a0 Por ello, se me ocurre rescatar un concepto b\u00e1sico y volver a sacar todos esta sabidur\u00eda que tienen muchas personas mayores y muchas mujeres, y trabajar la capacidad de llegar al consenso, la capacidad de colaborar, y sobre todo la flexibilidad, la tolerancia, y la empat\u00eda\u2026<br><br>Y recordamos la frase de Viktor Frankel :<\/p>\n\n\n\n<p><strong><em>Entre el est\u00edmulo y la respuesta hay un espacio. En ese espacio tenemos el poder de elegir nuestra respuesta. En nuestra respuesta se encuentra nuestro crecimiento y nuestra libertad<\/em><\/strong><\/p>\n\n\n\n<p>Ahora m\u00e1s que nunca, debemos intentar trabajar este espacio, y rellenarlo de estas cualidades: el consenso, el entendimiento, la flexibilidad y la empat\u00eda.<\/p>\n\n\n\n<p><strong>La entrevista<\/strong><\/p>\n\n\n\n<p>En la entrevista del s\u00e1bado, hablamos con Marta Casellas, musicoterapeuta y presidenta de la Associaci\u00f3 Musica Difussi\u00f3.<\/p>\n\n\n\n<p>En esta entrevista de este programa de \u00c9s gran ser gran de inforesidencias.com,  nos explica Marta Casellas las intervenciones que realizan, que son sobre todo grupales, donde se fomenta el envejecimiento activo, tanto en personas mayores aut\u00f3nomas, o bien personas m\u00e1s j\u00f3venes que buscan trabajar dentro de un envejecimiento saludable y activo, y tambi\u00e9n a personas con diferentes grados de demencia para ayudarles en el envejecimiento saludable.<\/p>\n\n\n\n<p>Musicoterapia: es la utilizaci\u00f3n de la m\u00fasica como herramienta terap\u00e9utica.&nbsp; Se hace a trav\u00e9s de la musicoterapia activa, donde se trabaja la estimulaci\u00f3n para que el participante sea parte activa de la creaci\u00f3n musical.&nbsp;&nbsp; Se realizan diferentes actividades como la improvisaci\u00f3n, tanto guiada como libre, ya que la m\u00fasica moviliza mucho, tambi\u00e9n se realizan actividades de audici\u00f3n, de movimiento y de control de la respiraci\u00f3n a trav\u00e9s de la m\u00fasica.&nbsp; En funci\u00f3n de cada tipo de grupo, se prepara un tipo de actividades u otras a nivel terap\u00e9utico.<\/p>\n\n\n\n<p>Como demostraci\u00f3n, nos aporta dos tipos de m\u00fasica, la primera es muy r\u00edtmica, utiliza muchos elementos de percusi\u00f3n, donde el ritmo es vida y hace que se active la persona que lo escucha y le aporta energ\u00eda.&nbsp; Es una m\u00fasica que transporta hacia la naturaleza y puede llevar a evocar la selva africana.<\/p>\n\n\n\n<p>La segunda m\u00fasica que nos trae Marta Casellas, es de una banda sonora, donde se refuerza el ambiente y la atmosfera de tranquilidad y serenidad.&nbsp; Tiene ritmo, pero predomina la melod\u00eda suave y puede crear un entorno de paz, seguridad y tranquilidad.<\/p>\n\n\n\n<p>Si alguien est\u00e1 interesado en saber m\u00e1s sobre Musica Difusi\u00f3 el contacto de Marta Casellas es: <a href=\"http:\/\/www.associaciomusicadifusio.com\">www.associaciomusicadifusio.com<\/a> y su tel\u00e9fono es 649509386.<\/p>\n\n\n\n<figure class=\"wp-block-image is-resized\"><img decoding=\"async\" loading=\"lazy\" src=\"https:\/\/www.inforesidencias.com\/blog\/wp-content\/uploads\/2022\/03\/marta-casellas-150x150.jpeg\" alt=\"Musicoterapia para residencias de mayores\" width=\"200\" height=\"200\" \/><figcaption>Musicoterapia para residencias de mayores<\/figcaption><\/figure>\n\n\n\n<p><strong>Secci\u00f3n bolsa de trabajo y pregunta al trabajador social<\/strong><\/p>\n\n\n\n<p>En la bolsa de trabajo de inforesidencias.com se comenta las ofertas de trabajo que hay y se comentan las cinco categor\u00edas m\u00e1s buscadas en el sector esta semana.\u00a0<\/p>\n\n\n\n<p><strong>Secci\u00f3n del trabajador social<\/strong><\/p>\n\n\n\n<p>Esta semana hemos tenido bastantes preguntas sobre como se calcula el grado de dependencia de un familiar.<\/p>\n\n\n\n<p>\u00bfC\u00f3mo se calcula el grado y nivel de dependencia?<\/p>\n\n\n\n<h5 class=\"wp-block-heading\"><a href=\"https:\/\/www.inforesidencias.com\/servicios\/calculadora-dependencia\" target=\"_blank\" rel=\"noreferrer noopener\">&nbsp;Aqu\u00ed puede acceder a la calculadora<\/a><\/h5>\n\n\n\n<p>Si responde&nbsp;de la forma mas detallada posible, obtendr\u00e1 una valoraci\u00f3n bastante aproximada del nivel de dependencia de la persona (gran dependencia, dependencia severa o dependencia moderada), aunque debe saber que&nbsp;<strong>de ninguna manera<\/strong>&nbsp;podr\u00e1 sustituir a la que determine el equipo de profesionales.<\/p>\n\n\n\n<p>Responder a todas las preguntas le llevar\u00e1 entre 10 y 20 minutos.<\/p>\n\n\n\n<p>Aportar\u00e1 una idea del grado de dependencia de vuestro familiar.<\/p>\n\n\n\n<h3 class=\"wp-block-heading\">\u00abEs gran ser gran\u00bbde inforesidencias.com Programa del&nbsp;<a href=\"https:\/\/www.estelfitxers.com\/audio\/2021-2022\/20220312-14_00TEMPSDEBENESTAR.MP3\" target=\"_blank\" rel=\"noreferrer noopener\">Domingo 27 de marzo<\/a><\/h3>\n\n\n\n<p>La reflexi\u00f3n del d\u00eda se basa en intentar reducir el nivel de ansiedad y de estr\u00e9s en el que estamos todos sometidos \u00faltimamente.&nbsp; Para ello, hoy hablaremos de lo importante que es la respiraci\u00f3n.<\/p>\n\n\n\n<p>Hablamos de c\u00f3mo le damos poca importancia a la respiraci\u00f3n cuando es lo \u00fanico que no cambia en nuestra vida.&nbsp; Es decir, cambiamos f\u00edsicamente, podemos cambiar de piso, o de poblaci\u00f3n, incluso de pa\u00eds, cambiamos nuestros gustos, pero hay una cosa que no cambia, que es nuestra respiraci\u00f3n.&nbsp;<\/p>\n\n\n\n<p>Curiosamente en el lenguaje coloquial ya se dice que la respiraci\u00f3n est\u00e1 relacionada con nuestras emociones, y debemos ser conscientes de ello.&nbsp; Si podemos dominar a trav\u00e9s de nuestra respiraci\u00f3n nuestras emociones, nos puede ayudar mucho a controlar nuestros niveles de estr\u00e9s y de ansiedad, y de mejorar el nivel de energ\u00eda.<\/p>\n\n\n\n<p><strong>La Entrevista<\/strong><\/p>\n\n\n\n<p>En los minutos para la entrevista, hablamos con Javier Rodriguez, director de la &nbsp;&nbsp;<a href=\"https:\/\/www.inforesidencias.com\/centros\/residencia\/12977\/residencia-maragall\">Residencia Maragall del Grup Atl\u00e1ntida<\/a> y el residente Victoriano.&nbsp; La residencia acaba de abrir este pasado mes de Enero y esta muy bien ubicada en el barrio, en pleno Paseo de Maragall en el n\u00ba 295-297, a cinco minutos de la estaci\u00f3n de metro Maragall.&nbsp;<\/p>\n\n\n\n<p>Es una residencia completamente nueva, de nueva construcci\u00f3n y est\u00e1 teniendo muy buena acogida en barrio de Horta-Guinard\u00f3,  cuenta con 125 plazas y se ha pedido 30 plazas de centro de d\u00eda y se est\u00e1 esperando la autorizaci\u00f3n pertinente.  Todos los residentes que han venido son del mismo barrio,  y las actividades que est\u00e1n ofreciendo a los residentes se hacen hablando con ellos antes, lo que se llama la \u00abhistoria de vida del residente\u00bb, que se realiza antes del ingreso para que puedan hacer aquellas actividades que le gusten, adapt\u00e1ndonos nosotros en la residencia a los gustos de los residentes.<\/p>\n\n\n\n<p>Hablamos con Victoriano, que es del barrio de toda la vida, y estuvo unos meses en Mas Piteu ya que todav\u00eda no estaba abierto esta residencia del Paseo Maragall.  Y adem\u00e1s, ha creado un grupo de amistades en Mas Piteu que se han venido tambi\u00e9n a esta residencia nueva y se juntan cada d\u00eda a jugar sus partidas de domino.  Vitoriano anima a todas las personas que estan solas a que se vengan a una residencia ya que estan mejor cuidados y tiene m\u00e1s comodidades que en un piso, y adem\u00e1s,  tiene cerca a su familia que le vienen a visitar ya que est\u00e1 en el barrio.<\/p>\n\n\n\n<p>Si quieres contactar con la residencia puedes hacerlo via email o a trav\u00e9s del telefono: <strong>93 13 11 666<\/strong><\/p>\n\n\n\n<p><strong>Secci\u00f3n bolsa de trabajo y pregunta al trabajador social<\/strong><\/p>\n\n\n\n<p>En la <a href=\"https:\/\/www.inforesidencias.com\/bolsa\/ofertas-de-trabajo\" target=\"_blank\" rel=\"noreferrer noopener\">bolsa de trabajo <\/a>de inforesidencias.com se comenta las ofertas de trabajo que hay sobre todo en la comarca del Baix Llobregat y del Maresme.<\/p>\n\n\n\n<p><strong>Secci\u00f3n del trabajador social<\/strong><\/p>\n\n\n\n<p>La pregunta es de una persona que acaba de poner a su madre en una residencia y esta actualmente no quiere salir de la habitaci\u00f3n y su hijo pide que la obliguen a salir desde la residencia y piensa que puede tener una depresi\u00f3n.<\/p>\n\n\n\n<p>Llevamos muchas emisiones del programa de \u00c9s gran ser gran de inforesidencias.com. si quieres leer art\u00edculos sobre programas anteriores, haz clic <a href=\"https:\/\/www.inforesidencias.com\/blog\/?s=es+gran+ser+gran\" target=\"_blank\" rel=\"noreferrer noopener\">aqu\u00ed<\/a><\/p>\n\n\n\n<p>Tenemos un articulo interesante al respecto de c\u00f3mo llevar los primeros d\u00edas en una residencia:  <a href=\"https:\/\/www.inforesidencias.com\/contenidos\/mayores-y-familia\/nacional\/primeros-dias-en-una-residencia-de-ancianos\" target=\"_blank\" rel=\"noreferrer noopener\">link aqu\u00ed.<\/a><\/p>\n\n\n\n<p>Si buscas residencias de mayores en las comarcas del:<br>1. <a href=\"https:\/\/www.inforesidencias.com\/centros\/buscador\/busquedas-predefinidas\/residencias-de-ancianos-en-el-baix-llobregat\" target=\"_blank\" rel=\"noreferrer noopener\">Baix Llobregat <\/a><br>2. <a href=\"https:\/\/www.inforesidencias.com\/centros\/buscador\/busquedas-predefinidas\/residencies-de-persones-grans-del-maresme\" target=\"_blank\" rel=\"noreferrer noopener\">Maresme<\/a><\/p>\n","protected":false},"excerpt":{"rendered":"<p>\u00ab\u00c9s gran ser gran\u00bb de inforesidencias.com. Programa del\u00a026 de marzo Empezamos el programa de \u00ab\u00c9s gran ser gran\u00bb de inforesidencias.com hablando de un incidente que me ha impactado viniendo hacia la radio, vengo en metro, y hay personas que ponen m\u00fasica y cantan en los vagones a cambio de que les des dinero.\u00a0 Hoy era un rapero de origen sudamericano que ha hecho un rap triste, nos ha hablado de la pandemia, de lo mucho que ha echado de menos a sus padres, de darles un abrazo, y tambi\u00e9n de la terrible guerra en Ucrania, y como tanta gente est\u00e1n perdiendo todo lo que tienen, incluso algunos su vida.\u00a0 Ha sido un rap bonito pero muy triste.\u00a0\u00a0 Y esto me ha hecho reflexionar sobre la necesidad de neutralizar esta situaci\u00f3n que tenemos ahora de tristeza, incertidumbre, y de imponer la voluntad de unos sobre otros.\u00a0\u00a0 Por ello, se me ocurre [&hellip;]<\/p>\n","protected":false},"author":2,"featured_media":5493,"comment_status":"open","ping_status":"open","sticky":false,"template":"","format":"standard","meta":{"footnotes":""},"categories":[1],"tags":[],"yoast_head":"<!-- This site is optimized with the Yoast SEO plugin v21.7 - https:\/\/yoast.com\/wordpress\/plugins\/seo\/ -->\n<title>&quot;\u00c9s gran ser gran&quot; de inforesidencias.com - Blog Inforesidencias.com<\/title>\n<meta name=\"description\" content=\"Empezamos el programa de &quot;\u00c9s gran ser gran&quot; de inforesidencias.com hablando de c\u00f3mo es necesario recuperar la sabidur\u00eda y la empat\u00eda.\" \/>\n<meta name=\"robots\" content=\"index, follow, max-snippet:-1, max-image-preview:large, max-video-preview:-1\" \/>\n<link rel=\"canonical\" href=\"https:\/\/www.inforesidencias.com\/blog\/index.php\/2022\/04\/01\/es-gran-ser-gran-de-inforesidencias-com\/\" \/>\n<meta property=\"og:locale\" content=\"es_ES\" \/>\n<meta property=\"og:type\" content=\"article\" \/>\n<meta property=\"og:title\" content=\"&quot;\u00c9s gran ser gran&quot; de inforesidencias.com - Blog Inforesidencias.com\" \/>\n<meta property=\"og:description\" content=\"Empezamos el programa de &quot;\u00c9s gran ser gran&quot; de inforesidencias.com hablando de c\u00f3mo es necesario recuperar la sabidur\u00eda y la empat\u00eda.\" \/>\n<meta property=\"og:url\" content=\"https:\/\/www.inforesidencias.com\/blog\/index.php\/2022\/04\/01\/es-gran-ser-gran-de-inforesidencias-com\/\" \/>\n<meta property=\"og:site_name\" content=\"Blog Inforesidencias.com\" \/>\n<meta property=\"article:publisher\" content=\"https:\/\/www.facebook.com\/Inforesidencias\/\" \/>\n<meta property=\"article:author\" content=\"https:\/\/www.facebook.com\/josep.demarti\" \/>\n<meta property=\"article:published_time\" content=\"2022-04-01T08:44:47+00:00\" \/>\n<meta property=\"article:modified_time\" content=\"2022-04-01T08:44:49+00:00\" \/>\n<meta property=\"og:image\" content=\"https:\/\/www.inforesidencias.com\/blog\/wp-content\/uploads\/2022\/03\/IMG_4251-rotated.jpg\" \/>\n\t<meta property=\"og:image:width\" content=\"1512\" \/>\n\t<meta property=\"og:image:height\" content=\"2016\" \/>\n\t<meta property=\"og:image:type\" content=\"image\/jpeg\" \/>\n<meta name=\"author\" content=\"Josep de Mart\u00ed\" \/>\n<meta name=\"twitter:card\" content=\"summary_large_image\" \/>\n<meta name=\"twitter:creator\" content=\"@blog-ir\" \/>\n<meta name=\"twitter:site\" content=\"@inforesidencias\" \/>\n<meta name=\"twitter:label1\" content=\"Escrito por\" \/>\n\t<meta name=\"twitter:data1\" content=\"Josep de Mart\u00ed\" \/>\n\t<meta name=\"twitter:label2\" content=\"Tiempo de lectura\" \/>\n\t<meta name=\"twitter:data2\" content=\"7 minutos\" \/>\n<script type=\"application\/ld+json\" class=\"yoast-schema-graph\">{\"@context\":\"https:\/\/schema.org\",\"@graph\":[{\"@type\":\"WebPage\",\"@id\":\"https:\/\/www.inforesidencias.com\/blog\/index.php\/2022\/04\/01\/es-gran-ser-gran-de-inforesidencias-com\/\",\"url\":\"https:\/\/www.inforesidencias.com\/blog\/index.php\/2022\/04\/01\/es-gran-ser-gran-de-inforesidencias-com\/\",\"name\":\"\\\"\u00c9s gran ser gran\\\" de inforesidencias.com - Blog Inforesidencias.com\",\"isPartOf\":{\"@id\":\"https:\/\/www.inforesidencias.com\/blog\/#website\"},\"datePublished\":\"2022-04-01T08:44:47+00:00\",\"dateModified\":\"2022-04-01T08:44:49+00:00\",\"author\":{\"@id\":\"https:\/\/www.inforesidencias.com\/blog\/#\/schema\/person\/9e146774d1eb3bc1c0316242a3898628\"},\"description\":\"Empezamos el programa de \\\"\u00c9s gran ser gran\\\" de inforesidencias.com hablando de c\u00f3mo es necesario recuperar la sabidur\u00eda y la empat\u00eda.\",\"breadcrumb\":{\"@id\":\"https:\/\/www.inforesidencias.com\/blog\/index.php\/2022\/04\/01\/es-gran-ser-gran-de-inforesidencias-com\/#breadcrumb\"},\"inLanguage\":\"es\",\"potentialAction\":[{\"@type\":\"ReadAction\",\"target\":[\"https:\/\/www.inforesidencias.com\/blog\/index.php\/2022\/04\/01\/es-gran-ser-gran-de-inforesidencias-com\/\"]}]},{\"@type\":\"BreadcrumbList\",\"@id\":\"https:\/\/www.inforesidencias.com\/blog\/index.php\/2022\/04\/01\/es-gran-ser-gran-de-inforesidencias-com\/#breadcrumb\",\"itemListElement\":[{\"@type\":\"ListItem\",\"position\":1,\"name\":\"Home\",\"item\":\"https:\/\/www.inforesidencias.com\/blog\/\"},{\"@type\":\"ListItem\",\"position\":2,\"name\":\"\u00ab\u00c9s gran ser gran\u00bb de inforesidencias.com\"}]},{\"@type\":\"WebSite\",\"@id\":\"https:\/\/www.inforesidencias.com\/blog\/#website\",\"url\":\"https:\/\/www.inforesidencias.com\/blog\/\",\"name\":\"Blog Inforesidencias.com\",\"description\":\"El buscador de residencias de la 3\u00aa edad\",\"potentialAction\":[{\"@type\":\"SearchAction\",\"target\":{\"@type\":\"EntryPoint\",\"urlTemplate\":\"https:\/\/www.inforesidencias.com\/blog\/?s={search_term_string}\"},\"query-input\":\"required name=search_term_string\"}],\"inLanguage\":\"es\"},{\"@type\":\"Person\",\"@id\":\"https:\/\/www.inforesidencias.com\/blog\/#\/schema\/person\/9e146774d1eb3bc1c0316242a3898628\",\"name\":\"Josep de Mart\u00ed\",\"image\":{\"@type\":\"ImageObject\",\"inLanguage\":\"es\",\"@id\":\"https:\/\/www.inforesidencias.com\/blog\/#\/schema\/person\/image\/\",\"url\":\"https:\/\/secure.gravatar.com\/avatar\/de0302c4806c00c4cebff396a798c1ff?s=96&d=mm&r=g\",\"contentUrl\":\"https:\/\/secure.gravatar.com\/avatar\/de0302c4806c00c4cebff396a798c1ff?s=96&d=mm&r=g\",\"caption\":\"Josep de Mart\u00ed\"},\"sameAs\":[\"https:\/\/www.inforesidencias.com\",\"https:\/\/www.facebook.com\/josep.demarti\",\"https:\/\/twitter.com\/blog-ir\"],\"url\":\"https:\/\/www.inforesidencias.com\/blog\/index.php\/author\/josepdemarti\/\"}]}<\/script>\n<!-- \/ Yoast SEO plugin. -->","yoast_head_json":{"title":"\"\u00c9s gran ser gran\" de inforesidencias.com - Blog Inforesidencias.com","description":"Empezamos el programa de \"\u00c9s gran ser gran\" de inforesidencias.com hablando de c\u00f3mo es necesario recuperar la sabidur\u00eda y la empat\u00eda.","robots":{"index":"index","follow":"follow","max-snippet":"max-snippet:-1","max-image-preview":"max-image-preview:large","max-video-preview":"max-video-preview:-1"},"canonical":"https:\/\/www.inforesidencias.com\/blog\/index.php\/2022\/04\/01\/es-gran-ser-gran-de-inforesidencias-com\/","og_locale":"es_ES","og_type":"article","og_title":"\"\u00c9s gran ser gran\" de inforesidencias.com - Blog Inforesidencias.com","og_description":"Empezamos el programa de \"\u00c9s gran ser gran\" de inforesidencias.com hablando de c\u00f3mo es necesario recuperar la sabidur\u00eda y la empat\u00eda.","og_url":"https:\/\/www.inforesidencias.com\/blog\/index.php\/2022\/04\/01\/es-gran-ser-gran-de-inforesidencias-com\/","og_site_name":"Blog Inforesidencias.com","article_publisher":"https:\/\/www.facebook.com\/Inforesidencias\/","article_author":"https:\/\/www.facebook.com\/josep.demarti","article_published_time":"2022-04-01T08:44:47+00:00","article_modified_time":"2022-04-01T08:44:49+00:00","og_image":[{"width":1512,"height":2016,"url":"https:\/\/www.inforesidencias.com\/blog\/wp-content\/uploads\/2022\/03\/IMG_4251-rotated.jpg","type":"image\/jpeg"}],"author":"Josep de Mart\u00ed","twitter_card":"summary_large_image","twitter_creator":"@blog-ir","twitter_site":"@inforesidencias","twitter_misc":{"Escrito por":"Josep de Mart\u00ed","Tiempo de lectura":"7 minutos"},"schema":{"@context":"https:\/\/schema.org","@graph":[{"@type":"WebPage","@id":"https:\/\/www.inforesidencias.com\/blog\/index.php\/2022\/04\/01\/es-gran-ser-gran-de-inforesidencias-com\/","url":"https:\/\/www.inforesidencias.com\/blog\/index.php\/2022\/04\/01\/es-gran-ser-gran-de-inforesidencias-com\/","name":"\"\u00c9s gran ser gran\" de inforesidencias.com - Blog Inforesidencias.com","isPartOf":{"@id":"https:\/\/www.inforesidencias.com\/blog\/#website"},"datePublished":"2022-04-01T08:44:47+00:00","dateModified":"2022-04-01T08:44:49+00:00","author":{"@id":"https:\/\/www.inforesidencias.com\/blog\/#\/schema\/person\/9e146774d1eb3bc1c0316242a3898628"},"description":"Empezamos el programa de \"\u00c9s gran ser gran\" de inforesidencias.com hablando de c\u00f3mo es necesario recuperar la sabidur\u00eda y la empat\u00eda.","breadcrumb":{"@id":"https:\/\/www.inforesidencias.com\/blog\/index.php\/2022\/04\/01\/es-gran-ser-gran-de-inforesidencias-com\/#breadcrumb"},"inLanguage":"es","potentialAction":[{"@type":"ReadAction","target":["https:\/\/www.inforesidencias.com\/blog\/index.php\/2022\/04\/01\/es-gran-ser-gran-de-inforesidencias-com\/"]}]},{"@type":"BreadcrumbList","@id":"https:\/\/www.inforesidencias.com\/blog\/index.php\/2022\/04\/01\/es-gran-ser-gran-de-inforesidencias-com\/#breadcrumb","itemListElement":[{"@type":"ListItem","position":1,"name":"Home","item":"https:\/\/www.inforesidencias.com\/blog\/"},{"@type":"ListItem","position":2,"name":"\u00ab\u00c9s gran ser gran\u00bb de inforesidencias.com"}]},{"@type":"WebSite","@id":"https:\/\/www.inforesidencias.com\/blog\/#website","url":"https:\/\/www.inforesidencias.com\/blog\/","name":"Blog Inforesidencias.com","description":"El buscador de residencias de la 3\u00aa edad","potentialAction":[{"@type":"SearchAction","target":{"@type":"EntryPoint","urlTemplate":"https:\/\/www.inforesidencias.com\/blog\/?s={search_term_string}"},"query-input":"required name=search_term_string"}],"inLanguage":"es"},{"@type":"Person","@id":"https:\/\/www.inforesidencias.com\/blog\/#\/schema\/person\/9e146774d1eb3bc1c0316242a3898628","name":"Josep de Mart\u00ed","image":{"@type":"ImageObject","inLanguage":"es","@id":"https:\/\/www.inforesidencias.com\/blog\/#\/schema\/person\/image\/","url":"https:\/\/secure.gravatar.com\/avatar\/de0302c4806c00c4cebff396a798c1ff?s=96&d=mm&r=g","contentUrl":"https:\/\/secure.gravatar.com\/avatar\/de0302c4806c00c4cebff396a798c1ff?s=96&d=mm&r=g","caption":"Josep de Mart\u00ed"},"sameAs":["https:\/\/www.inforesidencias.com","https:\/\/www.facebook.com\/josep.demarti","https:\/\/twitter.com\/blog-ir"],"url":"https:\/\/www.inforesidencias.com\/blog\/index.php\/author\/josepdemarti\/"}]}},"_links":{"self":[{"href":"https:\/\/www.inforesidencias.com\/blog\/index.php\/wp-json\/wp\/v2\/posts\/5491"}],"collection":[{"href":"https:\/\/www.inforesidencias.com\/blog\/index.php\/wp-json\/wp\/v2\/posts"}],"about":[{"href":"https:\/\/www.inforesidencias.com\/blog\/index.php\/wp-json\/wp\/v2\/types\/post"}],"author":[{"embeddable":true,"href":"https:\/\/www.inforesidencias.com\/blog\/index.php\/wp-json\/wp\/v2\/users\/2"}],"replies":[{"embeddable":true,"href":"https:\/\/www.inforesidencias.com\/blog\/index.php\/wp-json\/wp\/v2\/comments?post=5491"}],"version-history":[{"count":6,"href":"https:\/\/www.inforesidencias.com\/blog\/index.php\/wp-json\/wp\/v2\/posts\/5491\/revisions"}],"predecessor-version":[{"id":5500,"href":"https:\/\/www.inforesidencias.com\/blog\/index.php\/wp-json\/wp\/v2\/posts\/5491\/revisions\/5500"}],"wp:featuredmedia":[{"embeddable":true,"href":"https:\/\/www.inforesidencias.com\/blog\/index.php\/wp-json\/wp\/v2\/media\/5493"}],"wp:attachment":[{"href":"https:\/\/www.inforesidencias.com\/blog\/index.php\/wp-json\/wp\/v2\/media?parent=5491"}],"wp:term":[{"taxonomy":"category","embeddable":true,"href":"https:\/\/www.inforesidencias.com\/blog\/index.php\/wp-json\/wp\/v2\/categories?post=5491"},{"taxonomy":"post_tag","embeddable":true,"href":"https:\/\/www.inforesidencias.com\/blog\/index.php\/wp-json\/wp\/v2\/tags?post=5491"}],"curies":[{"name":"wp","href":"https:\/\/api.w.org\/{rel}","templated":true}]}}