{"id":554,"date":"2016-01-20T10:57:44","date_gmt":"2016-01-20T10:57:44","guid":{"rendered":"https:\/\/www.inforesidencias.com\/blog\/?p=554"},"modified":"2016-01-17T17:59:57","modified_gmt":"2016-01-17T17:59:57","slug":"pelicula-intergeneracional-para-empezar-el-ano-nuestro-ultimo-verano-en-escocia","status":"publish","type":"post","link":"https:\/\/www.inforesidencias.com\/blog\/index.php\/2016\/01\/20\/pelicula-intergeneracional-para-empezar-el-ano-nuestro-ultimo-verano-en-escocia\/","title":{"rendered":"Pel\u00edcula intergeneracional para empezar el a\u00f1o: Nuestro \u00faltimo verano en Escocia"},"content":{"rendered":"<p>Para empezar el a\u00f1o con una buena dosis de humor agridulce brit\u00e1nico nada mejor que esta pel\u00edcula intergeneracional que ofrece una visi\u00f3n de la vida y de su final que invita a disfrutar el momento, sobre todo cuando el tiempo se acaba y cada minuto es especialmente valioso.<\/p>\n<div id=\"attachment_558\" style=\"width: 427px\" class=\"wp-caption alignleft\"><a href=\"https:\/\/www.inforesidencias.com\/blog\/wp-content\/uploads\/2016\/01\/Captura-de-pantalla-2016-01-17-a-las-18.58.34.png\"><img aria-describedby=\"caption-attachment-558\" decoding=\"async\" loading=\"lazy\" class=\"size-full wp-image-558\" src=\"https:\/\/www.inforesidencias.com\/blog\/wp-content\/uploads\/2016\/01\/Captura-de-pantalla-2016-01-17-a-las-18.58.34.png\" alt=\"Pel\u00edcula de relaciones de abuelos, hijos y nietos\" width=\"417\" height=\"419\" \/><\/a><p id=\"caption-attachment-558\" class=\"wp-caption-text\">Pel\u00edcula de relaciones de abuelos, hijos y nietos<\/p><\/div>\n<p>La comedia, producida por BBC Films est\u00e1 dirigida por Andy Hamilton y Guy Jenkin, responsables de la serie brit\u00e1nica <i>Outnumbered<\/i> y protagonizada por Rosamund Pike (<i>Perdida<\/i>, <i>Muere otro d\u00eda<\/i>, <i>El mundo seg\u00fan Ba<\/i><i>r<\/i><i>ney<\/i>) y David Tennant (<i>Broadchurch<\/i>, <i>Doctor Who<\/i>).<\/p>\n<p>Sinopsis:<\/p>\n<p><i>Nuestro \u00faltimo verano en Escocia<\/i> nos cuenta la historia de un matrimonio, Doug y Abi, y sus tres exc\u00e9ntricos pero encantadores hijos de entre 5 y 12 a\u00f1os (lo que unido a los abuelos la convierte en una pel\u00edcula intergeneracional) al que el estr\u00e9s de la crianza y la vida pone en peligro su estabilidad mental y su propio matrimonio. En estas circunstancias, deciden realizar un viaje a los Highlands de Escocia, donde vive el extravagante padre de Doug, Gordie, enfermo de c\u00e1ncer, para reencontrarse con \u00e9l y participar en una gran reuni\u00f3n familiar y celebrar su 75 cumplea\u00f1os en una fiesta-homenaje. Pero la pretensi\u00f3n de unas tranquilas vacaciones donde reconciliarse de los rencores antiguos simulando que todo es armon\u00eda para no disgustar al patriarca enfermo, enseguida pasar\u00e1 a ser un campo de minas lleno de malentendidos, egos heridos y situaciones absurdas e hilarantes que har\u00e1n que aumente la tensi\u00f3n de manera insostenible y donde pesan como losas los dos temas que unos a otros se evitan, por una parte que el matrimonio de Doug y Abi ya no existe y quieren divorciarse y, por otra, que el abuelo tiene una enfermedad terminal. Pero mantener secretos cuando hay ni\u00f1os peligroso y todo gira de repente cuando estos precipita los acontecimientos y los adultos se ven obligados a aparcar sus diferencias, colaborar y centrarse en luchar por lo que realmente es importante.<\/p>\n<p>La muerte, la ancianidad, el divorcio y conflictos parentales de todo tipo y rango son el eje central de esta pel\u00edcula que hace que la sonrisa no est\u00e9 exenta de reflexi\u00f3n. Combina con acierto el humor negro con escenas llenas de ternura y unas espl\u00e9ndidas interpretaciones de los dos tr\u00edos de personajes, por un lado los tres ni\u00f1os y por el otro los tres adultos. La figura del exc\u00e9ntrico abuelo que descubre relaciones y sentimientos cuando ya cre\u00eda todo perdido gracias a sus nietos hace que tenga sentido el lema de plantea esta historia: \u00abVive m\u00e1s, piensa menos\u00bb.<\/p>\n<p>La pel\u00edcula recibi\u00f3 el Premio del P\u00fablico en la Seminci (Semana Internacional de Cine de Autor de Valladolid) de 2014 y fue la pel\u00edcula m\u00e1s valorada en la secci\u00f3n oficial del Festival Cineuropa de Santiago de Compostela. <i>Nuestro \u00faltimo verano en Escocia<\/i> consisti\u00f3 tambi\u00e9n en una de las grandes sorpresas de los estrenos del a\u00f1o pasado.\u00a0 Se puede ver en las diversas plataformas de cine en l\u00ednea.<\/p>\n<p>Es una estupenda y deliciosa historia en la que veremos reflejadas muchas de nuestras propias visiones del mundo y experiencias en cuanto a c\u00f3mo evolucionan las relaciones a lo largo de la vida. La figura del patriarca, el padre y abuelo que deja memoria en quien se acerca a \u00e9l por su potente personalidad y que en el final de su vida vive una transformaci\u00f3n es una invitaci\u00f3n al espectador para reflexionar sobre sus propias acciones. Estupenda para ver en familia o compartir en sesiones de cineforum en centros sociales, centros de mayores, residencias de mayores, etc.<\/p>\n<p>&nbsp;<\/p>\n<p>&nbsp;<\/p>\n","protected":false},"excerpt":{"rendered":"<p>Para empezar el a\u00f1o con una buena dosis de humor agridulce brit\u00e1nico nada mejor que esta pel\u00edcula intergeneracional que ofrece una visi\u00f3n de la vida y de su final que invita a disfrutar el momento, sobre todo cuando el tiempo se acaba y cada minuto es especialmente valioso. La comedia, producida por BBC Films est\u00e1 dirigida por Andy Hamilton y Guy Jenkin, responsables de la serie brit\u00e1nica Outnumbered y protagonizada por Rosamund Pike (Perdida, Muere otro d\u00eda, El mundo seg\u00fan Barney) y David Tennant (Broadchurch, Doctor Who). Sinopsis: Nuestro \u00faltimo verano en Escocia nos cuenta la historia de un matrimonio, Doug y Abi, y sus tres exc\u00e9ntricos pero encantadores hijos de entre 5 y 12 a\u00f1os (lo que unido a los abuelos la convierte en una pel\u00edcula intergeneracional) al que el estr\u00e9s de la crianza y la vida pone en peligro su estabilidad mental y su propio matrimonio. En estas [&hellip;]<\/p>\n","protected":false},"author":2,"featured_media":555,"comment_status":"open","ping_status":"open","sticky":false,"template":"","format":"standard","meta":{"footnotes":""},"categories":[14],"tags":[],"yoast_head":"<!-- This site is optimized with the Yoast SEO plugin v21.7 - https:\/\/yoast.com\/wordpress\/plugins\/seo\/ -->\n<title>\u00daltimo verano en Escocia, una pel\u00edcula intergeneracional<\/title>\n<meta name=\"description\" content=\"Una buena pel\u00edcula intergeneracional, El \u00faltimo verano en Escocia, para empezar el a\u00f1o.\" \/>\n<meta name=\"robots\" content=\"index, follow, max-snippet:-1, max-image-preview:large, max-video-preview:-1\" \/>\n<link rel=\"canonical\" href=\"https:\/\/www.inforesidencias.com\/blog\/index.php\/2016\/01\/20\/pelicula-intergeneracional-para-empezar-el-ano-nuestro-ultimo-verano-en-escocia\/\" \/>\n<meta property=\"og:locale\" content=\"es_ES\" \/>\n<meta property=\"og:type\" content=\"article\" \/>\n<meta property=\"og:title\" content=\"\u00daltimo verano en Escocia, una pel\u00edcula intergeneracional\" \/>\n<meta property=\"og:description\" content=\"Una buena pel\u00edcula intergeneracional, El \u00faltimo verano en Escocia, para empezar el a\u00f1o.\" \/>\n<meta property=\"og:url\" content=\"https:\/\/www.inforesidencias.com\/blog\/index.php\/2016\/01\/20\/pelicula-intergeneracional-para-empezar-el-ano-nuestro-ultimo-verano-en-escocia\/\" \/>\n<meta property=\"og:site_name\" content=\"Blog Inforesidencias.com\" \/>\n<meta property=\"article:publisher\" content=\"https:\/\/www.facebook.com\/Inforesidencias\/\" \/>\n<meta property=\"article:author\" content=\"https:\/\/www.facebook.com\/josep.demarti\" \/>\n<meta property=\"article:published_time\" content=\"2016-01-20T10:57:44+00:00\" \/>\n<meta property=\"article:modified_time\" content=\"2016-01-17T17:59:57+00:00\" \/>\n<meta property=\"og:image\" content=\"https:\/\/www.inforesidencias.com\/blog\/wp-content\/uploads\/2016\/01\/Captura-de-pantalla-2016-01-17-a-las-18.54.04.png\" \/>\n\t<meta property=\"og:image:width\" content=\"470\" \/>\n\t<meta property=\"og:image:height\" content=\"468\" \/>\n\t<meta property=\"og:image:type\" content=\"image\/png\" \/>\n<meta name=\"author\" content=\"Josep de Mart\u00ed\" \/>\n<meta name=\"twitter:card\" content=\"summary_large_image\" \/>\n<meta name=\"twitter:creator\" content=\"@blog-ir\" \/>\n<meta name=\"twitter:site\" content=\"@inforesidencias\" \/>\n<meta name=\"twitter:label1\" content=\"Escrito por\" \/>\n\t<meta name=\"twitter:data1\" content=\"Josep de Mart\u00ed\" \/>\n\t<meta name=\"twitter:label2\" content=\"Tiempo de lectura\" \/>\n\t<meta name=\"twitter:data2\" content=\"3 minutos\" \/>\n<script type=\"application\/ld+json\" class=\"yoast-schema-graph\">{\"@context\":\"https:\/\/schema.org\",\"@graph\":[{\"@type\":\"WebPage\",\"@id\":\"https:\/\/www.inforesidencias.com\/blog\/index.php\/2016\/01\/20\/pelicula-intergeneracional-para-empezar-el-ano-nuestro-ultimo-verano-en-escocia\/\",\"url\":\"https:\/\/www.inforesidencias.com\/blog\/index.php\/2016\/01\/20\/pelicula-intergeneracional-para-empezar-el-ano-nuestro-ultimo-verano-en-escocia\/\",\"name\":\"\u00daltimo verano en Escocia, una pel\u00edcula intergeneracional\",\"isPartOf\":{\"@id\":\"https:\/\/www.inforesidencias.com\/blog\/#website\"},\"datePublished\":\"2016-01-20T10:57:44+00:00\",\"dateModified\":\"2016-01-17T17:59:57+00:00\",\"author\":{\"@id\":\"https:\/\/www.inforesidencias.com\/blog\/#\/schema\/person\/9e146774d1eb3bc1c0316242a3898628\"},\"description\":\"Una buena pel\u00edcula intergeneracional, El \u00faltimo verano en Escocia, para empezar el a\u00f1o.\",\"breadcrumb\":{\"@id\":\"https:\/\/www.inforesidencias.com\/blog\/index.php\/2016\/01\/20\/pelicula-intergeneracional-para-empezar-el-ano-nuestro-ultimo-verano-en-escocia\/#breadcrumb\"},\"inLanguage\":\"es\",\"potentialAction\":[{\"@type\":\"ReadAction\",\"target\":[\"https:\/\/www.inforesidencias.com\/blog\/index.php\/2016\/01\/20\/pelicula-intergeneracional-para-empezar-el-ano-nuestro-ultimo-verano-en-escocia\/\"]}]},{\"@type\":\"BreadcrumbList\",\"@id\":\"https:\/\/www.inforesidencias.com\/blog\/index.php\/2016\/01\/20\/pelicula-intergeneracional-para-empezar-el-ano-nuestro-ultimo-verano-en-escocia\/#breadcrumb\",\"itemListElement\":[{\"@type\":\"ListItem\",\"position\":1,\"name\":\"Home\",\"item\":\"https:\/\/www.inforesidencias.com\/blog\/\"},{\"@type\":\"ListItem\",\"position\":2,\"name\":\"Pel\u00edcula intergeneracional para empezar el a\u00f1o: Nuestro \u00faltimo verano en Escocia\"}]},{\"@type\":\"WebSite\",\"@id\":\"https:\/\/www.inforesidencias.com\/blog\/#website\",\"url\":\"https:\/\/www.inforesidencias.com\/blog\/\",\"name\":\"Blog Inforesidencias.com\",\"description\":\"El buscador de residencias de la 3\u00aa edad\",\"potentialAction\":[{\"@type\":\"SearchAction\",\"target\":{\"@type\":\"EntryPoint\",\"urlTemplate\":\"https:\/\/www.inforesidencias.com\/blog\/?s={search_term_string}\"},\"query-input\":\"required name=search_term_string\"}],\"inLanguage\":\"es\"},{\"@type\":\"Person\",\"@id\":\"https:\/\/www.inforesidencias.com\/blog\/#\/schema\/person\/9e146774d1eb3bc1c0316242a3898628\",\"name\":\"Josep de Mart\u00ed\",\"image\":{\"@type\":\"ImageObject\",\"inLanguage\":\"es\",\"@id\":\"https:\/\/www.inforesidencias.com\/blog\/#\/schema\/person\/image\/\",\"url\":\"https:\/\/secure.gravatar.com\/avatar\/de0302c4806c00c4cebff396a798c1ff?s=96&d=mm&r=g\",\"contentUrl\":\"https:\/\/secure.gravatar.com\/avatar\/de0302c4806c00c4cebff396a798c1ff?s=96&d=mm&r=g\",\"caption\":\"Josep de Mart\u00ed\"},\"sameAs\":[\"https:\/\/www.inforesidencias.com\",\"https:\/\/www.facebook.com\/josep.demarti\",\"https:\/\/twitter.com\/blog-ir\"],\"url\":\"https:\/\/www.inforesidencias.com\/blog\/index.php\/author\/josepdemarti\/\"}]}<\/script>\n<!-- \/ Yoast SEO plugin. -->","yoast_head_json":{"title":"\u00daltimo verano en Escocia, una pel\u00edcula intergeneracional","description":"Una buena pel\u00edcula intergeneracional, El \u00faltimo verano en Escocia, para empezar el a\u00f1o.","robots":{"index":"index","follow":"follow","max-snippet":"max-snippet:-1","max-image-preview":"max-image-preview:large","max-video-preview":"max-video-preview:-1"},"canonical":"https:\/\/www.inforesidencias.com\/blog\/index.php\/2016\/01\/20\/pelicula-intergeneracional-para-empezar-el-ano-nuestro-ultimo-verano-en-escocia\/","og_locale":"es_ES","og_type":"article","og_title":"\u00daltimo verano en Escocia, una pel\u00edcula intergeneracional","og_description":"Una buena pel\u00edcula intergeneracional, El \u00faltimo verano en Escocia, para empezar el a\u00f1o.","og_url":"https:\/\/www.inforesidencias.com\/blog\/index.php\/2016\/01\/20\/pelicula-intergeneracional-para-empezar-el-ano-nuestro-ultimo-verano-en-escocia\/","og_site_name":"Blog Inforesidencias.com","article_publisher":"https:\/\/www.facebook.com\/Inforesidencias\/","article_author":"https:\/\/www.facebook.com\/josep.demarti","article_published_time":"2016-01-20T10:57:44+00:00","article_modified_time":"2016-01-17T17:59:57+00:00","og_image":[{"width":470,"height":468,"url":"https:\/\/www.inforesidencias.com\/blog\/wp-content\/uploads\/2016\/01\/Captura-de-pantalla-2016-01-17-a-las-18.54.04.png","type":"image\/png"}],"author":"Josep de Mart\u00ed","twitter_card":"summary_large_image","twitter_creator":"@blog-ir","twitter_site":"@inforesidencias","twitter_misc":{"Escrito por":"Josep de Mart\u00ed","Tiempo de lectura":"3 minutos"},"schema":{"@context":"https:\/\/schema.org","@graph":[{"@type":"WebPage","@id":"https:\/\/www.inforesidencias.com\/blog\/index.php\/2016\/01\/20\/pelicula-intergeneracional-para-empezar-el-ano-nuestro-ultimo-verano-en-escocia\/","url":"https:\/\/www.inforesidencias.com\/blog\/index.php\/2016\/01\/20\/pelicula-intergeneracional-para-empezar-el-ano-nuestro-ultimo-verano-en-escocia\/","name":"\u00daltimo verano en Escocia, una pel\u00edcula intergeneracional","isPartOf":{"@id":"https:\/\/www.inforesidencias.com\/blog\/#website"},"datePublished":"2016-01-20T10:57:44+00:00","dateModified":"2016-01-17T17:59:57+00:00","author":{"@id":"https:\/\/www.inforesidencias.com\/blog\/#\/schema\/person\/9e146774d1eb3bc1c0316242a3898628"},"description":"Una buena pel\u00edcula intergeneracional, El \u00faltimo verano en Escocia, para empezar el a\u00f1o.","breadcrumb":{"@id":"https:\/\/www.inforesidencias.com\/blog\/index.php\/2016\/01\/20\/pelicula-intergeneracional-para-empezar-el-ano-nuestro-ultimo-verano-en-escocia\/#breadcrumb"},"inLanguage":"es","potentialAction":[{"@type":"ReadAction","target":["https:\/\/www.inforesidencias.com\/blog\/index.php\/2016\/01\/20\/pelicula-intergeneracional-para-empezar-el-ano-nuestro-ultimo-verano-en-escocia\/"]}]},{"@type":"BreadcrumbList","@id":"https:\/\/www.inforesidencias.com\/blog\/index.php\/2016\/01\/20\/pelicula-intergeneracional-para-empezar-el-ano-nuestro-ultimo-verano-en-escocia\/#breadcrumb","itemListElement":[{"@type":"ListItem","position":1,"name":"Home","item":"https:\/\/www.inforesidencias.com\/blog\/"},{"@type":"ListItem","position":2,"name":"Pel\u00edcula intergeneracional para empezar el a\u00f1o: Nuestro \u00faltimo verano en Escocia"}]},{"@type":"WebSite","@id":"https:\/\/www.inforesidencias.com\/blog\/#website","url":"https:\/\/www.inforesidencias.com\/blog\/","name":"Blog Inforesidencias.com","description":"El buscador de residencias de la 3\u00aa edad","potentialAction":[{"@type":"SearchAction","target":{"@type":"EntryPoint","urlTemplate":"https:\/\/www.inforesidencias.com\/blog\/?s={search_term_string}"},"query-input":"required name=search_term_string"}],"inLanguage":"es"},{"@type":"Person","@id":"https:\/\/www.inforesidencias.com\/blog\/#\/schema\/person\/9e146774d1eb3bc1c0316242a3898628","name":"Josep de Mart\u00ed","image":{"@type":"ImageObject","inLanguage":"es","@id":"https:\/\/www.inforesidencias.com\/blog\/#\/schema\/person\/image\/","url":"https:\/\/secure.gravatar.com\/avatar\/de0302c4806c00c4cebff396a798c1ff?s=96&d=mm&r=g","contentUrl":"https:\/\/secure.gravatar.com\/avatar\/de0302c4806c00c4cebff396a798c1ff?s=96&d=mm&r=g","caption":"Josep de Mart\u00ed"},"sameAs":["https:\/\/www.inforesidencias.com","https:\/\/www.facebook.com\/josep.demarti","https:\/\/twitter.com\/blog-ir"],"url":"https:\/\/www.inforesidencias.com\/blog\/index.php\/author\/josepdemarti\/"}]}},"_links":{"self":[{"href":"https:\/\/www.inforesidencias.com\/blog\/index.php\/wp-json\/wp\/v2\/posts\/554"}],"collection":[{"href":"https:\/\/www.inforesidencias.com\/blog\/index.php\/wp-json\/wp\/v2\/posts"}],"about":[{"href":"https:\/\/www.inforesidencias.com\/blog\/index.php\/wp-json\/wp\/v2\/types\/post"}],"author":[{"embeddable":true,"href":"https:\/\/www.inforesidencias.com\/blog\/index.php\/wp-json\/wp\/v2\/users\/2"}],"replies":[{"embeddable":true,"href":"https:\/\/www.inforesidencias.com\/blog\/index.php\/wp-json\/wp\/v2\/comments?post=554"}],"version-history":[{"count":3,"href":"https:\/\/www.inforesidencias.com\/blog\/index.php\/wp-json\/wp\/v2\/posts\/554\/revisions"}],"predecessor-version":[{"id":559,"href":"https:\/\/www.inforesidencias.com\/blog\/index.php\/wp-json\/wp\/v2\/posts\/554\/revisions\/559"}],"wp:featuredmedia":[{"embeddable":true,"href":"https:\/\/www.inforesidencias.com\/blog\/index.php\/wp-json\/wp\/v2\/media\/555"}],"wp:attachment":[{"href":"https:\/\/www.inforesidencias.com\/blog\/index.php\/wp-json\/wp\/v2\/media?parent=554"}],"wp:term":[{"taxonomy":"category","embeddable":true,"href":"https:\/\/www.inforesidencias.com\/blog\/index.php\/wp-json\/wp\/v2\/categories?post=554"},{"taxonomy":"post_tag","embeddable":true,"href":"https:\/\/www.inforesidencias.com\/blog\/index.php\/wp-json\/wp\/v2\/tags?post=554"}],"curies":[{"name":"wp","href":"https:\/\/api.w.org\/{rel}","templated":true}]}}