{"id":5570,"date":"2022-05-02T10:05:00","date_gmt":"2022-05-02T09:05:00","guid":{"rendered":"https:\/\/www.inforesidencias.com\/blog\/?p=5570"},"modified":"2022-04-29T10:08:30","modified_gmt":"2022-04-29T09:08:30","slug":"envejecimiento-activo-y-empoderamiento-un-nuevo-libro-para-profesionales-de-la-gerontologia","status":"publish","type":"post","link":"https:\/\/www.inforesidencias.com\/blog\/index.php\/2022\/05\/02\/envejecimiento-activo-y-empoderamiento-un-nuevo-libro-para-profesionales-de-la-gerontologia\/","title":{"rendered":"Envejecimiento activo y empoderamiento, un nuevo libro para profesionales de la gerontolog\u00eda"},"content":{"rendered":"\n<div class=\"wp-block-image\"><figure class=\"alignleft size-large is-resized\"><img decoding=\"async\" loading=\"lazy\" src=\"https:\/\/www.inforesidencias.com\/blog\/wp-content\/uploads\/2020\/10\/cristina-vidal.png\" alt=\"\" class=\"wp-image-3646\" width=\"209\" height=\"292\" \/><figcaption>Cristina Vidal<\/figcaption><\/figure><\/div>\n\n\n\n<p>En esta ocasi\u00f3n contamos con una entrada al blog de <a href=\"https:\/\/www.linkedin.com\/in\/cristina-vidal-mart%C3%AD-44777129\/?originalSubdomain=es\" target=\"_blank\" rel=\"noreferrer noopener\">Cristina Vidal Marti.<\/a> Cristina es Doctora en psicolog\u00eda, psic\u00f3loga y educadora social y Profesora del departamento de MIDE de la facultad de educaci\u00f3n de la Universidad de Barcelona ha escrito diferentes libres relacionados con el envejecimiento, la memoria y las situaciones relacionadas con los profesionales que trabajan en el sector de la gerontolog\u00eda.  Hoy nos expone una rese\u00f1a sobre su \u00faltimo libro centrado en el envejecimiento activo y empoderamiento. Dice as\u00ed:<\/p>\n\n\n\n<p>En nuestro entorno, escuchamos con cierta frecuencia la palabra empoderar. La connotaci\u00f3n de fuerza, de participaci\u00f3n y de implicaci\u00f3n que tiene este concepto en nuestra sociedad conlleva a que se asocie a colectivos con vulnerabilidad, con el fin de dotarlos de voz y empe\u00f1o para que puedan reivindicar, expresar y visibilizar las condiciones y derechos de todo ciudadano y\/o grupo social en una sociedad inclusiva.<\/p>\n\n\n\n<p>En nuestra sociedad, las personas mayores son un colectivo de una alta vulnerabilidad. Pese al aumento del n\u00famero de personas mayores a nivel mundial, los prejuicios hacia este grupo social est\u00e1n presentes y a estos se a\u00f1aden nuevos elementos como el riesgo a la dependencia, la discriminaci\u00f3n, la invisibilizaci\u00f3n\u2026 que contribuyen a incrementar la vulnerabilidad y la exclusi\u00f3n social.<\/p>\n\n\n\n<p>La necesidad de dar voz a este colectivo, promover su implicaci\u00f3n y partir de la propia demanda del colectivo hizo surgir esta experiencia que, despu\u00e9s de ser definida, planificada y evaluada, fue posteriormente sistematizada. Esta experiencia se presenta en el libro: \u201cEnvejecimiento activo y empoderamiento\u201d de la colecci\u00f3n Envejecimiento y Educaci\u00f3n\u201d y publicado por Horsori Editorial.<\/p>\n\n\n\n<p>El libro se estructura en cuatro cap\u00edtulos. En el primero, de car\u00e1cter introductorio y conceptual, se define el t\u00e9rmino empoderamiento. Su conceptualizaci\u00f3n es el primer paso para entender su importancia con el colectivo de personas mayores, saber cu\u00e1les son sus beneficios, los distintos niveles de desarrollo para su implementaci\u00f3n y por qu\u00e9 es necesario realizar programas para empoderar a las personas mayores.<br>En el segundo cap\u00edtulo, se relaciona el concepto empoderamiento con el envejecimiento activo. En este sentido, se define el t\u00e9rmino partiendo de la conceptualizaci\u00f3n de la Organizaci\u00f3n Mundial de la Salud y, a continuaci\u00f3n, se presentan los fundamentos a tener en consideraci\u00f3n con el fin de promover dicha transformaci\u00f3n.<\/p>\n\n\n\n<p>La interrelaci\u00f3n de los conceptos empoderamiento, envejecimiento activo y el programa de memoria se explican en el tercer cap\u00edtulo. Desde una orientaci\u00f3n conceptual y procedimental, se exponen conocimientos y t\u00e9cnicas para la promoci\u00f3n y la implementaci\u00f3n del empoderamiento.<br>La experiencia se explica en el cuarto y \u00faltimo cap\u00edtulo. Se divide en cinco apartados. En el primero, se enmarca el proyecto en base al programa marco, denominado Si entrenamos, recordamos. En el segundo, se define el proyecto Practica tu memoria, donde se implement\u00f3 la experiencia de empoderamiento.<\/p>\n\n\n\n<p>En el tercer apartado de este cuarto cap\u00edtulo, se explica con detalle el programa formativo que las personas mayores realizaron como participantes para convertirse en dinamizadores y agentes empoderados. La participaci\u00f3n en el programa fue vital como herramienta inicial para acompa\u00f1ar a las personas mayores en su proceso de transformaci\u00f3n y empoderamiento. El quinto apartado, se centra en describir el proceso y en c\u00f3mo se realiz\u00f3 la valoraci\u00f3n de la experiencia.<br>En definitiva, el libro el Envejecimiento activo y empoderamiento tiene como objetivo evidenciar que el empoderamiento es una excelente estrategia para promover en personas mayores, con el fin de fomentar su participaci\u00f3n e implicaci\u00f3n en su entorno, facilitar que sean ciudadanos activos y desarrollen competencias sociales, relacionales, cognitivas y emocionales.<\/p>\n\n\n\n<p>El libro se dirige a profesionales tanto de la intervenci\u00f3n comunitaria como de la atenci\u00f3n residencial. Los primeros encontraran conocimientos y recursos para la promoci\u00f3n del empoderamiento en el entorno; y los segundos herramientas para desarrollar el empoderamiento como estrategia de potenciaci\u00f3n de la participaci\u00f3n, la mejora de la calidad de vida y del buen envejecer.<\/p>\n\n\n\n<p>Si est\u00e1s interesado\/a en adquirir el libro de Cristina editado por la editorial Horsori haz clic<a href=\"http:\/\/tienda.horsori.net\/home\/475-ee-02-envejecimiento-activo-y-empoderamiento-9788417994891.html\"> <\/a><a href=\"http:\/\/tienda.horsori.net\/home\/475-ee-02-envejecimiento-activo-y-empoderamiento-9788417994891.html\" target=\"_blank\" rel=\"noreferrer noopener\">aqu\u00ed<\/a><\/p>\n\n\n\n<p>Te puede interesar:<\/p>\n\n\n\n<ul><li><a href=\"https:\/\/www.inforesidencias.com\/blog\/index.php\/2021\/03\/08\/la-violencia-laboral-en-las-residencias-de-mayores\/\" target=\"_blank\" rel=\"noreferrer noopener\">La violencia laboral en las residencias de mayores<\/a>, escrito por Cristina Vidal<\/li><\/ul>\n\n\n\n<ul><li><a href=\"https:\/\/www.inforesidencias.com\/centros\/buscador\/busquedas-predefinidas\/residencies-tercera-edat-baix-camp\" target=\"_blank\" rel=\"noreferrer noopener\">residencias geri\u00e1tricas en el Baix Camp<\/a><\/li><\/ul>\n\n\n\n<p><\/p>\n\n\n\n<p><\/p>\n","protected":false},"excerpt":{"rendered":"<p>En esta ocasi\u00f3n contamos con una entrada al blog de Cristina Vidal Marti. Cristina es Doctora en psicolog\u00eda, psic\u00f3loga y educadora social y Profesora del departamento de MIDE de la facultad de educaci\u00f3n de la Universidad de Barcelona ha escrito diferentes libres relacionados con el envejecimiento, la memoria y las situaciones relacionadas con los profesionales que trabajan en el sector de la gerontolog\u00eda. Hoy nos expone una rese\u00f1a sobre su \u00faltimo libro centrado en el envejecimiento activo y empoderamiento. Dice as\u00ed: En nuestro entorno, escuchamos con cierta frecuencia la palabra empoderar. La connotaci\u00f3n de fuerza, de participaci\u00f3n y de implicaci\u00f3n que tiene este concepto en nuestra sociedad conlleva a que se asocie a colectivos con vulnerabilidad, con el fin de dotarlos de voz y empe\u00f1o para que puedan reivindicar, expresar y visibilizar las condiciones y derechos de todo ciudadano y\/o grupo social en una sociedad inclusiva. En nuestra sociedad, las [&hellip;]<\/p>\n","protected":false},"author":2,"featured_media":3646,"comment_status":"open","ping_status":"open","sticky":false,"template":"","format":"standard","meta":{"footnotes":""},"categories":[1],"tags":[98],"yoast_head":"<!-- This site is optimized with the Yoast SEO plugin v21.7 - https:\/\/yoast.com\/wordpress\/plugins\/seo\/ -->\n<title>Envejecimiento activo y empoderamiento, un nuevo libro para profesionales de la gerontolog\u00eda - Blog Inforesidencias.com<\/title>\n<meta name=\"description\" content=\"Crisrina Vidal Marti, doctora en psicolog\u00eda y educadora social, nos presenta su nuevo libro sobre el envejecimiento activo y empoderamiento\" \/>\n<meta name=\"robots\" content=\"index, follow, max-snippet:-1, max-image-preview:large, max-video-preview:-1\" \/>\n<link rel=\"canonical\" href=\"https:\/\/www.inforesidencias.com\/blog\/index.php\/2022\/05\/02\/envejecimiento-activo-y-empoderamiento-un-nuevo-libro-para-profesionales-de-la-gerontologia\/\" \/>\n<meta property=\"og:locale\" content=\"es_ES\" \/>\n<meta property=\"og:type\" content=\"article\" \/>\n<meta property=\"og:title\" content=\"Envejecimiento activo y empoderamiento, un nuevo libro para profesionales de la gerontolog\u00eda - Blog Inforesidencias.com\" \/>\n<meta property=\"og:description\" content=\"Crisrina Vidal Marti, doctora en psicolog\u00eda y educadora social, nos presenta su nuevo libro sobre el envejecimiento activo y empoderamiento\" \/>\n<meta property=\"og:url\" content=\"https:\/\/www.inforesidencias.com\/blog\/index.php\/2022\/05\/02\/envejecimiento-activo-y-empoderamiento-un-nuevo-libro-para-profesionales-de-la-gerontologia\/\" \/>\n<meta property=\"og:site_name\" content=\"Blog Inforesidencias.com\" \/>\n<meta property=\"article:publisher\" content=\"https:\/\/www.facebook.com\/Inforesidencias\/\" \/>\n<meta property=\"article:author\" content=\"https:\/\/www.facebook.com\/josep.demarti\" \/>\n<meta property=\"article:published_time\" content=\"2022-05-02T09:05:00+00:00\" \/>\n<meta property=\"article:modified_time\" content=\"2022-04-29T09:08:30+00:00\" \/>\n<meta property=\"og:image\" content=\"https:\/\/www.inforesidencias.com\/blog\/wp-content\/uploads\/2020\/10\/cristina-vidal.png\" \/>\n\t<meta property=\"og:image:width\" content=\"266\" \/>\n\t<meta property=\"og:image:height\" content=\"372\" \/>\n\t<meta property=\"og:image:type\" content=\"image\/png\" \/>\n<meta name=\"author\" content=\"Josep de Mart\u00ed\" \/>\n<meta name=\"twitter:card\" content=\"summary_large_image\" \/>\n<meta name=\"twitter:creator\" content=\"@blog-ir\" \/>\n<meta name=\"twitter:site\" content=\"@inforesidencias\" \/>\n<meta name=\"twitter:label1\" content=\"Escrito por\" \/>\n\t<meta name=\"twitter:data1\" content=\"Josep de Mart\u00ed\" \/>\n\t<meta name=\"twitter:label2\" content=\"Tiempo de lectura\" \/>\n\t<meta name=\"twitter:data2\" content=\"4 minutos\" \/>\n<script type=\"application\/ld+json\" class=\"yoast-schema-graph\">{\"@context\":\"https:\/\/schema.org\",\"@graph\":[{\"@type\":\"WebPage\",\"@id\":\"https:\/\/www.inforesidencias.com\/blog\/index.php\/2022\/05\/02\/envejecimiento-activo-y-empoderamiento-un-nuevo-libro-para-profesionales-de-la-gerontologia\/\",\"url\":\"https:\/\/www.inforesidencias.com\/blog\/index.php\/2022\/05\/02\/envejecimiento-activo-y-empoderamiento-un-nuevo-libro-para-profesionales-de-la-gerontologia\/\",\"name\":\"Envejecimiento activo y empoderamiento, un nuevo libro para profesionales de la gerontolog\u00eda - Blog Inforesidencias.com\",\"isPartOf\":{\"@id\":\"https:\/\/www.inforesidencias.com\/blog\/#website\"},\"datePublished\":\"2022-05-02T09:05:00+00:00\",\"dateModified\":\"2022-04-29T09:08:30+00:00\",\"author\":{\"@id\":\"https:\/\/www.inforesidencias.com\/blog\/#\/schema\/person\/9e146774d1eb3bc1c0316242a3898628\"},\"description\":\"Crisrina Vidal Marti, doctora en psicolog\u00eda y educadora social, nos presenta su nuevo libro sobre el envejecimiento activo y empoderamiento\",\"breadcrumb\":{\"@id\":\"https:\/\/www.inforesidencias.com\/blog\/index.php\/2022\/05\/02\/envejecimiento-activo-y-empoderamiento-un-nuevo-libro-para-profesionales-de-la-gerontologia\/#breadcrumb\"},\"inLanguage\":\"es\",\"potentialAction\":[{\"@type\":\"ReadAction\",\"target\":[\"https:\/\/www.inforesidencias.com\/blog\/index.php\/2022\/05\/02\/envejecimiento-activo-y-empoderamiento-un-nuevo-libro-para-profesionales-de-la-gerontologia\/\"]}]},{\"@type\":\"BreadcrumbList\",\"@id\":\"https:\/\/www.inforesidencias.com\/blog\/index.php\/2022\/05\/02\/envejecimiento-activo-y-empoderamiento-un-nuevo-libro-para-profesionales-de-la-gerontologia\/#breadcrumb\",\"itemListElement\":[{\"@type\":\"ListItem\",\"position\":1,\"name\":\"Home\",\"item\":\"https:\/\/www.inforesidencias.com\/blog\/\"},{\"@type\":\"ListItem\",\"position\":2,\"name\":\"Envejecimiento activo y empoderamiento, un nuevo libro para profesionales de la gerontolog\u00eda\"}]},{\"@type\":\"WebSite\",\"@id\":\"https:\/\/www.inforesidencias.com\/blog\/#website\",\"url\":\"https:\/\/www.inforesidencias.com\/blog\/\",\"name\":\"Blog Inforesidencias.com\",\"description\":\"El buscador de residencias de la 3\u00aa edad\",\"potentialAction\":[{\"@type\":\"SearchAction\",\"target\":{\"@type\":\"EntryPoint\",\"urlTemplate\":\"https:\/\/www.inforesidencias.com\/blog\/?s={search_term_string}\"},\"query-input\":\"required name=search_term_string\"}],\"inLanguage\":\"es\"},{\"@type\":\"Person\",\"@id\":\"https:\/\/www.inforesidencias.com\/blog\/#\/schema\/person\/9e146774d1eb3bc1c0316242a3898628\",\"name\":\"Josep de Mart\u00ed\",\"image\":{\"@type\":\"ImageObject\",\"inLanguage\":\"es\",\"@id\":\"https:\/\/www.inforesidencias.com\/blog\/#\/schema\/person\/image\/\",\"url\":\"https:\/\/secure.gravatar.com\/avatar\/de0302c4806c00c4cebff396a798c1ff?s=96&d=mm&r=g\",\"contentUrl\":\"https:\/\/secure.gravatar.com\/avatar\/de0302c4806c00c4cebff396a798c1ff?s=96&d=mm&r=g\",\"caption\":\"Josep de Mart\u00ed\"},\"sameAs\":[\"https:\/\/www.inforesidencias.com\",\"https:\/\/www.facebook.com\/josep.demarti\",\"https:\/\/twitter.com\/blog-ir\"],\"url\":\"https:\/\/www.inforesidencias.com\/blog\/index.php\/author\/josepdemarti\/\"}]}<\/script>\n<!-- \/ Yoast SEO plugin. -->","yoast_head_json":{"title":"Envejecimiento activo y empoderamiento, un nuevo libro para profesionales de la gerontolog\u00eda - Blog Inforesidencias.com","description":"Crisrina Vidal Marti, doctora en psicolog\u00eda y educadora social, nos presenta su nuevo libro sobre el envejecimiento activo y empoderamiento","robots":{"index":"index","follow":"follow","max-snippet":"max-snippet:-1","max-image-preview":"max-image-preview:large","max-video-preview":"max-video-preview:-1"},"canonical":"https:\/\/www.inforesidencias.com\/blog\/index.php\/2022\/05\/02\/envejecimiento-activo-y-empoderamiento-un-nuevo-libro-para-profesionales-de-la-gerontologia\/","og_locale":"es_ES","og_type":"article","og_title":"Envejecimiento activo y empoderamiento, un nuevo libro para profesionales de la gerontolog\u00eda - Blog Inforesidencias.com","og_description":"Crisrina Vidal Marti, doctora en psicolog\u00eda y educadora social, nos presenta su nuevo libro sobre el envejecimiento activo y empoderamiento","og_url":"https:\/\/www.inforesidencias.com\/blog\/index.php\/2022\/05\/02\/envejecimiento-activo-y-empoderamiento-un-nuevo-libro-para-profesionales-de-la-gerontologia\/","og_site_name":"Blog Inforesidencias.com","article_publisher":"https:\/\/www.facebook.com\/Inforesidencias\/","article_author":"https:\/\/www.facebook.com\/josep.demarti","article_published_time":"2022-05-02T09:05:00+00:00","article_modified_time":"2022-04-29T09:08:30+00:00","og_image":[{"width":266,"height":372,"url":"https:\/\/www.inforesidencias.com\/blog\/wp-content\/uploads\/2020\/10\/cristina-vidal.png","type":"image\/png"}],"author":"Josep de Mart\u00ed","twitter_card":"summary_large_image","twitter_creator":"@blog-ir","twitter_site":"@inforesidencias","twitter_misc":{"Escrito por":"Josep de Mart\u00ed","Tiempo de lectura":"4 minutos"},"schema":{"@context":"https:\/\/schema.org","@graph":[{"@type":"WebPage","@id":"https:\/\/www.inforesidencias.com\/blog\/index.php\/2022\/05\/02\/envejecimiento-activo-y-empoderamiento-un-nuevo-libro-para-profesionales-de-la-gerontologia\/","url":"https:\/\/www.inforesidencias.com\/blog\/index.php\/2022\/05\/02\/envejecimiento-activo-y-empoderamiento-un-nuevo-libro-para-profesionales-de-la-gerontologia\/","name":"Envejecimiento activo y empoderamiento, un nuevo libro para profesionales de la gerontolog\u00eda - Blog Inforesidencias.com","isPartOf":{"@id":"https:\/\/www.inforesidencias.com\/blog\/#website"},"datePublished":"2022-05-02T09:05:00+00:00","dateModified":"2022-04-29T09:08:30+00:00","author":{"@id":"https:\/\/www.inforesidencias.com\/blog\/#\/schema\/person\/9e146774d1eb3bc1c0316242a3898628"},"description":"Crisrina Vidal Marti, doctora en psicolog\u00eda y educadora social, nos presenta su nuevo libro sobre el envejecimiento activo y empoderamiento","breadcrumb":{"@id":"https:\/\/www.inforesidencias.com\/blog\/index.php\/2022\/05\/02\/envejecimiento-activo-y-empoderamiento-un-nuevo-libro-para-profesionales-de-la-gerontologia\/#breadcrumb"},"inLanguage":"es","potentialAction":[{"@type":"ReadAction","target":["https:\/\/www.inforesidencias.com\/blog\/index.php\/2022\/05\/02\/envejecimiento-activo-y-empoderamiento-un-nuevo-libro-para-profesionales-de-la-gerontologia\/"]}]},{"@type":"BreadcrumbList","@id":"https:\/\/www.inforesidencias.com\/blog\/index.php\/2022\/05\/02\/envejecimiento-activo-y-empoderamiento-un-nuevo-libro-para-profesionales-de-la-gerontologia\/#breadcrumb","itemListElement":[{"@type":"ListItem","position":1,"name":"Home","item":"https:\/\/www.inforesidencias.com\/blog\/"},{"@type":"ListItem","position":2,"name":"Envejecimiento activo y empoderamiento, un nuevo libro para profesionales de la gerontolog\u00eda"}]},{"@type":"WebSite","@id":"https:\/\/www.inforesidencias.com\/blog\/#website","url":"https:\/\/www.inforesidencias.com\/blog\/","name":"Blog Inforesidencias.com","description":"El buscador de residencias de la 3\u00aa edad","potentialAction":[{"@type":"SearchAction","target":{"@type":"EntryPoint","urlTemplate":"https:\/\/www.inforesidencias.com\/blog\/?s={search_term_string}"},"query-input":"required name=search_term_string"}],"inLanguage":"es"},{"@type":"Person","@id":"https:\/\/www.inforesidencias.com\/blog\/#\/schema\/person\/9e146774d1eb3bc1c0316242a3898628","name":"Josep de Mart\u00ed","image":{"@type":"ImageObject","inLanguage":"es","@id":"https:\/\/www.inforesidencias.com\/blog\/#\/schema\/person\/image\/","url":"https:\/\/secure.gravatar.com\/avatar\/de0302c4806c00c4cebff396a798c1ff?s=96&d=mm&r=g","contentUrl":"https:\/\/secure.gravatar.com\/avatar\/de0302c4806c00c4cebff396a798c1ff?s=96&d=mm&r=g","caption":"Josep de Mart\u00ed"},"sameAs":["https:\/\/www.inforesidencias.com","https:\/\/www.facebook.com\/josep.demarti","https:\/\/twitter.com\/blog-ir"],"url":"https:\/\/www.inforesidencias.com\/blog\/index.php\/author\/josepdemarti\/"}]}},"_links":{"self":[{"href":"https:\/\/www.inforesidencias.com\/blog\/index.php\/wp-json\/wp\/v2\/posts\/5570"}],"collection":[{"href":"https:\/\/www.inforesidencias.com\/blog\/index.php\/wp-json\/wp\/v2\/posts"}],"about":[{"href":"https:\/\/www.inforesidencias.com\/blog\/index.php\/wp-json\/wp\/v2\/types\/post"}],"author":[{"embeddable":true,"href":"https:\/\/www.inforesidencias.com\/blog\/index.php\/wp-json\/wp\/v2\/users\/2"}],"replies":[{"embeddable":true,"href":"https:\/\/www.inforesidencias.com\/blog\/index.php\/wp-json\/wp\/v2\/comments?post=5570"}],"version-history":[{"count":7,"href":"https:\/\/www.inforesidencias.com\/blog\/index.php\/wp-json\/wp\/v2\/posts\/5570\/revisions"}],"predecessor-version":[{"id":5577,"href":"https:\/\/www.inforesidencias.com\/blog\/index.php\/wp-json\/wp\/v2\/posts\/5570\/revisions\/5577"}],"wp:featuredmedia":[{"embeddable":true,"href":"https:\/\/www.inforesidencias.com\/blog\/index.php\/wp-json\/wp\/v2\/media\/3646"}],"wp:attachment":[{"href":"https:\/\/www.inforesidencias.com\/blog\/index.php\/wp-json\/wp\/v2\/media?parent=5570"}],"wp:term":[{"taxonomy":"category","embeddable":true,"href":"https:\/\/www.inforesidencias.com\/blog\/index.php\/wp-json\/wp\/v2\/categories?post=5570"},{"taxonomy":"post_tag","embeddable":true,"href":"https:\/\/www.inforesidencias.com\/blog\/index.php\/wp-json\/wp\/v2\/tags?post=5570"}],"curies":[{"name":"wp","href":"https:\/\/api.w.org\/{rel}","templated":true}]}}