{"id":5611,"date":"2022-05-12T03:35:00","date_gmt":"2022-05-12T02:35:00","guid":{"rendered":"https:\/\/www.inforesidencias.com\/blog\/?p=5611"},"modified":"2022-05-09T15:35:51","modified_gmt":"2022-05-09T14:35:51","slug":"lonada-casserres-y-la-mesa-del-tercer-sector","status":"publish","type":"post","link":"https:\/\/www.inforesidencias.com\/blog\/index.php\/2022\/05\/12\/lonada-casserres-y-la-mesa-del-tercer-sector\/","title":{"rendered":"l&#8217;Onada Casserres y la mesa del tercer sector"},"content":{"rendered":"\n<p><\/p>\n\n\n\n<p><\/p>\n\n\n\n<p>En el programa del <a href=\"https:\/\/www.estelfitxers.com\/audio\/2021-2022\/20220507-13_00TEMPSDEBENESTAR.MP3\" target=\"_blank\" rel=\"noreferrer noopener\">s\u00e1bado 7 de mayo <\/a>de \u00ab\u00c9s gran ser gran\u00bb empezamos hablando sobre inventos curiosos y sus inventores. Carles puso en Google \u00abquien invent\u00f3\u00bb y el buscador se encarg\u00f3 de completar estas frases con lo que la gente m\u00e1s busca en internet. Por eso, agrupamos todas esos objetos m\u00e1s buscados y les dimos respuesta de forma r\u00e1pida.<\/p>\n\n\n\n<p>En la entrevista de ese d\u00eda, entrevistamos a Maria Rosa Romagosa directora de la residencia de mayores l&#8217;Onada <a href=\"https:\/\/www.inforesidencias.com\/centros\/residencia\/8458\/residencia-municipal-l-onada-casserres\">Casserres<\/a>, situada en al poblaci\u00f3n que lleva el mismo nombre y que est\u00e1 en la comarca del Bergued\u00e0. De la mano de Maria Rosa descubrimos como est\u00e1 configurada la residencia, las plazas que tiene y la gran apuesta por la comunicaci\u00f3n online con las familias que hacen desde la residencia. Adem\u00e1s, nos explic\u00f3 cuales son los valores con los que trabajan desde el grupo l&#8217;Onada y en particular desde l&#8217;Onada Casserres.<\/p>\n\n\n\n<figure class=\"wp-block-image size-large is-resized\"><img decoding=\"async\" loading=\"lazy\" src=\"https:\/\/www.inforesidencias.com\/blog\/wp-content\/uploads\/2022\/05\/lonada-Casserres-exterior.png\" alt=\"\" class=\"wp-image-5626\" width=\"412\" height=\"273\" srcset=\"https:\/\/www.inforesidencias.com\/blog\/wp-content\/uploads\/2022\/05\/lonada-Casserres-exterior.png 800w, https:\/\/www.inforesidencias.com\/blog\/wp-content\/uploads\/2022\/05\/lonada-Casserres-exterior-300x199.png 300w, https:\/\/www.inforesidencias.com\/blog\/wp-content\/uploads\/2022\/05\/lonada-Casserres-exterior-768x509.png 768w\" sizes=\"(max-width: 412px) 100vw, 412px\" \/><figcaption>exterior de l&#8217;Oanada Casserres<\/figcaption><\/figure>\n\n\n\n<p>Para finalizar la entrevista, conversamos con Dolores, Esteban una residente. Ella nos cont\u00f3 como conoci\u00f3 la residencia y cual era su situaci\u00f3n cuando fue a vivir a l&#8217;Onada Casserres. Adem\u00e1s charlamos sobre lo que hace en un dia a d\u00eda y lo que m\u00e1s le gusta hacer.<\/p>\n\n\n\n<p>En la bolsa de trabajo, hablamos de lo que se conoce como \u00abentrevistas de salida\u00bb de una empresa. Se trata de un tipo de entrevistas que nos pueden llegar a pedir nuestros jefes o el departamento de recursos humanos de nuestra empresa si les anunciamos que dejamos la empresa. Su objetivo es que la empresa conozca los motivos de nuestra marcha para mejorar algunos aspectos en el futuro y evitar que se puedan ir otros empleados.<\/p>\n\n\n\n<p>Finalmente, en la recta final, en  la consulta del trabajador social, hablamos sobre la la agresividad que pueden presentar algunas personas con demencia hac\u00eda cuidadores o familiares y dimos algunos consejos sobre como actuar ante esas situaciones<\/p>\n\n\n\n<p>En el inicio del programa del <a href=\"https:\/\/www.estelfitxers.com\/audio\/2021-2022\/20220508-13_00TEMPSDEBENESTAR.MP3\" target=\"_blank\" rel=\"noreferrer noopener\">domingo 8 de mayo<\/a>, dedicamos los minutos del tema del dia para dar consejos a personas mayores o a sus amigos o familiares a la hora de viajar en avi\u00f3n. Unos consejos que vuelven a estar  ala orden del dia teniendo en cuenta como se ha incrementado el tr\u00e1fico a\u00e9reo despu\u00e9s de dejar atr\u00e1s ya casi la pandemia.<\/p>\n\n\n\n<p>Los minutos de la entrevista los dedicamos a a conocer m\u00e1s el sector de las residencias de mayores gestionadas por el tercer sector. En concreto entrevistamos a Assumpci\u00f3 Ros Co coordinadora del Grupo de trabajo de envejecimiento de la mesa de entidades del tercer sector social de Catalunya. De la mano de Assumpci\u00f3, conocimos que es el tercer sector y en que se diferencia del sector privado con \u00e1nimo de lucro. Tambi\u00e9n nos cont\u00f3 del total de residencias en Catalunya, cual es el porcentaje que forman parte del tercer sector. Seguidamente, charlamos sobre la criminalizaci\u00f3n del sector que hubo por parte de muchos medios de comunicaci\u00f3n y la falta de reconocimiento del personal  y hablamos de como lo vio Assumpci\u00f3 desde la mesa del tercer sector. Finalmente, hablamos del cambio de modelo de atenci\u00f3n a los mayores en el que se trabaja ahora.<\/p>\n\n\n\n<p>En la consulta del trabajador social, despu\u00e9s de la <a rel=\"noreferrer noopener\" href=\"https:\/\/www.inforesidencias.com\/contenidos\/profesionales\/nacional\/los-profesionales-del-sector-segun-el-convenio-colectivo\" target=\"_blank\">bolsa de empleo<\/a>, respondimos una de las dudas m\u00e1s frecuentes sobre el alzheimer y que m\u00e1s miedo da. Se trata de la  cuesti\u00f3n de si el alzheimer es hereditario. Para dar respuesta a esa cuesti\u00f3n y aclarar que una inmensa mayor\u00eda de los casos no lo es, recurrimos al <a href=\"https:\/\/blog.fpmaragall.org\/el-alzheimer-es-hereditario\">blog de la fundaci\u00f3n Pasqual Maragall.<\/a><\/p>\n\n\n\n<p>Te puede interesar:<\/p>\n\n\n\n<ul><li>El <a href=\"https:\/\/www.inforesidencias.com\/centros\/buscador\/residencias\" target=\"_blank\" rel=\"noreferrer noopener\">grupo l&#8217;Onada y sus centros<\/a><\/li><\/ul>\n","protected":false},"excerpt":{"rendered":"<p>En el programa del s\u00e1bado 7 de mayo de \u00ab\u00c9s gran ser gran\u00bb empezamos hablando sobre inventos curiosos y sus inventores. Carles puso en Google \u00abquien invent\u00f3\u00bb y el buscador se encarg\u00f3 de completar estas frases con lo que la gente m\u00e1s busca en internet. Por eso, agrupamos todas esos objetos m\u00e1s buscados y les dimos respuesta de forma r\u00e1pida. En la entrevista de ese d\u00eda, entrevistamos a Maria Rosa Romagosa directora de la residencia de mayores l&#8217;Onada Casserres, situada en al poblaci\u00f3n que lleva el mismo nombre y que est\u00e1 en la comarca del Bergued\u00e0. De la mano de Maria Rosa descubrimos como est\u00e1 configurada la residencia, las plazas que tiene y la gran apuesta por la comunicaci\u00f3n online con las familias que hacen desde la residencia. Adem\u00e1s, nos explic\u00f3 cuales son los valores con los que trabajan desde el grupo l&#8217;Onada y en particular desde l&#8217;Onada Casserres. Para [&hellip;]<\/p>\n","protected":false},"author":2,"featured_media":5626,"comment_status":"open","ping_status":"open","sticky":false,"template":"","format":"standard","meta":{"footnotes":""},"categories":[1],"tags":[],"yoast_head":"<!-- This site is optimized with the Yoast SEO plugin v21.7 - https:\/\/yoast.com\/wordpress\/plugins\/seo\/ -->\n<title>l&#039;Onada Casserres y la mesa del tercer sector - Blog Inforesidencias.com<\/title>\n<meta name=\"description\" content=\"Descubrimos la residencia l&#039;Onada Casserres de la mano de su directora y conocemos que es el tercer sector de las residencias de mayores\" \/>\n<meta name=\"robots\" content=\"index, follow, max-snippet:-1, max-image-preview:large, max-video-preview:-1\" \/>\n<link rel=\"canonical\" href=\"https:\/\/www.inforesidencias.com\/blog\/index.php\/2022\/05\/12\/lonada-casserres-y-la-mesa-del-tercer-sector\/\" \/>\n<meta property=\"og:locale\" content=\"es_ES\" \/>\n<meta property=\"og:type\" content=\"article\" \/>\n<meta property=\"og:title\" content=\"l&#039;Onada Casserres y la mesa del tercer sector - Blog Inforesidencias.com\" \/>\n<meta property=\"og:description\" content=\"Descubrimos la residencia l&#039;Onada Casserres de la mano de su directora y conocemos que es el tercer sector de las residencias de mayores\" \/>\n<meta property=\"og:url\" content=\"https:\/\/www.inforesidencias.com\/blog\/index.php\/2022\/05\/12\/lonada-casserres-y-la-mesa-del-tercer-sector\/\" \/>\n<meta property=\"og:site_name\" content=\"Blog Inforesidencias.com\" \/>\n<meta property=\"article:publisher\" content=\"https:\/\/www.facebook.com\/Inforesidencias\/\" \/>\n<meta property=\"article:author\" content=\"https:\/\/www.facebook.com\/josep.demarti\" \/>\n<meta property=\"article:published_time\" content=\"2022-05-12T02:35:00+00:00\" \/>\n<meta property=\"article:modified_time\" content=\"2022-05-09T14:35:51+00:00\" \/>\n<meta property=\"og:image\" content=\"https:\/\/www.inforesidencias.com\/blog\/wp-content\/uploads\/2022\/05\/lonada-Casserres-exterior.png\" \/>\n\t<meta property=\"og:image:width\" content=\"800\" \/>\n\t<meta property=\"og:image:height\" content=\"530\" \/>\n\t<meta property=\"og:image:type\" content=\"image\/png\" \/>\n<meta name=\"author\" content=\"Josep de Mart\u00ed\" \/>\n<meta name=\"twitter:card\" content=\"summary_large_image\" \/>\n<meta name=\"twitter:creator\" content=\"@blog-ir\" \/>\n<meta name=\"twitter:site\" content=\"@inforesidencias\" \/>\n<meta name=\"twitter:label1\" content=\"Escrito por\" \/>\n\t<meta name=\"twitter:data1\" content=\"Josep de Mart\u00ed\" \/>\n\t<meta name=\"twitter:label2\" content=\"Tiempo de lectura\" \/>\n\t<meta name=\"twitter:data2\" content=\"3 minutos\" \/>\n<script type=\"application\/ld+json\" class=\"yoast-schema-graph\">{\"@context\":\"https:\/\/schema.org\",\"@graph\":[{\"@type\":\"WebPage\",\"@id\":\"https:\/\/www.inforesidencias.com\/blog\/index.php\/2022\/05\/12\/lonada-casserres-y-la-mesa-del-tercer-sector\/\",\"url\":\"https:\/\/www.inforesidencias.com\/blog\/index.php\/2022\/05\/12\/lonada-casserres-y-la-mesa-del-tercer-sector\/\",\"name\":\"l'Onada Casserres y la mesa del tercer sector - Blog Inforesidencias.com\",\"isPartOf\":{\"@id\":\"https:\/\/www.inforesidencias.com\/blog\/#website\"},\"datePublished\":\"2022-05-12T02:35:00+00:00\",\"dateModified\":\"2022-05-09T14:35:51+00:00\",\"author\":{\"@id\":\"https:\/\/www.inforesidencias.com\/blog\/#\/schema\/person\/9e146774d1eb3bc1c0316242a3898628\"},\"description\":\"Descubrimos la residencia l'Onada Casserres de la mano de su directora y conocemos que es el tercer sector de las residencias de mayores\",\"breadcrumb\":{\"@id\":\"https:\/\/www.inforesidencias.com\/blog\/index.php\/2022\/05\/12\/lonada-casserres-y-la-mesa-del-tercer-sector\/#breadcrumb\"},\"inLanguage\":\"es\",\"potentialAction\":[{\"@type\":\"ReadAction\",\"target\":[\"https:\/\/www.inforesidencias.com\/blog\/index.php\/2022\/05\/12\/lonada-casserres-y-la-mesa-del-tercer-sector\/\"]}]},{\"@type\":\"BreadcrumbList\",\"@id\":\"https:\/\/www.inforesidencias.com\/blog\/index.php\/2022\/05\/12\/lonada-casserres-y-la-mesa-del-tercer-sector\/#breadcrumb\",\"itemListElement\":[{\"@type\":\"ListItem\",\"position\":1,\"name\":\"Home\",\"item\":\"https:\/\/www.inforesidencias.com\/blog\/\"},{\"@type\":\"ListItem\",\"position\":2,\"name\":\"l&#8217;Onada Casserres y la mesa del tercer sector\"}]},{\"@type\":\"WebSite\",\"@id\":\"https:\/\/www.inforesidencias.com\/blog\/#website\",\"url\":\"https:\/\/www.inforesidencias.com\/blog\/\",\"name\":\"Blog Inforesidencias.com\",\"description\":\"El buscador de residencias de la 3\u00aa edad\",\"potentialAction\":[{\"@type\":\"SearchAction\",\"target\":{\"@type\":\"EntryPoint\",\"urlTemplate\":\"https:\/\/www.inforesidencias.com\/blog\/?s={search_term_string}\"},\"query-input\":\"required name=search_term_string\"}],\"inLanguage\":\"es\"},{\"@type\":\"Person\",\"@id\":\"https:\/\/www.inforesidencias.com\/blog\/#\/schema\/person\/9e146774d1eb3bc1c0316242a3898628\",\"name\":\"Josep de Mart\u00ed\",\"image\":{\"@type\":\"ImageObject\",\"inLanguage\":\"es\",\"@id\":\"https:\/\/www.inforesidencias.com\/blog\/#\/schema\/person\/image\/\",\"url\":\"https:\/\/secure.gravatar.com\/avatar\/de0302c4806c00c4cebff396a798c1ff?s=96&d=mm&r=g\",\"contentUrl\":\"https:\/\/secure.gravatar.com\/avatar\/de0302c4806c00c4cebff396a798c1ff?s=96&d=mm&r=g\",\"caption\":\"Josep de Mart\u00ed\"},\"sameAs\":[\"https:\/\/www.inforesidencias.com\",\"https:\/\/www.facebook.com\/josep.demarti\",\"https:\/\/twitter.com\/blog-ir\"],\"url\":\"https:\/\/www.inforesidencias.com\/blog\/index.php\/author\/josepdemarti\/\"}]}<\/script>\n<!-- \/ Yoast SEO plugin. -->","yoast_head_json":{"title":"l'Onada Casserres y la mesa del tercer sector - Blog Inforesidencias.com","description":"Descubrimos la residencia l'Onada Casserres de la mano de su directora y conocemos que es el tercer sector de las residencias de mayores","robots":{"index":"index","follow":"follow","max-snippet":"max-snippet:-1","max-image-preview":"max-image-preview:large","max-video-preview":"max-video-preview:-1"},"canonical":"https:\/\/www.inforesidencias.com\/blog\/index.php\/2022\/05\/12\/lonada-casserres-y-la-mesa-del-tercer-sector\/","og_locale":"es_ES","og_type":"article","og_title":"l'Onada Casserres y la mesa del tercer sector - Blog Inforesidencias.com","og_description":"Descubrimos la residencia l'Onada Casserres de la mano de su directora y conocemos que es el tercer sector de las residencias de mayores","og_url":"https:\/\/www.inforesidencias.com\/blog\/index.php\/2022\/05\/12\/lonada-casserres-y-la-mesa-del-tercer-sector\/","og_site_name":"Blog Inforesidencias.com","article_publisher":"https:\/\/www.facebook.com\/Inforesidencias\/","article_author":"https:\/\/www.facebook.com\/josep.demarti","article_published_time":"2022-05-12T02:35:00+00:00","article_modified_time":"2022-05-09T14:35:51+00:00","og_image":[{"width":800,"height":530,"url":"https:\/\/www.inforesidencias.com\/blog\/wp-content\/uploads\/2022\/05\/lonada-Casserres-exterior.png","type":"image\/png"}],"author":"Josep de Mart\u00ed","twitter_card":"summary_large_image","twitter_creator":"@blog-ir","twitter_site":"@inforesidencias","twitter_misc":{"Escrito por":"Josep de Mart\u00ed","Tiempo de lectura":"3 minutos"},"schema":{"@context":"https:\/\/schema.org","@graph":[{"@type":"WebPage","@id":"https:\/\/www.inforesidencias.com\/blog\/index.php\/2022\/05\/12\/lonada-casserres-y-la-mesa-del-tercer-sector\/","url":"https:\/\/www.inforesidencias.com\/blog\/index.php\/2022\/05\/12\/lonada-casserres-y-la-mesa-del-tercer-sector\/","name":"l'Onada Casserres y la mesa del tercer sector - Blog Inforesidencias.com","isPartOf":{"@id":"https:\/\/www.inforesidencias.com\/blog\/#website"},"datePublished":"2022-05-12T02:35:00+00:00","dateModified":"2022-05-09T14:35:51+00:00","author":{"@id":"https:\/\/www.inforesidencias.com\/blog\/#\/schema\/person\/9e146774d1eb3bc1c0316242a3898628"},"description":"Descubrimos la residencia l'Onada Casserres de la mano de su directora y conocemos que es el tercer sector de las residencias de mayores","breadcrumb":{"@id":"https:\/\/www.inforesidencias.com\/blog\/index.php\/2022\/05\/12\/lonada-casserres-y-la-mesa-del-tercer-sector\/#breadcrumb"},"inLanguage":"es","potentialAction":[{"@type":"ReadAction","target":["https:\/\/www.inforesidencias.com\/blog\/index.php\/2022\/05\/12\/lonada-casserres-y-la-mesa-del-tercer-sector\/"]}]},{"@type":"BreadcrumbList","@id":"https:\/\/www.inforesidencias.com\/blog\/index.php\/2022\/05\/12\/lonada-casserres-y-la-mesa-del-tercer-sector\/#breadcrumb","itemListElement":[{"@type":"ListItem","position":1,"name":"Home","item":"https:\/\/www.inforesidencias.com\/blog\/"},{"@type":"ListItem","position":2,"name":"l&#8217;Onada Casserres y la mesa del tercer sector"}]},{"@type":"WebSite","@id":"https:\/\/www.inforesidencias.com\/blog\/#website","url":"https:\/\/www.inforesidencias.com\/blog\/","name":"Blog Inforesidencias.com","description":"El buscador de residencias de la 3\u00aa edad","potentialAction":[{"@type":"SearchAction","target":{"@type":"EntryPoint","urlTemplate":"https:\/\/www.inforesidencias.com\/blog\/?s={search_term_string}"},"query-input":"required name=search_term_string"}],"inLanguage":"es"},{"@type":"Person","@id":"https:\/\/www.inforesidencias.com\/blog\/#\/schema\/person\/9e146774d1eb3bc1c0316242a3898628","name":"Josep de Mart\u00ed","image":{"@type":"ImageObject","inLanguage":"es","@id":"https:\/\/www.inforesidencias.com\/blog\/#\/schema\/person\/image\/","url":"https:\/\/secure.gravatar.com\/avatar\/de0302c4806c00c4cebff396a798c1ff?s=96&d=mm&r=g","contentUrl":"https:\/\/secure.gravatar.com\/avatar\/de0302c4806c00c4cebff396a798c1ff?s=96&d=mm&r=g","caption":"Josep de Mart\u00ed"},"sameAs":["https:\/\/www.inforesidencias.com","https:\/\/www.facebook.com\/josep.demarti","https:\/\/twitter.com\/blog-ir"],"url":"https:\/\/www.inforesidencias.com\/blog\/index.php\/author\/josepdemarti\/"}]}},"_links":{"self":[{"href":"https:\/\/www.inforesidencias.com\/blog\/index.php\/wp-json\/wp\/v2\/posts\/5611"}],"collection":[{"href":"https:\/\/www.inforesidencias.com\/blog\/index.php\/wp-json\/wp\/v2\/posts"}],"about":[{"href":"https:\/\/www.inforesidencias.com\/blog\/index.php\/wp-json\/wp\/v2\/types\/post"}],"author":[{"embeddable":true,"href":"https:\/\/www.inforesidencias.com\/blog\/index.php\/wp-json\/wp\/v2\/users\/2"}],"replies":[{"embeddable":true,"href":"https:\/\/www.inforesidencias.com\/blog\/index.php\/wp-json\/wp\/v2\/comments?post=5611"}],"version-history":[{"count":16,"href":"https:\/\/www.inforesidencias.com\/blog\/index.php\/wp-json\/wp\/v2\/posts\/5611\/revisions"}],"predecessor-version":[{"id":5629,"href":"https:\/\/www.inforesidencias.com\/blog\/index.php\/wp-json\/wp\/v2\/posts\/5611\/revisions\/5629"}],"wp:featuredmedia":[{"embeddable":true,"href":"https:\/\/www.inforesidencias.com\/blog\/index.php\/wp-json\/wp\/v2\/media\/5626"}],"wp:attachment":[{"href":"https:\/\/www.inforesidencias.com\/blog\/index.php\/wp-json\/wp\/v2\/media?parent=5611"}],"wp:term":[{"taxonomy":"category","embeddable":true,"href":"https:\/\/www.inforesidencias.com\/blog\/index.php\/wp-json\/wp\/v2\/categories?post=5611"},{"taxonomy":"post_tag","embeddable":true,"href":"https:\/\/www.inforesidencias.com\/blog\/index.php\/wp-json\/wp\/v2\/tags?post=5611"}],"curies":[{"name":"wp","href":"https:\/\/api.w.org\/{rel}","templated":true}]}}