{"id":5630,"date":"2022-05-11T12:15:49","date_gmt":"2022-05-11T11:15:49","guid":{"rendered":"https:\/\/www.inforesidencias.com\/blog\/?p=5630"},"modified":"2022-05-11T12:15:51","modified_gmt":"2022-05-11T11:15:51","slug":"transparencia-en-las-residencias-de-mayores-2","status":"publish","type":"post","link":"https:\/\/www.inforesidencias.com\/blog\/index.php\/2022\/05\/11\/transparencia-en-las-residencias-de-mayores-2\/","title":{"rendered":"Transparencia en las residencias de mayores"},"content":{"rendered":"\n<p>Las residencias para personas mayores han sido uno de los sectores que m\u00e1s sufri\u00f3 la saturaci\u00f3n de la Sanidad P\u00fablica durante la pandemia, pero muchas veces la informaci\u00f3n que trascend\u00eda a la poblaci\u00f3n les hac\u00eda parecer responsables de los casos de contagio en los centros. En algunas ocasiones <a href=\"https:\/\/www.inforesidencias.com\/blog\/index.php\/2020\/03\/24\/ancianos-que-conviven-con-cadaveres-no-me-lo-creo\/\" target=\"_blank\" rel=\"noreferrer noopener\">los medios y pol\u00edticos hasta se excedieron.<\/a><\/p>\n\n\n\n<p>Debido a esto, ser visibles, transparentes y comparables repercute positivamente en que los ciudadanos puedan conocer la labor y la gesti\u00f3n del d\u00eda a d\u00eda que realizan sus profesionales en las residencias de ancianos. Se genera as\u00ed confianza y se evita que se creen prejuicios sobre la imagen general que se tiene de las residencias.<\/p>\n\n\n\n<p>No obstante, la aceleraci\u00f3n digital a causa de la pandemia ha llevado consigo un cambio de mentalidad en quienes buscan residencia y suelen empezar por Internet. \u201cHoy, sabemos que quienes navegan por la red valoran poder acceder a informaci\u00f3n sin tener que pedirla de forma expresa. En consecencia, hoy una residencia que comparte datos, como disponibilidad, precios y otros, suele tener m\u00e1s \u00e9xito a la hora de usar su presencia on-line para crear confianza y hallar clientes\u201d, subraya Anna Cebri\u00e1n, directora de Inforesidencias.com<\/p>\n\n\n\n<p>Indicador de transparencia.  A d\u00eda de hoy, m\u00e1s de 1000 residencias comparten sus datos Por ello, desde este buscador cuentan con el \u201cindicador de transparencia\u201d para poder comparar y clasificar residencias de personas mayores usando unos criterios homog\u00e9neos y objetivos, seg\u00fan su nivel de transparencia. Y hoy en la actualidad, este indicador da la posibilidad a unas mil residencias de mayores asociadas al portal, de compartir datos como su ubicaci\u00f3n, precios, tipos de profesionales, certificados de calidad e incluso, actas de inspecci\u00f3n de sanidad y de servicios sociales (quitando cualquier dato de car\u00e1cter personal).<\/p>\n\n\n\n<figure class=\"wp-block-image size-large\"><img decoding=\"async\" loading=\"lazy\" width=\"675\" height=\"380\" src=\"https:\/\/www.inforesidencias.com\/blog\/wp-content\/uploads\/2022\/03\/5895_certificado-transparencia-residencia.jpeg\" alt=\"\" class=\"wp-image-5468\" srcset=\"https:\/\/www.inforesidencias.com\/blog\/wp-content\/uploads\/2022\/03\/5895_certificado-transparencia-residencia.jpeg 675w, https:\/\/www.inforesidencias.com\/blog\/wp-content\/uploads\/2022\/03\/5895_certificado-transparencia-residencia-300x169.jpeg 300w\" sizes=\"(max-width: 675px) 100vw, 675px\" \/><\/figure>\n\n\n\n<p>Desde que inici\u00f3 su andadura, el indicador tambi\u00e9n ha ayudado a miles de personas a encontrar la residencia m\u00e1s adecuada a sus necesidades pudiendo compararlas entre si mediante una herramienta objetiva.<\/p>\n\n\n\n<p>\u201cEl a\u00f1o pasado, viendo que la pandemia estaba trayendo, adem\u00e1s de un terrible precio en forma de muerte y sufrimiento, un inmerecido desprestigio para el sector geroasistencial, decidimos poner en marcha el proyecto \u201cResidencias transparentes\u201d creando una herramienta para el estudio y la comparaci\u00f3n desde la perspectiva acad\u00e9mica y de la investigaci\u00f3n. Para llevarlo a cabo, en Inforesidencias.com contamos con la colaboraci\u00f3n de AFI (Analistas Financieros Internacionales), junto a quienes creamos la web\u201d, a\u00f1ade Cebri\u00e1n.<\/p>\n\n\n\n<p>De hecho, tal y como explican desde el portal, de poco sirve decir que se hacen bien las cosas si no hay forma de poderlo demostrar. De esta manera, para Josep de Mart\u00ed, fundador de inforesidencias.com, la transparencia puede ser \u201cvoluntaria\u201d, \u201cobligatoria\u201d o \u201cforzada\u201d.<\/p>\n\n\n\n<p><a href=\"https:\/\/dependencia.info\/noticia\/5073\/opinion\/residencias-transparentes-una-necesidad-para-recuperar-la-confianza.html\">Transparencia voluntaria, obligatoria o forzada<\/a><\/p>\n\n\n\n<p>La primera ser\u00eda la que llevan a cabo desde Inforesidencias.com y conlleva que sean las propias residencias las que por voluntad propia decidan compartir datos. \u00c9stas merecen un serio reconocimiento.<\/p>\n\n\n\n<p>La obligatoria ser\u00eda aquella que viene establecida en alguna normativa. En Alemania, Reino Unido o Estados Unidos se publican los resultados de las inspecciones que se realizan a las residencias. Esto no requiere ning\u00fan m\u00e9rito especial ser transparente porque viene impuesto por la Ley.<\/p>\n\n\n\n<p>La transparencia forzada es un caso especial que se ve a menudo en los medios y redes cuando alguien graba una conversaci\u00f3n o instala una c\u00e1mara en una residencia y despu\u00e9s expone p\u00fablicamente lo que ha registrado. Este es un tipo de transparencia muy peculiar. M\u00e1s que transparencia es \u201ctranslucidad\u201d, ya que es quien graba el que decide qu\u00e9 piensa compartir.<\/p>\n\n\n\n<p>Debido a que cada d\u00eda hay m\u00e1s aparatos que permiten grabar voz e im\u00e1genes de una forma m\u00e1s discreta, lo que puede suceder por ese tipo de transparencia forzada es que las residencias tengan que trabajar \u201ccomo si alguien les vigilase\u201d, porque posiblemente alguien lo hace.<\/p>\n\n\n\n<p>Cuando tenemos claro y sabemos que  la residencia donde vive un familiar es tan transparente como otras que hay en la zona  esto nos aporta confianza, que es el pilar de nuestra sociedad. En Inforesidencias.com llevan m\u00e1s de veinte a\u00f1os apostando por la transparencia en las residencias de mayores y por un solo tipo de transparencia. Un gran n\u00famero de residencias lo hacen muy bien y est\u00e1n dispuestas a que se conozca, y la plataforma permite las comparaciones. <\/p>\n\n\n\n<p>Descubre las <a href=\"https:\/\/www.inforesidencias.com\/centros\/buscador\/residencias\">residencias de ancianos m\u00e1s transparentes de Espa\u00f1a<\/a><\/p>\n","protected":false},"excerpt":{"rendered":"<p>Las residencias para personas mayores han sido uno de los sectores que m\u00e1s sufri\u00f3 la saturaci\u00f3n de la Sanidad P\u00fablica durante la pandemia, pero muchas veces la informaci\u00f3n que trascend\u00eda a la poblaci\u00f3n les hac\u00eda parecer responsables de los casos de contagio en los centros. En algunas ocasiones los medios y pol\u00edticos hasta se excedieron. Debido a esto, ser visibles, transparentes y comparables repercute positivamente en que los ciudadanos puedan conocer la labor y la gesti\u00f3n del d\u00eda a d\u00eda que realizan sus profesionales en las residencias de ancianos. Se genera as\u00ed confianza y se evita que se creen prejuicios sobre la imagen general que se tiene de las residencias. No obstante, la aceleraci\u00f3n digital a causa de la pandemia ha llevado consigo un cambio de mentalidad en quienes buscan residencia y suelen empezar por Internet. \u201cHoy, sabemos que quienes navegan por la red valoran poder acceder a informaci\u00f3n sin [&hellip;]<\/p>\n","protected":false},"author":2,"featured_media":5468,"comment_status":"open","ping_status":"open","sticky":false,"template":"","format":"standard","meta":{"footnotes":""},"categories":[1],"tags":[99],"yoast_head":"<!-- This site is optimized with the Yoast SEO plugin v21.7 - https:\/\/yoast.com\/wordpress\/plugins\/seo\/ -->\n<title>Transparencia en las residencias de mayores - Blog Inforesidencias.com<\/title>\n<meta name=\"description\" content=\"Repasamos el por qu\u00e9 de la importancia de la transparencia en las residencias de mayores y los diferentes tipos que podemos encontrar\" \/>\n<meta name=\"robots\" content=\"index, follow, max-snippet:-1, max-image-preview:large, max-video-preview:-1\" \/>\n<link rel=\"canonical\" href=\"https:\/\/www.inforesidencias.com\/blog\/index.php\/2022\/05\/11\/transparencia-en-las-residencias-de-mayores-2\/\" \/>\n<meta property=\"og:locale\" content=\"es_ES\" \/>\n<meta property=\"og:type\" content=\"article\" \/>\n<meta property=\"og:title\" content=\"Transparencia en las residencias de mayores - Blog Inforesidencias.com\" \/>\n<meta property=\"og:description\" content=\"Repasamos el por qu\u00e9 de la importancia de la transparencia en las residencias de mayores y los diferentes tipos que podemos encontrar\" \/>\n<meta property=\"og:url\" content=\"https:\/\/www.inforesidencias.com\/blog\/index.php\/2022\/05\/11\/transparencia-en-las-residencias-de-mayores-2\/\" \/>\n<meta property=\"og:site_name\" content=\"Blog Inforesidencias.com\" \/>\n<meta property=\"article:publisher\" content=\"https:\/\/www.facebook.com\/Inforesidencias\/\" \/>\n<meta property=\"article:author\" content=\"https:\/\/www.facebook.com\/josep.demarti\" \/>\n<meta property=\"article:published_time\" content=\"2022-05-11T11:15:49+00:00\" \/>\n<meta property=\"article:modified_time\" content=\"2022-05-11T11:15:51+00:00\" \/>\n<meta property=\"og:image\" content=\"https:\/\/www.inforesidencias.com\/blog\/wp-content\/uploads\/2022\/03\/5895_certificado-transparencia-residencia.jpeg\" \/>\n\t<meta property=\"og:image:width\" content=\"675\" \/>\n\t<meta property=\"og:image:height\" content=\"380\" \/>\n\t<meta property=\"og:image:type\" content=\"image\/jpeg\" \/>\n<meta name=\"author\" content=\"Josep de Mart\u00ed\" \/>\n<meta name=\"twitter:card\" content=\"summary_large_image\" \/>\n<meta name=\"twitter:creator\" content=\"@blog-ir\" \/>\n<meta name=\"twitter:site\" content=\"@inforesidencias\" \/>\n<meta name=\"twitter:label1\" content=\"Escrito por\" \/>\n\t<meta name=\"twitter:data1\" content=\"Josep de Mart\u00ed\" \/>\n\t<meta name=\"twitter:label2\" content=\"Tiempo de lectura\" \/>\n\t<meta name=\"twitter:data2\" content=\"4 minutos\" \/>\n<script type=\"application\/ld+json\" class=\"yoast-schema-graph\">{\"@context\":\"https:\/\/schema.org\",\"@graph\":[{\"@type\":\"WebPage\",\"@id\":\"https:\/\/www.inforesidencias.com\/blog\/index.php\/2022\/05\/11\/transparencia-en-las-residencias-de-mayores-2\/\",\"url\":\"https:\/\/www.inforesidencias.com\/blog\/index.php\/2022\/05\/11\/transparencia-en-las-residencias-de-mayores-2\/\",\"name\":\"Transparencia en las residencias de mayores - Blog Inforesidencias.com\",\"isPartOf\":{\"@id\":\"https:\/\/www.inforesidencias.com\/blog\/#website\"},\"datePublished\":\"2022-05-11T11:15:49+00:00\",\"dateModified\":\"2022-05-11T11:15:51+00:00\",\"author\":{\"@id\":\"https:\/\/www.inforesidencias.com\/blog\/#\/schema\/person\/9e146774d1eb3bc1c0316242a3898628\"},\"description\":\"Repasamos el por qu\u00e9 de la importancia de la transparencia en las residencias de mayores y los diferentes tipos que podemos encontrar\",\"breadcrumb\":{\"@id\":\"https:\/\/www.inforesidencias.com\/blog\/index.php\/2022\/05\/11\/transparencia-en-las-residencias-de-mayores-2\/#breadcrumb\"},\"inLanguage\":\"es\",\"potentialAction\":[{\"@type\":\"ReadAction\",\"target\":[\"https:\/\/www.inforesidencias.com\/blog\/index.php\/2022\/05\/11\/transparencia-en-las-residencias-de-mayores-2\/\"]}]},{\"@type\":\"BreadcrumbList\",\"@id\":\"https:\/\/www.inforesidencias.com\/blog\/index.php\/2022\/05\/11\/transparencia-en-las-residencias-de-mayores-2\/#breadcrumb\",\"itemListElement\":[{\"@type\":\"ListItem\",\"position\":1,\"name\":\"Home\",\"item\":\"https:\/\/www.inforesidencias.com\/blog\/\"},{\"@type\":\"ListItem\",\"position\":2,\"name\":\"Transparencia en las residencias de mayores\"}]},{\"@type\":\"WebSite\",\"@id\":\"https:\/\/www.inforesidencias.com\/blog\/#website\",\"url\":\"https:\/\/www.inforesidencias.com\/blog\/\",\"name\":\"Blog Inforesidencias.com\",\"description\":\"El buscador de residencias de la 3\u00aa edad\",\"potentialAction\":[{\"@type\":\"SearchAction\",\"target\":{\"@type\":\"EntryPoint\",\"urlTemplate\":\"https:\/\/www.inforesidencias.com\/blog\/?s={search_term_string}\"},\"query-input\":\"required name=search_term_string\"}],\"inLanguage\":\"es\"},{\"@type\":\"Person\",\"@id\":\"https:\/\/www.inforesidencias.com\/blog\/#\/schema\/person\/9e146774d1eb3bc1c0316242a3898628\",\"name\":\"Josep de Mart\u00ed\",\"image\":{\"@type\":\"ImageObject\",\"inLanguage\":\"es\",\"@id\":\"https:\/\/www.inforesidencias.com\/blog\/#\/schema\/person\/image\/\",\"url\":\"https:\/\/secure.gravatar.com\/avatar\/de0302c4806c00c4cebff396a798c1ff?s=96&d=mm&r=g\",\"contentUrl\":\"https:\/\/secure.gravatar.com\/avatar\/de0302c4806c00c4cebff396a798c1ff?s=96&d=mm&r=g\",\"caption\":\"Josep de Mart\u00ed\"},\"sameAs\":[\"https:\/\/www.inforesidencias.com\",\"https:\/\/www.facebook.com\/josep.demarti\",\"https:\/\/twitter.com\/blog-ir\"],\"url\":\"https:\/\/www.inforesidencias.com\/blog\/index.php\/author\/josepdemarti\/\"}]}<\/script>\n<!-- \/ Yoast SEO plugin. -->","yoast_head_json":{"title":"Transparencia en las residencias de mayores - Blog Inforesidencias.com","description":"Repasamos el por qu\u00e9 de la importancia de la transparencia en las residencias de mayores y los diferentes tipos que podemos encontrar","robots":{"index":"index","follow":"follow","max-snippet":"max-snippet:-1","max-image-preview":"max-image-preview:large","max-video-preview":"max-video-preview:-1"},"canonical":"https:\/\/www.inforesidencias.com\/blog\/index.php\/2022\/05\/11\/transparencia-en-las-residencias-de-mayores-2\/","og_locale":"es_ES","og_type":"article","og_title":"Transparencia en las residencias de mayores - Blog Inforesidencias.com","og_description":"Repasamos el por qu\u00e9 de la importancia de la transparencia en las residencias de mayores y los diferentes tipos que podemos encontrar","og_url":"https:\/\/www.inforesidencias.com\/blog\/index.php\/2022\/05\/11\/transparencia-en-las-residencias-de-mayores-2\/","og_site_name":"Blog Inforesidencias.com","article_publisher":"https:\/\/www.facebook.com\/Inforesidencias\/","article_author":"https:\/\/www.facebook.com\/josep.demarti","article_published_time":"2022-05-11T11:15:49+00:00","article_modified_time":"2022-05-11T11:15:51+00:00","og_image":[{"width":675,"height":380,"url":"https:\/\/www.inforesidencias.com\/blog\/wp-content\/uploads\/2022\/03\/5895_certificado-transparencia-residencia.jpeg","type":"image\/jpeg"}],"author":"Josep de Mart\u00ed","twitter_card":"summary_large_image","twitter_creator":"@blog-ir","twitter_site":"@inforesidencias","twitter_misc":{"Escrito por":"Josep de Mart\u00ed","Tiempo de lectura":"4 minutos"},"schema":{"@context":"https:\/\/schema.org","@graph":[{"@type":"WebPage","@id":"https:\/\/www.inforesidencias.com\/blog\/index.php\/2022\/05\/11\/transparencia-en-las-residencias-de-mayores-2\/","url":"https:\/\/www.inforesidencias.com\/blog\/index.php\/2022\/05\/11\/transparencia-en-las-residencias-de-mayores-2\/","name":"Transparencia en las residencias de mayores - Blog Inforesidencias.com","isPartOf":{"@id":"https:\/\/www.inforesidencias.com\/blog\/#website"},"datePublished":"2022-05-11T11:15:49+00:00","dateModified":"2022-05-11T11:15:51+00:00","author":{"@id":"https:\/\/www.inforesidencias.com\/blog\/#\/schema\/person\/9e146774d1eb3bc1c0316242a3898628"},"description":"Repasamos el por qu\u00e9 de la importancia de la transparencia en las residencias de mayores y los diferentes tipos que podemos encontrar","breadcrumb":{"@id":"https:\/\/www.inforesidencias.com\/blog\/index.php\/2022\/05\/11\/transparencia-en-las-residencias-de-mayores-2\/#breadcrumb"},"inLanguage":"es","potentialAction":[{"@type":"ReadAction","target":["https:\/\/www.inforesidencias.com\/blog\/index.php\/2022\/05\/11\/transparencia-en-las-residencias-de-mayores-2\/"]}]},{"@type":"BreadcrumbList","@id":"https:\/\/www.inforesidencias.com\/blog\/index.php\/2022\/05\/11\/transparencia-en-las-residencias-de-mayores-2\/#breadcrumb","itemListElement":[{"@type":"ListItem","position":1,"name":"Home","item":"https:\/\/www.inforesidencias.com\/blog\/"},{"@type":"ListItem","position":2,"name":"Transparencia en las residencias de mayores"}]},{"@type":"WebSite","@id":"https:\/\/www.inforesidencias.com\/blog\/#website","url":"https:\/\/www.inforesidencias.com\/blog\/","name":"Blog Inforesidencias.com","description":"El buscador de residencias de la 3\u00aa edad","potentialAction":[{"@type":"SearchAction","target":{"@type":"EntryPoint","urlTemplate":"https:\/\/www.inforesidencias.com\/blog\/?s={search_term_string}"},"query-input":"required name=search_term_string"}],"inLanguage":"es"},{"@type":"Person","@id":"https:\/\/www.inforesidencias.com\/blog\/#\/schema\/person\/9e146774d1eb3bc1c0316242a3898628","name":"Josep de Mart\u00ed","image":{"@type":"ImageObject","inLanguage":"es","@id":"https:\/\/www.inforesidencias.com\/blog\/#\/schema\/person\/image\/","url":"https:\/\/secure.gravatar.com\/avatar\/de0302c4806c00c4cebff396a798c1ff?s=96&d=mm&r=g","contentUrl":"https:\/\/secure.gravatar.com\/avatar\/de0302c4806c00c4cebff396a798c1ff?s=96&d=mm&r=g","caption":"Josep de Mart\u00ed"},"sameAs":["https:\/\/www.inforesidencias.com","https:\/\/www.facebook.com\/josep.demarti","https:\/\/twitter.com\/blog-ir"],"url":"https:\/\/www.inforesidencias.com\/blog\/index.php\/author\/josepdemarti\/"}]}},"_links":{"self":[{"href":"https:\/\/www.inforesidencias.com\/blog\/index.php\/wp-json\/wp\/v2\/posts\/5630"}],"collection":[{"href":"https:\/\/www.inforesidencias.com\/blog\/index.php\/wp-json\/wp\/v2\/posts"}],"about":[{"href":"https:\/\/www.inforesidencias.com\/blog\/index.php\/wp-json\/wp\/v2\/types\/post"}],"author":[{"embeddable":true,"href":"https:\/\/www.inforesidencias.com\/blog\/index.php\/wp-json\/wp\/v2\/users\/2"}],"replies":[{"embeddable":true,"href":"https:\/\/www.inforesidencias.com\/blog\/index.php\/wp-json\/wp\/v2\/comments?post=5630"}],"version-history":[{"count":6,"href":"https:\/\/www.inforesidencias.com\/blog\/index.php\/wp-json\/wp\/v2\/posts\/5630\/revisions"}],"predecessor-version":[{"id":5636,"href":"https:\/\/www.inforesidencias.com\/blog\/index.php\/wp-json\/wp\/v2\/posts\/5630\/revisions\/5636"}],"wp:featuredmedia":[{"embeddable":true,"href":"https:\/\/www.inforesidencias.com\/blog\/index.php\/wp-json\/wp\/v2\/media\/5468"}],"wp:attachment":[{"href":"https:\/\/www.inforesidencias.com\/blog\/index.php\/wp-json\/wp\/v2\/media?parent=5630"}],"wp:term":[{"taxonomy":"category","embeddable":true,"href":"https:\/\/www.inforesidencias.com\/blog\/index.php\/wp-json\/wp\/v2\/categories?post=5630"},{"taxonomy":"post_tag","embeddable":true,"href":"https:\/\/www.inforesidencias.com\/blog\/index.php\/wp-json\/wp\/v2\/tags?post=5630"}],"curies":[{"name":"wp","href":"https:\/\/api.w.org\/{rel}","templated":true}]}}