{"id":5654,"date":"2022-05-19T07:57:00","date_gmt":"2022-05-19T06:57:00","guid":{"rendered":"https:\/\/www.inforesidencias.com\/blog\/?p=5654"},"modified":"2022-05-18T09:57:40","modified_gmt":"2022-05-18T08:57:40","slug":"una-residencia-de-mayores-situada-en-frente-del-mar","status":"publish","type":"post","link":"https:\/\/www.inforesidencias.com\/blog\/index.php\/2022\/05\/19\/una-residencia-de-mayores-situada-en-frente-del-mar\/","title":{"rendered":"Una residencia de mayores situada en frente del mar"},"content":{"rendered":"\n<p>En el inicio <a href=\"https:\/\/www.estelfitxers.com\/audio\/2021-2022\/20220514-13_00TEMPSDEBENESTAR.MP3\" target=\"_blank\" rel=\"noreferrer noopener\">programa del s\u00e1bado 14 de mayo <\/a>de \u00ab\u00c9s gran ser gran\u00bb, empezamos hablando, ahora que ya hay tan buen tiempo en todo el pa\u00eds, de los beneficios para las personas que tiene en general el hecho de ir a la playa y en particular para las personas mayores. Descubrimos que hay muchos m\u00e1s de los que sab\u00edamos.<\/p>\n\n\n\n<div class=\"wp-block-image\"><figure class=\"alignleft size-large is-resized\"><img decoding=\"async\" loading=\"lazy\" src=\"https:\/\/www.inforesidencias.com\/blog\/wp-content\/uploads\/2022\/05\/terraza-de-la-residencia-la-bona-mar-1-1024x744.png\" alt=\"\" class=\"wp-image-5664\" width=\"324\" height=\"236\" srcset=\"https:\/\/www.inforesidencias.com\/blog\/wp-content\/uploads\/2022\/05\/terraza-de-la-residencia-la-bona-mar-1-1024x744.png 1024w, https:\/\/www.inforesidencias.com\/blog\/wp-content\/uploads\/2022\/05\/terraza-de-la-residencia-la-bona-mar-1-300x218.png 300w, https:\/\/www.inforesidencias.com\/blog\/wp-content\/uploads\/2022\/05\/terraza-de-la-residencia-la-bona-mar-1-768x558.png 768w, https:\/\/www.inforesidencias.com\/blog\/wp-content\/uploads\/2022\/05\/terraza-de-la-residencia-la-bona-mar-1-260x190.png 260w, https:\/\/www.inforesidencias.com\/blog\/wp-content\/uploads\/2022\/05\/terraza-de-la-residencia-la-bona-mar-1.png 1410w\" sizes=\"(max-width: 324px) 100vw, 324px\" \/><figcaption>terraza de la residencia la Bona Mar<\/figcaption><\/figure><\/div>\n\n\n\n<p>En ese bonito d\u00eda, tuvimos la ocasi\u00f3n de entrevistar a la directora de una residencia de mayores situada en frente del mar en la costa del Maresme, Catalu\u00f1a. En concreto hablamos de la <a href=\"https:\/\/www.inforesidencias.com\/centros\/residencia\/3982\/residencia-la-bona-mar\" target=\"_blank\" rel=\"noreferrer noopener\">residencia la Bona Mar <\/a>y de Cristina Rius, que como dec\u00edamos es su directora. De la mano de Cristina, descubrimos que la residencia est\u00e1 situada en frente de paseo mar\u00edtimo de Vilassar de Mar, que consta de 23 plazas y que todas ellas son plazas PEV. Adem\u00e1s, en la residencia aprovechan su privilegiada ubicaci\u00f3n a la hora de preparar actividades.<\/p>\n\n\n\n<p>En la recta final de la entrevista, tambi\u00e9n hablamos con Juan Cresp\u00edn un residente. Juan nos cont\u00f3 como conoci\u00f3 la residencia la Bona Mar, como se siente desde que vive all\u00ed y el hecho divertido de que \u00e9l es el encargado del  jard\u00edn de la residencia, o al menos as\u00ed se ha autoproclamado.<\/p>\n\n\n\n<p>Para acabar, en la bolsa de empleo nos pareci\u00f3 curioso hablar de un articulo que encontramos en la revista bussines insider en que se hablaba de algunas cosas que no pueden decirse a los compa\u00f1eros del trabajo. <\/p>\n\n\n\n<p>En el programa del d\u00eda siguiente, el <a href=\"https:\/\/www.estelfitxers.com\/audio\/2021-2022\/20220515-13_00TEMPSDEBENESTAR.MP3\" target=\"_blank\" rel=\"noreferrer noopener\">domingo 15 de mayo<\/a>, arrancamos con la misma linea del dia anterior pero de forma totalmente contraria. Es decir, empezamos hablando de los beneficios que tiene para las personas mayores ir a andar o hacer senderismo por la monta\u00f1a y repasamos algunas cosas a tener en cuenta que nunca vienen mal recordar y que pueden hacer nuestra jornada monta\u00f1era m\u00e1s tranquila y segura. <\/p>\n\n\n\n<p>En los minutos de la entrevista del \u00faltimo d\u00eda de la semana, contamos con la doctora en psicolog\u00eda y educadora social, Cristina Vidal i Marti. Invitamos a Cristina para hablar de su \u00faltimo libro <a href=\"http:\/\/tienda.horsori.net\/home\/475-ee-02-envejecimiento-activo-y-empoderamiento-9788417994891.html\">\u00abEnvejecimiento activo y empoderamiento\u00bb<\/a>. Gracias a contar con su autora descubrimos de qu\u00e9 manera surgi\u00f3 la idea del libro y a quien est\u00e1 dirigido. No obstante, una de los objetivo de la entrevista era entender bien elementos clave del libro como el empoderamiento activo y el envejecimiento y la importancia que tambi\u00e9n tiene en ello el entrenamiento de la memoria.<\/p>\n\n\n\n<p>En la consulta del trabajador social, despu\u00e9s de la secci\u00f3n de la <a href=\"https:\/\/www.inforesidencias.com\/bolsa\/ofertas-de-trabajo\" target=\"_blank\" rel=\"noreferrer noopener\">bolsa de empleo<\/a> en la que repasamos las \u00faltimas ofertas publicadas, dimos algunos consejos a tener en cuenta la hora de cambiar de residencia, ya que hay aspectos muy relevantes a valorar que a veces pasamos por alto.<\/p>\n\n\n\n<p>Te puede interesar:<\/p>\n\n\n\n<ul><li><a href=\"https:\/\/www.inforesidencias.com\/blog\/index.php\/2022\/05\/02\/envejecimiento-activo-y-empoderamiento-un-nuevo-libro-para-profesionales-de-la-gerontologia\/\">resumen del libro<\/a> de Cristina Vidal i Marti<\/li><li>Si la costa del Maresme est\u00e1 muy lejos para ti, quiz\u00e1 te interesen m\u00e1s <a href=\"https:\/\/www.inforesidencias.com\/centros\/buscador\/busquedas-predefinidas\/residencias-geriatricas-en-la-costa-brava\" target=\"_blank\" rel=\"noreferrer noopener\">residencias de la tercera edad en la Costa Brava<\/a><\/li><li>Puedes comprar el libro de Cristina haciendo clic en el nombre del libro m\u00e1s arriba<\/li><\/ul>\n","protected":false},"excerpt":{"rendered":"<p>En el inicio programa del s\u00e1bado 14 de mayo de \u00ab\u00c9s gran ser gran\u00bb, empezamos hablando, ahora que ya hay tan buen tiempo en todo el pa\u00eds, de los beneficios para las personas que tiene en general el hecho de ir a la playa y en particular para las personas mayores. Descubrimos que hay muchos m\u00e1s de los que sab\u00edamos. En ese bonito d\u00eda, tuvimos la ocasi\u00f3n de entrevistar a la directora de una residencia de mayores situada en frente del mar en la costa del Maresme, Catalu\u00f1a. En concreto hablamos de la residencia la Bona Mar y de Cristina Rius, que como dec\u00edamos es su directora. De la mano de Cristina, descubrimos que la residencia est\u00e1 situada en frente de paseo mar\u00edtimo de Vilassar de Mar, que consta de 23 plazas y que todas ellas son plazas PEV. Adem\u00e1s, en la residencia aprovechan su privilegiada ubicaci\u00f3n a la hora [&hellip;]<\/p>\n","protected":false},"author":2,"featured_media":5662,"comment_status":"open","ping_status":"open","sticky":false,"template":"","format":"standard","meta":{"footnotes":""},"categories":[1],"tags":[],"yoast_head":"<!-- This site is optimized with the Yoast SEO plugin v21.7 - https:\/\/yoast.com\/wordpress\/plugins\/seo\/ -->\n<title>Una residencia de mayores situada en frente del mar - Blog Inforesidencias.com<\/title>\n<meta name=\"description\" content=\"Descubrimos una residencia de mayores situada en frente del mar que ha vuelto a abrir y hablamos del nuevo libro de Cristina Vidal i Marti\" \/>\n<meta name=\"robots\" content=\"index, follow, max-snippet:-1, max-image-preview:large, max-video-preview:-1\" \/>\n<link rel=\"canonical\" href=\"https:\/\/www.inforesidencias.com\/blog\/index.php\/2022\/05\/19\/una-residencia-de-mayores-situada-en-frente-del-mar\/\" \/>\n<meta property=\"og:locale\" content=\"es_ES\" \/>\n<meta property=\"og:type\" content=\"article\" \/>\n<meta property=\"og:title\" content=\"Una residencia de mayores situada en frente del mar - Blog Inforesidencias.com\" \/>\n<meta property=\"og:description\" content=\"Descubrimos una residencia de mayores situada en frente del mar que ha vuelto a abrir y hablamos del nuevo libro de Cristina Vidal i Marti\" \/>\n<meta property=\"og:url\" content=\"https:\/\/www.inforesidencias.com\/blog\/index.php\/2022\/05\/19\/una-residencia-de-mayores-situada-en-frente-del-mar\/\" \/>\n<meta property=\"og:site_name\" content=\"Blog Inforesidencias.com\" \/>\n<meta property=\"article:publisher\" content=\"https:\/\/www.facebook.com\/Inforesidencias\/\" \/>\n<meta property=\"article:author\" content=\"https:\/\/www.facebook.com\/josep.demarti\" \/>\n<meta property=\"article:published_time\" content=\"2022-05-19T06:57:00+00:00\" \/>\n<meta property=\"article:modified_time\" content=\"2022-05-18T08:57:40+00:00\" \/>\n<meta property=\"og:image\" content=\"https:\/\/www.inforesidencias.com\/blog\/wp-content\/uploads\/2022\/05\/residencia-de-mayores-situada-en-frente-del-mar.png\" \/>\n\t<meta property=\"og:image:width\" content=\"1234\" \/>\n\t<meta property=\"og:image:height\" content=\"828\" \/>\n\t<meta property=\"og:image:type\" content=\"image\/png\" \/>\n<meta name=\"author\" content=\"Josep de Mart\u00ed\" \/>\n<meta name=\"twitter:card\" content=\"summary_large_image\" \/>\n<meta name=\"twitter:creator\" content=\"@blog-ir\" \/>\n<meta name=\"twitter:site\" content=\"@inforesidencias\" \/>\n<meta name=\"twitter:label1\" content=\"Escrito por\" \/>\n\t<meta name=\"twitter:data1\" content=\"Josep de Mart\u00ed\" \/>\n\t<meta name=\"twitter:label2\" content=\"Tiempo de lectura\" \/>\n\t<meta name=\"twitter:data2\" content=\"3 minutos\" \/>\n<script type=\"application\/ld+json\" class=\"yoast-schema-graph\">{\"@context\":\"https:\/\/schema.org\",\"@graph\":[{\"@type\":\"WebPage\",\"@id\":\"https:\/\/www.inforesidencias.com\/blog\/index.php\/2022\/05\/19\/una-residencia-de-mayores-situada-en-frente-del-mar\/\",\"url\":\"https:\/\/www.inforesidencias.com\/blog\/index.php\/2022\/05\/19\/una-residencia-de-mayores-situada-en-frente-del-mar\/\",\"name\":\"Una residencia de mayores situada en frente del mar - Blog Inforesidencias.com\",\"isPartOf\":{\"@id\":\"https:\/\/www.inforesidencias.com\/blog\/#website\"},\"datePublished\":\"2022-05-19T06:57:00+00:00\",\"dateModified\":\"2022-05-18T08:57:40+00:00\",\"author\":{\"@id\":\"https:\/\/www.inforesidencias.com\/blog\/#\/schema\/person\/9e146774d1eb3bc1c0316242a3898628\"},\"description\":\"Descubrimos una residencia de mayores situada en frente del mar que ha vuelto a abrir y hablamos del nuevo libro de Cristina Vidal i Marti\",\"breadcrumb\":{\"@id\":\"https:\/\/www.inforesidencias.com\/blog\/index.php\/2022\/05\/19\/una-residencia-de-mayores-situada-en-frente-del-mar\/#breadcrumb\"},\"inLanguage\":\"es\",\"potentialAction\":[{\"@type\":\"ReadAction\",\"target\":[\"https:\/\/www.inforesidencias.com\/blog\/index.php\/2022\/05\/19\/una-residencia-de-mayores-situada-en-frente-del-mar\/\"]}]},{\"@type\":\"BreadcrumbList\",\"@id\":\"https:\/\/www.inforesidencias.com\/blog\/index.php\/2022\/05\/19\/una-residencia-de-mayores-situada-en-frente-del-mar\/#breadcrumb\",\"itemListElement\":[{\"@type\":\"ListItem\",\"position\":1,\"name\":\"Home\",\"item\":\"https:\/\/www.inforesidencias.com\/blog\/\"},{\"@type\":\"ListItem\",\"position\":2,\"name\":\"Una residencia de mayores situada en frente del mar\"}]},{\"@type\":\"WebSite\",\"@id\":\"https:\/\/www.inforesidencias.com\/blog\/#website\",\"url\":\"https:\/\/www.inforesidencias.com\/blog\/\",\"name\":\"Blog Inforesidencias.com\",\"description\":\"El buscador de residencias de la 3\u00aa edad\",\"potentialAction\":[{\"@type\":\"SearchAction\",\"target\":{\"@type\":\"EntryPoint\",\"urlTemplate\":\"https:\/\/www.inforesidencias.com\/blog\/?s={search_term_string}\"},\"query-input\":\"required name=search_term_string\"}],\"inLanguage\":\"es\"},{\"@type\":\"Person\",\"@id\":\"https:\/\/www.inforesidencias.com\/blog\/#\/schema\/person\/9e146774d1eb3bc1c0316242a3898628\",\"name\":\"Josep de Mart\u00ed\",\"image\":{\"@type\":\"ImageObject\",\"inLanguage\":\"es\",\"@id\":\"https:\/\/www.inforesidencias.com\/blog\/#\/schema\/person\/image\/\",\"url\":\"https:\/\/secure.gravatar.com\/avatar\/de0302c4806c00c4cebff396a798c1ff?s=96&d=mm&r=g\",\"contentUrl\":\"https:\/\/secure.gravatar.com\/avatar\/de0302c4806c00c4cebff396a798c1ff?s=96&d=mm&r=g\",\"caption\":\"Josep de Mart\u00ed\"},\"sameAs\":[\"https:\/\/www.inforesidencias.com\",\"https:\/\/www.facebook.com\/josep.demarti\",\"https:\/\/twitter.com\/blog-ir\"],\"url\":\"https:\/\/www.inforesidencias.com\/blog\/index.php\/author\/josepdemarti\/\"}]}<\/script>\n<!-- \/ Yoast SEO plugin. -->","yoast_head_json":{"title":"Una residencia de mayores situada en frente del mar - Blog Inforesidencias.com","description":"Descubrimos una residencia de mayores situada en frente del mar que ha vuelto a abrir y hablamos del nuevo libro de Cristina Vidal i Marti","robots":{"index":"index","follow":"follow","max-snippet":"max-snippet:-1","max-image-preview":"max-image-preview:large","max-video-preview":"max-video-preview:-1"},"canonical":"https:\/\/www.inforesidencias.com\/blog\/index.php\/2022\/05\/19\/una-residencia-de-mayores-situada-en-frente-del-mar\/","og_locale":"es_ES","og_type":"article","og_title":"Una residencia de mayores situada en frente del mar - Blog Inforesidencias.com","og_description":"Descubrimos una residencia de mayores situada en frente del mar que ha vuelto a abrir y hablamos del nuevo libro de Cristina Vidal i Marti","og_url":"https:\/\/www.inforesidencias.com\/blog\/index.php\/2022\/05\/19\/una-residencia-de-mayores-situada-en-frente-del-mar\/","og_site_name":"Blog Inforesidencias.com","article_publisher":"https:\/\/www.facebook.com\/Inforesidencias\/","article_author":"https:\/\/www.facebook.com\/josep.demarti","article_published_time":"2022-05-19T06:57:00+00:00","article_modified_time":"2022-05-18T08:57:40+00:00","og_image":[{"width":1234,"height":828,"url":"https:\/\/www.inforesidencias.com\/blog\/wp-content\/uploads\/2022\/05\/residencia-de-mayores-situada-en-frente-del-mar.png","type":"image\/png"}],"author":"Josep de Mart\u00ed","twitter_card":"summary_large_image","twitter_creator":"@blog-ir","twitter_site":"@inforesidencias","twitter_misc":{"Escrito por":"Josep de Mart\u00ed","Tiempo de lectura":"3 minutos"},"schema":{"@context":"https:\/\/schema.org","@graph":[{"@type":"WebPage","@id":"https:\/\/www.inforesidencias.com\/blog\/index.php\/2022\/05\/19\/una-residencia-de-mayores-situada-en-frente-del-mar\/","url":"https:\/\/www.inforesidencias.com\/blog\/index.php\/2022\/05\/19\/una-residencia-de-mayores-situada-en-frente-del-mar\/","name":"Una residencia de mayores situada en frente del mar - Blog Inforesidencias.com","isPartOf":{"@id":"https:\/\/www.inforesidencias.com\/blog\/#website"},"datePublished":"2022-05-19T06:57:00+00:00","dateModified":"2022-05-18T08:57:40+00:00","author":{"@id":"https:\/\/www.inforesidencias.com\/blog\/#\/schema\/person\/9e146774d1eb3bc1c0316242a3898628"},"description":"Descubrimos una residencia de mayores situada en frente del mar que ha vuelto a abrir y hablamos del nuevo libro de Cristina Vidal i Marti","breadcrumb":{"@id":"https:\/\/www.inforesidencias.com\/blog\/index.php\/2022\/05\/19\/una-residencia-de-mayores-situada-en-frente-del-mar\/#breadcrumb"},"inLanguage":"es","potentialAction":[{"@type":"ReadAction","target":["https:\/\/www.inforesidencias.com\/blog\/index.php\/2022\/05\/19\/una-residencia-de-mayores-situada-en-frente-del-mar\/"]}]},{"@type":"BreadcrumbList","@id":"https:\/\/www.inforesidencias.com\/blog\/index.php\/2022\/05\/19\/una-residencia-de-mayores-situada-en-frente-del-mar\/#breadcrumb","itemListElement":[{"@type":"ListItem","position":1,"name":"Home","item":"https:\/\/www.inforesidencias.com\/blog\/"},{"@type":"ListItem","position":2,"name":"Una residencia de mayores situada en frente del mar"}]},{"@type":"WebSite","@id":"https:\/\/www.inforesidencias.com\/blog\/#website","url":"https:\/\/www.inforesidencias.com\/blog\/","name":"Blog Inforesidencias.com","description":"El buscador de residencias de la 3\u00aa edad","potentialAction":[{"@type":"SearchAction","target":{"@type":"EntryPoint","urlTemplate":"https:\/\/www.inforesidencias.com\/blog\/?s={search_term_string}"},"query-input":"required name=search_term_string"}],"inLanguage":"es"},{"@type":"Person","@id":"https:\/\/www.inforesidencias.com\/blog\/#\/schema\/person\/9e146774d1eb3bc1c0316242a3898628","name":"Josep de Mart\u00ed","image":{"@type":"ImageObject","inLanguage":"es","@id":"https:\/\/www.inforesidencias.com\/blog\/#\/schema\/person\/image\/","url":"https:\/\/secure.gravatar.com\/avatar\/de0302c4806c00c4cebff396a798c1ff?s=96&d=mm&r=g","contentUrl":"https:\/\/secure.gravatar.com\/avatar\/de0302c4806c00c4cebff396a798c1ff?s=96&d=mm&r=g","caption":"Josep de Mart\u00ed"},"sameAs":["https:\/\/www.inforesidencias.com","https:\/\/www.facebook.com\/josep.demarti","https:\/\/twitter.com\/blog-ir"],"url":"https:\/\/www.inforesidencias.com\/blog\/index.php\/author\/josepdemarti\/"}]}},"_links":{"self":[{"href":"https:\/\/www.inforesidencias.com\/blog\/index.php\/wp-json\/wp\/v2\/posts\/5654"}],"collection":[{"href":"https:\/\/www.inforesidencias.com\/blog\/index.php\/wp-json\/wp\/v2\/posts"}],"about":[{"href":"https:\/\/www.inforesidencias.com\/blog\/index.php\/wp-json\/wp\/v2\/types\/post"}],"author":[{"embeddable":true,"href":"https:\/\/www.inforesidencias.com\/blog\/index.php\/wp-json\/wp\/v2\/users\/2"}],"replies":[{"embeddable":true,"href":"https:\/\/www.inforesidencias.com\/blog\/index.php\/wp-json\/wp\/v2\/comments?post=5654"}],"version-history":[{"count":9,"href":"https:\/\/www.inforesidencias.com\/blog\/index.php\/wp-json\/wp\/v2\/posts\/5654\/revisions"}],"predecessor-version":[{"id":5666,"href":"https:\/\/www.inforesidencias.com\/blog\/index.php\/wp-json\/wp\/v2\/posts\/5654\/revisions\/5666"}],"wp:featuredmedia":[{"embeddable":true,"href":"https:\/\/www.inforesidencias.com\/blog\/index.php\/wp-json\/wp\/v2\/media\/5662"}],"wp:attachment":[{"href":"https:\/\/www.inforesidencias.com\/blog\/index.php\/wp-json\/wp\/v2\/media?parent=5654"}],"wp:term":[{"taxonomy":"category","embeddable":true,"href":"https:\/\/www.inforesidencias.com\/blog\/index.php\/wp-json\/wp\/v2\/categories?post=5654"},{"taxonomy":"post_tag","embeddable":true,"href":"https:\/\/www.inforesidencias.com\/blog\/index.php\/wp-json\/wp\/v2\/tags?post=5654"}],"curies":[{"name":"wp","href":"https:\/\/api.w.org\/{rel}","templated":true}]}}