{"id":5697,"date":"2022-06-01T07:02:00","date_gmt":"2022-06-01T06:02:00","guid":{"rendered":"https:\/\/www.inforesidencias.com\/blog\/?p=5697"},"modified":"2022-05-31T15:12:15","modified_gmt":"2022-05-31T14:12:15","slug":"cual-es-el-ratio-de-camas-geriatricas-de-avila","status":"publish","type":"post","link":"https:\/\/www.inforesidencias.com\/blog\/index.php\/2022\/06\/01\/cual-es-el-ratio-de-camas-geriatricas-de-avila\/","title":{"rendered":"\u00bfCu\u00e1l es el ratio de camas geri\u00e1tricas de \u00c1vila?"},"content":{"rendered":"\n<p><\/p>\n\n\n\n<p><\/p>\n\n\n\n<p><strong>Seg\u00fan varios organismos existe una recomendaci\u00f3n de que haya 5 camas geri\u00e1tricas por cada 100 habitantes de m\u00e1s de 65 a\u00f1os.<\/strong><\/p>\n\n\n\n<p>Pero, \u00bfQu\u00e9 ratio de camas geri\u00e1tricas tiene \u00c1vila?&nbsp;<\/p>\n\n\n\n<p>El ratio de camas geri\u00e1tricas de la provincia de \u00c1vila es de 7,9 camas geri\u00e1tricas por cada 65 personas mayores de 65 a\u00f1os, uno de los m\u00e1s altos y mejores de Espa\u00f1a.  Est\u00e1 por encima del ratio de la comunidad que es de 6,97 y bastante por encima del ratio de la media del estado espa\u00f1ol que es de 4,04.<\/p>\n\n\n\n<p><strong>\u00c1vila <\/strong>es una de las siete provincias de la comunidad aut\u00f3noma de<strong> Castilla y Le\u00f3n.&nbsp; <\/strong>Hay que recordar que \u00e9sta&nbsp;es una de las comunidades m\u00e1s envejecidas de Espa\u00f1a, donde las&nbsp;<strong>residencias&nbsp;de mayores<\/strong>, en sus diferentes modalidades representan una importante opci\u00f3n vital para muchos de sus habitantes de la tercera edad.&nbsp;<\/p>\n\n\n\n<figure class=\"wp-block-image size-large\"><img decoding=\"async\" src=\"https:\/\/www.inforesidencias.com\/resources\/public\/biblioteca\/imagenes\/contenidos\/noticias\/avila.jpg\" alt=\"\" \/><\/figure>\n\n\n\n<h3 class=\"wp-block-heading\"><strong>Datos b\u00e1sicos:<\/strong><\/h3>\n\n\n\n<ul><li>Poblaci\u00f3n de \u00c1vila: 117.647.&nbsp; Representa el 7,1% de la poblaci\u00f3n total de la comunidad<\/li><li>Poblaci\u00f3n &gt; 65 a\u00f1os: 41.217. Es el 24% de la poblaci\u00f3n. Es decir, casi 1 de cada 4 personas es mayor de 65 a\u00f1os.&nbsp;<\/li><li>Poblaci\u00f3n &gt; 80 a\u00f1os: 15.415. Es el 9% de la poblaci\u00f3n de la provincia<\/li><li>Centros geri\u00e1tricos operativos: 52<\/li><li>Camas geri\u00e1tricas operativas: 3.290 camas<\/li><li>Ratio de camas por cada 100 personas mayores de 65 a\u00f1os: 7,9 (la media de Espa\u00f1a es 4,04) y la de la comunidad es de 6,97<\/li><li>Ratio de camas por cada 100 personas mayores de 80 a\u00f1os: 21,34 (la media de Espa\u00f1a es 12,09 y la de la comunidad es de 20,11)<\/li><\/ul>\n\n\n\n<p><strong>\u00c1vila<\/strong>&nbsp;es una de las provincias m\u00e1s envejecidas, con 1 persona de cada 4 mayor de 65 a\u00f1os y 1 de cada 11 personas mayor de 80 a\u00f1os.&nbsp; Tambi\u00e9n es la provincia con&nbsp;<strong>mayor proporci\u00f3n de plazas geri\u00e1tricas<\/strong>&nbsp;o ratio de camas geri\u00e1tricas por n\u00famero de habitantes.&nbsp; Con una ratio de 7,9 camas geri\u00e1tricas por cada 100 mayores de 65 a\u00f1os, lo cual est\u00e1 bastante por encima de la media europea recomendada de cinco y de 21,3 camas por cada 100 mayores de 80 a\u00f1os, cuando la media espa\u00f1ola est\u00e1 en 12 camas.<\/p>\n\n\n\n<p>En 2022 seg\u00fan la base de datos del buscador y comparador de residencias inforesidencias.com hay 52 residencias de&nbsp;mayores en \u00c1vila, con un total de casi 3.500 camas disponibles, y con bastantes proyectos en marcha ya que se est\u00e1 viendo reforzado con una nueva inyecci\u00f3n de dinero procedente del \u201cPlan de Recuperaci\u00f3n, Transformaci\u00f3n y Resilencia\u201d del Gobierno de Espa\u00f1a, para el reparto del Fondo de Recuperaci\u00f3n Europeo, para mitigar los efectos socioecon\u00f3micos de la pandemia y una parte de este importe ir\u00e1 para inversiones en residencias para la tercera edad, sobre todo de car\u00e1cter p\u00fablico.<\/p>\n\n\n\n<p>Si miramos la comunidad de Castilla La Mancha, tenemos 646 centros geri\u00e1tricos operativos, con unas 43.305 plazas.&nbsp;&nbsp; En los \u00faltimos 3 a\u00f1os se ha producido una&nbsp;<strong>gran inversi\u00f3n en centros geri\u00e1tricos<\/strong>&nbsp;y centros de d\u00eda en todas las provincias de esta comunidad.&nbsp; Tanto a trav\u00e9s de compras y ampliaciones de residencias existentes, como en la creaci\u00f3n de nuevas residencias.<\/p>\n\n\n\n<h3 class=\"wp-block-heading\">Datos de inter\u00e9s: <\/h3>\n\n\n\n<p>Los&nbsp;<strong>cinco grupo<\/strong>s que est\u00e1n siendo m\u00e1s activos en esta comunidad son:<\/p>\n\n\n\n<ul><li>Grupo Clece Divisi\u00f3n de Mayores<\/li><li>Grupo Colis\u00e9e Espa\u00f1a<\/li><li>Grupo Domus VI<\/li><li>Asociaci\u00f3n Edad Dorada<\/li><li>C\u00e1ritas Espa\u00f1ola<\/li><\/ul>\n\n\n\n<p>Es una comunidad donde las camas geri\u00e1tricas est\u00e1n divididas de la siguiente forma:<\/p>\n\n\n\n<ul><li>41% Promotores privados (grupos y particulares)<\/li><li>27% Tercer sector<\/li><li>32% P\u00fablico, dividido entre:<ul><li>14% Publico municipal<\/li><\/ul><ul><li>8% P\u00fablico auton\u00f3mico<\/li><\/ul><ul><li>7% P\u00fablico estatal<\/li><\/ul><ul><li>3% Concesiones administrativas de obra y explotaci\u00f3n<\/li><\/ul><\/li><\/ul>\n\n\n\n<p>Para tener una idea de las residencias&nbsp;de mayores de esta comunidad, desde la pagina web de la&nbsp;<a href=\"http:\/\/www.jcyl.es\/web\/jcyl\/Portada\/es\/Plantilla100Directorio\/1248366924958\/0\/1142233532297\/DirectorioPadre\">Junta de Castilla y Le\u00f3n<\/a>&nbsp;se puede tener acceso, y tambi\u00e9n desde el buscador y comparador&nbsp;<a href=\"https:\/\/www.inforesidencias.com\/centros\/buscador\/residencias\/castilla-leon\"><strong>inforesidencias.com<\/strong><\/a>&nbsp;puedes encontrar todas las residencias ordenadas por provincia y puedes seleccionarlo por poblaci\u00f3n, precio, e incluso, por<a href=\"https:\/\/www.inforesidencias.com\/contenidos\/mayores-y-familia\/nacional\/que-es-el-indicador-de-transparencia-de-las-residencias\" target=\"_blank\" rel=\"noreferrer noopener\">&nbsp;\u00edndice de transparencia:<\/a><\/p>\n\n\n\n<ul><li>Residencias de 3\u00aa edad en&nbsp;<a href=\"https:\/\/www.inforesidencias.com\/centros\/buscador\/residencias\/castilla-leon\/valladolid\">Valladolid<\/a><\/li><li>Residencias de 3\u00aa edad en&nbsp;<a href=\"https:\/\/www.inforesidencias.com\/centros\/buscador\/residencias\/castilla-leon\/leon\">Le\u00f3n<\/a><\/li><li>Residencias de 3\u00aa edad en&nbsp;<a href=\"https:\/\/www.inforesidencias.com\/centros\/buscador\/residencias\/castilla-leon\/salamanca\">Salamanca<\/a><\/li><li>Residencias de 3\u00aa edad en&nbsp;<a href=\"https:\/\/www.inforesidencias.com\/centros\/buscador\/residencias\/castilla-leon\/burgos\">Burgos<\/a><\/li><li>Residencias de 3\u00aa edad en&nbsp;<a href=\"https:\/\/www.inforesidencias.com\/centros\/buscador\/residencias\/castilla-leon\/segovia\">Segovia<\/a><\/li><li>Residencias de 3\u00aa edad en&nbsp;<a href=\"https:\/\/www.inforesidencias.com\/centros\/buscador\/residencias\/castilla-leon\/zamora\">Zamora<\/a><\/li><li>Residencias de 3\u00aa edad en&nbsp;<a href=\"https:\/\/www.inforesidencias.com\/centros\/buscador\/residencias\/castilla-leon\/avila\">\u00c1vila<\/a><\/li><li>Residencias de 3\u00aa edad en&nbsp;<a href=\"https:\/\/www.inforesidencias.com\/centros\/buscador\/residencias\/castilla-leon\/soria\">Soria<\/a><\/li><li>Residencias de 3\u00aa edad en&nbsp;<a href=\"https:\/\/www.inforesidencias.com\/centros\/buscador\/residencias\/castilla-leon\/palencia\">Palencia<\/a><\/li><\/ul>\n","protected":false},"excerpt":{"rendered":"<p>Seg\u00fan varios organismos existe una recomendaci\u00f3n de que haya 5 camas geri\u00e1tricas por cada 100 habitantes de m\u00e1s de 65 a\u00f1os. Pero, \u00bfQu\u00e9 ratio de camas geri\u00e1tricas tiene \u00c1vila?&nbsp; El ratio de camas geri\u00e1tricas de la provincia de \u00c1vila es de 7,9 camas geri\u00e1tricas por cada 65 personas mayores de 65 a\u00f1os, uno de los m\u00e1s altos y mejores de Espa\u00f1a. Est\u00e1 por encima del ratio de la comunidad que es de 6,97 y bastante por encima del ratio de la media del estado espa\u00f1ol que es de 4,04. \u00c1vila es una de las siete provincias de la comunidad aut\u00f3noma de Castilla y Le\u00f3n.&nbsp; Hay que recordar que \u00e9sta&nbsp;es una de las comunidades m\u00e1s envejecidas de Espa\u00f1a, donde las&nbsp;residencias&nbsp;de mayores, en sus diferentes modalidades representan una importante opci\u00f3n vital para muchos de sus habitantes de la tercera edad.&nbsp; Datos b\u00e1sicos: Poblaci\u00f3n de \u00c1vila: 117.647.&nbsp; Representa el 7,1% de la poblaci\u00f3n [&hellip;]<\/p>\n","protected":false},"author":2,"featured_media":0,"comment_status":"open","ping_status":"open","sticky":false,"template":"","format":"standard","meta":{"footnotes":""},"categories":[1],"tags":[],"yoast_head":"<!-- This site is optimized with the Yoast SEO plugin v21.7 - https:\/\/yoast.com\/wordpress\/plugins\/seo\/ -->\n<title>\u00bfCu\u00e1l es el ratio de camas geri\u00e1tricas de \u00c1vila? - Blog Inforesidencias.com<\/title>\n<meta name=\"description\" content=\"El ratio de camas geri\u00e1tricas de la provincia de \u00c1vila es de 7,9 camas geri\u00e1tricas por cada 65 personas mayores de 65 a\u00f1os\" \/>\n<meta name=\"robots\" content=\"index, follow, max-snippet:-1, max-image-preview:large, max-video-preview:-1\" \/>\n<link rel=\"canonical\" href=\"https:\/\/www.inforesidencias.com\/blog\/index.php\/2022\/06\/01\/cual-es-el-ratio-de-camas-geriatricas-de-avila\/\" \/>\n<meta property=\"og:locale\" content=\"es_ES\" \/>\n<meta property=\"og:type\" content=\"article\" \/>\n<meta property=\"og:title\" content=\"\u00bfCu\u00e1l es el ratio de camas geri\u00e1tricas de \u00c1vila? - Blog Inforesidencias.com\" \/>\n<meta property=\"og:description\" content=\"El ratio de camas geri\u00e1tricas de la provincia de \u00c1vila es de 7,9 camas geri\u00e1tricas por cada 65 personas mayores de 65 a\u00f1os\" \/>\n<meta property=\"og:url\" content=\"https:\/\/www.inforesidencias.com\/blog\/index.php\/2022\/06\/01\/cual-es-el-ratio-de-camas-geriatricas-de-avila\/\" \/>\n<meta property=\"og:site_name\" content=\"Blog Inforesidencias.com\" \/>\n<meta property=\"article:publisher\" content=\"https:\/\/www.facebook.com\/Inforesidencias\/\" \/>\n<meta property=\"article:author\" content=\"https:\/\/www.facebook.com\/josep.demarti\" \/>\n<meta property=\"article:published_time\" content=\"2022-06-01T06:02:00+00:00\" \/>\n<meta property=\"article:modified_time\" content=\"2022-05-31T14:12:15+00:00\" \/>\n<meta property=\"og:image\" content=\"https:\/\/www.inforesidencias.com\/resources\/public\/biblioteca\/imagenes\/contenidos\/noticias\/avila.jpg\" \/>\n<meta name=\"author\" content=\"Josep de Mart\u00ed\" \/>\n<meta name=\"twitter:card\" content=\"summary_large_image\" \/>\n<meta name=\"twitter:creator\" content=\"@blog-ir\" \/>\n<meta name=\"twitter:site\" content=\"@inforesidencias\" \/>\n<meta name=\"twitter:label1\" content=\"Escrito por\" \/>\n\t<meta name=\"twitter:data1\" content=\"Josep de Mart\u00ed\" \/>\n\t<meta name=\"twitter:label2\" content=\"Tiempo de lectura\" \/>\n\t<meta name=\"twitter:data2\" content=\"4 minutos\" \/>\n<script type=\"application\/ld+json\" class=\"yoast-schema-graph\">{\"@context\":\"https:\/\/schema.org\",\"@graph\":[{\"@type\":\"WebPage\",\"@id\":\"https:\/\/www.inforesidencias.com\/blog\/index.php\/2022\/06\/01\/cual-es-el-ratio-de-camas-geriatricas-de-avila\/\",\"url\":\"https:\/\/www.inforesidencias.com\/blog\/index.php\/2022\/06\/01\/cual-es-el-ratio-de-camas-geriatricas-de-avila\/\",\"name\":\"\u00bfCu\u00e1l es el ratio de camas geri\u00e1tricas de \u00c1vila? - Blog Inforesidencias.com\",\"isPartOf\":{\"@id\":\"https:\/\/www.inforesidencias.com\/blog\/#website\"},\"datePublished\":\"2022-06-01T06:02:00+00:00\",\"dateModified\":\"2022-05-31T14:12:15+00:00\",\"author\":{\"@id\":\"https:\/\/www.inforesidencias.com\/blog\/#\/schema\/person\/9e146774d1eb3bc1c0316242a3898628\"},\"description\":\"El ratio de camas geri\u00e1tricas de la provincia de \u00c1vila es de 7,9 camas geri\u00e1tricas por cada 65 personas mayores de 65 a\u00f1os\",\"breadcrumb\":{\"@id\":\"https:\/\/www.inforesidencias.com\/blog\/index.php\/2022\/06\/01\/cual-es-el-ratio-de-camas-geriatricas-de-avila\/#breadcrumb\"},\"inLanguage\":\"es\",\"potentialAction\":[{\"@type\":\"ReadAction\",\"target\":[\"https:\/\/www.inforesidencias.com\/blog\/index.php\/2022\/06\/01\/cual-es-el-ratio-de-camas-geriatricas-de-avila\/\"]}]},{\"@type\":\"BreadcrumbList\",\"@id\":\"https:\/\/www.inforesidencias.com\/blog\/index.php\/2022\/06\/01\/cual-es-el-ratio-de-camas-geriatricas-de-avila\/#breadcrumb\",\"itemListElement\":[{\"@type\":\"ListItem\",\"position\":1,\"name\":\"Home\",\"item\":\"https:\/\/www.inforesidencias.com\/blog\/\"},{\"@type\":\"ListItem\",\"position\":2,\"name\":\"\u00bfCu\u00e1l es el ratio de camas geri\u00e1tricas de \u00c1vila?\"}]},{\"@type\":\"WebSite\",\"@id\":\"https:\/\/www.inforesidencias.com\/blog\/#website\",\"url\":\"https:\/\/www.inforesidencias.com\/blog\/\",\"name\":\"Blog Inforesidencias.com\",\"description\":\"El buscador de residencias de la 3\u00aa edad\",\"potentialAction\":[{\"@type\":\"SearchAction\",\"target\":{\"@type\":\"EntryPoint\",\"urlTemplate\":\"https:\/\/www.inforesidencias.com\/blog\/?s={search_term_string}\"},\"query-input\":\"required name=search_term_string\"}],\"inLanguage\":\"es\"},{\"@type\":\"Person\",\"@id\":\"https:\/\/www.inforesidencias.com\/blog\/#\/schema\/person\/9e146774d1eb3bc1c0316242a3898628\",\"name\":\"Josep de Mart\u00ed\",\"image\":{\"@type\":\"ImageObject\",\"inLanguage\":\"es\",\"@id\":\"https:\/\/www.inforesidencias.com\/blog\/#\/schema\/person\/image\/\",\"url\":\"https:\/\/secure.gravatar.com\/avatar\/de0302c4806c00c4cebff396a798c1ff?s=96&d=mm&r=g\",\"contentUrl\":\"https:\/\/secure.gravatar.com\/avatar\/de0302c4806c00c4cebff396a798c1ff?s=96&d=mm&r=g\",\"caption\":\"Josep de Mart\u00ed\"},\"sameAs\":[\"https:\/\/www.inforesidencias.com\",\"https:\/\/www.facebook.com\/josep.demarti\",\"https:\/\/twitter.com\/blog-ir\"],\"url\":\"https:\/\/www.inforesidencias.com\/blog\/index.php\/author\/josepdemarti\/\"}]}<\/script>\n<!-- \/ Yoast SEO plugin. -->","yoast_head_json":{"title":"\u00bfCu\u00e1l es el ratio de camas geri\u00e1tricas de \u00c1vila? - Blog Inforesidencias.com","description":"El ratio de camas geri\u00e1tricas de la provincia de \u00c1vila es de 7,9 camas geri\u00e1tricas por cada 65 personas mayores de 65 a\u00f1os","robots":{"index":"index","follow":"follow","max-snippet":"max-snippet:-1","max-image-preview":"max-image-preview:large","max-video-preview":"max-video-preview:-1"},"canonical":"https:\/\/www.inforesidencias.com\/blog\/index.php\/2022\/06\/01\/cual-es-el-ratio-de-camas-geriatricas-de-avila\/","og_locale":"es_ES","og_type":"article","og_title":"\u00bfCu\u00e1l es el ratio de camas geri\u00e1tricas de \u00c1vila? - Blog Inforesidencias.com","og_description":"El ratio de camas geri\u00e1tricas de la provincia de \u00c1vila es de 7,9 camas geri\u00e1tricas por cada 65 personas mayores de 65 a\u00f1os","og_url":"https:\/\/www.inforesidencias.com\/blog\/index.php\/2022\/06\/01\/cual-es-el-ratio-de-camas-geriatricas-de-avila\/","og_site_name":"Blog Inforesidencias.com","article_publisher":"https:\/\/www.facebook.com\/Inforesidencias\/","article_author":"https:\/\/www.facebook.com\/josep.demarti","article_published_time":"2022-06-01T06:02:00+00:00","article_modified_time":"2022-05-31T14:12:15+00:00","og_image":[{"url":"https:\/\/www.inforesidencias.com\/resources\/public\/biblioteca\/imagenes\/contenidos\/noticias\/avila.jpg"}],"author":"Josep de Mart\u00ed","twitter_card":"summary_large_image","twitter_creator":"@blog-ir","twitter_site":"@inforesidencias","twitter_misc":{"Escrito por":"Josep de Mart\u00ed","Tiempo de lectura":"4 minutos"},"schema":{"@context":"https:\/\/schema.org","@graph":[{"@type":"WebPage","@id":"https:\/\/www.inforesidencias.com\/blog\/index.php\/2022\/06\/01\/cual-es-el-ratio-de-camas-geriatricas-de-avila\/","url":"https:\/\/www.inforesidencias.com\/blog\/index.php\/2022\/06\/01\/cual-es-el-ratio-de-camas-geriatricas-de-avila\/","name":"\u00bfCu\u00e1l es el ratio de camas geri\u00e1tricas de \u00c1vila? - Blog Inforesidencias.com","isPartOf":{"@id":"https:\/\/www.inforesidencias.com\/blog\/#website"},"datePublished":"2022-06-01T06:02:00+00:00","dateModified":"2022-05-31T14:12:15+00:00","author":{"@id":"https:\/\/www.inforesidencias.com\/blog\/#\/schema\/person\/9e146774d1eb3bc1c0316242a3898628"},"description":"El ratio de camas geri\u00e1tricas de la provincia de \u00c1vila es de 7,9 camas geri\u00e1tricas por cada 65 personas mayores de 65 a\u00f1os","breadcrumb":{"@id":"https:\/\/www.inforesidencias.com\/blog\/index.php\/2022\/06\/01\/cual-es-el-ratio-de-camas-geriatricas-de-avila\/#breadcrumb"},"inLanguage":"es","potentialAction":[{"@type":"ReadAction","target":["https:\/\/www.inforesidencias.com\/blog\/index.php\/2022\/06\/01\/cual-es-el-ratio-de-camas-geriatricas-de-avila\/"]}]},{"@type":"BreadcrumbList","@id":"https:\/\/www.inforesidencias.com\/blog\/index.php\/2022\/06\/01\/cual-es-el-ratio-de-camas-geriatricas-de-avila\/#breadcrumb","itemListElement":[{"@type":"ListItem","position":1,"name":"Home","item":"https:\/\/www.inforesidencias.com\/blog\/"},{"@type":"ListItem","position":2,"name":"\u00bfCu\u00e1l es el ratio de camas geri\u00e1tricas de \u00c1vila?"}]},{"@type":"WebSite","@id":"https:\/\/www.inforesidencias.com\/blog\/#website","url":"https:\/\/www.inforesidencias.com\/blog\/","name":"Blog Inforesidencias.com","description":"El buscador de residencias de la 3\u00aa edad","potentialAction":[{"@type":"SearchAction","target":{"@type":"EntryPoint","urlTemplate":"https:\/\/www.inforesidencias.com\/blog\/?s={search_term_string}"},"query-input":"required name=search_term_string"}],"inLanguage":"es"},{"@type":"Person","@id":"https:\/\/www.inforesidencias.com\/blog\/#\/schema\/person\/9e146774d1eb3bc1c0316242a3898628","name":"Josep de Mart\u00ed","image":{"@type":"ImageObject","inLanguage":"es","@id":"https:\/\/www.inforesidencias.com\/blog\/#\/schema\/person\/image\/","url":"https:\/\/secure.gravatar.com\/avatar\/de0302c4806c00c4cebff396a798c1ff?s=96&d=mm&r=g","contentUrl":"https:\/\/secure.gravatar.com\/avatar\/de0302c4806c00c4cebff396a798c1ff?s=96&d=mm&r=g","caption":"Josep de Mart\u00ed"},"sameAs":["https:\/\/www.inforesidencias.com","https:\/\/www.facebook.com\/josep.demarti","https:\/\/twitter.com\/blog-ir"],"url":"https:\/\/www.inforesidencias.com\/blog\/index.php\/author\/josepdemarti\/"}]}},"_links":{"self":[{"href":"https:\/\/www.inforesidencias.com\/blog\/index.php\/wp-json\/wp\/v2\/posts\/5697"}],"collection":[{"href":"https:\/\/www.inforesidencias.com\/blog\/index.php\/wp-json\/wp\/v2\/posts"}],"about":[{"href":"https:\/\/www.inforesidencias.com\/blog\/index.php\/wp-json\/wp\/v2\/types\/post"}],"author":[{"embeddable":true,"href":"https:\/\/www.inforesidencias.com\/blog\/index.php\/wp-json\/wp\/v2\/users\/2"}],"replies":[{"embeddable":true,"href":"https:\/\/www.inforesidencias.com\/blog\/index.php\/wp-json\/wp\/v2\/comments?post=5697"}],"version-history":[{"count":4,"href":"https:\/\/www.inforesidencias.com\/blog\/index.php\/wp-json\/wp\/v2\/posts\/5697\/revisions"}],"predecessor-version":[{"id":5713,"href":"https:\/\/www.inforesidencias.com\/blog\/index.php\/wp-json\/wp\/v2\/posts\/5697\/revisions\/5713"}],"wp:attachment":[{"href":"https:\/\/www.inforesidencias.com\/blog\/index.php\/wp-json\/wp\/v2\/media?parent=5697"}],"wp:term":[{"taxonomy":"category","embeddable":true,"href":"https:\/\/www.inforesidencias.com\/blog\/index.php\/wp-json\/wp\/v2\/categories?post=5697"},{"taxonomy":"post_tag","embeddable":true,"href":"https:\/\/www.inforesidencias.com\/blog\/index.php\/wp-json\/wp\/v2\/tags?post=5697"}],"curies":[{"name":"wp","href":"https:\/\/api.w.org\/{rel}","templated":true}]}}