{"id":5751,"date":"2022-06-09T09:35:04","date_gmt":"2022-06-09T08:35:04","guid":{"rendered":"https:\/\/www.inforesidencias.com\/blog\/?p=5751"},"modified":"2022-06-09T09:35:52","modified_gmt":"2022-06-09T08:35:52","slug":"descubriendo-la-residencia-lonada-alcanar","status":"publish","type":"post","link":"https:\/\/www.inforesidencias.com\/blog\/index.php\/2022\/06\/09\/descubriendo-la-residencia-lonada-alcanar\/","title":{"rendered":"Descubriendo la residencia l&#8217;Onada Alcanar"},"content":{"rendered":"\n<p><\/p>\n\n\n\n<p><\/p>\n\n\n\n<p>El programa del <a href=\"https:\/\/www.estelfitxers.com\/audio\/2021-2022\/20220604-13_00TEMPSDEBENESTAR.MP3\">s\u00e1bado 4 de junio<\/a> de \u00ab\u00c9s gran ser gran\u00bb arranc\u00f3 con una reflexi\u00f3n grabada de Josep de Marti en la que habla de la necesidad de transparencia del sector de las residencias para dar una buena respuesta a la desconfianza en el sector que se acentu\u00f3 sobretodo durante los momentos m\u00e1s duros de la pandemia.<\/p>\n\n\n\n<div class=\"wp-block-image\"><figure class=\"alignleft size-large is-resized\"><img decoding=\"async\" loading=\"lazy\" src=\"https:\/\/www.inforesidencias.com\/blog\/wp-content\/uploads\/2022\/06\/lOnada-Alcanar-1024x687.png\" alt=\"\" class=\"wp-image-5758\" width=\"359\" height=\"242\" srcset=\"https:\/\/www.inforesidencias.com\/blog\/wp-content\/uploads\/2022\/06\/lOnada-Alcanar-1024x687.png 1024w, https:\/\/www.inforesidencias.com\/blog\/wp-content\/uploads\/2022\/06\/lOnada-Alcanar-300x201.png 300w, https:\/\/www.inforesidencias.com\/blog\/wp-content\/uploads\/2022\/06\/lOnada-Alcanar-768x515.png 768w, https:\/\/www.inforesidencias.com\/blog\/wp-content\/uploads\/2022\/06\/lOnada-Alcanar-1536x1031.png 1536w, https:\/\/www.inforesidencias.com\/blog\/wp-content\/uploads\/2022\/06\/lOnada-Alcanar.png 1952w\" sizes=\"(max-width: 359px) 100vw, 359px\" \/><figcaption>exterior l&#8217;Onada Alcanar<\/figcaption><\/figure><\/div>\n\n\n\n<p>Para la entrevista de ese s\u00e1bado soleado, contamos con Lorena B\u00f2ria, directora de la<a href=\"https:\/\/www.inforesidencias.com\/centros\/residencia\/23\/residencia-l-onada-d-alcanar\"> residencia l&#8217;Onada Alcanar<\/a>. De la mano de Lorena, descubrimos un poco m\u00e1s de esta residencia situada bien al sur de Catalu\u00f1a. Aprovechamos tambi\u00e9n para que como directora del centro, nos  contara que mecanismos y terapias utilizan para trabajar con las personas con deterioro cognitivo y que presentan miedos e inseguridades en su d\u00eda a d\u00eda debido a su estado. Asimismo aprovechamos para hablar on la Sra. Asunci\u00f3n Bel y conocer que actividades hace en su d\u00eda a dia en la residencia de l&#8217;onada Alcanar.<\/p>\n\n\n\n<p>Para acabar, en la consulta del trabajador social, pensamos que ser\u00eda buena idea hablar de cuando es el momento para <a rel=\"noreferrer noopener\" href=\"https:\/\/www.inforesidencias.com\/blog\/index.php\/2022\/05\/29\/cuando-es-el-momento-de-contratar-a-una-cuidadora\/\" target=\"_blank\">contratar a un cuidadora profesional <\/a>para que nos proporcione ayuda en nuestro hogar. Descubrimos que no hay un solo momento, sino varios, y a veces entrelazados<\/p>\n\n\n\n<p>El programa del <a href=\"https:\/\/www.estelfitxers.com\/audio\/2021-2022\/20220605-13_00TEMPSDEBENESTAR.MP3\" target=\"_blank\" rel=\"noreferrer noopener\">domingo 5 de junio<\/a>, dio inicio hablando de cosas que duelen. Y pocas cosas duelen m\u00e1s que las ca\u00eddas. Por eso, Carles explic\u00f3 un estudio elaborado por la fundaci\u00f3n Mapfre que ha analizado a fondo muchos aspectos relacionados con las ca\u00eddas de las personas mayores<\/p>\n\n\n\n<p>En los minutos par la entrevista, contamos para ese domingo con S\u00f2nia Shah, gerente del <a href=\"https:\/\/www.inforesidencias.com\/centros\/residencia\/12157\/centre-de-dia-vincles\" target=\"_blank\" rel=\"noreferrer noopener\">centro de d\u00eda Vincles<\/a> y de Senior Coach. En esta ocasi\u00f3n, la invitamos a hablar sobre la depresi\u00f3n y en concreto sobre la depresi\u00f3n en personas mayores. Para profundizar sobre el tema S\u00f2nia nos respondi\u00f3 cuestiones tan importantes como por ejemplo cuales son las causas m\u00e1s habituales de depresi\u00f3n y las terapias alternativas a las ya conocidas terapias farmacol\u00f3gicas. Adem\u00e1s, tambi\u00e9n hablamos de la soledad como factor de riesgo que puede llevar a tener depresi\u00f3n.<\/p>\n\n\n\n<p>En la bolsa de empleo, pensamos que ser\u00eda bueno hacer una secci\u00f3n con un toque de humor y hablamos de algunos de los trabajos m\u00e1s extra\u00f1os del mundo, como ser paseador de patos en un hotel. Para acabar la semana y el programa, en la consulta del trabajador social dimos algunos consejos sobre como convencer a un familiar que pensamos que tiene alzheimer para acudir al m\u00e9dico.<\/p>\n\n\n\n<p>Te puede interesar:<\/p>\n\n\n\n<p>Esta vez hemos entrevistado a profesionales y residentes de la residencia l&#8217;Onada Alcanar, pero en anteriores ocasiones hemos entrevistado a otras residencias de l<a href=\"https:\/\/www.inforesidencias.com\/blog\/?s=onada\">&#8216;Onada<\/a>.<\/p>\n","protected":false},"excerpt":{"rendered":"<p>El programa del s\u00e1bado 4 de junio de \u00ab\u00c9s gran ser gran\u00bb arranc\u00f3 con una reflexi\u00f3n grabada de Josep de Marti en la que habla de la necesidad de transparencia del sector de las residencias para dar una buena respuesta a la desconfianza en el sector que se acentu\u00f3 sobretodo durante los momentos m\u00e1s duros de la pandemia. Para la entrevista de ese s\u00e1bado soleado, contamos con Lorena B\u00f2ria, directora de la residencia l&#8217;Onada Alcanar. De la mano de Lorena, descubrimos un poco m\u00e1s de esta residencia situada bien al sur de Catalu\u00f1a. Aprovechamos tambi\u00e9n para que como directora del centro, nos contara que mecanismos y terapias utilizan para trabajar con las personas con deterioro cognitivo y que presentan miedos e inseguridades en su d\u00eda a d\u00eda debido a su estado. Asimismo aprovechamos para hablar on la Sra. Asunci\u00f3n Bel y conocer que actividades hace en su d\u00eda a dia [&hellip;]<\/p>\n","protected":false},"author":2,"featured_media":5758,"comment_status":"open","ping_status":"open","sticky":false,"template":"","format":"standard","meta":{"footnotes":""},"categories":[1],"tags":[],"yoast_head":"<!-- This site is optimized with the Yoast SEO plugin v21.7 - https:\/\/yoast.com\/wordpress\/plugins\/seo\/ -->\n<title>Descubriendo la residencia l&#039;Onada Alcanar - Blog Inforesidencias.com<\/title>\n<meta name=\"description\" content=\"Entrevistamos la directora de la residencia l&#039;Onada Alcanar y tambii\u00e9n a S\u00f2nia Shah, de Senior Coach para hablar de la depresi\u00f3n en ancianos\" \/>\n<meta name=\"robots\" content=\"index, follow, max-snippet:-1, max-image-preview:large, max-video-preview:-1\" \/>\n<link rel=\"canonical\" href=\"https:\/\/www.inforesidencias.com\/blog\/index.php\/2022\/06\/09\/descubriendo-la-residencia-lonada-alcanar\/\" \/>\n<meta property=\"og:locale\" content=\"es_ES\" \/>\n<meta property=\"og:type\" content=\"article\" \/>\n<meta property=\"og:title\" content=\"Descubriendo la residencia l&#039;Onada Alcanar - Blog Inforesidencias.com\" \/>\n<meta property=\"og:description\" content=\"Entrevistamos la directora de la residencia l&#039;Onada Alcanar y tambii\u00e9n a S\u00f2nia Shah, de Senior Coach para hablar de la depresi\u00f3n en ancianos\" \/>\n<meta property=\"og:url\" content=\"https:\/\/www.inforesidencias.com\/blog\/index.php\/2022\/06\/09\/descubriendo-la-residencia-lonada-alcanar\/\" \/>\n<meta property=\"og:site_name\" content=\"Blog Inforesidencias.com\" \/>\n<meta property=\"article:publisher\" content=\"https:\/\/www.facebook.com\/Inforesidencias\/\" \/>\n<meta property=\"article:author\" content=\"https:\/\/www.facebook.com\/josep.demarti\" \/>\n<meta property=\"article:published_time\" content=\"2022-06-09T08:35:04+00:00\" \/>\n<meta property=\"article:modified_time\" content=\"2022-06-09T08:35:52+00:00\" \/>\n<meta property=\"og:image\" content=\"https:\/\/www.inforesidencias.com\/blog\/wp-content\/uploads\/2022\/06\/lOnada-Alcanar-1024x687.png\" \/>\n\t<meta property=\"og:image:width\" content=\"1024\" \/>\n\t<meta property=\"og:image:height\" content=\"687\" \/>\n\t<meta property=\"og:image:type\" content=\"image\/png\" \/>\n<meta name=\"author\" content=\"Josep de Mart\u00ed\" \/>\n<meta name=\"twitter:card\" content=\"summary_large_image\" \/>\n<meta name=\"twitter:creator\" content=\"@blog-ir\" \/>\n<meta name=\"twitter:site\" content=\"@inforesidencias\" \/>\n<meta name=\"twitter:label1\" content=\"Escrito por\" \/>\n\t<meta name=\"twitter:data1\" content=\"Josep de Mart\u00ed\" \/>\n\t<meta name=\"twitter:label2\" content=\"Tiempo de lectura\" \/>\n\t<meta name=\"twitter:data2\" content=\"2 minutos\" \/>\n<script type=\"application\/ld+json\" class=\"yoast-schema-graph\">{\"@context\":\"https:\/\/schema.org\",\"@graph\":[{\"@type\":\"WebPage\",\"@id\":\"https:\/\/www.inforesidencias.com\/blog\/index.php\/2022\/06\/09\/descubriendo-la-residencia-lonada-alcanar\/\",\"url\":\"https:\/\/www.inforesidencias.com\/blog\/index.php\/2022\/06\/09\/descubriendo-la-residencia-lonada-alcanar\/\",\"name\":\"Descubriendo la residencia l'Onada Alcanar - Blog Inforesidencias.com\",\"isPartOf\":{\"@id\":\"https:\/\/www.inforesidencias.com\/blog\/#website\"},\"datePublished\":\"2022-06-09T08:35:04+00:00\",\"dateModified\":\"2022-06-09T08:35:52+00:00\",\"author\":{\"@id\":\"https:\/\/www.inforesidencias.com\/blog\/#\/schema\/person\/9e146774d1eb3bc1c0316242a3898628\"},\"description\":\"Entrevistamos la directora de la residencia l'Onada Alcanar y tambii\u00e9n a S\u00f2nia Shah, de Senior Coach para hablar de la depresi\u00f3n en ancianos\",\"breadcrumb\":{\"@id\":\"https:\/\/www.inforesidencias.com\/blog\/index.php\/2022\/06\/09\/descubriendo-la-residencia-lonada-alcanar\/#breadcrumb\"},\"inLanguage\":\"es\",\"potentialAction\":[{\"@type\":\"ReadAction\",\"target\":[\"https:\/\/www.inforesidencias.com\/blog\/index.php\/2022\/06\/09\/descubriendo-la-residencia-lonada-alcanar\/\"]}]},{\"@type\":\"BreadcrumbList\",\"@id\":\"https:\/\/www.inforesidencias.com\/blog\/index.php\/2022\/06\/09\/descubriendo-la-residencia-lonada-alcanar\/#breadcrumb\",\"itemListElement\":[{\"@type\":\"ListItem\",\"position\":1,\"name\":\"Home\",\"item\":\"https:\/\/www.inforesidencias.com\/blog\/\"},{\"@type\":\"ListItem\",\"position\":2,\"name\":\"Descubriendo la residencia l&#8217;Onada Alcanar\"}]},{\"@type\":\"WebSite\",\"@id\":\"https:\/\/www.inforesidencias.com\/blog\/#website\",\"url\":\"https:\/\/www.inforesidencias.com\/blog\/\",\"name\":\"Blog Inforesidencias.com\",\"description\":\"El buscador de residencias de la 3\u00aa edad\",\"potentialAction\":[{\"@type\":\"SearchAction\",\"target\":{\"@type\":\"EntryPoint\",\"urlTemplate\":\"https:\/\/www.inforesidencias.com\/blog\/?s={search_term_string}\"},\"query-input\":\"required name=search_term_string\"}],\"inLanguage\":\"es\"},{\"@type\":\"Person\",\"@id\":\"https:\/\/www.inforesidencias.com\/blog\/#\/schema\/person\/9e146774d1eb3bc1c0316242a3898628\",\"name\":\"Josep de Mart\u00ed\",\"image\":{\"@type\":\"ImageObject\",\"inLanguage\":\"es\",\"@id\":\"https:\/\/www.inforesidencias.com\/blog\/#\/schema\/person\/image\/\",\"url\":\"https:\/\/secure.gravatar.com\/avatar\/de0302c4806c00c4cebff396a798c1ff?s=96&d=mm&r=g\",\"contentUrl\":\"https:\/\/secure.gravatar.com\/avatar\/de0302c4806c00c4cebff396a798c1ff?s=96&d=mm&r=g\",\"caption\":\"Josep de Mart\u00ed\"},\"sameAs\":[\"https:\/\/www.inforesidencias.com\",\"https:\/\/www.facebook.com\/josep.demarti\",\"https:\/\/twitter.com\/blog-ir\"],\"url\":\"https:\/\/www.inforesidencias.com\/blog\/index.php\/author\/josepdemarti\/\"}]}<\/script>\n<!-- \/ Yoast SEO plugin. -->","yoast_head_json":{"title":"Descubriendo la residencia l'Onada Alcanar - Blog Inforesidencias.com","description":"Entrevistamos la directora de la residencia l'Onada Alcanar y tambii\u00e9n a S\u00f2nia Shah, de Senior Coach para hablar de la depresi\u00f3n en ancianos","robots":{"index":"index","follow":"follow","max-snippet":"max-snippet:-1","max-image-preview":"max-image-preview:large","max-video-preview":"max-video-preview:-1"},"canonical":"https:\/\/www.inforesidencias.com\/blog\/index.php\/2022\/06\/09\/descubriendo-la-residencia-lonada-alcanar\/","og_locale":"es_ES","og_type":"article","og_title":"Descubriendo la residencia l'Onada Alcanar - Blog Inforesidencias.com","og_description":"Entrevistamos la directora de la residencia l'Onada Alcanar y tambii\u00e9n a S\u00f2nia Shah, de Senior Coach para hablar de la depresi\u00f3n en ancianos","og_url":"https:\/\/www.inforesidencias.com\/blog\/index.php\/2022\/06\/09\/descubriendo-la-residencia-lonada-alcanar\/","og_site_name":"Blog Inforesidencias.com","article_publisher":"https:\/\/www.facebook.com\/Inforesidencias\/","article_author":"https:\/\/www.facebook.com\/josep.demarti","article_published_time":"2022-06-09T08:35:04+00:00","article_modified_time":"2022-06-09T08:35:52+00:00","og_image":[{"width":1024,"height":687,"url":"https:\/\/www.inforesidencias.com\/blog\/wp-content\/uploads\/2022\/06\/lOnada-Alcanar-1024x687.png","type":"image\/png"}],"author":"Josep de Mart\u00ed","twitter_card":"summary_large_image","twitter_creator":"@blog-ir","twitter_site":"@inforesidencias","twitter_misc":{"Escrito por":"Josep de Mart\u00ed","Tiempo de lectura":"2 minutos"},"schema":{"@context":"https:\/\/schema.org","@graph":[{"@type":"WebPage","@id":"https:\/\/www.inforesidencias.com\/blog\/index.php\/2022\/06\/09\/descubriendo-la-residencia-lonada-alcanar\/","url":"https:\/\/www.inforesidencias.com\/blog\/index.php\/2022\/06\/09\/descubriendo-la-residencia-lonada-alcanar\/","name":"Descubriendo la residencia l'Onada Alcanar - Blog Inforesidencias.com","isPartOf":{"@id":"https:\/\/www.inforesidencias.com\/blog\/#website"},"datePublished":"2022-06-09T08:35:04+00:00","dateModified":"2022-06-09T08:35:52+00:00","author":{"@id":"https:\/\/www.inforesidencias.com\/blog\/#\/schema\/person\/9e146774d1eb3bc1c0316242a3898628"},"description":"Entrevistamos la directora de la residencia l'Onada Alcanar y tambii\u00e9n a S\u00f2nia Shah, de Senior Coach para hablar de la depresi\u00f3n en ancianos","breadcrumb":{"@id":"https:\/\/www.inforesidencias.com\/blog\/index.php\/2022\/06\/09\/descubriendo-la-residencia-lonada-alcanar\/#breadcrumb"},"inLanguage":"es","potentialAction":[{"@type":"ReadAction","target":["https:\/\/www.inforesidencias.com\/blog\/index.php\/2022\/06\/09\/descubriendo-la-residencia-lonada-alcanar\/"]}]},{"@type":"BreadcrumbList","@id":"https:\/\/www.inforesidencias.com\/blog\/index.php\/2022\/06\/09\/descubriendo-la-residencia-lonada-alcanar\/#breadcrumb","itemListElement":[{"@type":"ListItem","position":1,"name":"Home","item":"https:\/\/www.inforesidencias.com\/blog\/"},{"@type":"ListItem","position":2,"name":"Descubriendo la residencia l&#8217;Onada Alcanar"}]},{"@type":"WebSite","@id":"https:\/\/www.inforesidencias.com\/blog\/#website","url":"https:\/\/www.inforesidencias.com\/blog\/","name":"Blog Inforesidencias.com","description":"El buscador de residencias de la 3\u00aa edad","potentialAction":[{"@type":"SearchAction","target":{"@type":"EntryPoint","urlTemplate":"https:\/\/www.inforesidencias.com\/blog\/?s={search_term_string}"},"query-input":"required name=search_term_string"}],"inLanguage":"es"},{"@type":"Person","@id":"https:\/\/www.inforesidencias.com\/blog\/#\/schema\/person\/9e146774d1eb3bc1c0316242a3898628","name":"Josep de Mart\u00ed","image":{"@type":"ImageObject","inLanguage":"es","@id":"https:\/\/www.inforesidencias.com\/blog\/#\/schema\/person\/image\/","url":"https:\/\/secure.gravatar.com\/avatar\/de0302c4806c00c4cebff396a798c1ff?s=96&d=mm&r=g","contentUrl":"https:\/\/secure.gravatar.com\/avatar\/de0302c4806c00c4cebff396a798c1ff?s=96&d=mm&r=g","caption":"Josep de Mart\u00ed"},"sameAs":["https:\/\/www.inforesidencias.com","https:\/\/www.facebook.com\/josep.demarti","https:\/\/twitter.com\/blog-ir"],"url":"https:\/\/www.inforesidencias.com\/blog\/index.php\/author\/josepdemarti\/"}]}},"_links":{"self":[{"href":"https:\/\/www.inforesidencias.com\/blog\/index.php\/wp-json\/wp\/v2\/posts\/5751"}],"collection":[{"href":"https:\/\/www.inforesidencias.com\/blog\/index.php\/wp-json\/wp\/v2\/posts"}],"about":[{"href":"https:\/\/www.inforesidencias.com\/blog\/index.php\/wp-json\/wp\/v2\/types\/post"}],"author":[{"embeddable":true,"href":"https:\/\/www.inforesidencias.com\/blog\/index.php\/wp-json\/wp\/v2\/users\/2"}],"replies":[{"embeddable":true,"href":"https:\/\/www.inforesidencias.com\/blog\/index.php\/wp-json\/wp\/v2\/comments?post=5751"}],"version-history":[{"count":8,"href":"https:\/\/www.inforesidencias.com\/blog\/index.php\/wp-json\/wp\/v2\/posts\/5751\/revisions"}],"predecessor-version":[{"id":5761,"href":"https:\/\/www.inforesidencias.com\/blog\/index.php\/wp-json\/wp\/v2\/posts\/5751\/revisions\/5761"}],"wp:featuredmedia":[{"embeddable":true,"href":"https:\/\/www.inforesidencias.com\/blog\/index.php\/wp-json\/wp\/v2\/media\/5758"}],"wp:attachment":[{"href":"https:\/\/www.inforesidencias.com\/blog\/index.php\/wp-json\/wp\/v2\/media?parent=5751"}],"wp:term":[{"taxonomy":"category","embeddable":true,"href":"https:\/\/www.inforesidencias.com\/blog\/index.php\/wp-json\/wp\/v2\/categories?post=5751"},{"taxonomy":"post_tag","embeddable":true,"href":"https:\/\/www.inforesidencias.com\/blog\/index.php\/wp-json\/wp\/v2\/tags?post=5751"}],"curies":[{"name":"wp","href":"https:\/\/api.w.org\/{rel}","templated":true}]}}