{"id":5778,"date":"2022-06-16T07:40:00","date_gmt":"2022-06-16T06:40:00","guid":{"rendered":"https:\/\/www.inforesidencias.com\/blog\/?p=5778"},"modified":"2022-06-13T13:41:19","modified_gmt":"2022-06-13T12:41:19","slug":"la-felicidad-en-la-tercera-edad-y-en-todas-las-edades","status":"publish","type":"post","link":"https:\/\/www.inforesidencias.com\/blog\/index.php\/2022\/06\/16\/la-felicidad-en-la-tercera-edad-y-en-todas-las-edades\/","title":{"rendered":"La felicidad en la tercera edad (y en todas las edades)"},"content":{"rendered":"\n<p>Empezamos el programa del\u00a0<a href=\"https:\/\/www.estelfitxers.com\/audio\/2021-2022\/20220611-13_00TEMPSDEBENESTAR.MP3\" target=\"_blank\" rel=\"noreferrer noopener\">S\u00e1bado 11 de junio<\/a> de \u00ab\u00c9s gran ser gran\u00bb hablando de la felicidad en la tercera edad y en todas las edades.   aprovechamos para hacer una reflexi\u00f3n sobre un libro muy interesante escrito por el Dr. Miguel Ruiz, que se llama, \u00abLos cuatro acuerdos\u00bb, que hable precisamente sobre como llegar a conseguir la felicidad y el amor en la vida.<\/p>\n\n\n\n<p> El escritor, el Dr Miguel Ruiz es m\u00e9dico y cirujano, adem\u00e1s de ser un nagual (un maestro) del linaje de los Guerreros de Aguila de los toltecas, una sociedad muy conocida hace miles de a\u00f1os en el sur de M\u00e9xico, que formaron una sociedad para estudiar y conservar el conocimiento espiritual y de sus antepasados.\u00a0 En este libro, nos quiere transmitir una manera de vivir que se distingue por su f\u00e1cil acceso a la felicidad y al amor pero para ello tenemos que adoptar los 4 acuerdos que son:<\/p>\n\n\n\n<ol type=\"1\"><li><strong>Se impecable con tus palabras<\/strong>:&nbsp; donde nos explica la importancia de ser integro al hablar, de decir s\u00f3lo lo que uno piensa y evitar usar la palabra para hablar contra ti mismo o contra los dem\u00e1s.&nbsp; Es vital utilizar las palabras para avanzar en la direcci\u00f3n de la verdad y del amor.&nbsp;<\/li><li><strong>No te tomes las cosas personalmente<\/strong>:&nbsp; nada de lo que hacen los dem\u00e1s est\u00e1 causado por ti.&nbsp; Lo que los otros dicen o hacen es una proyecci\u00f3n de su propia realidad, de su manera de ver el mundo. &nbsp;Al ser inmune de las opiniones y acciones de los dem\u00e1s, no ser\u00e1s v\u00edctima de sufrimientos innecesarios.<\/li><li><strong>No hagas suposiciones<\/strong>:&nbsp; aprende a hacer m\u00e1s preguntas, y sobre todo, a expresar lo que de verdad quieres y deseas.&nbsp;&nbsp; Intenta comunicarte con los dem\u00e1s con la mayor claridad posible para evitar malentendidos y ay\u00fadate de las preguntas si te queda alguna duda.<\/li><li><strong>Da lo mejor de ti mismo<\/strong>:&nbsp; tanto si tienes un buen o un mal d\u00eda, intenta aportar lo mejor de ti mismo, unos d\u00edas ser\u00e1 m\u00e1s y otro menos, pero puedes entregar lo mejor que tengas y as\u00ed evitas mostrarte extremadamente duro contigo mismo.<\/li><\/ol>\n\n\n\n<p>Si se cumplen los 4 acuerdos, se consigue la felicidad en la tercera edad y en todas las edades.<\/p>\n\n\n\n<h3 class=\"wp-block-heading\">La entrevista<\/h3>\n\n\n\n<p>Despu\u00e9s de los minutos para la presentaci\u00f3n del programa con la felicidad en la tercera edad como tema principal, en esta ocasi\u00f3n, ara la entrevista del dia,  contamos con Marga Moreno, Directora Asistencial del Centro Gerontol\u00f3gico Vilanova, en Montcada i Reixac.<\/p>\n\n\n\n<p><a href=\"https:\/\/www.inforesidencias.com\/centros\/residencia\/8469\/centre-gerontologic-vila-nova\" target=\"_blank\" rel=\"noreferrer noopener\">Informaci\u00f3n sobre el Centro Gerontol\u00f3gico Vilanova, en Montcada i Reixach<\/a><\/p>\n\n\n\n<p>Marga nos explic\u00f3 que la residencia est\u00e1 precisamente en la calle Vilanova de Montcada i Reixac, es una residencia peque\u00f1a en el centro, con 25 plazas de residencia y 8 de centro de d\u00eda.\u00a0<\/p>\n\n\n\n<p> Tambi\u00e9n tuvimos la posibilidad de hablar con Salvadora Moyano una persona de 89 a\u00f1os que vive en la residencia. Salvadora nos cont\u00f3 que naci\u00f3 en Ja\u00e9n entre olivos, mientras su madre recog\u00eda olivas en el campo y que se vino a Barcelona en los a\u00f1os 70 y donde ya se ha quedado a vivir definitivamente y donde viven sus hijos y nietos.\u00a0\u00a0 Nos comenta lo bien que est\u00e1 en la residencia y lo agradable que es vivir aqu\u00ed y con muchas ganas de que se vuelva a poder salir sin ninguna restricci\u00f3n tal como se pod\u00eda hacer antes de la pandemia.<\/p>\n\n\n\n<figure class=\"wp-block-image size-large\"><img decoding=\"async\" loading=\"lazy\" width=\"480\" height=\"640\" src=\"https:\/\/www.inforesidencias.com\/blog\/wp-content\/uploads\/2022\/06\/SALVADORA-I-MARGA-1-rotated.jpg\" alt=\"\" class=\"wp-image-5780\" srcset=\"https:\/\/www.inforesidencias.com\/blog\/wp-content\/uploads\/2022\/06\/SALVADORA-I-MARGA-1-rotated.jpg 480w, https:\/\/www.inforesidencias.com\/blog\/wp-content\/uploads\/2022\/06\/SALVADORA-I-MARGA-1-225x300.jpg 225w\" sizes=\"(max-width: 480px) 100vw, 480px\" \/><figcaption>Marga Moreno y Salvadora Moyano:  residencia centro gerontol\u00f3gico Vilanova en Montcada i Reixach <\/figcaption><\/figure>\n\n\n\n<p><\/p>\n\n\n\n<h3 class=\"wp-block-heading\">La bolsa de trabajo<\/h3>\n\n\n\n<p>En la bolsa de trabajo de inforesidencias.com se comenta las \u00faltimas ofertas que han entrado y se anima a revisar las \u00faltimas ofertas que se han incluido.<\/p>\n\n\n\n<p><a href=\"https:\/\/www.inforesidencias.com\/bolsa\/ofertas-de-trabajo\" target=\"_blank\" rel=\"noreferrer noopener\">M\u00e1s informaci\u00f3n sobre la bolsa de trabajo de inforesidencias.<\/a><\/p>\n\n\n\n<p>Para acabar, en la consulta del trabajador social, comentamos el nuevo proceso de incapacitaci\u00f3n de personas mayores, la nueva ley del 2 de junio de 2021 que se desarroll\u00f3 la nueva ley (8\/2021) que reforma la legislaci\u00f3n civil y procesal sobre las personas con discapacidad en el terreno jur\u00eddico.  Esta modificaci\u00f3n supone la creaci\u00f3n de un nuevo proceso para incapacitar a una persona.<\/p>\n\n\n\n<p>Ahora, en lugar de existir un sistema de incapacitaci\u00f3n judicial, existe un sistema de apoyo e el ejercicio de la capacidad que trata de fomentar la autonom\u00eda de la persona en la medida de lo posible, permitiendo solamente de forma excepcional la sustituci\u00f3n de la voluntad.<\/p>\n\n\n\n<h3 class=\"wp-block-heading\">Es gran ser gran:  Domingo 12 de junio <\/h3>\n\n\n\n<p>El programa del <a href=\"https:\/\/www.estelfitxers.com\/audio\/2021-2022\/20220612-13_00TEMPSDEBENESTAR.MP3\">Domingo 12 de junio<\/a> 2022,\u00a0se inici\u00f3 con la segunda parte del libro del Dr. Miguel Ruiz de Los cuatro acuerdos y donde entramos m\u00e1s en detalle del primer acuerdo, que es el m\u00e1s dif\u00edcil pero el m\u00e1s importante de intentar cumplir.  Y es el acuerdo principal para poder conseguir llegar a la felicidad en la tercera edad, y l\u00f3gicamente en todas las edades.<\/p>\n\n\n\n<h3 class=\"wp-block-heading\">La entrevista<\/h3>\n\n\n\n<p>Esa tarde entrevistamos tambi\u00e9n a 2 personas, a Carme Monje, Directora de la residencia Itaca Fortuny en Reus y la residente Chelo Climent Vall\u00e9s.<\/p>\n\n\n\n<p><a href=\"https:\/\/www.inforesidencias.com\/centros\/residencia\/7969\/residencia-itaca-fortuny\" target=\"_blank\" rel=\"noreferrer noopener\">M\u00e1s informaci\u00f3n sobre la Residencia Itaca Fortuny de Reus<\/a><\/p>\n\n\n\n<p>La residencia Itaca Fortuny de Reus es una residencia con 96 plazas residenciales y con 15 de centro de d\u00eda. Se encuentra ubicada en el centro de Reus y es f\u00e1cil para los residentes ir a pasear por el bonito centro antiguo y comercial de la ciudad. Carme nos explic\u00f3 lo duro que ha sido la pandemia y como se han creado unas relaciones muy especiales con las personas que viven en la residencia ya que han tenido que poner much\u00edsima imaginaci\u00f3n para poder asistir a todas las personas que estaban confinadas en sus habitaciones y hacerles moverse, estar por ellos, relacionarse y re\u00edr juntos pero a distancia durante los momentos m\u00e1s duros del confinamiento.\u00a0Carme nos lo explic\u00f3 con la voz entrecortada de emoci\u00f3n al recordar estos momentos.\u00a0<\/p>\n\n\n\n<p>Despu\u00e9s, hablamos con Chelo Climent, que nos explic\u00f3 que ella es de Alcoi, pero que vino a Reus ya que su hijo vive aqu\u00ed y as\u00ed tiene la posibilidad de tener a su familia cerca.\u00a0 Le gusta mucho la residencia y anima a las personas que lo necesiten a conocerla ya que se encuentra muy a gusto y muy bien cuidada y con la posibilidad de ver a su hijo y familia que viven en Reus.<\/p>\n\n\n\n<figure class=\"wp-block-image size-large\"><img decoding=\"async\" loading=\"lazy\" width=\"590\" height=\"1024\" src=\"https:\/\/www.inforesidencias.com\/blog\/wp-content\/uploads\/2022\/06\/PHOTO-2022-06-07-13-17-53-590x1024.jpg\" alt=\"\" class=\"wp-image-5781\" srcset=\"https:\/\/www.inforesidencias.com\/blog\/wp-content\/uploads\/2022\/06\/PHOTO-2022-06-07-13-17-53-590x1024.jpg 590w, https:\/\/www.inforesidencias.com\/blog\/wp-content\/uploads\/2022\/06\/PHOTO-2022-06-07-13-17-53-173x300.jpg 173w, https:\/\/www.inforesidencias.com\/blog\/wp-content\/uploads\/2022\/06\/PHOTO-2022-06-07-13-17-53-768x1333.jpg 768w, https:\/\/www.inforesidencias.com\/blog\/wp-content\/uploads\/2022\/06\/PHOTO-2022-06-07-13-17-53-885x1536.jpg 885w, https:\/\/www.inforesidencias.com\/blog\/wp-content\/uploads\/2022\/06\/PHOTO-2022-06-07-13-17-53.jpg 922w\" sizes=\"(max-width: 590px) 100vw, 590px\" \/><figcaption>Carme Monje y Chelo Climent, de la Residencia Itaca-Fortuny en Reus<\/figcaption><\/figure>\n\n\n\n<h3 class=\"wp-block-heading\">La bolsa de trabajo<\/h3>\n\n\n\n<p>En la bolsa de trabajo dimos una serie de recomendaciones sobre c\u00f3mo hacer el curriculum y c\u00f3mo buscar trabajo si eres una persona que busca trabajo y tienes m\u00e1s de 50 a\u00f1os.<\/p>\n\n\n\n<p>En la recta final de la semana y del programa, en la consulta del trabajador social, seguimos comentando los cambios que ha aportado la nueva ley del 2 de junio de 2021 que se desarroll\u00f3 la nueva ley (8\/2021) que reforma la legislaci\u00f3n civil y procesal sobre las personas con discapacidad en el terreno jur\u00eddico. <\/p>\n\n\n\n<p>Comentamos el tema de los ingresos involuntarios.   El pasado d\u00eda 9 de junio  hicimos un webinario sobre este tema del cual os adjunto el link para aquellas personas interesadas en saber m\u00e1s al respecto:  <a href=\"https:\/\/www.inforesidencias.com\/aula-virtual\/courses\/los-cambios-a-la-ley-de-testamento-vital\/\" target=\"_blank\" rel=\"noreferrer noopener\">Los cambios en la reforma legal en materia de discapacidad. Ley 8\/2021<\/a><\/p>\n\n\n\n<p>Te puede interesar:<\/p>\n\n\n\n<ul><li>Lee m\u00e1s sobre la felicidad en la tercera edad, en concreto<a href=\"https:\/\/www.inforesidencias.com\/blog\/index.php\/2016\/03\/23\/felicidad-a-los-sesenta-anos\/\"> <\/a><a href=\"https:\/\/www.inforesidencias.com\/blog\/index.php\/2016\/03\/23\/felicidad-a-los-sesenta-anos\/\" target=\"_blank\" rel=\"noreferrer noopener\">a partir de los 60 a\u00f1os<\/a><\/li><\/ul>\n","protected":false},"excerpt":{"rendered":"<p>Empezamos el programa del\u00a0S\u00e1bado 11 de junio de \u00ab\u00c9s gran ser gran\u00bb hablando de la felicidad en la tercera edad y en todas las edades. aprovechamos para hacer una reflexi\u00f3n sobre un libro muy interesante escrito por el Dr. Miguel Ruiz, que se llama, \u00abLos cuatro acuerdos\u00bb, que hable precisamente sobre como llegar a conseguir la felicidad y el amor en la vida. El escritor, el Dr Miguel Ruiz es m\u00e9dico y cirujano, adem\u00e1s de ser un nagual (un maestro) del linaje de los Guerreros de Aguila de los toltecas, una sociedad muy conocida hace miles de a\u00f1os en el sur de M\u00e9xico, que formaron una sociedad para estudiar y conservar el conocimiento espiritual y de sus antepasados.\u00a0 En este libro, nos quiere transmitir una manera de vivir que se distingue por su f\u00e1cil acceso a la felicidad y al amor pero para ello tenemos que adoptar los 4 acuerdos [&hellip;]<\/p>\n","protected":false},"author":2,"featured_media":5785,"comment_status":"open","ping_status":"open","sticky":false,"template":"","format":"standard","meta":{"footnotes":""},"categories":[1],"tags":[],"yoast_head":"<!-- This site is optimized with the Yoast SEO plugin v21.7 - https:\/\/yoast.com\/wordpress\/plugins\/seo\/ -->\n<title>La felicidad en la tercera edad (y en todas las edades) - Blog Inforesidencias.com<\/title>\n<meta name=\"description\" content=\"Hablamos de la importancia de la felicidad en la tercera edad y en todas las edades en el programa de \u00c9s gran ser gran en Radio Estel\" \/>\n<meta name=\"robots\" content=\"index, follow, max-snippet:-1, max-image-preview:large, max-video-preview:-1\" \/>\n<link rel=\"canonical\" href=\"https:\/\/www.inforesidencias.com\/blog\/index.php\/2022\/06\/16\/la-felicidad-en-la-tercera-edad-y-en-todas-las-edades\/\" \/>\n<meta property=\"og:locale\" content=\"es_ES\" \/>\n<meta property=\"og:type\" content=\"article\" \/>\n<meta property=\"og:title\" content=\"La felicidad en la tercera edad (y en todas las edades) - Blog Inforesidencias.com\" \/>\n<meta property=\"og:description\" content=\"Hablamos de la importancia de la felicidad en la tercera edad y en todas las edades en el programa de \u00c9s gran ser gran en Radio Estel\" \/>\n<meta property=\"og:url\" content=\"https:\/\/www.inforesidencias.com\/blog\/index.php\/2022\/06\/16\/la-felicidad-en-la-tercera-edad-y-en-todas-las-edades\/\" \/>\n<meta property=\"og:site_name\" content=\"Blog Inforesidencias.com\" \/>\n<meta property=\"article:publisher\" content=\"https:\/\/www.facebook.com\/Inforesidencias\/\" \/>\n<meta property=\"article:author\" content=\"https:\/\/www.facebook.com\/josep.demarti\" \/>\n<meta property=\"article:published_time\" content=\"2022-06-16T06:40:00+00:00\" \/>\n<meta property=\"article:modified_time\" content=\"2022-06-13T12:41:19+00:00\" \/>\n<meta property=\"og:image\" content=\"https:\/\/www.inforesidencias.com\/blog\/wp-content\/uploads\/2022\/06\/felicidad-en-la-tercera-edad-.png\" \/>\n\t<meta property=\"og:image:width\" content=\"948\" \/>\n\t<meta property=\"og:image:height\" content=\"916\" \/>\n\t<meta property=\"og:image:type\" content=\"image\/png\" \/>\n<meta name=\"author\" content=\"Josep de Mart\u00ed\" \/>\n<meta name=\"twitter:card\" content=\"summary_large_image\" \/>\n<meta name=\"twitter:creator\" content=\"@blog-ir\" \/>\n<meta name=\"twitter:site\" content=\"@inforesidencias\" \/>\n<meta name=\"twitter:label1\" content=\"Escrito por\" \/>\n\t<meta name=\"twitter:data1\" content=\"Josep de Mart\u00ed\" \/>\n\t<meta name=\"twitter:label2\" content=\"Tiempo de lectura\" \/>\n\t<meta name=\"twitter:data2\" content=\"6 minutos\" \/>\n<script type=\"application\/ld+json\" class=\"yoast-schema-graph\">{\"@context\":\"https:\/\/schema.org\",\"@graph\":[{\"@type\":\"WebPage\",\"@id\":\"https:\/\/www.inforesidencias.com\/blog\/index.php\/2022\/06\/16\/la-felicidad-en-la-tercera-edad-y-en-todas-las-edades\/\",\"url\":\"https:\/\/www.inforesidencias.com\/blog\/index.php\/2022\/06\/16\/la-felicidad-en-la-tercera-edad-y-en-todas-las-edades\/\",\"name\":\"La felicidad en la tercera edad (y en todas las edades) - Blog Inforesidencias.com\",\"isPartOf\":{\"@id\":\"https:\/\/www.inforesidencias.com\/blog\/#website\"},\"datePublished\":\"2022-06-16T06:40:00+00:00\",\"dateModified\":\"2022-06-13T12:41:19+00:00\",\"author\":{\"@id\":\"https:\/\/www.inforesidencias.com\/blog\/#\/schema\/person\/9e146774d1eb3bc1c0316242a3898628\"},\"description\":\"Hablamos de la importancia de la felicidad en la tercera edad y en todas las edades en el programa de \u00c9s gran ser gran en Radio Estel\",\"breadcrumb\":{\"@id\":\"https:\/\/www.inforesidencias.com\/blog\/index.php\/2022\/06\/16\/la-felicidad-en-la-tercera-edad-y-en-todas-las-edades\/#breadcrumb\"},\"inLanguage\":\"es\",\"potentialAction\":[{\"@type\":\"ReadAction\",\"target\":[\"https:\/\/www.inforesidencias.com\/blog\/index.php\/2022\/06\/16\/la-felicidad-en-la-tercera-edad-y-en-todas-las-edades\/\"]}]},{\"@type\":\"BreadcrumbList\",\"@id\":\"https:\/\/www.inforesidencias.com\/blog\/index.php\/2022\/06\/16\/la-felicidad-en-la-tercera-edad-y-en-todas-las-edades\/#breadcrumb\",\"itemListElement\":[{\"@type\":\"ListItem\",\"position\":1,\"name\":\"Home\",\"item\":\"https:\/\/www.inforesidencias.com\/blog\/\"},{\"@type\":\"ListItem\",\"position\":2,\"name\":\"La felicidad en la tercera edad (y en todas las edades)\"}]},{\"@type\":\"WebSite\",\"@id\":\"https:\/\/www.inforesidencias.com\/blog\/#website\",\"url\":\"https:\/\/www.inforesidencias.com\/blog\/\",\"name\":\"Blog Inforesidencias.com\",\"description\":\"El buscador de residencias de la 3\u00aa edad\",\"potentialAction\":[{\"@type\":\"SearchAction\",\"target\":{\"@type\":\"EntryPoint\",\"urlTemplate\":\"https:\/\/www.inforesidencias.com\/blog\/?s={search_term_string}\"},\"query-input\":\"required name=search_term_string\"}],\"inLanguage\":\"es\"},{\"@type\":\"Person\",\"@id\":\"https:\/\/www.inforesidencias.com\/blog\/#\/schema\/person\/9e146774d1eb3bc1c0316242a3898628\",\"name\":\"Josep de Mart\u00ed\",\"image\":{\"@type\":\"ImageObject\",\"inLanguage\":\"es\",\"@id\":\"https:\/\/www.inforesidencias.com\/blog\/#\/schema\/person\/image\/\",\"url\":\"https:\/\/secure.gravatar.com\/avatar\/de0302c4806c00c4cebff396a798c1ff?s=96&d=mm&r=g\",\"contentUrl\":\"https:\/\/secure.gravatar.com\/avatar\/de0302c4806c00c4cebff396a798c1ff?s=96&d=mm&r=g\",\"caption\":\"Josep de Mart\u00ed\"},\"sameAs\":[\"https:\/\/www.inforesidencias.com\",\"https:\/\/www.facebook.com\/josep.demarti\",\"https:\/\/twitter.com\/blog-ir\"],\"url\":\"https:\/\/www.inforesidencias.com\/blog\/index.php\/author\/josepdemarti\/\"}]}<\/script>\n<!-- \/ Yoast SEO plugin. -->","yoast_head_json":{"title":"La felicidad en la tercera edad (y en todas las edades) - Blog Inforesidencias.com","description":"Hablamos de la importancia de la felicidad en la tercera edad y en todas las edades en el programa de \u00c9s gran ser gran en Radio Estel","robots":{"index":"index","follow":"follow","max-snippet":"max-snippet:-1","max-image-preview":"max-image-preview:large","max-video-preview":"max-video-preview:-1"},"canonical":"https:\/\/www.inforesidencias.com\/blog\/index.php\/2022\/06\/16\/la-felicidad-en-la-tercera-edad-y-en-todas-las-edades\/","og_locale":"es_ES","og_type":"article","og_title":"La felicidad en la tercera edad (y en todas las edades) - Blog Inforesidencias.com","og_description":"Hablamos de la importancia de la felicidad en la tercera edad y en todas las edades en el programa de \u00c9s gran ser gran en Radio Estel","og_url":"https:\/\/www.inforesidencias.com\/blog\/index.php\/2022\/06\/16\/la-felicidad-en-la-tercera-edad-y-en-todas-las-edades\/","og_site_name":"Blog Inforesidencias.com","article_publisher":"https:\/\/www.facebook.com\/Inforesidencias\/","article_author":"https:\/\/www.facebook.com\/josep.demarti","article_published_time":"2022-06-16T06:40:00+00:00","article_modified_time":"2022-06-13T12:41:19+00:00","og_image":[{"width":948,"height":916,"url":"https:\/\/www.inforesidencias.com\/blog\/wp-content\/uploads\/2022\/06\/felicidad-en-la-tercera-edad-.png","type":"image\/png"}],"author":"Josep de Mart\u00ed","twitter_card":"summary_large_image","twitter_creator":"@blog-ir","twitter_site":"@inforesidencias","twitter_misc":{"Escrito por":"Josep de Mart\u00ed","Tiempo de lectura":"6 minutos"},"schema":{"@context":"https:\/\/schema.org","@graph":[{"@type":"WebPage","@id":"https:\/\/www.inforesidencias.com\/blog\/index.php\/2022\/06\/16\/la-felicidad-en-la-tercera-edad-y-en-todas-las-edades\/","url":"https:\/\/www.inforesidencias.com\/blog\/index.php\/2022\/06\/16\/la-felicidad-en-la-tercera-edad-y-en-todas-las-edades\/","name":"La felicidad en la tercera edad (y en todas las edades) - Blog Inforesidencias.com","isPartOf":{"@id":"https:\/\/www.inforesidencias.com\/blog\/#website"},"datePublished":"2022-06-16T06:40:00+00:00","dateModified":"2022-06-13T12:41:19+00:00","author":{"@id":"https:\/\/www.inforesidencias.com\/blog\/#\/schema\/person\/9e146774d1eb3bc1c0316242a3898628"},"description":"Hablamos de la importancia de la felicidad en la tercera edad y en todas las edades en el programa de \u00c9s gran ser gran en Radio Estel","breadcrumb":{"@id":"https:\/\/www.inforesidencias.com\/blog\/index.php\/2022\/06\/16\/la-felicidad-en-la-tercera-edad-y-en-todas-las-edades\/#breadcrumb"},"inLanguage":"es","potentialAction":[{"@type":"ReadAction","target":["https:\/\/www.inforesidencias.com\/blog\/index.php\/2022\/06\/16\/la-felicidad-en-la-tercera-edad-y-en-todas-las-edades\/"]}]},{"@type":"BreadcrumbList","@id":"https:\/\/www.inforesidencias.com\/blog\/index.php\/2022\/06\/16\/la-felicidad-en-la-tercera-edad-y-en-todas-las-edades\/#breadcrumb","itemListElement":[{"@type":"ListItem","position":1,"name":"Home","item":"https:\/\/www.inforesidencias.com\/blog\/"},{"@type":"ListItem","position":2,"name":"La felicidad en la tercera edad (y en todas las edades)"}]},{"@type":"WebSite","@id":"https:\/\/www.inforesidencias.com\/blog\/#website","url":"https:\/\/www.inforesidencias.com\/blog\/","name":"Blog Inforesidencias.com","description":"El buscador de residencias de la 3\u00aa edad","potentialAction":[{"@type":"SearchAction","target":{"@type":"EntryPoint","urlTemplate":"https:\/\/www.inforesidencias.com\/blog\/?s={search_term_string}"},"query-input":"required name=search_term_string"}],"inLanguage":"es"},{"@type":"Person","@id":"https:\/\/www.inforesidencias.com\/blog\/#\/schema\/person\/9e146774d1eb3bc1c0316242a3898628","name":"Josep de Mart\u00ed","image":{"@type":"ImageObject","inLanguage":"es","@id":"https:\/\/www.inforesidencias.com\/blog\/#\/schema\/person\/image\/","url":"https:\/\/secure.gravatar.com\/avatar\/de0302c4806c00c4cebff396a798c1ff?s=96&d=mm&r=g","contentUrl":"https:\/\/secure.gravatar.com\/avatar\/de0302c4806c00c4cebff396a798c1ff?s=96&d=mm&r=g","caption":"Josep de Mart\u00ed"},"sameAs":["https:\/\/www.inforesidencias.com","https:\/\/www.facebook.com\/josep.demarti","https:\/\/twitter.com\/blog-ir"],"url":"https:\/\/www.inforesidencias.com\/blog\/index.php\/author\/josepdemarti\/"}]}},"_links":{"self":[{"href":"https:\/\/www.inforesidencias.com\/blog\/index.php\/wp-json\/wp\/v2\/posts\/5778"}],"collection":[{"href":"https:\/\/www.inforesidencias.com\/blog\/index.php\/wp-json\/wp\/v2\/posts"}],"about":[{"href":"https:\/\/www.inforesidencias.com\/blog\/index.php\/wp-json\/wp\/v2\/types\/post"}],"author":[{"embeddable":true,"href":"https:\/\/www.inforesidencias.com\/blog\/index.php\/wp-json\/wp\/v2\/users\/2"}],"replies":[{"embeddable":true,"href":"https:\/\/www.inforesidencias.com\/blog\/index.php\/wp-json\/wp\/v2\/comments?post=5778"}],"version-history":[{"count":4,"href":"https:\/\/www.inforesidencias.com\/blog\/index.php\/wp-json\/wp\/v2\/posts\/5778\/revisions"}],"predecessor-version":[{"id":5786,"href":"https:\/\/www.inforesidencias.com\/blog\/index.php\/wp-json\/wp\/v2\/posts\/5778\/revisions\/5786"}],"wp:featuredmedia":[{"embeddable":true,"href":"https:\/\/www.inforesidencias.com\/blog\/index.php\/wp-json\/wp\/v2\/media\/5785"}],"wp:attachment":[{"href":"https:\/\/www.inforesidencias.com\/blog\/index.php\/wp-json\/wp\/v2\/media?parent=5778"}],"wp:term":[{"taxonomy":"category","embeddable":true,"href":"https:\/\/www.inforesidencias.com\/blog\/index.php\/wp-json\/wp\/v2\/categories?post=5778"},{"taxonomy":"post_tag","embeddable":true,"href":"https:\/\/www.inforesidencias.com\/blog\/index.php\/wp-json\/wp\/v2\/tags?post=5778"}],"curies":[{"name":"wp","href":"https:\/\/api.w.org\/{rel}","templated":true}]}}