{"id":5803,"date":"2022-06-24T06:50:00","date_gmt":"2022-06-24T05:50:00","guid":{"rendered":"https:\/\/www.inforesidencias.com\/blog\/?p=5803"},"modified":"2022-06-23T16:50:58","modified_gmt":"2022-06-23T15:50:58","slug":"cuando-es-mejor-un-sad-que-una-residencia","status":"publish","type":"post","link":"https:\/\/www.inforesidencias.com\/blog\/index.php\/2022\/06\/24\/cuando-es-mejor-un-sad-que-una-residencia\/","title":{"rendered":"\u00bfCu\u00e1ndo es mejor un SAD que una residencia?"},"content":{"rendered":"\n<p><\/p>\n\n\n\n<p><\/p>\n\n\n\n<p>Actualmente estamos viviendo una gran transformaci\u00f3n en muchos \u00e1mbitos de la sociedad, producto de una \u00e9poca muy dura como ha sido la de la pandemia del covid\u201919 que, si bien no se ha dado por extinguida, si que su gesti\u00f3n ha cambiado mucho, pudiendo retomar una vida pr\u00e1cticamente normal. Pero los efectos en la salud y el comportamiento de las personas se han quedado y han modulado, tambi\u00e9n el comportamiento de ellas como consumidoras.<\/p>\n\n\n\n<p>Uno de los colectivos m\u00e1s afectados han sido las personas de la tercera edad y personas dependientes. Han sido los grandes damnificados en esta situaci\u00f3n que ha puesto sobre la mesa las necesidades reales de la poblaci\u00f3n, as\u00ed como las carencias existentes en la sociedad para proteger a estos colectivos.<\/p>\n\n\n\n<p>Los estudios a diez a\u00f1os vista nos dan una informaci\u00f3n realmente alarmante del envejecimiento &nbsp;que tendr\u00e1 la poblaci\u00f3n espa\u00f1ola y de los problemas, no solo de financiaci\u00f3n si no de atenci\u00f3n a servicios que ser\u00e1n altamente demandados.<\/p>\n\n\n\n<p>Entre los servicios m\u00e1s solicitados por la poblaci\u00f3n est\u00e1n los <strong>servicios de atenci\u00f3n domiciliaria <\/strong>(o SAD) y las <strong>residencias geri\u00e1tricas<\/strong>. Ambos son servicios que se complementan entre s\u00ed y cada vez es m\u00e1s com\u00fan ver nuevas f\u00f3rmulas de atenci\u00f3n a las personas m\u00e1s asentadas en pa\u00edses del norte de Europa como<strong> el coliving o el cohousing<\/strong> o las <a href=\"https:\/\/www.inforesidencias.com\/contenidos\/mayores-y-familia\/nacional\/vivienda-para-mayores\">viviendas para mayores<\/a><\/p>\n\n\n\n<p>-Los <strong>Servicios de Atenci\u00f3n Domiciliaria o SAD<\/strong>, son el conjunto de recursos utilizados para brindar el apoyo y la ayuda necesaria para la persona en su domicilio. Su objetivo, es conseguir la mayor autonom\u00eda y calidad de vida durante cualquier etapa vital.<\/p>\n\n\n\n<p>Estos servicios son claves en la atenci\u00f3n a personas con dependencia, accidentadas y, sobre todo, de la tercera edad. Y es que cada vez son m\u00e1s las personas mayores que quieren envejecer en sus hogares.<\/p>\n\n\n\n<p>Aunque los <a href=\"https:\/\/www.inforesidencias.com\/blog\/index.php\/2022\/01\/24\/atencion-domiciliaria-sad-pasado-presente-y-futuro\/\">primeros pasos del SAD en Espa\u00f1a<\/a> inician con la aprobaci\u00f3n de la Constituci\u00f3n en el a\u00f1o 1978, al inicio de la d\u00e9cada de los 90, a\u00fan no hab\u00edamos conseguido su implementaci\u00f3n en todo el territorio espa\u00f1ol.<\/p>\n\n\n\n<p>Actualmente, la extensi\u00f3n de la cobertura del SAD, aunque ha sido muy notable en las \u00faltimas d\u00e9cadas, contin\u00faa siendo insuficiente.<\/p>\n\n\n\n<p>A ra\u00edz de la pandemia y debido a los cambios demogr\u00e1ficos, la tendencia es avanzar cada vez m\u00e1s hacia un modelo de atenci\u00f3n integral centrado en la persona y donde las diferentes disciplinas queden integradas en una asistencia personalizada, global e individualizada en el domicilio.<\/p>\n\n\n\n<p>-El <strong>modelo de las Residencias <\/strong>ha evolucionado tambi\u00e9n junto a la sociedad. Teniendo el mismo punto de partida que el SAD, la atenci\u00f3n familiar, con el tiempo tom\u00f3 relevancia un modelo orientado a la eficiencia organizativa de unos cuidados en una residencia comunitaria con programas y servicios orientados a cubrir las necesidades de salud de las personas mayores en un espacio preparado para tal efecto.<\/p>\n\n\n\n<p>Siempre habr\u00e1 una demanda de estos servicios ya que a pesar de que mucha gente quiere envejecer en casa, el <a href=\"https:\/\/www.inforesidencias.com\/centros\/buscador\">modelo residencial geri\u00e1trico<\/a> es un modelo que soluciona un problema y lo hace invisible.<\/p>\n\n\n\n<p>En pandemia, tambi\u00e9n, han salido mucho en los medios de comunicaci\u00f3n la situaci\u00f3n de personas mayores en residencias donde la Covid se transmit\u00eda muy r\u00e1pidamente y que a pesar del buen hacer de sus profesionales han hecho tener a sus familiares en vilo.<\/p>\n\n\n\n<p>Al igual que ocurre con los servicios de atenci\u00f3n domiciliaria, existe una evidente falta de plazas privadas y p\u00fablicas y financiaci\u00f3n por parte de las administraciones.<\/p>\n\n\n\n<p><strong>Por qu\u00e9 escoger contratar servicios de asistencia domiciliaria?<\/strong><\/p>\n\n\n\n<p>Los servicios de asistencia domiciliaria aseguran una atenci\u00f3n personalizada y constante a la persona. Son servicios flexibles que se adaptan en cada momento a las necesidades que puedan surgir, tanto de la propia persona, como de sus familiares o del entorno.<\/p>\n\n\n\n<div class=\"wp-block-image\"><figure class=\"alignleft size-large is-resized\"><img decoding=\"async\" loading=\"lazy\" src=\"https:\/\/www.inforesidencias.com\/blog\/wp-content\/uploads\/2022\/06\/Cua\u0301ndo-es-mejor-un-SAD-que-una-residencia.jpg\" alt=\"\" class=\"wp-image-5805\" width=\"323\" height=\"216\" srcset=\"https:\/\/www.inforesidencias.com\/blog\/wp-content\/uploads\/2022\/06\/Cua\u0301ndo-es-mejor-un-SAD-que-una-residencia.jpg 600w, https:\/\/www.inforesidencias.com\/blog\/wp-content\/uploads\/2022\/06\/Cua\u0301ndo-es-mejor-un-SAD-que-una-residencia-300x200.jpg 300w\" sizes=\"(max-width: 323px) 100vw, 323px\" \/><figcaption>Pere Solanellas, director general de Asisted y autor del art\u00edculo<\/figcaption><\/figure><\/div>\n\n\n\n<p>Otro beneficio fundamental es que la persona permanece en su hogar y rodeado de sus seres queridos (familiares, amistades, vecinos, mascotas,\u2026). Conserva sus recuerdos materiales que le unen a su historia de vida y que le dan sentido permiti\u00e9ndole continuar desarrollando su proyecto de vida, siendo ella misma o sus familiares (en el caso de demencias o enfermedades mentales) quienes fijan los objetivos de vida en cada momento, asegurando su bienestar f\u00edsico ps\u00edquico y emocional.<\/p>\n\n\n\n<p>El servicio de asistencia domiciliaria (SAD) permite atender de manera individual, integral e integrada a la persona en su propio entorno de la mano de profesionales y especialistas que velan por su salud y bienestar, asegurando la calidad de vida, no solamente de la persona sino tambi\u00e9n de la familia.<\/p>\n\n\n\n<p>La presencia de un asistente tambi\u00e9n puede ser beneficiosa en el caso de personas dependientes que viven solas, porque genera un v\u00ednculo que va m\u00e1s all\u00e1 del servicio; Supone una compa\u00f1\u00eda que evita la soledad, el aislamiento y el sentimiento de abandono, promoviendo la independencia y autonom\u00eda del asistido.<\/p>\n\n\n\n<p>Por \u00faltimo, el SAD puede dar respuesta de manera inmediata, flexible y personalizada a cualquier necesidad que surja, en cualquier momento, respetando y asegurando la privacidad, la individualidad, la personalidad, as\u00ed como la propia voluntad de la persona.<\/p>\n\n\n\n<p>Es una realidad que son muchos los retos que se le presentan al SAD, los principales son: el reconocimiento, la equiparaci\u00f3n profesional a trav\u00e9s de la formaci\u00f3n de sus asistentes y la propia dignificaci\u00f3n de la profesi\u00f3n.<\/p>\n\n\n\n<p>Desde<a href=\"https:\/\/www.asisted.com\/\"> ASISTED <\/a>acompa\u00f1amos y orientamos a la persona y a las familias que se encuentran en alguna situaci\u00f3n en las que hay la evidencia de una enfermedad neurol\u00f3gica, degenerativa y mental avanzada, ofreci\u00e9ndoles una atenci\u00f3n personalizada y cercana, durante la toma de decisiones en pro de poderles asegurar los mejores cuidados sanitarios y\/o cl\u00ednicos que precisen.<\/p>\n\n\n\n<p>Autor del articulo: Pere Solanellas, director general de Asisted y autor del art\u00edculo<\/p>\n","protected":false},"excerpt":{"rendered":"<p>Actualmente estamos viviendo una gran transformaci\u00f3n en muchos \u00e1mbitos de la sociedad, producto de una \u00e9poca muy dura como ha sido la de la pandemia del covid\u201919 que, si bien no se ha dado por extinguida, si que su gesti\u00f3n ha cambiado mucho, pudiendo retomar una vida pr\u00e1cticamente normal. Pero los efectos en la salud y el comportamiento de las personas se han quedado y han modulado, tambi\u00e9n el comportamiento de ellas como consumidoras. Uno de los colectivos m\u00e1s afectados han sido las personas de la tercera edad y personas dependientes. Han sido los grandes damnificados en esta situaci\u00f3n que ha puesto sobre la mesa las necesidades reales de la poblaci\u00f3n, as\u00ed como las carencias existentes en la sociedad para proteger a estos colectivos. Los estudios a diez a\u00f1os vista nos dan una informaci\u00f3n realmente alarmante del envejecimiento &nbsp;que tendr\u00e1 la poblaci\u00f3n espa\u00f1ola y de los problemas, no solo de [&hellip;]<\/p>\n","protected":false},"author":2,"featured_media":5810,"comment_status":"open","ping_status":"open","sticky":false,"template":"","format":"standard","meta":{"footnotes":""},"categories":[1],"tags":[],"yoast_head":"<!-- This site is optimized with the Yoast SEO plugin v21.7 - https:\/\/yoast.com\/wordpress\/plugins\/seo\/ -->\n<title>\u00bfCu\u00e1ndo es mejor un SAD que una residencia? - Blog Inforesidencias.com<\/title>\n<meta name=\"description\" content=\"Muchas personas con alg\u00fan familiar mayor y con dependencia se preguntan Cu\u00e1ndo es mejor un SAD que una residencia. La respuesta no es f\u00e1cil\" \/>\n<meta name=\"robots\" content=\"index, follow, max-snippet:-1, max-image-preview:large, max-video-preview:-1\" \/>\n<link rel=\"canonical\" href=\"https:\/\/www.inforesidencias.com\/blog\/index.php\/2022\/06\/24\/cuando-es-mejor-un-sad-que-una-residencia\/\" \/>\n<meta property=\"og:locale\" content=\"es_ES\" \/>\n<meta property=\"og:type\" content=\"article\" \/>\n<meta property=\"og:title\" content=\"\u00bfCu\u00e1ndo es mejor un SAD que una residencia? - Blog Inforesidencias.com\" \/>\n<meta property=\"og:description\" content=\"Muchas personas con alg\u00fan familiar mayor y con dependencia se preguntan Cu\u00e1ndo es mejor un SAD que una residencia. La respuesta no es f\u00e1cil\" \/>\n<meta property=\"og:url\" content=\"https:\/\/www.inforesidencias.com\/blog\/index.php\/2022\/06\/24\/cuando-es-mejor-un-sad-que-una-residencia\/\" \/>\n<meta property=\"og:site_name\" content=\"Blog Inforesidencias.com\" \/>\n<meta property=\"article:publisher\" content=\"https:\/\/www.facebook.com\/Inforesidencias\/\" \/>\n<meta property=\"article:author\" content=\"https:\/\/www.facebook.com\/josep.demarti\" \/>\n<meta property=\"article:published_time\" content=\"2022-06-24T05:50:00+00:00\" \/>\n<meta property=\"article:modified_time\" content=\"2022-06-23T15:50:58+00:00\" \/>\n<meta property=\"og:image\" content=\"https:\/\/www.inforesidencias.com\/blog\/wp-content\/uploads\/2022\/06\/Cua\u0301ndo-es-mejor-un-SAD-que-una-residencia.png\" \/>\n\t<meta property=\"og:image:width\" content=\"1118\" \/>\n\t<meta property=\"og:image:height\" content=\"904\" \/>\n\t<meta property=\"og:image:type\" content=\"image\/png\" \/>\n<meta name=\"author\" content=\"Josep de Mart\u00ed\" \/>\n<meta name=\"twitter:card\" content=\"summary_large_image\" \/>\n<meta name=\"twitter:creator\" content=\"@blog-ir\" \/>\n<meta name=\"twitter:site\" content=\"@inforesidencias\" \/>\n<meta name=\"twitter:label1\" content=\"Escrito por\" \/>\n\t<meta name=\"twitter:data1\" content=\"Josep de Mart\u00ed\" \/>\n\t<meta name=\"twitter:label2\" content=\"Tiempo de lectura\" \/>\n\t<meta name=\"twitter:data2\" content=\"5 minutos\" \/>\n<script type=\"application\/ld+json\" class=\"yoast-schema-graph\">{\"@context\":\"https:\/\/schema.org\",\"@graph\":[{\"@type\":\"WebPage\",\"@id\":\"https:\/\/www.inforesidencias.com\/blog\/index.php\/2022\/06\/24\/cuando-es-mejor-un-sad-que-una-residencia\/\",\"url\":\"https:\/\/www.inforesidencias.com\/blog\/index.php\/2022\/06\/24\/cuando-es-mejor-un-sad-que-una-residencia\/\",\"name\":\"\u00bfCu\u00e1ndo es mejor un SAD que una residencia? - Blog Inforesidencias.com\",\"isPartOf\":{\"@id\":\"https:\/\/www.inforesidencias.com\/blog\/#website\"},\"datePublished\":\"2022-06-24T05:50:00+00:00\",\"dateModified\":\"2022-06-23T15:50:58+00:00\",\"author\":{\"@id\":\"https:\/\/www.inforesidencias.com\/blog\/#\/schema\/person\/9e146774d1eb3bc1c0316242a3898628\"},\"description\":\"Muchas personas con alg\u00fan familiar mayor y con dependencia se preguntan Cu\u00e1ndo es mejor un SAD que una residencia. La respuesta no es f\u00e1cil\",\"breadcrumb\":{\"@id\":\"https:\/\/www.inforesidencias.com\/blog\/index.php\/2022\/06\/24\/cuando-es-mejor-un-sad-que-una-residencia\/#breadcrumb\"},\"inLanguage\":\"es\",\"potentialAction\":[{\"@type\":\"ReadAction\",\"target\":[\"https:\/\/www.inforesidencias.com\/blog\/index.php\/2022\/06\/24\/cuando-es-mejor-un-sad-que-una-residencia\/\"]}]},{\"@type\":\"BreadcrumbList\",\"@id\":\"https:\/\/www.inforesidencias.com\/blog\/index.php\/2022\/06\/24\/cuando-es-mejor-un-sad-que-una-residencia\/#breadcrumb\",\"itemListElement\":[{\"@type\":\"ListItem\",\"position\":1,\"name\":\"Home\",\"item\":\"https:\/\/www.inforesidencias.com\/blog\/\"},{\"@type\":\"ListItem\",\"position\":2,\"name\":\"\u00bfCu\u00e1ndo es mejor un SAD que una residencia?\"}]},{\"@type\":\"WebSite\",\"@id\":\"https:\/\/www.inforesidencias.com\/blog\/#website\",\"url\":\"https:\/\/www.inforesidencias.com\/blog\/\",\"name\":\"Blog Inforesidencias.com\",\"description\":\"El buscador de residencias de la 3\u00aa edad\",\"potentialAction\":[{\"@type\":\"SearchAction\",\"target\":{\"@type\":\"EntryPoint\",\"urlTemplate\":\"https:\/\/www.inforesidencias.com\/blog\/?s={search_term_string}\"},\"query-input\":\"required name=search_term_string\"}],\"inLanguage\":\"es\"},{\"@type\":\"Person\",\"@id\":\"https:\/\/www.inforesidencias.com\/blog\/#\/schema\/person\/9e146774d1eb3bc1c0316242a3898628\",\"name\":\"Josep de Mart\u00ed\",\"image\":{\"@type\":\"ImageObject\",\"inLanguage\":\"es\",\"@id\":\"https:\/\/www.inforesidencias.com\/blog\/#\/schema\/person\/image\/\",\"url\":\"https:\/\/secure.gravatar.com\/avatar\/de0302c4806c00c4cebff396a798c1ff?s=96&d=mm&r=g\",\"contentUrl\":\"https:\/\/secure.gravatar.com\/avatar\/de0302c4806c00c4cebff396a798c1ff?s=96&d=mm&r=g\",\"caption\":\"Josep de Mart\u00ed\"},\"sameAs\":[\"https:\/\/www.inforesidencias.com\",\"https:\/\/www.facebook.com\/josep.demarti\",\"https:\/\/twitter.com\/blog-ir\"],\"url\":\"https:\/\/www.inforesidencias.com\/blog\/index.php\/author\/josepdemarti\/\"}]}<\/script>\n<!-- \/ Yoast SEO plugin. -->","yoast_head_json":{"title":"\u00bfCu\u00e1ndo es mejor un SAD que una residencia? - Blog Inforesidencias.com","description":"Muchas personas con alg\u00fan familiar mayor y con dependencia se preguntan Cu\u00e1ndo es mejor un SAD que una residencia. La respuesta no es f\u00e1cil","robots":{"index":"index","follow":"follow","max-snippet":"max-snippet:-1","max-image-preview":"max-image-preview:large","max-video-preview":"max-video-preview:-1"},"canonical":"https:\/\/www.inforesidencias.com\/blog\/index.php\/2022\/06\/24\/cuando-es-mejor-un-sad-que-una-residencia\/","og_locale":"es_ES","og_type":"article","og_title":"\u00bfCu\u00e1ndo es mejor un SAD que una residencia? - Blog Inforesidencias.com","og_description":"Muchas personas con alg\u00fan familiar mayor y con dependencia se preguntan Cu\u00e1ndo es mejor un SAD que una residencia. La respuesta no es f\u00e1cil","og_url":"https:\/\/www.inforesidencias.com\/blog\/index.php\/2022\/06\/24\/cuando-es-mejor-un-sad-que-una-residencia\/","og_site_name":"Blog Inforesidencias.com","article_publisher":"https:\/\/www.facebook.com\/Inforesidencias\/","article_author":"https:\/\/www.facebook.com\/josep.demarti","article_published_time":"2022-06-24T05:50:00+00:00","article_modified_time":"2022-06-23T15:50:58+00:00","og_image":[{"width":1118,"height":904,"url":"https:\/\/www.inforesidencias.com\/blog\/wp-content\/uploads\/2022\/06\/Cua\u0301ndo-es-mejor-un-SAD-que-una-residencia.png","type":"image\/png"}],"author":"Josep de Mart\u00ed","twitter_card":"summary_large_image","twitter_creator":"@blog-ir","twitter_site":"@inforesidencias","twitter_misc":{"Escrito por":"Josep de Mart\u00ed","Tiempo de lectura":"5 minutos"},"schema":{"@context":"https:\/\/schema.org","@graph":[{"@type":"WebPage","@id":"https:\/\/www.inforesidencias.com\/blog\/index.php\/2022\/06\/24\/cuando-es-mejor-un-sad-que-una-residencia\/","url":"https:\/\/www.inforesidencias.com\/blog\/index.php\/2022\/06\/24\/cuando-es-mejor-un-sad-que-una-residencia\/","name":"\u00bfCu\u00e1ndo es mejor un SAD que una residencia? - Blog Inforesidencias.com","isPartOf":{"@id":"https:\/\/www.inforesidencias.com\/blog\/#website"},"datePublished":"2022-06-24T05:50:00+00:00","dateModified":"2022-06-23T15:50:58+00:00","author":{"@id":"https:\/\/www.inforesidencias.com\/blog\/#\/schema\/person\/9e146774d1eb3bc1c0316242a3898628"},"description":"Muchas personas con alg\u00fan familiar mayor y con dependencia se preguntan Cu\u00e1ndo es mejor un SAD que una residencia. La respuesta no es f\u00e1cil","breadcrumb":{"@id":"https:\/\/www.inforesidencias.com\/blog\/index.php\/2022\/06\/24\/cuando-es-mejor-un-sad-que-una-residencia\/#breadcrumb"},"inLanguage":"es","potentialAction":[{"@type":"ReadAction","target":["https:\/\/www.inforesidencias.com\/blog\/index.php\/2022\/06\/24\/cuando-es-mejor-un-sad-que-una-residencia\/"]}]},{"@type":"BreadcrumbList","@id":"https:\/\/www.inforesidencias.com\/blog\/index.php\/2022\/06\/24\/cuando-es-mejor-un-sad-que-una-residencia\/#breadcrumb","itemListElement":[{"@type":"ListItem","position":1,"name":"Home","item":"https:\/\/www.inforesidencias.com\/blog\/"},{"@type":"ListItem","position":2,"name":"\u00bfCu\u00e1ndo es mejor un SAD que una residencia?"}]},{"@type":"WebSite","@id":"https:\/\/www.inforesidencias.com\/blog\/#website","url":"https:\/\/www.inforesidencias.com\/blog\/","name":"Blog Inforesidencias.com","description":"El buscador de residencias de la 3\u00aa edad","potentialAction":[{"@type":"SearchAction","target":{"@type":"EntryPoint","urlTemplate":"https:\/\/www.inforesidencias.com\/blog\/?s={search_term_string}"},"query-input":"required name=search_term_string"}],"inLanguage":"es"},{"@type":"Person","@id":"https:\/\/www.inforesidencias.com\/blog\/#\/schema\/person\/9e146774d1eb3bc1c0316242a3898628","name":"Josep de Mart\u00ed","image":{"@type":"ImageObject","inLanguage":"es","@id":"https:\/\/www.inforesidencias.com\/blog\/#\/schema\/person\/image\/","url":"https:\/\/secure.gravatar.com\/avatar\/de0302c4806c00c4cebff396a798c1ff?s=96&d=mm&r=g","contentUrl":"https:\/\/secure.gravatar.com\/avatar\/de0302c4806c00c4cebff396a798c1ff?s=96&d=mm&r=g","caption":"Josep de Mart\u00ed"},"sameAs":["https:\/\/www.inforesidencias.com","https:\/\/www.facebook.com\/josep.demarti","https:\/\/twitter.com\/blog-ir"],"url":"https:\/\/www.inforesidencias.com\/blog\/index.php\/author\/josepdemarti\/"}]}},"_links":{"self":[{"href":"https:\/\/www.inforesidencias.com\/blog\/index.php\/wp-json\/wp\/v2\/posts\/5803"}],"collection":[{"href":"https:\/\/www.inforesidencias.com\/blog\/index.php\/wp-json\/wp\/v2\/posts"}],"about":[{"href":"https:\/\/www.inforesidencias.com\/blog\/index.php\/wp-json\/wp\/v2\/types\/post"}],"author":[{"embeddable":true,"href":"https:\/\/www.inforesidencias.com\/blog\/index.php\/wp-json\/wp\/v2\/users\/2"}],"replies":[{"embeddable":true,"href":"https:\/\/www.inforesidencias.com\/blog\/index.php\/wp-json\/wp\/v2\/comments?post=5803"}],"version-history":[{"count":7,"href":"https:\/\/www.inforesidencias.com\/blog\/index.php\/wp-json\/wp\/v2\/posts\/5803\/revisions"}],"predecessor-version":[{"id":5812,"href":"https:\/\/www.inforesidencias.com\/blog\/index.php\/wp-json\/wp\/v2\/posts\/5803\/revisions\/5812"}],"wp:featuredmedia":[{"embeddable":true,"href":"https:\/\/www.inforesidencias.com\/blog\/index.php\/wp-json\/wp\/v2\/media\/5810"}],"wp:attachment":[{"href":"https:\/\/www.inforesidencias.com\/blog\/index.php\/wp-json\/wp\/v2\/media?parent=5803"}],"wp:term":[{"taxonomy":"category","embeddable":true,"href":"https:\/\/www.inforesidencias.com\/blog\/index.php\/wp-json\/wp\/v2\/categories?post=5803"},{"taxonomy":"post_tag","embeddable":true,"href":"https:\/\/www.inforesidencias.com\/blog\/index.php\/wp-json\/wp\/v2\/tags?post=5803"}],"curies":[{"name":"wp","href":"https:\/\/api.w.org\/{rel}","templated":true}]}}