{"id":5813,"date":"2022-06-29T16:19:35","date_gmt":"2022-06-29T15:19:35","guid":{"rendered":"https:\/\/www.inforesidencias.com\/blog\/?p=5813"},"modified":"2022-06-29T16:19:37","modified_gmt":"2022-06-29T15:19:37","slug":"es-gran-ser-gran","status":"publish","type":"post","link":"https:\/\/www.inforesidencias.com\/blog\/index.php\/2022\/06\/29\/es-gran-ser-gran\/","title":{"rendered":"Un exoesqueleto para trabajar en residencias"},"content":{"rendered":"\n<p>Empezamos el programa de \u00abEs gran ser gran\u00bb del\u00a0<a href=\"https:\/\/www.estelfitxers.com\/audio\/2021-2022\/20220625-13_00TEMPSDEBENESTAR.MP3\">S\u00e1bado 25 de junio<\/a>  haciendo una reflexi\u00f3n sobre como pasa el tiempo con un ejemplo de un Instituto situado en el barrio de Hostafrancs llamado Joan Coromines, que empez\u00f3 hace 38 a\u00f1os y cierra definitivamente este a\u00f1o 2022.\u00a0\u00a0 Aprovechamos para recordar y dar las gracias a los profesores y alumnos que han pasado estos a\u00f1os por este instituto y donde han dejado muchas vivencias y aprendizajes.<\/p>\n\n\n\n<h3 class=\"wp-block-heading\">La entrevista<\/h3>\n\n\n\n<p>En los minutos para la entrevista, contamos con David Igual, Director de Operaciones de Pensium. David ya <a href=\"https:\/\/www.inforesidencias.com\/blog\/index.php\/2021\/08\/30\/programa-pensium-y-dudas-sobre-residencias\/\">particip\u00f3 en otras entrevistas<\/a> para hablar de Pensium, y nos gusta contar con \u00e9l en cada temporada para que nos recuerde la misi\u00f3n de esta empresa y su funcionamiento.<\/p>\n\n\n\n<p>Pensium es un nuevo sistema que ayuda a financiar el coste de la residencia a las personas mayores que ya no pueden vivir en su casa.&nbsp; Para acceder a esta ayuda, hay que disponer de un piso en propiedad o una segunda residencia y cederlo a Pensium para que lo pongan en alquiler.  La propiedad de los inmuebles siempre se mantiene en la familia, solo se cede a Pensium el derecho a alquilarlo para que as\u00ed puedan disponer de m\u00e1s dinero para pagar la residencia, sobre todo durante el tiempo hasta que tienen acceso a una residencia publica o a financiaci\u00f3n de parte de la administraci\u00f3n. <\/p>\n\n\n\n<p>Es una soluci\u00f3n para poder tener acceso a un cuidado de calidad en una residencia sin necesidad de perder la propiedad del piso, y aprovechar para poder alquilarlo a trav\u00e9s de los servicios que ofrece Pensium.<\/p>\n\n\n\n<p>Desde Pensium.es y llamando al tel\u00e9fono 93 8880 64 80 podr\u00e1n hablar con una trabajadora social que les puede asesorar en cuanto a las ayudas existentes y sobre los servicios que ofrece Pensium.  Si necesitan m\u00e1s informaci\u00f3n, la pueden encontrar en <a rel=\"noreferrer noopener\" href=\"https:\/\/pensium.es\/\" target=\"_blank\">Pensium.es<\/a> o <a href=\"https:\/\/pensium.es\/residencias\/\">rellenando este formulario<\/a>.<\/p>\n\n\n\n<h3 class=\"wp-block-heading\">La consulta del trabajador social<\/h3>\n\n\n\n<p>En la recta final del programa del s\u00e1bado, despu\u00e9s de la <a href=\"https:\/\/www.inforesidencias.com\/bolsa\/ofertas-de-trabajo\" target=\"_blank\" rel=\"noreferrer noopener\">bolsa de empleo<\/a> en la que repasaos las \u00faltimas ofertas publicadas, lleg\u00f3 la secci\u00f3n de la consulta del trabajador social de \u00ab\u00c9s gran ser gran\u00bb.  En esta ocasi\u00f3n comentamos el caso de una persona mayor que se le ha diagnosticado Alzeihmer y el perfil de las perosnas que cuidan. Y es que el 80% de las cuidadoras no profesionales, es decir, de las personas que cuidan en casa a estos enfermos son mujeres (su pareja, una hija, una sobrina).\u00a0 <\/p>\n\n\n\n<p>Desde inforesidencias.com animamos a las cuidadoras no profesionales a informarse sobre el tema del alzheimer ya que es una enfermedad que va evolucionando durante los a\u00f1os.   Si se quiere seguir cuidando en casa se recomienda informarse o incluso realizar alg\u00fan curso sobre cuidado de personas con Alzheimer y, sobre todo, intentar formar parte de un grupo para poder compartir situaciones y experiencias ya que esto ayuda mucho al cuidador.<\/p>\n\n\n\n<p>Al d\u00eda siguiente, en el programa de \u00ab\u00c9s gran ser gran\u00bb del <a href=\"https:\/\/www.estelfitxers.com\/audio\/2021-2022\/20220626-13_00TEMPSDEBENESTAR.MP3\">Domingo 26 de junio<\/a>  hacemos una reflexi\u00f3n sobre como tenemos que re-programarnos y ser conscientes de que hoy en d\u00eda, en el primer mundo, vivimos muy bien y que somos unos privilegiados si nos comparamos con cualquier otra generaci\u00f3n de la historia de la humanidad.\u00a0\u00a0 <\/p>\n\n\n\n<p>Tambi\u00e9n recordamos que los problemas que tenemos ahora no son c\u00f3mo hace unos siglos, que se jugaban la vida casi a diario, sino que son problemas que se pueden arreglar hablando y reflexionando y debemos evitar magnificarlos.  Recordamos que es importante saber disfrutar del d\u00eda a d\u00eda y de todo lo bueno que tenemos.<\/p>\n\n\n\n<h3 class=\"wp-block-heading\">La entrevista<\/h3>\n\n\n\n<p>Entrevistamos a Bernat Graupera, el Director Comercial de Healthy Technical Suits sobre el tema del exoesqueleto, ideal para movilizar a personas de envergadura en residencias de mayores.<\/p>\n\n\n\n<div class=\"wp-block-image\"><figure class=\"alignleft size-large is-resized\"><img decoding=\"async\" loading=\"lazy\" src=\"https:\/\/www.inforesidencias.com\/blog\/wp-content\/uploads\/2022\/06\/exoesqueleto-1024x653.png\" alt=\"\" class=\"wp-image-5816\" width=\"292\" height=\"186\" srcset=\"https:\/\/www.inforesidencias.com\/blog\/wp-content\/uploads\/2022\/06\/exoesqueleto-1024x653.png 1024w, https:\/\/www.inforesidencias.com\/blog\/wp-content\/uploads\/2022\/06\/exoesqueleto-300x191.png 300w, https:\/\/www.inforesidencias.com\/blog\/wp-content\/uploads\/2022\/06\/exoesqueleto-768x490.png 768w, https:\/\/www.inforesidencias.com\/blog\/wp-content\/uploads\/2022\/06\/exoesqueleto.png 1138w\" sizes=\"(max-width: 292px) 100vw, 292px\" \/><figcaption>Imagen exoesqueleto<\/figcaption><\/figure><\/div>\n\n\n\n<p>Bernat nos habla de un nuevo concepto que es el \u201cexoesqueleto\u201d, que es una especie de mochila que tiene una estructura con un m\u00fasculo artificial que sirve para proteger la zona lumbar ante cualquier tipo de manipulaci\u00f3n con peso.  Es decir, sirve tanto para cargar pesos, como para ayudar a que las lumbares no sufran en el caso de transferencias de personas mayores de la cama a la silla, o la ducha, en vez de usar una grua como se hace en algunos casos.\u00a0 <\/p>\n\n\n\n<p>Este exoesqueleto est\u00e1 pensado sobre todo para que lo usen las personas que deben hacer movilizaciones o manipulaciones a otras personas. Es de gran ayuda ya que protege la zona lumbar y adem\u00e1s corrige a nivel postural cuando se est\u00e1 haciendo la manipulaci\u00f3n o la transferencia.\u00a0 <\/p>\n\n\n\n<p>Este exoesqueleto ha sido creado por un profesor de rob\u00f3tica en la Universidad de Jap\u00f3n, ya que se encontraban con la situaci\u00f3n de que muchas enfermeras sufr\u00edan de problemas lumbares debidos a que en su trabajo diario deb\u00edan hacer bastantes transferencias y manipulaci\u00f3n de personas mayores y decidieron crear este exoesqueleto para precisamente evitar problemas lumbares y ayudarles en su d\u00eda a d\u00eda y se est\u00e1 utilizando mucho ya en Jap\u00f3n y resto de pa\u00edses asi\u00e1ticos.&nbsp;&nbsp;<\/p>\n\n\n\n<p>Para probarlo o verlo se pueden poner en contacto con<a href=\"mailto:info@healthysuits.com\"> <\/a>desde este <a rel=\"noreferrer noopener\" href=\"https:\/\/www.inforesidencias.com\/infoclasificados\/anuncio\/1141700095\" target=\"_blank\">formulario en inforesidencias.com<\/a>\u00a0<\/p>\n\n\n\n<h3 class=\"wp-block-heading\">La bolsa de trabajo<\/h3>\n\n\n\n<p>Se comentan varios consejos para hacer el curriculum en esta sesi\u00f3n de \u00abEs gran ser gran\u00bb<\/p>\n\n\n\n<ul><li>Utilizar una plantilla sencilla y elegante, sin colores, sin cambios de tipos de letras.&nbsp; Si puede ser que sea en una sola hoja y envi\u00e1rlo en formato pdf<\/li><li>Poner una frase de cuales han sido los logros principales en cada uno de los puestos de trabajo <\/li><li>Explicar algo sobre cuales son las habilidades \u201cblandas\u201d:&nbsp; c\u00f3mo saber trabajar en equipo, saber explicar y comunicar, la paciencia, la reflexi\u00f3n.<\/li><li>Crear una cuenta de correo a nivel profesional que sea nombre_apellidos@xxxx.com y evitar nombres raros en los correos y no poner fechas.<\/li><\/ul>\n\n\n\n<h3 class=\"wp-block-heading\">La consulta del trabajador social<\/h3>\n\n\n\n<p>Durante la consulta del trabajador social en \u00abEs gran ser gran\u00bb hablamos del sentimiento de culpa que muchas personas y familias sienten cuando empiezan a plantearse el hecho de llevar a un familiar a una residencia.&nbsp; Por ello es importante conocer y entender bien&nbsp;<strong>los beneficios que tienen<\/strong>&nbsp;estos centros<\/p>\n\n\n\n<p>\u00bfBuscas una residencia para un ser querido?  <a rel=\"noreferrer noopener\" href=\"https:\/\/www.inforesidencias.com\/particulares\/buscamos-por-ti\" target=\"_blank\">Te ayudamos<\/a><\/p>\n\n\n\n<p>Descubre un art\u00edculo donde se <a href=\"https:\/\/dependencia.info\/noticia\/5225\/innovacion\/el-exoesqueleto-muscle-suit-every-previene-y-evita-las-lesiones-musculares-en-la-zona-lumbar-de-los-profesionales.html\">habla m\u00e1s a fondo <\/a>sobre el exoesqueleto<\/p>\n","protected":false},"excerpt":{"rendered":"<p>Empezamos el programa de \u00abEs gran ser gran\u00bb del\u00a0S\u00e1bado 25 de junio haciendo una reflexi\u00f3n sobre como pasa el tiempo con un ejemplo de un Instituto situado en el barrio de Hostafrancs llamado Joan Coromines, que empez\u00f3 hace 38 a\u00f1os y cierra definitivamente este a\u00f1o 2022.\u00a0\u00a0 Aprovechamos para recordar y dar las gracias a los profesores y alumnos que han pasado estos a\u00f1os por este instituto y donde han dejado muchas vivencias y aprendizajes. La entrevista En los minutos para la entrevista, contamos con David Igual, Director de Operaciones de Pensium. David ya particip\u00f3 en otras entrevistas para hablar de Pensium, y nos gusta contar con \u00e9l en cada temporada para que nos recuerde la misi\u00f3n de esta empresa y su funcionamiento. Pensium es un nuevo sistema que ayuda a financiar el coste de la residencia a las personas mayores que ya no pueden vivir en su casa.&nbsp; Para acceder [&hellip;]<\/p>\n","protected":false},"author":2,"featured_media":5816,"comment_status":"open","ping_status":"open","sticky":false,"template":"","format":"standard","meta":{"footnotes":""},"categories":[1],"tags":[],"yoast_head":"<!-- This site is optimized with the Yoast SEO plugin v21.7 - https:\/\/yoast.com\/wordpress\/plugins\/seo\/ -->\n<title>Un exoesqueleto para trabajar en residencias - Blog Inforesidencias.com<\/title>\n<meta name=\"description\" content=\"En el programa de Es gran ser gran de inforesidencias.com descubrimos un exoesqueleto ideal para trabajar en residencias de personas mayores\" \/>\n<meta name=\"robots\" content=\"index, follow, max-snippet:-1, max-image-preview:large, max-video-preview:-1\" \/>\n<link rel=\"canonical\" href=\"https:\/\/www.inforesidencias.com\/blog\/index.php\/2022\/06\/29\/es-gran-ser-gran\/\" \/>\n<meta property=\"og:locale\" content=\"es_ES\" \/>\n<meta property=\"og:type\" content=\"article\" \/>\n<meta property=\"og:title\" content=\"Un exoesqueleto para trabajar en residencias - Blog Inforesidencias.com\" \/>\n<meta property=\"og:description\" content=\"En el programa de Es gran ser gran de inforesidencias.com descubrimos un exoesqueleto ideal para trabajar en residencias de personas mayores\" \/>\n<meta property=\"og:url\" content=\"https:\/\/www.inforesidencias.com\/blog\/index.php\/2022\/06\/29\/es-gran-ser-gran\/\" \/>\n<meta property=\"og:site_name\" content=\"Blog Inforesidencias.com\" \/>\n<meta property=\"article:publisher\" content=\"https:\/\/www.facebook.com\/Inforesidencias\/\" \/>\n<meta property=\"article:author\" content=\"https:\/\/www.facebook.com\/josep.demarti\" \/>\n<meta property=\"article:published_time\" content=\"2022-06-29T15:19:35+00:00\" \/>\n<meta property=\"article:modified_time\" content=\"2022-06-29T15:19:37+00:00\" \/>\n<meta property=\"og:image\" content=\"https:\/\/www.inforesidencias.com\/blog\/wp-content\/uploads\/2022\/06\/exoesqueleto.png\" \/>\n\t<meta property=\"og:image:width\" content=\"1138\" \/>\n\t<meta property=\"og:image:height\" content=\"726\" \/>\n\t<meta property=\"og:image:type\" content=\"image\/png\" \/>\n<meta name=\"author\" content=\"Josep de Mart\u00ed\" \/>\n<meta name=\"twitter:card\" content=\"summary_large_image\" \/>\n<meta name=\"twitter:creator\" content=\"@blog-ir\" \/>\n<meta name=\"twitter:site\" content=\"@inforesidencias\" \/>\n<meta name=\"twitter:label1\" content=\"Escrito por\" \/>\n\t<meta name=\"twitter:data1\" content=\"Josep de Mart\u00ed\" \/>\n\t<meta name=\"twitter:label2\" content=\"Tiempo de lectura\" \/>\n\t<meta name=\"twitter:data2\" content=\"5 minutos\" \/>\n<script type=\"application\/ld+json\" class=\"yoast-schema-graph\">{\"@context\":\"https:\/\/schema.org\",\"@graph\":[{\"@type\":\"WebPage\",\"@id\":\"https:\/\/www.inforesidencias.com\/blog\/index.php\/2022\/06\/29\/es-gran-ser-gran\/\",\"url\":\"https:\/\/www.inforesidencias.com\/blog\/index.php\/2022\/06\/29\/es-gran-ser-gran\/\",\"name\":\"Un exoesqueleto para trabajar en residencias - Blog Inforesidencias.com\",\"isPartOf\":{\"@id\":\"https:\/\/www.inforesidencias.com\/blog\/#website\"},\"datePublished\":\"2022-06-29T15:19:35+00:00\",\"dateModified\":\"2022-06-29T15:19:37+00:00\",\"author\":{\"@id\":\"https:\/\/www.inforesidencias.com\/blog\/#\/schema\/person\/9e146774d1eb3bc1c0316242a3898628\"},\"description\":\"En el programa de Es gran ser gran de inforesidencias.com descubrimos un exoesqueleto ideal para trabajar en residencias de personas mayores\",\"breadcrumb\":{\"@id\":\"https:\/\/www.inforesidencias.com\/blog\/index.php\/2022\/06\/29\/es-gran-ser-gran\/#breadcrumb\"},\"inLanguage\":\"es\",\"potentialAction\":[{\"@type\":\"ReadAction\",\"target\":[\"https:\/\/www.inforesidencias.com\/blog\/index.php\/2022\/06\/29\/es-gran-ser-gran\/\"]}]},{\"@type\":\"BreadcrumbList\",\"@id\":\"https:\/\/www.inforesidencias.com\/blog\/index.php\/2022\/06\/29\/es-gran-ser-gran\/#breadcrumb\",\"itemListElement\":[{\"@type\":\"ListItem\",\"position\":1,\"name\":\"Home\",\"item\":\"https:\/\/www.inforesidencias.com\/blog\/\"},{\"@type\":\"ListItem\",\"position\":2,\"name\":\"Un exoesqueleto para trabajar en residencias\"}]},{\"@type\":\"WebSite\",\"@id\":\"https:\/\/www.inforesidencias.com\/blog\/#website\",\"url\":\"https:\/\/www.inforesidencias.com\/blog\/\",\"name\":\"Blog Inforesidencias.com\",\"description\":\"El buscador de residencias de la 3\u00aa edad\",\"potentialAction\":[{\"@type\":\"SearchAction\",\"target\":{\"@type\":\"EntryPoint\",\"urlTemplate\":\"https:\/\/www.inforesidencias.com\/blog\/?s={search_term_string}\"},\"query-input\":\"required name=search_term_string\"}],\"inLanguage\":\"es\"},{\"@type\":\"Person\",\"@id\":\"https:\/\/www.inforesidencias.com\/blog\/#\/schema\/person\/9e146774d1eb3bc1c0316242a3898628\",\"name\":\"Josep de Mart\u00ed\",\"image\":{\"@type\":\"ImageObject\",\"inLanguage\":\"es\",\"@id\":\"https:\/\/www.inforesidencias.com\/blog\/#\/schema\/person\/image\/\",\"url\":\"https:\/\/secure.gravatar.com\/avatar\/de0302c4806c00c4cebff396a798c1ff?s=96&d=mm&r=g\",\"contentUrl\":\"https:\/\/secure.gravatar.com\/avatar\/de0302c4806c00c4cebff396a798c1ff?s=96&d=mm&r=g\",\"caption\":\"Josep de Mart\u00ed\"},\"sameAs\":[\"https:\/\/www.inforesidencias.com\",\"https:\/\/www.facebook.com\/josep.demarti\",\"https:\/\/twitter.com\/blog-ir\"],\"url\":\"https:\/\/www.inforesidencias.com\/blog\/index.php\/author\/josepdemarti\/\"}]}<\/script>\n<!-- \/ Yoast SEO plugin. -->","yoast_head_json":{"title":"Un exoesqueleto para trabajar en residencias - Blog Inforesidencias.com","description":"En el programa de Es gran ser gran de inforesidencias.com descubrimos un exoesqueleto ideal para trabajar en residencias de personas mayores","robots":{"index":"index","follow":"follow","max-snippet":"max-snippet:-1","max-image-preview":"max-image-preview:large","max-video-preview":"max-video-preview:-1"},"canonical":"https:\/\/www.inforesidencias.com\/blog\/index.php\/2022\/06\/29\/es-gran-ser-gran\/","og_locale":"es_ES","og_type":"article","og_title":"Un exoesqueleto para trabajar en residencias - Blog Inforesidencias.com","og_description":"En el programa de Es gran ser gran de inforesidencias.com descubrimos un exoesqueleto ideal para trabajar en residencias de personas mayores","og_url":"https:\/\/www.inforesidencias.com\/blog\/index.php\/2022\/06\/29\/es-gran-ser-gran\/","og_site_name":"Blog Inforesidencias.com","article_publisher":"https:\/\/www.facebook.com\/Inforesidencias\/","article_author":"https:\/\/www.facebook.com\/josep.demarti","article_published_time":"2022-06-29T15:19:35+00:00","article_modified_time":"2022-06-29T15:19:37+00:00","og_image":[{"width":1138,"height":726,"url":"https:\/\/www.inforesidencias.com\/blog\/wp-content\/uploads\/2022\/06\/exoesqueleto.png","type":"image\/png"}],"author":"Josep de Mart\u00ed","twitter_card":"summary_large_image","twitter_creator":"@blog-ir","twitter_site":"@inforesidencias","twitter_misc":{"Escrito por":"Josep de Mart\u00ed","Tiempo de lectura":"5 minutos"},"schema":{"@context":"https:\/\/schema.org","@graph":[{"@type":"WebPage","@id":"https:\/\/www.inforesidencias.com\/blog\/index.php\/2022\/06\/29\/es-gran-ser-gran\/","url":"https:\/\/www.inforesidencias.com\/blog\/index.php\/2022\/06\/29\/es-gran-ser-gran\/","name":"Un exoesqueleto para trabajar en residencias - Blog Inforesidencias.com","isPartOf":{"@id":"https:\/\/www.inforesidencias.com\/blog\/#website"},"datePublished":"2022-06-29T15:19:35+00:00","dateModified":"2022-06-29T15:19:37+00:00","author":{"@id":"https:\/\/www.inforesidencias.com\/blog\/#\/schema\/person\/9e146774d1eb3bc1c0316242a3898628"},"description":"En el programa de Es gran ser gran de inforesidencias.com descubrimos un exoesqueleto ideal para trabajar en residencias de personas mayores","breadcrumb":{"@id":"https:\/\/www.inforesidencias.com\/blog\/index.php\/2022\/06\/29\/es-gran-ser-gran\/#breadcrumb"},"inLanguage":"es","potentialAction":[{"@type":"ReadAction","target":["https:\/\/www.inforesidencias.com\/blog\/index.php\/2022\/06\/29\/es-gran-ser-gran\/"]}]},{"@type":"BreadcrumbList","@id":"https:\/\/www.inforesidencias.com\/blog\/index.php\/2022\/06\/29\/es-gran-ser-gran\/#breadcrumb","itemListElement":[{"@type":"ListItem","position":1,"name":"Home","item":"https:\/\/www.inforesidencias.com\/blog\/"},{"@type":"ListItem","position":2,"name":"Un exoesqueleto para trabajar en residencias"}]},{"@type":"WebSite","@id":"https:\/\/www.inforesidencias.com\/blog\/#website","url":"https:\/\/www.inforesidencias.com\/blog\/","name":"Blog Inforesidencias.com","description":"El buscador de residencias de la 3\u00aa edad","potentialAction":[{"@type":"SearchAction","target":{"@type":"EntryPoint","urlTemplate":"https:\/\/www.inforesidencias.com\/blog\/?s={search_term_string}"},"query-input":"required name=search_term_string"}],"inLanguage":"es"},{"@type":"Person","@id":"https:\/\/www.inforesidencias.com\/blog\/#\/schema\/person\/9e146774d1eb3bc1c0316242a3898628","name":"Josep de Mart\u00ed","image":{"@type":"ImageObject","inLanguage":"es","@id":"https:\/\/www.inforesidencias.com\/blog\/#\/schema\/person\/image\/","url":"https:\/\/secure.gravatar.com\/avatar\/de0302c4806c00c4cebff396a798c1ff?s=96&d=mm&r=g","contentUrl":"https:\/\/secure.gravatar.com\/avatar\/de0302c4806c00c4cebff396a798c1ff?s=96&d=mm&r=g","caption":"Josep de Mart\u00ed"},"sameAs":["https:\/\/www.inforesidencias.com","https:\/\/www.facebook.com\/josep.demarti","https:\/\/twitter.com\/blog-ir"],"url":"https:\/\/www.inforesidencias.com\/blog\/index.php\/author\/josepdemarti\/"}]}},"_links":{"self":[{"href":"https:\/\/www.inforesidencias.com\/blog\/index.php\/wp-json\/wp\/v2\/posts\/5813"}],"collection":[{"href":"https:\/\/www.inforesidencias.com\/blog\/index.php\/wp-json\/wp\/v2\/posts"}],"about":[{"href":"https:\/\/www.inforesidencias.com\/blog\/index.php\/wp-json\/wp\/v2\/types\/post"}],"author":[{"embeddable":true,"href":"https:\/\/www.inforesidencias.com\/blog\/index.php\/wp-json\/wp\/v2\/users\/2"}],"replies":[{"embeddable":true,"href":"https:\/\/www.inforesidencias.com\/blog\/index.php\/wp-json\/wp\/v2\/comments?post=5813"}],"version-history":[{"count":3,"href":"https:\/\/www.inforesidencias.com\/blog\/index.php\/wp-json\/wp\/v2\/posts\/5813\/revisions"}],"predecessor-version":[{"id":5818,"href":"https:\/\/www.inforesidencias.com\/blog\/index.php\/wp-json\/wp\/v2\/posts\/5813\/revisions\/5818"}],"wp:featuredmedia":[{"embeddable":true,"href":"https:\/\/www.inforesidencias.com\/blog\/index.php\/wp-json\/wp\/v2\/media\/5816"}],"wp:attachment":[{"href":"https:\/\/www.inforesidencias.com\/blog\/index.php\/wp-json\/wp\/v2\/media?parent=5813"}],"wp:term":[{"taxonomy":"category","embeddable":true,"href":"https:\/\/www.inforesidencias.com\/blog\/index.php\/wp-json\/wp\/v2\/categories?post=5813"},{"taxonomy":"post_tag","embeddable":true,"href":"https:\/\/www.inforesidencias.com\/blog\/index.php\/wp-json\/wp\/v2\/tags?post=5813"}],"curies":[{"name":"wp","href":"https:\/\/api.w.org\/{rel}","templated":true}]}}