{"id":5819,"date":"2022-07-03T06:05:00","date_gmt":"2022-07-03T05:05:00","guid":{"rendered":"https:\/\/www.inforesidencias.com\/blog\/?p=5819"},"modified":"2022-07-01T11:07:13","modified_gmt":"2022-07-01T10:07:13","slug":"sentimiento-de-culpa","status":"publish","type":"post","link":"https:\/\/www.inforesidencias.com\/blog\/index.php\/2022\/07\/03\/sentimiento-de-culpa\/","title":{"rendered":"Sentimiento de culpa por buscar una residencia"},"content":{"rendered":"\n<p>Un consulta que nos llega muy a menudo a <a rel=\"noreferrer noopener\" href=\"https:\/\/www.inforesidencias.com\/particulares\" target=\"_blank\">inforesidencias<\/a> es sobre el sentimiento de culpa que muchas personas y familias sienten cuando empiezan a plantearse el hecho de llevar a un familiar a una residencia.\u00a0 Por ello, es importante conocer y entender bien\u00a0<strong>los beneficios que tienen<\/strong>\u00a0estos centros para poder trabajarnos a nivel personal ese sentimiento de culpa que genera:<\/p>\n\n\n\n<div class=\"wp-block-image\"><figure class=\"alignleft size-large\"><img decoding=\"async\" loading=\"lazy\" width=\"876\" height=\"578\" src=\"https:\/\/www.inforesidencias.com\/blog\/wp-content\/uploads\/2022\/06\/Captura-de-pantalla-2022-06-30-a-las-15.57.37.png\" alt=\"\" class=\"wp-image-5821\" srcset=\"https:\/\/www.inforesidencias.com\/blog\/wp-content\/uploads\/2022\/06\/Captura-de-pantalla-2022-06-30-a-las-15.57.37.png 876w, https:\/\/www.inforesidencias.com\/blog\/wp-content\/uploads\/2022\/06\/Captura-de-pantalla-2022-06-30-a-las-15.57.37-300x198.png 300w, https:\/\/www.inforesidencias.com\/blog\/wp-content\/uploads\/2022\/06\/Captura-de-pantalla-2022-06-30-a-las-15.57.37-768x507.png 768w\" sizes=\"(max-width: 876px) 100vw, 876px\" \/><figcaption>El sentimiento de culpa aparece cuando empiezas a plantearte el hecho de llevar a un ser querido a una residencia de personas mayores<\/figcaption><\/figure><\/div>\n\n\n\n<p>Por ejemplo, te ayudar\u00e1 saber que:<\/p>\n\n\n\n<p><strong>1.&nbsp;Tienen programas de terapia ocupacional y de ocio:&nbsp; apoyan al envejecimiento activo<\/strong><\/p>\n\n\n\n<p>En las residencias tienen programas especializados con programas de terapia ocupacional y de ocio que fomentan las capacidades personales de cada persona: pintar, coser, memoria, ajedrez, petanca, bingo. Todos estos programan les ayudan a mantener su bienestar f\u00edsico y mental.<\/p>\n\n\n\n<p><strong>2. Promueven la autonom\u00eda y la movilidad<\/strong><\/p>\n\n\n\n<p>Hay que tener presente que en la casa de cada uno no siempre suele estar adaptado a las necesidades de una persona mayor, a veces tiene escaleras, o el acceso al lavabo o la ducha es dif\u00edcil cuando vas en silla de ruedas o con muletas\u2026.. Las residencias est\u00e1n adaptadas a sus necesidades de movilidad, fomentando su autonom\u00eda e independencia.<\/p>\n\n\n\n<p><strong>3. Estos centros ofrecen servicios profesionales y personalizados seg\u00fan las necesidades de cada persona:<\/strong><\/p>\n\n\n\n<p>Es muy probable que tu familiar mayor necesite asistencia m\u00e9dica personalizada y que tal vez pueda necesitar ayuda para vestirse, o para comer. El equipo de profesionales de las residencias cuidan con mucho mimo a los mayores, respetando en todo momento su individualidad.<\/p>\n\n\n\n<p><strong>4.&nbsp;Incrementan sus relaciones sociales<\/strong><\/p>\n\n\n\n<p>Si revisamos las 3 plagas del Dr. Bill Thomas: soledad, aburrimiento y el sentimiento de inutilidad, podemos comentar que los centros geri\u00e1tricos son lugares donde se puede disfrutar de la vida en com\u00fan y donde hay actividades para evitar estas 3 plagas. En muchas ocasiones, hasta encuentran nuevos amigos y experiencias.<\/p>\n\n\n\n<p>Y sabemos que el sentimiento de culpa es algo que nos va a pasar, es un sentimiento normal que tenemos que saber entender.<\/p>\n\n\n\n<p><strong>5.&nbsp;La importancia del equilibrio nutricional en la alimentaci\u00f3n<\/strong><\/p>\n\n\n\n<p>En la tercera edad, las necesidades alimentarias cambian. En las residencias los men\u00fas est\u00e1n elaborados por nutricionistas que entienden bien les necesidades de octogenarios y nonagenarios. Adem\u00e1s, pueden adecuar los men\u00fas a las necesidades personales de cada residente, por ejemplo para personas con disfagia.<\/p>\n\n\n\n<p><strong>6. Control de la medicaci\u00f3n<\/strong><\/p>\n\n\n\n<p>Cuando las personas mayores viven solas o dependen de otra persona para la toma de la medicaci\u00f3n, se pueden producir olvidos. Las residencias cuentan con personas que se encargan de que los mayores tomen de manera adecuada toda su medicaci\u00f3n de una manera ordenada.<\/p>\n\n\n\n<p><strong>7. Compartir tiempo de calidad <\/strong><\/p>\n\n\n\n<p>Las residencias ayudan a las familias a poder estar tranquilas y poder disfrutar de un tiempo de calidad cuando vas a ver a tu ser querido. Es decir, no tienes que estar haciendo varias cosas a la vez como cuando vas a verles a su casa: \u00bfse ha tomado la medicaci\u00f3n? \u00bfha comido?&nbsp; \u00bftiene la comida hecha? estas en mil cosas a la vez y con poco tiempo para hacerlo.<\/p>\n\n\n\n<p>En un centro es al contrario, tienes un tiempo de tranquilidad y le puedes dedicar el 100% de tu tiempo a la persona que quieres.&nbsp; Tengamos presente que aunque tu ser querido tenga demencia y no llegue a comunicarse con palabras, esta persona lo que s\u00ed que nota es tu tranquilidad y tus emociones cuando estas con ella y es mejor estar centrado solo en ella.  Es un tiempo de calidad para dedicarle a ti y a la persona que quieres.<\/p>\n\n\n\n<p>Esperamos que te hayamos ayudado a que ese sentimiento de culpa, que es normal sentirlo, se vaya reduciendo al entender que tu ser querido esta en buenas manos y tu podr\u00e1s disponer de m\u00e1s tiempo de calidad para estar con esa persona.<\/p>\n\n\n\n<p>Si te ha parecido interesante este art\u00edculo sobre el sentimiento de culpa, tienes otros <a href=\"https:\/\/www.inforesidencias.com\/blog\/index.php\/2021\/12\/20\/el-sentimiento-de-culpa-al-llevar-un-familiar-a-una-residencia-para-mayores\/\" target=\"_blank\" rel=\"noreferrer noopener\">art\u00edculos relacionados<\/a><\/p>\n\n\n\n<p>Y si ahora en pleno verano buscar una residencia de la tercera edad, quiz\u00e1 te interese ver las <a href=\"https:\/\/www.inforesidencias.com\/centros\/buscador\/busquedas-predefinidas\/residencias-de-ancianos-en-la-costa-blanca\" target=\"_blank\" rel=\"noreferrer noopener\">residencias de ancianos en la Costa Blanca<\/a><\/p>\n","protected":false},"excerpt":{"rendered":"<p>Un consulta que nos llega muy a menudo a inforesidencias es sobre el sentimiento de culpa que muchas personas y familias sienten cuando empiezan a plantearse el hecho de llevar a un familiar a una residencia.\u00a0 Por ello, es importante conocer y entender bien\u00a0los beneficios que tienen\u00a0estos centros para poder trabajarnos a nivel personal ese sentimiento de culpa que genera: Por ejemplo, te ayudar\u00e1 saber que: 1.&nbsp;Tienen programas de terapia ocupacional y de ocio:&nbsp; apoyan al envejecimiento activo En las residencias tienen programas especializados con programas de terapia ocupacional y de ocio que fomentan las capacidades personales de cada persona: pintar, coser, memoria, ajedrez, petanca, bingo. Todos estos programan les ayudan a mantener su bienestar f\u00edsico y mental. 2. Promueven la autonom\u00eda y la movilidad Hay que tener presente que en la casa de cada uno no siempre suele estar adaptado a las necesidades de una persona mayor, a veces [&hellip;]<\/p>\n","protected":false},"author":2,"featured_media":0,"comment_status":"open","ping_status":"open","sticky":false,"template":"","format":"standard","meta":{"footnotes":""},"categories":[1],"tags":[],"yoast_head":"<!-- This site is optimized with the Yoast SEO plugin v21.7 - https:\/\/yoast.com\/wordpress\/plugins\/seo\/ -->\n<title>Sentimiento de culpa por buscar una residencia - Blog Inforesidencias.com<\/title>\n<meta name=\"description\" content=\"Muchas personas tienen un sentimiento de culpa cuando empiezan a plantearse el hecho de llevar a un familiar a una residencia de ancianos\" \/>\n<meta name=\"robots\" content=\"index, follow, max-snippet:-1, max-image-preview:large, max-video-preview:-1\" \/>\n<link rel=\"canonical\" href=\"https:\/\/www.inforesidencias.com\/blog\/index.php\/2022\/07\/03\/sentimiento-de-culpa\/\" \/>\n<meta property=\"og:locale\" content=\"es_ES\" \/>\n<meta property=\"og:type\" content=\"article\" \/>\n<meta property=\"og:title\" content=\"Sentimiento de culpa por buscar una residencia - Blog Inforesidencias.com\" \/>\n<meta property=\"og:description\" content=\"Muchas personas tienen un sentimiento de culpa cuando empiezan a plantearse el hecho de llevar a un familiar a una residencia de ancianos\" \/>\n<meta property=\"og:url\" content=\"https:\/\/www.inforesidencias.com\/blog\/index.php\/2022\/07\/03\/sentimiento-de-culpa\/\" \/>\n<meta property=\"og:site_name\" content=\"Blog Inforesidencias.com\" \/>\n<meta property=\"article:publisher\" content=\"https:\/\/www.facebook.com\/Inforesidencias\/\" \/>\n<meta property=\"article:author\" content=\"https:\/\/www.facebook.com\/josep.demarti\" \/>\n<meta property=\"article:published_time\" content=\"2022-07-03T05:05:00+00:00\" \/>\n<meta property=\"article:modified_time\" content=\"2022-07-01T10:07:13+00:00\" \/>\n<meta property=\"og:image\" content=\"https:\/\/www.inforesidencias.com\/blog\/wp-content\/uploads\/2022\/06\/Captura-de-pantalla-2022-06-30-a-las-15.57.37.png\" \/>\n<meta name=\"author\" content=\"Josep de Mart\u00ed\" \/>\n<meta name=\"twitter:card\" content=\"summary_large_image\" \/>\n<meta name=\"twitter:creator\" content=\"@blog-ir\" \/>\n<meta name=\"twitter:site\" content=\"@inforesidencias\" \/>\n<meta name=\"twitter:label1\" content=\"Escrito por\" \/>\n\t<meta name=\"twitter:data1\" content=\"Josep de Mart\u00ed\" \/>\n\t<meta name=\"twitter:label2\" content=\"Tiempo de lectura\" \/>\n\t<meta name=\"twitter:data2\" content=\"4 minutos\" \/>\n<script type=\"application\/ld+json\" class=\"yoast-schema-graph\">{\"@context\":\"https:\/\/schema.org\",\"@graph\":[{\"@type\":\"WebPage\",\"@id\":\"https:\/\/www.inforesidencias.com\/blog\/index.php\/2022\/07\/03\/sentimiento-de-culpa\/\",\"url\":\"https:\/\/www.inforesidencias.com\/blog\/index.php\/2022\/07\/03\/sentimiento-de-culpa\/\",\"name\":\"Sentimiento de culpa por buscar una residencia - Blog Inforesidencias.com\",\"isPartOf\":{\"@id\":\"https:\/\/www.inforesidencias.com\/blog\/#website\"},\"datePublished\":\"2022-07-03T05:05:00+00:00\",\"dateModified\":\"2022-07-01T10:07:13+00:00\",\"author\":{\"@id\":\"https:\/\/www.inforesidencias.com\/blog\/#\/schema\/person\/9e146774d1eb3bc1c0316242a3898628\"},\"description\":\"Muchas personas tienen un sentimiento de culpa cuando empiezan a plantearse el hecho de llevar a un familiar a una residencia de ancianos\",\"breadcrumb\":{\"@id\":\"https:\/\/www.inforesidencias.com\/blog\/index.php\/2022\/07\/03\/sentimiento-de-culpa\/#breadcrumb\"},\"inLanguage\":\"es\",\"potentialAction\":[{\"@type\":\"ReadAction\",\"target\":[\"https:\/\/www.inforesidencias.com\/blog\/index.php\/2022\/07\/03\/sentimiento-de-culpa\/\"]}]},{\"@type\":\"BreadcrumbList\",\"@id\":\"https:\/\/www.inforesidencias.com\/blog\/index.php\/2022\/07\/03\/sentimiento-de-culpa\/#breadcrumb\",\"itemListElement\":[{\"@type\":\"ListItem\",\"position\":1,\"name\":\"Home\",\"item\":\"https:\/\/www.inforesidencias.com\/blog\/\"},{\"@type\":\"ListItem\",\"position\":2,\"name\":\"Sentimiento de culpa por buscar una residencia\"}]},{\"@type\":\"WebSite\",\"@id\":\"https:\/\/www.inforesidencias.com\/blog\/#website\",\"url\":\"https:\/\/www.inforesidencias.com\/blog\/\",\"name\":\"Blog Inforesidencias.com\",\"description\":\"El buscador de residencias de la 3\u00aa edad\",\"potentialAction\":[{\"@type\":\"SearchAction\",\"target\":{\"@type\":\"EntryPoint\",\"urlTemplate\":\"https:\/\/www.inforesidencias.com\/blog\/?s={search_term_string}\"},\"query-input\":\"required name=search_term_string\"}],\"inLanguage\":\"es\"},{\"@type\":\"Person\",\"@id\":\"https:\/\/www.inforesidencias.com\/blog\/#\/schema\/person\/9e146774d1eb3bc1c0316242a3898628\",\"name\":\"Josep de Mart\u00ed\",\"image\":{\"@type\":\"ImageObject\",\"inLanguage\":\"es\",\"@id\":\"https:\/\/www.inforesidencias.com\/blog\/#\/schema\/person\/image\/\",\"url\":\"https:\/\/secure.gravatar.com\/avatar\/de0302c4806c00c4cebff396a798c1ff?s=96&d=mm&r=g\",\"contentUrl\":\"https:\/\/secure.gravatar.com\/avatar\/de0302c4806c00c4cebff396a798c1ff?s=96&d=mm&r=g\",\"caption\":\"Josep de Mart\u00ed\"},\"sameAs\":[\"https:\/\/www.inforesidencias.com\",\"https:\/\/www.facebook.com\/josep.demarti\",\"https:\/\/twitter.com\/blog-ir\"],\"url\":\"https:\/\/www.inforesidencias.com\/blog\/index.php\/author\/josepdemarti\/\"}]}<\/script>\n<!-- \/ Yoast SEO plugin. -->","yoast_head_json":{"title":"Sentimiento de culpa por buscar una residencia - Blog Inforesidencias.com","description":"Muchas personas tienen un sentimiento de culpa cuando empiezan a plantearse el hecho de llevar a un familiar a una residencia de ancianos","robots":{"index":"index","follow":"follow","max-snippet":"max-snippet:-1","max-image-preview":"max-image-preview:large","max-video-preview":"max-video-preview:-1"},"canonical":"https:\/\/www.inforesidencias.com\/blog\/index.php\/2022\/07\/03\/sentimiento-de-culpa\/","og_locale":"es_ES","og_type":"article","og_title":"Sentimiento de culpa por buscar una residencia - Blog Inforesidencias.com","og_description":"Muchas personas tienen un sentimiento de culpa cuando empiezan a plantearse el hecho de llevar a un familiar a una residencia de ancianos","og_url":"https:\/\/www.inforesidencias.com\/blog\/index.php\/2022\/07\/03\/sentimiento-de-culpa\/","og_site_name":"Blog Inforesidencias.com","article_publisher":"https:\/\/www.facebook.com\/Inforesidencias\/","article_author":"https:\/\/www.facebook.com\/josep.demarti","article_published_time":"2022-07-03T05:05:00+00:00","article_modified_time":"2022-07-01T10:07:13+00:00","og_image":[{"url":"https:\/\/www.inforesidencias.com\/blog\/wp-content\/uploads\/2022\/06\/Captura-de-pantalla-2022-06-30-a-las-15.57.37.png"}],"author":"Josep de Mart\u00ed","twitter_card":"summary_large_image","twitter_creator":"@blog-ir","twitter_site":"@inforesidencias","twitter_misc":{"Escrito por":"Josep de Mart\u00ed","Tiempo de lectura":"4 minutos"},"schema":{"@context":"https:\/\/schema.org","@graph":[{"@type":"WebPage","@id":"https:\/\/www.inforesidencias.com\/blog\/index.php\/2022\/07\/03\/sentimiento-de-culpa\/","url":"https:\/\/www.inforesidencias.com\/blog\/index.php\/2022\/07\/03\/sentimiento-de-culpa\/","name":"Sentimiento de culpa por buscar una residencia - Blog Inforesidencias.com","isPartOf":{"@id":"https:\/\/www.inforesidencias.com\/blog\/#website"},"datePublished":"2022-07-03T05:05:00+00:00","dateModified":"2022-07-01T10:07:13+00:00","author":{"@id":"https:\/\/www.inforesidencias.com\/blog\/#\/schema\/person\/9e146774d1eb3bc1c0316242a3898628"},"description":"Muchas personas tienen un sentimiento de culpa cuando empiezan a plantearse el hecho de llevar a un familiar a una residencia de ancianos","breadcrumb":{"@id":"https:\/\/www.inforesidencias.com\/blog\/index.php\/2022\/07\/03\/sentimiento-de-culpa\/#breadcrumb"},"inLanguage":"es","potentialAction":[{"@type":"ReadAction","target":["https:\/\/www.inforesidencias.com\/blog\/index.php\/2022\/07\/03\/sentimiento-de-culpa\/"]}]},{"@type":"BreadcrumbList","@id":"https:\/\/www.inforesidencias.com\/blog\/index.php\/2022\/07\/03\/sentimiento-de-culpa\/#breadcrumb","itemListElement":[{"@type":"ListItem","position":1,"name":"Home","item":"https:\/\/www.inforesidencias.com\/blog\/"},{"@type":"ListItem","position":2,"name":"Sentimiento de culpa por buscar una residencia"}]},{"@type":"WebSite","@id":"https:\/\/www.inforesidencias.com\/blog\/#website","url":"https:\/\/www.inforesidencias.com\/blog\/","name":"Blog Inforesidencias.com","description":"El buscador de residencias de la 3\u00aa edad","potentialAction":[{"@type":"SearchAction","target":{"@type":"EntryPoint","urlTemplate":"https:\/\/www.inforesidencias.com\/blog\/?s={search_term_string}"},"query-input":"required name=search_term_string"}],"inLanguage":"es"},{"@type":"Person","@id":"https:\/\/www.inforesidencias.com\/blog\/#\/schema\/person\/9e146774d1eb3bc1c0316242a3898628","name":"Josep de Mart\u00ed","image":{"@type":"ImageObject","inLanguage":"es","@id":"https:\/\/www.inforesidencias.com\/blog\/#\/schema\/person\/image\/","url":"https:\/\/secure.gravatar.com\/avatar\/de0302c4806c00c4cebff396a798c1ff?s=96&d=mm&r=g","contentUrl":"https:\/\/secure.gravatar.com\/avatar\/de0302c4806c00c4cebff396a798c1ff?s=96&d=mm&r=g","caption":"Josep de Mart\u00ed"},"sameAs":["https:\/\/www.inforesidencias.com","https:\/\/www.facebook.com\/josep.demarti","https:\/\/twitter.com\/blog-ir"],"url":"https:\/\/www.inforesidencias.com\/blog\/index.php\/author\/josepdemarti\/"}]}},"_links":{"self":[{"href":"https:\/\/www.inforesidencias.com\/blog\/index.php\/wp-json\/wp\/v2\/posts\/5819"}],"collection":[{"href":"https:\/\/www.inforesidencias.com\/blog\/index.php\/wp-json\/wp\/v2\/posts"}],"about":[{"href":"https:\/\/www.inforesidencias.com\/blog\/index.php\/wp-json\/wp\/v2\/types\/post"}],"author":[{"embeddable":true,"href":"https:\/\/www.inforesidencias.com\/blog\/index.php\/wp-json\/wp\/v2\/users\/2"}],"replies":[{"embeddable":true,"href":"https:\/\/www.inforesidencias.com\/blog\/index.php\/wp-json\/wp\/v2\/comments?post=5819"}],"version-history":[{"count":3,"href":"https:\/\/www.inforesidencias.com\/blog\/index.php\/wp-json\/wp\/v2\/posts\/5819\/revisions"}],"predecessor-version":[{"id":5823,"href":"https:\/\/www.inforesidencias.com\/blog\/index.php\/wp-json\/wp\/v2\/posts\/5819\/revisions\/5823"}],"wp:attachment":[{"href":"https:\/\/www.inforesidencias.com\/blog\/index.php\/wp-json\/wp\/v2\/media?parent=5819"}],"wp:term":[{"taxonomy":"category","embeddable":true,"href":"https:\/\/www.inforesidencias.com\/blog\/index.php\/wp-json\/wp\/v2\/categories?post=5819"},{"taxonomy":"post_tag","embeddable":true,"href":"https:\/\/www.inforesidencias.com\/blog\/index.php\/wp-json\/wp\/v2\/tags?post=5819"}],"curies":[{"name":"wp","href":"https:\/\/api.w.org\/{rel}","templated":true}]}}