{"id":5824,"date":"2022-07-07T06:44:00","date_gmt":"2022-07-07T05:44:00","guid":{"rendered":"https:\/\/www.inforesidencias.com\/blog\/?p=5824"},"modified":"2022-07-04T14:48:52","modified_gmt":"2022-07-04T13:48:52","slug":"el-cuidado-de-la-piel-mas-alla-de-los-50-anos","status":"publish","type":"post","link":"https:\/\/www.inforesidencias.com\/blog\/index.php\/2022\/07\/07\/el-cuidado-de-la-piel-mas-alla-de-los-50-anos\/","title":{"rendered":"El cuidado de la piel m\u00e1s all\u00e1 de los 50 a\u00f1os"},"content":{"rendered":"\n<p><\/p>\n\n\n\n<p><\/p>\n\n\n\n<p>El programa del<a href=\"https:\/\/www.estelfitxers.com\/audio\/2021-2022\/20220702-13_00TEMPSDEBENESTAR.MP3\" target=\"_blank\" rel=\"noreferrer noopener\"> s\u00e1bado 2 de julio <\/a>de \u00ab\u00c9s gran ser gran\u00bb, arranc\u00f3 con una reflexi\u00f3n de Josep de Marti sobre la jubilaci\u00f3n en un curso que imparti\u00f3 de <a href=\"https:\/\/www.youtube.com\/watch?v=p4K1vrEtMAI\">preparaci\u00f3n para la jubilaci\u00f3n<\/a>. Una reflexi\u00f3n en donde cuenta hechos sorprendentes e interesantes en los que muy seguramente no hab\u00edamos pensado.<\/p>\n\n\n\n<p>En la entrevista para ese soleado s\u00e1bado de principios de julio, contamos por v\u00eda telef\u00f3nica con Jos\u00e9 de Juan Saboya, director general de <a href=\"https:\/\/silvereconomygroup.com\/\">Silver economy group<\/a>. A Jos\u00e9, le invitamos a ra\u00edz de que han publicado el II informe anual sobre tendencias y retos de la Silver economy en Espa\u00f1a. Y es que la econom\u00eda plateada cada vez es m\u00e1s importante en nuestro pa\u00eds porque aumenta el n\u00famero de personas de m\u00e1s de 55 a\u00f1os y su peso decisivo en los mercados de consumo. Por ello, hablamos con el experto de la relaci\u00f3n de las personas que se encuentran en la franja de esta econom\u00eda plateada con las nuevas tecnolog\u00edas. Asimismo, aprovechamos la oportunidad para hablar de la publicidad dirigida a estos seniors y a su situaci\u00f3n en el mercado laboral.<\/p>\n\n\n\n<p>Para finalizar el programa del s\u00e1bado, en la<a href=\"https:\/\/www.inforesidencias.com\/bolsa\/ofertas-de-trabajo\" target=\"_blank\" rel=\"noreferrer noopener\"> bolsa de trabajo<\/a>, recordamos con Jordi Vilajosana los t\u00edpicos primeros trabajos que todos hemos desempe\u00f1ado en nuestros comienzos en el mundo laboral. Trabajas con los que se podr\u00eda llegar a decir que tuvimos nuestro primer contacto con la edad adulta y que marcaron en nuestra trayectoria vital un antes y un despu\u00e9s.<\/p>\n\n\n\n<p>Al d\u00eda siguiente, en el programa del <a href=\"https:\/\/www.estelfitxers.com\/audio\/2021-2022\/20220703-13_00TEMPSDEBENESTAR.MP3\" target=\"_blank\" rel=\"noreferrer noopener\">domingo 3 de julio<\/a>, con Anna Cebri\u00e1n repasamos los prop\u00f3sitos que nos pusimos a principios de a\u00f1o. Una revisi\u00f3n o reevaluaci\u00f3n que vale mucho la pena para tener claro en que punto estamos. Anna dio ejemplos con sus propios prop\u00f3sitos y lo que ha aprendido de ellos.<\/p>\n\n\n\n<p>En la segunda entrevista del fin de semana de \u00ab\u00c9s gran ser gran\u00bb, tuvimos la gran oportunidad de entrevistar a Leonor Prieto, directora cient\u00edfica de l&#8217;Oreal cosm\u00e9tica activa en Espa\u00f1a.  A Leonor, la invitamos para hablar del cuidado de la piel m\u00e1s all\u00e1 de los 50 a\u00f1os, en especial de nuestro rostro.  Sobre este tema, repasamos los factores, acciones y productos claves que no pueden fallar en nuestro d\u00eda a d\u00eda. <\/p>\n\n\n\n<div class=\"wp-block-image\"><figure class=\"aligncenter size-large is-resized\"><img decoding=\"async\" loading=\"lazy\" src=\"https:\/\/www.inforesidencias.com\/blog\/wp-content\/uploads\/2022\/07\/cuidado-de-la-piel-ma\u0301s-alla\u0301-de-los-50-an\u0303os.png\" alt=\"\" class=\"wp-image-5831\" width=\"241\" height=\"333\" srcset=\"https:\/\/www.inforesidencias.com\/blog\/wp-content\/uploads\/2022\/07\/cuidado-de-la-piel-ma\u0301s-alla\u0301-de-los-50-an\u0303os.png 494w, https:\/\/www.inforesidencias.com\/blog\/wp-content\/uploads\/2022\/07\/cuidado-de-la-piel-ma\u0301s-alla\u0301-de-los-50-an\u0303os-217x300.png 217w\" sizes=\"(max-width: 241px) 100vw, 241px\" \/><figcaption>Es importante el cuidado de la piel m\u00e1s all\u00e1 de los 50 a\u00f1os<\/figcaption><\/figure><\/div>\n\n\n\n<p><\/p>\n\n\n\n<p>En todo ello, mantener la rutina es esencial para ver resultados a lo largo del tiempo. Adem\u00e1s, descubrimos de la mano de esta experta de l&#8217;Oreal, la importancia de la Vitamina D, es decir la que nos proporciona el sol en el cuidado de la piel m\u00e1s all\u00e1 de los 50 a\u00f1os. En verano, con 7 minutos al d\u00eda de tomar, seg\u00fan la zona en la que te encuentres (en verano) podr\u00eda ser suficientes.  Eso si, hay que fotoprotegerse la cara y tomar el sol en brazos y piernas. Sino, siempre se puede tomar suplementaci\u00f3n.<\/p>\n\n\n\n<p>En la recta final del programa, en la bolsa de empleo, dimos algunos consejos muy importantes a la hora de buscar trabajo.  Para acabar, en la consulta del trabajador social hablamos sobre las contenciones en residencias de personas mayores, y como encontrar <a href=\"https:\/\/www.inforesidencias.com\/centros\/buscador\/busquedas-predefinidas\/residencias-de-tercera-edad-sin-contenciones\">residencias libres de contenciones f\u00edsicas y farmacol\u00f3gicas<\/a>.<\/p>\n\n\n\n<p>Te puede interesar<\/p>\n\n\n\n<ul><li><a href=\"https:\/\/www.inforesidencias.com\/blog\/index.php\/2021\/04\/28\/cual-es-la-manera-correcta-de-cuidar-la-piel-de-la-persona-mayor\/\" target=\"_blank\" rel=\"noreferrer noopener\">Las mejores maneras de cuidar la piel de las personas mayores<\/a><\/li><\/ul>\n","protected":false},"excerpt":{"rendered":"<p>El programa del s\u00e1bado 2 de julio de \u00ab\u00c9s gran ser gran\u00bb, arranc\u00f3 con una reflexi\u00f3n de Josep de Marti sobre la jubilaci\u00f3n en un curso que imparti\u00f3 de preparaci\u00f3n para la jubilaci\u00f3n. Una reflexi\u00f3n en donde cuenta hechos sorprendentes e interesantes en los que muy seguramente no hab\u00edamos pensado. En la entrevista para ese soleado s\u00e1bado de principios de julio, contamos por v\u00eda telef\u00f3nica con Jos\u00e9 de Juan Saboya, director general de Silver economy group. A Jos\u00e9, le invitamos a ra\u00edz de que han publicado el II informe anual sobre tendencias y retos de la Silver economy en Espa\u00f1a. Y es que la econom\u00eda plateada cada vez es m\u00e1s importante en nuestro pa\u00eds porque aumenta el n\u00famero de personas de m\u00e1s de 55 a\u00f1os y su peso decisivo en los mercados de consumo. Por ello, hablamos con el experto de la relaci\u00f3n de las personas que se encuentran en [&hellip;]<\/p>\n","protected":false},"author":2,"featured_media":5831,"comment_status":"open","ping_status":"open","sticky":false,"template":"","format":"standard","meta":{"footnotes":""},"categories":[1],"tags":[],"yoast_head":"<!-- This site is optimized with the Yoast SEO plugin v21.7 - https:\/\/yoast.com\/wordpress\/plugins\/seo\/ -->\n<title>El cuidado de la piel m\u00e1s all\u00e1 de los 50 a\u00f1os - Blog Inforesidencias.com<\/title>\n<meta name=\"description\" content=\"Hablamos con Leonor Prieto de l&#039;Oreal sobre el cuidado de la piel m\u00e1s all\u00e1 de los 50 a\u00f1os y de la economia plateada con Jose Juan Saboya\" \/>\n<meta name=\"robots\" content=\"index, follow, max-snippet:-1, max-image-preview:large, max-video-preview:-1\" \/>\n<link rel=\"canonical\" href=\"https:\/\/www.inforesidencias.com\/blog\/index.php\/2022\/07\/07\/el-cuidado-de-la-piel-mas-alla-de-los-50-anos\/\" \/>\n<meta property=\"og:locale\" content=\"es_ES\" \/>\n<meta property=\"og:type\" content=\"article\" \/>\n<meta property=\"og:title\" content=\"El cuidado de la piel m\u00e1s all\u00e1 de los 50 a\u00f1os - Blog Inforesidencias.com\" \/>\n<meta property=\"og:description\" content=\"Hablamos con Leonor Prieto de l&#039;Oreal sobre el cuidado de la piel m\u00e1s all\u00e1 de los 50 a\u00f1os y de la economia plateada con Jose Juan Saboya\" \/>\n<meta property=\"og:url\" content=\"https:\/\/www.inforesidencias.com\/blog\/index.php\/2022\/07\/07\/el-cuidado-de-la-piel-mas-alla-de-los-50-anos\/\" \/>\n<meta property=\"og:site_name\" content=\"Blog Inforesidencias.com\" \/>\n<meta property=\"article:publisher\" content=\"https:\/\/www.facebook.com\/Inforesidencias\/\" \/>\n<meta property=\"article:author\" content=\"https:\/\/www.facebook.com\/josep.demarti\" \/>\n<meta property=\"article:published_time\" content=\"2022-07-07T05:44:00+00:00\" \/>\n<meta property=\"article:modified_time\" content=\"2022-07-04T13:48:52+00:00\" \/>\n<meta property=\"og:image\" content=\"https:\/\/www.inforesidencias.com\/blog\/wp-content\/uploads\/2022\/07\/cuidado-de-la-piel-ma\u0301s-alla\u0301-de-los-50-an\u0303os.png\" \/>\n\t<meta property=\"og:image:width\" content=\"494\" \/>\n\t<meta property=\"og:image:height\" content=\"682\" \/>\n\t<meta property=\"og:image:type\" content=\"image\/png\" \/>\n<meta name=\"author\" content=\"Josep de Mart\u00ed\" \/>\n<meta name=\"twitter:card\" content=\"summary_large_image\" \/>\n<meta name=\"twitter:creator\" content=\"@blog-ir\" \/>\n<meta name=\"twitter:site\" content=\"@inforesidencias\" \/>\n<meta name=\"twitter:label1\" content=\"Escrito por\" \/>\n\t<meta name=\"twitter:data1\" content=\"Josep de Mart\u00ed\" \/>\n\t<meta name=\"twitter:label2\" content=\"Tiempo de lectura\" \/>\n\t<meta name=\"twitter:data2\" content=\"3 minutos\" \/>\n<script type=\"application\/ld+json\" class=\"yoast-schema-graph\">{\"@context\":\"https:\/\/schema.org\",\"@graph\":[{\"@type\":\"WebPage\",\"@id\":\"https:\/\/www.inforesidencias.com\/blog\/index.php\/2022\/07\/07\/el-cuidado-de-la-piel-mas-alla-de-los-50-anos\/\",\"url\":\"https:\/\/www.inforesidencias.com\/blog\/index.php\/2022\/07\/07\/el-cuidado-de-la-piel-mas-alla-de-los-50-anos\/\",\"name\":\"El cuidado de la piel m\u00e1s all\u00e1 de los 50 a\u00f1os - Blog Inforesidencias.com\",\"isPartOf\":{\"@id\":\"https:\/\/www.inforesidencias.com\/blog\/#website\"},\"datePublished\":\"2022-07-07T05:44:00+00:00\",\"dateModified\":\"2022-07-04T13:48:52+00:00\",\"author\":{\"@id\":\"https:\/\/www.inforesidencias.com\/blog\/#\/schema\/person\/9e146774d1eb3bc1c0316242a3898628\"},\"description\":\"Hablamos con Leonor Prieto de l'Oreal sobre el cuidado de la piel m\u00e1s all\u00e1 de los 50 a\u00f1os y de la economia plateada con Jose Juan Saboya\",\"breadcrumb\":{\"@id\":\"https:\/\/www.inforesidencias.com\/blog\/index.php\/2022\/07\/07\/el-cuidado-de-la-piel-mas-alla-de-los-50-anos\/#breadcrumb\"},\"inLanguage\":\"es\",\"potentialAction\":[{\"@type\":\"ReadAction\",\"target\":[\"https:\/\/www.inforesidencias.com\/blog\/index.php\/2022\/07\/07\/el-cuidado-de-la-piel-mas-alla-de-los-50-anos\/\"]}]},{\"@type\":\"BreadcrumbList\",\"@id\":\"https:\/\/www.inforesidencias.com\/blog\/index.php\/2022\/07\/07\/el-cuidado-de-la-piel-mas-alla-de-los-50-anos\/#breadcrumb\",\"itemListElement\":[{\"@type\":\"ListItem\",\"position\":1,\"name\":\"Home\",\"item\":\"https:\/\/www.inforesidencias.com\/blog\/\"},{\"@type\":\"ListItem\",\"position\":2,\"name\":\"El cuidado de la piel m\u00e1s all\u00e1 de los 50 a\u00f1os\"}]},{\"@type\":\"WebSite\",\"@id\":\"https:\/\/www.inforesidencias.com\/blog\/#website\",\"url\":\"https:\/\/www.inforesidencias.com\/blog\/\",\"name\":\"Blog Inforesidencias.com\",\"description\":\"El buscador de residencias de la 3\u00aa edad\",\"potentialAction\":[{\"@type\":\"SearchAction\",\"target\":{\"@type\":\"EntryPoint\",\"urlTemplate\":\"https:\/\/www.inforesidencias.com\/blog\/?s={search_term_string}\"},\"query-input\":\"required name=search_term_string\"}],\"inLanguage\":\"es\"},{\"@type\":\"Person\",\"@id\":\"https:\/\/www.inforesidencias.com\/blog\/#\/schema\/person\/9e146774d1eb3bc1c0316242a3898628\",\"name\":\"Josep de Mart\u00ed\",\"image\":{\"@type\":\"ImageObject\",\"inLanguage\":\"es\",\"@id\":\"https:\/\/www.inforesidencias.com\/blog\/#\/schema\/person\/image\/\",\"url\":\"https:\/\/secure.gravatar.com\/avatar\/de0302c4806c00c4cebff396a798c1ff?s=96&d=mm&r=g\",\"contentUrl\":\"https:\/\/secure.gravatar.com\/avatar\/de0302c4806c00c4cebff396a798c1ff?s=96&d=mm&r=g\",\"caption\":\"Josep de Mart\u00ed\"},\"sameAs\":[\"https:\/\/www.inforesidencias.com\",\"https:\/\/www.facebook.com\/josep.demarti\",\"https:\/\/twitter.com\/blog-ir\"],\"url\":\"https:\/\/www.inforesidencias.com\/blog\/index.php\/author\/josepdemarti\/\"}]}<\/script>\n<!-- \/ Yoast SEO plugin. -->","yoast_head_json":{"title":"El cuidado de la piel m\u00e1s all\u00e1 de los 50 a\u00f1os - Blog Inforesidencias.com","description":"Hablamos con Leonor Prieto de l'Oreal sobre el cuidado de la piel m\u00e1s all\u00e1 de los 50 a\u00f1os y de la economia plateada con Jose Juan Saboya","robots":{"index":"index","follow":"follow","max-snippet":"max-snippet:-1","max-image-preview":"max-image-preview:large","max-video-preview":"max-video-preview:-1"},"canonical":"https:\/\/www.inforesidencias.com\/blog\/index.php\/2022\/07\/07\/el-cuidado-de-la-piel-mas-alla-de-los-50-anos\/","og_locale":"es_ES","og_type":"article","og_title":"El cuidado de la piel m\u00e1s all\u00e1 de los 50 a\u00f1os - Blog Inforesidencias.com","og_description":"Hablamos con Leonor Prieto de l'Oreal sobre el cuidado de la piel m\u00e1s all\u00e1 de los 50 a\u00f1os y de la economia plateada con Jose Juan Saboya","og_url":"https:\/\/www.inforesidencias.com\/blog\/index.php\/2022\/07\/07\/el-cuidado-de-la-piel-mas-alla-de-los-50-anos\/","og_site_name":"Blog Inforesidencias.com","article_publisher":"https:\/\/www.facebook.com\/Inforesidencias\/","article_author":"https:\/\/www.facebook.com\/josep.demarti","article_published_time":"2022-07-07T05:44:00+00:00","article_modified_time":"2022-07-04T13:48:52+00:00","og_image":[{"width":494,"height":682,"url":"https:\/\/www.inforesidencias.com\/blog\/wp-content\/uploads\/2022\/07\/cuidado-de-la-piel-ma\u0301s-alla\u0301-de-los-50-an\u0303os.png","type":"image\/png"}],"author":"Josep de Mart\u00ed","twitter_card":"summary_large_image","twitter_creator":"@blog-ir","twitter_site":"@inforesidencias","twitter_misc":{"Escrito por":"Josep de Mart\u00ed","Tiempo de lectura":"3 minutos"},"schema":{"@context":"https:\/\/schema.org","@graph":[{"@type":"WebPage","@id":"https:\/\/www.inforesidencias.com\/blog\/index.php\/2022\/07\/07\/el-cuidado-de-la-piel-mas-alla-de-los-50-anos\/","url":"https:\/\/www.inforesidencias.com\/blog\/index.php\/2022\/07\/07\/el-cuidado-de-la-piel-mas-alla-de-los-50-anos\/","name":"El cuidado de la piel m\u00e1s all\u00e1 de los 50 a\u00f1os - Blog Inforesidencias.com","isPartOf":{"@id":"https:\/\/www.inforesidencias.com\/blog\/#website"},"datePublished":"2022-07-07T05:44:00+00:00","dateModified":"2022-07-04T13:48:52+00:00","author":{"@id":"https:\/\/www.inforesidencias.com\/blog\/#\/schema\/person\/9e146774d1eb3bc1c0316242a3898628"},"description":"Hablamos con Leonor Prieto de l'Oreal sobre el cuidado de la piel m\u00e1s all\u00e1 de los 50 a\u00f1os y de la economia plateada con Jose Juan Saboya","breadcrumb":{"@id":"https:\/\/www.inforesidencias.com\/blog\/index.php\/2022\/07\/07\/el-cuidado-de-la-piel-mas-alla-de-los-50-anos\/#breadcrumb"},"inLanguage":"es","potentialAction":[{"@type":"ReadAction","target":["https:\/\/www.inforesidencias.com\/blog\/index.php\/2022\/07\/07\/el-cuidado-de-la-piel-mas-alla-de-los-50-anos\/"]}]},{"@type":"BreadcrumbList","@id":"https:\/\/www.inforesidencias.com\/blog\/index.php\/2022\/07\/07\/el-cuidado-de-la-piel-mas-alla-de-los-50-anos\/#breadcrumb","itemListElement":[{"@type":"ListItem","position":1,"name":"Home","item":"https:\/\/www.inforesidencias.com\/blog\/"},{"@type":"ListItem","position":2,"name":"El cuidado de la piel m\u00e1s all\u00e1 de los 50 a\u00f1os"}]},{"@type":"WebSite","@id":"https:\/\/www.inforesidencias.com\/blog\/#website","url":"https:\/\/www.inforesidencias.com\/blog\/","name":"Blog Inforesidencias.com","description":"El buscador de residencias de la 3\u00aa edad","potentialAction":[{"@type":"SearchAction","target":{"@type":"EntryPoint","urlTemplate":"https:\/\/www.inforesidencias.com\/blog\/?s={search_term_string}"},"query-input":"required name=search_term_string"}],"inLanguage":"es"},{"@type":"Person","@id":"https:\/\/www.inforesidencias.com\/blog\/#\/schema\/person\/9e146774d1eb3bc1c0316242a3898628","name":"Josep de Mart\u00ed","image":{"@type":"ImageObject","inLanguage":"es","@id":"https:\/\/www.inforesidencias.com\/blog\/#\/schema\/person\/image\/","url":"https:\/\/secure.gravatar.com\/avatar\/de0302c4806c00c4cebff396a798c1ff?s=96&d=mm&r=g","contentUrl":"https:\/\/secure.gravatar.com\/avatar\/de0302c4806c00c4cebff396a798c1ff?s=96&d=mm&r=g","caption":"Josep de Mart\u00ed"},"sameAs":["https:\/\/www.inforesidencias.com","https:\/\/www.facebook.com\/josep.demarti","https:\/\/twitter.com\/blog-ir"],"url":"https:\/\/www.inforesidencias.com\/blog\/index.php\/author\/josepdemarti\/"}]}},"_links":{"self":[{"href":"https:\/\/www.inforesidencias.com\/blog\/index.php\/wp-json\/wp\/v2\/posts\/5824"}],"collection":[{"href":"https:\/\/www.inforesidencias.com\/blog\/index.php\/wp-json\/wp\/v2\/posts"}],"about":[{"href":"https:\/\/www.inforesidencias.com\/blog\/index.php\/wp-json\/wp\/v2\/types\/post"}],"author":[{"embeddable":true,"href":"https:\/\/www.inforesidencias.com\/blog\/index.php\/wp-json\/wp\/v2\/users\/2"}],"replies":[{"embeddable":true,"href":"https:\/\/www.inforesidencias.com\/blog\/index.php\/wp-json\/wp\/v2\/comments?post=5824"}],"version-history":[{"count":10,"href":"https:\/\/www.inforesidencias.com\/blog\/index.php\/wp-json\/wp\/v2\/posts\/5824\/revisions"}],"predecessor-version":[{"id":5835,"href":"https:\/\/www.inforesidencias.com\/blog\/index.php\/wp-json\/wp\/v2\/posts\/5824\/revisions\/5835"}],"wp:featuredmedia":[{"embeddable":true,"href":"https:\/\/www.inforesidencias.com\/blog\/index.php\/wp-json\/wp\/v2\/media\/5831"}],"wp:attachment":[{"href":"https:\/\/www.inforesidencias.com\/blog\/index.php\/wp-json\/wp\/v2\/media?parent=5824"}],"wp:term":[{"taxonomy":"category","embeddable":true,"href":"https:\/\/www.inforesidencias.com\/blog\/index.php\/wp-json\/wp\/v2\/categories?post=5824"},{"taxonomy":"post_tag","embeddable":true,"href":"https:\/\/www.inforesidencias.com\/blog\/index.php\/wp-json\/wp\/v2\/tags?post=5824"}],"curies":[{"name":"wp","href":"https:\/\/api.w.org\/{rel}","templated":true}]}}