{"id":5863,"date":"2022-07-13T07:26:00","date_gmt":"2022-07-13T06:26:00","guid":{"rendered":"https:\/\/www.inforesidencias.com\/blog\/?p=5863"},"modified":"2022-07-11T13:27:45","modified_gmt":"2022-07-11T12:27:45","slug":"un-centro-de-dia-con-vocacion-intergeneracional-en-barcelona","status":"publish","type":"post","link":"https:\/\/www.inforesidencias.com\/blog\/index.php\/2022\/07\/13\/un-centro-de-dia-con-vocacion-intergeneracional-en-barcelona\/","title":{"rendered":"Un centro de d\u00eda con vocacion intergeneracional en Barcelona"},"content":{"rendered":"\n<p><\/p>\n\n\n\n<p><\/p>\n\n\n\n<p>El programa del <a href=\"https:\/\/www.estelfitxers.com\/audio\/2021-2022\/20220709-13_00TEMPSDEBENESTAR.MP3\">s\u00e1bado 9 de julio<\/a> de \u00ab\u00c9s gran ser gran\u00bb, empez\u00f3 con Carles haciendo una reflexi\u00f3n sobre el momento en el que hay que decidir si es la hora de llevar a una persona mayor con demencia a una residencia. Una decisi\u00f3n en la que hay muchos factores implicados y en donde a veces, debido a su estado cognitivo, no podemos contar con la opini\u00f3n de la propia persona mayor.<\/p>\n\n\n\n<p>En la entrevista de este caluroso s\u00e1bado de julio, contamos con B\u00e0rbara Martinez, enfermera y responsable higi\u00e9nico sanitaria de la<a href=\"https:\/\/www.inforesidencias.com\/centros\/residencia\/10704\/centro-de-mayores-vitalia-llorenc\"> residencia Vitalia Lloren\u00e7<\/a>. Con ella, nos acercamos primero de todo, a conocer un poco mejor la ubicaci\u00f3n de la residencia, su tama\u00f1o, la tipolog\u00eda de plazas y la zona verde que les rodea. Aprovechamos tambi\u00e9n para hablar del t<a href=\"https:\/\/www.inforesidencias.com\/contenidos\/profesionales\/nacional\/el-papel-de-la-enfermera-y-enfermero-en-residencias-para-personas-mayores\" target=\"_blank\" rel=\"noreferrer noopener\">rabajo de los enfermeros y enfermeras en residencias de personas mayores<\/a><\/p>\n\n\n\n<p>Seguidamente B\u00e0rbara nos explic\u00f3 como trabajan en Vitalia Lloren\u00e7, siempre debajo del paradigma de la atenci\u00f3n centrada en la persona,  y nos pusieron ejemplos de situaciones particulares. En la recta los \u00faltimos minutos tambi\u00e9n tuvimos unos minutos para hablar con una residente que nos dio su opini\u00f3n del centro y de lo que m\u00e1s le gusta.<\/p>\n\n\n\n<p>En la consulta del trabajador social, despu\u00e9s de la bolsa de empleo en la que repasamos algunas ofertas activas ahora mismo, hablamos de algunos momentos clave en los que hay que pensar que una buena decisi\u00f3n seria ir a vivir a una residencia de ancianos<\/p>\n\n\n\n<p>Al d\u00eda siguiente, el <a href=\"https:\/\/www.estelfitxers.com\/audio\/2021-2022\/20220710-13_00TEMPSDEBENESTAR.MP3\" target=\"_blank\" rel=\"noreferrer noopener\">domingo 10 de junio<\/a> dimos inicio a los minutos iniciales del programa, hablando sobre algunas formas de <a href=\"https:\/\/dependencia.info\/noticia\/5341\/actualidad\/dia-del-mal-trato-en-la-vejez:-ceaps-recuerda-que-las-personas-mayores-tienen-derecho-a-recibir-su-prestacion-a-tiempo.html\" target=\"_blank\" rel=\"noreferrer noopener\">maltrato a las personas mayores relacionadas con la administraci\u00f3n p\u00fablica<\/a>, como por ejemplo, no recibir su prestaci\u00f3n a tiempo,  y el derecho de poder recibir cuidados y acceso a servicios de dependencia independientemente de donde residan.<\/p>\n\n\n\n<p>En la secci\u00f3n de la entrevista pudimos conversar con Laura Vericat, directora del <a href=\"https:\/\/www.inforesidencias.com\/centros\/centro-de-dia-para-mayores\/13034\/dia-actiu-centre-de-dia-per-gent-gran-i-petita\" target=\"_blank\" rel=\"noreferrer noopener\">Centro de d\u00eda Dia Actiu de Barcelona<\/a>. Se trata de un centro, que se inaugur\u00f3 hace menos de un a\u00f1o de 41 plazas ubicado al lado del hospital de Sant Pau. Laura nos explic\u00f3 como preparan el d\u00eda a d\u00eda del servicio. Un d\u00eda a d\u00eda en el que tiene un gran peso lo que quiere hacer cada usuario\/a. Hacen tambi\u00e9n cada mes una actividad con las familias. <\/p>\n\n\n\n<figure class=\"wp-block-image size-large\"><img decoding=\"async\" loading=\"lazy\" width=\"1024\" height=\"462\" src=\"https:\/\/www.inforesidencias.com\/blog\/wp-content\/uploads\/2022\/07\/dia-actiu-intergeneracional-1024x462.png\" alt=\"Centro de dia intergeneracional\" class=\"wp-image-5870\" srcset=\"https:\/\/www.inforesidencias.com\/blog\/wp-content\/uploads\/2022\/07\/dia-actiu-intergeneracional-1024x462.png 1024w, https:\/\/www.inforesidencias.com\/blog\/wp-content\/uploads\/2022\/07\/dia-actiu-intergeneracional-300x135.png 300w, https:\/\/www.inforesidencias.com\/blog\/wp-content\/uploads\/2022\/07\/dia-actiu-intergeneracional-768x346.png 768w, https:\/\/www.inforesidencias.com\/blog\/wp-content\/uploads\/2022\/07\/dia-actiu-intergeneracional.png 1420w\" sizes=\"(max-width: 1024px) 100vw, 1024px\" \/><figcaption>Izquierda Laura Vericat y derecha Sara Ria\u00f1o<\/figcaption><\/figure>\n\n\n\n<p>Un proyecto que tienen previsto es convertir el centro de d\u00eda Dia Actiu en un centro intergeneracional. Para darnos otra visi\u00f3n del centro, contamos con Sara Ria\u00f1o, una usuaria que nos explic\u00f3 que es lo que m\u00e1s le gusta del servicio .<\/p>\n\n\n\n<p>Para acabar el programa, en la consulta del trabajador social,  junto con Laura Vericat,  repasamos algunos de los motivos m\u00e1s relevantes por los que para muchas personas mayores un centro de d\u00eda es mejore que quedarse en casa, una vez ya se han recibido el soporte para las ABVD que se necesitan.<\/p>\n\n\n\n<p>Descubre otros articulos relaciondos con centros de d\u00eda y residencias de caracter intergeneracional:<\/p>\n\n\n\n<ul><li><a href=\"https:\/\/www.inforesidencias.com\/blog\/index.php\/2017\/04\/08\/experiencia-intergeneracional-en-holanda\/\">Conviviendo de manera intergeneracional de forma original<\/a> en los Pa\u00edses Bajos<\/li><\/ul>\n\n\n\n<p><\/p>\n","protected":false},"excerpt":{"rendered":"<p>El programa del s\u00e1bado 9 de julio de \u00ab\u00c9s gran ser gran\u00bb, empez\u00f3 con Carles haciendo una reflexi\u00f3n sobre el momento en el que hay que decidir si es la hora de llevar a una persona mayor con demencia a una residencia. Una decisi\u00f3n en la que hay muchos factores implicados y en donde a veces, debido a su estado cognitivo, no podemos contar con la opini\u00f3n de la propia persona mayor. En la entrevista de este caluroso s\u00e1bado de julio, contamos con B\u00e0rbara Martinez, enfermera y responsable higi\u00e9nico sanitaria de la residencia Vitalia Lloren\u00e7. Con ella, nos acercamos primero de todo, a conocer un poco mejor la ubicaci\u00f3n de la residencia, su tama\u00f1o, la tipolog\u00eda de plazas y la zona verde que les rodea. Aprovechamos tambi\u00e9n para hablar del trabajo de los enfermeros y enfermeras en residencias de personas mayores Seguidamente B\u00e0rbara nos explic\u00f3 como trabajan en Vitalia Lloren\u00e7, [&hellip;]<\/p>\n","protected":false},"author":2,"featured_media":5867,"comment_status":"open","ping_status":"open","sticky":false,"template":"","format":"standard","meta":{"footnotes":""},"categories":[1],"tags":[103],"yoast_head":"<!-- This site is optimized with the Yoast SEO plugin v21.7 - https:\/\/yoast.com\/wordpress\/plugins\/seo\/ -->\n<title>Un centro de d\u00eda con vocacion intergeneracional en Barcelona - Blog Inforesidencias.com<\/title>\n<meta name=\"description\" content=\"Descubtrimos m\u00e1s sobre el centro de d\u00eda Dia Actiu, con centro de d\u00eda reci\u00e9n inaugurado en Barcelona con una clara vocaci\u00f3n intergeneracional\" \/>\n<meta name=\"robots\" content=\"index, follow, max-snippet:-1, max-image-preview:large, max-video-preview:-1\" \/>\n<link rel=\"canonical\" href=\"https:\/\/www.inforesidencias.com\/blog\/index.php\/2022\/07\/13\/un-centro-de-dia-con-vocacion-intergeneracional-en-barcelona\/\" \/>\n<meta property=\"og:locale\" content=\"es_ES\" \/>\n<meta property=\"og:type\" content=\"article\" \/>\n<meta property=\"og:title\" content=\"Un centro de d\u00eda con vocacion intergeneracional en Barcelona - Blog Inforesidencias.com\" \/>\n<meta property=\"og:description\" content=\"Descubtrimos m\u00e1s sobre el centro de d\u00eda Dia Actiu, con centro de d\u00eda reci\u00e9n inaugurado en Barcelona con una clara vocaci\u00f3n intergeneracional\" \/>\n<meta property=\"og:url\" content=\"https:\/\/www.inforesidencias.com\/blog\/index.php\/2022\/07\/13\/un-centro-de-dia-con-vocacion-intergeneracional-en-barcelona\/\" \/>\n<meta property=\"og:site_name\" content=\"Blog Inforesidencias.com\" \/>\n<meta property=\"article:publisher\" content=\"https:\/\/www.facebook.com\/Inforesidencias\/\" \/>\n<meta property=\"article:author\" content=\"https:\/\/www.facebook.com\/josep.demarti\" \/>\n<meta property=\"article:published_time\" content=\"2022-07-13T06:26:00+00:00\" \/>\n<meta property=\"article:modified_time\" content=\"2022-07-11T12:27:45+00:00\" \/>\n<meta property=\"og:image\" content=\"https:\/\/www.inforesidencias.com\/blog\/wp-content\/uploads\/2022\/07\/Dia-actiu-vocacio\u0301n-intergeneracional.jpeg\" \/>\n\t<meta property=\"og:image:width\" content=\"700\" \/>\n\t<meta property=\"og:image:height\" content=\"525\" \/>\n\t<meta property=\"og:image:type\" content=\"image\/jpeg\" \/>\n<meta name=\"author\" content=\"Josep de Mart\u00ed\" \/>\n<meta name=\"twitter:card\" content=\"summary_large_image\" \/>\n<meta name=\"twitter:creator\" content=\"@blog-ir\" \/>\n<meta name=\"twitter:site\" content=\"@inforesidencias\" \/>\n<meta name=\"twitter:label1\" content=\"Escrito por\" \/>\n\t<meta name=\"twitter:data1\" content=\"Josep de Mart\u00ed\" \/>\n\t<meta name=\"twitter:label2\" content=\"Tiempo de lectura\" \/>\n\t<meta name=\"twitter:data2\" content=\"3 minutos\" \/>\n<script type=\"application\/ld+json\" class=\"yoast-schema-graph\">{\"@context\":\"https:\/\/schema.org\",\"@graph\":[{\"@type\":\"WebPage\",\"@id\":\"https:\/\/www.inforesidencias.com\/blog\/index.php\/2022\/07\/13\/un-centro-de-dia-con-vocacion-intergeneracional-en-barcelona\/\",\"url\":\"https:\/\/www.inforesidencias.com\/blog\/index.php\/2022\/07\/13\/un-centro-de-dia-con-vocacion-intergeneracional-en-barcelona\/\",\"name\":\"Un centro de d\u00eda con vocacion intergeneracional en Barcelona - Blog Inforesidencias.com\",\"isPartOf\":{\"@id\":\"https:\/\/www.inforesidencias.com\/blog\/#website\"},\"datePublished\":\"2022-07-13T06:26:00+00:00\",\"dateModified\":\"2022-07-11T12:27:45+00:00\",\"author\":{\"@id\":\"https:\/\/www.inforesidencias.com\/blog\/#\/schema\/person\/9e146774d1eb3bc1c0316242a3898628\"},\"description\":\"Descubtrimos m\u00e1s sobre el centro de d\u00eda Dia Actiu, con centro de d\u00eda reci\u00e9n inaugurado en Barcelona con una clara vocaci\u00f3n intergeneracional\",\"breadcrumb\":{\"@id\":\"https:\/\/www.inforesidencias.com\/blog\/index.php\/2022\/07\/13\/un-centro-de-dia-con-vocacion-intergeneracional-en-barcelona\/#breadcrumb\"},\"inLanguage\":\"es\",\"potentialAction\":[{\"@type\":\"ReadAction\",\"target\":[\"https:\/\/www.inforesidencias.com\/blog\/index.php\/2022\/07\/13\/un-centro-de-dia-con-vocacion-intergeneracional-en-barcelona\/\"]}]},{\"@type\":\"BreadcrumbList\",\"@id\":\"https:\/\/www.inforesidencias.com\/blog\/index.php\/2022\/07\/13\/un-centro-de-dia-con-vocacion-intergeneracional-en-barcelona\/#breadcrumb\",\"itemListElement\":[{\"@type\":\"ListItem\",\"position\":1,\"name\":\"Home\",\"item\":\"https:\/\/www.inforesidencias.com\/blog\/\"},{\"@type\":\"ListItem\",\"position\":2,\"name\":\"Un centro de d\u00eda con vocacion intergeneracional en Barcelona\"}]},{\"@type\":\"WebSite\",\"@id\":\"https:\/\/www.inforesidencias.com\/blog\/#website\",\"url\":\"https:\/\/www.inforesidencias.com\/blog\/\",\"name\":\"Blog Inforesidencias.com\",\"description\":\"El buscador de residencias de la 3\u00aa edad\",\"potentialAction\":[{\"@type\":\"SearchAction\",\"target\":{\"@type\":\"EntryPoint\",\"urlTemplate\":\"https:\/\/www.inforesidencias.com\/blog\/?s={search_term_string}\"},\"query-input\":\"required name=search_term_string\"}],\"inLanguage\":\"es\"},{\"@type\":\"Person\",\"@id\":\"https:\/\/www.inforesidencias.com\/blog\/#\/schema\/person\/9e146774d1eb3bc1c0316242a3898628\",\"name\":\"Josep de Mart\u00ed\",\"image\":{\"@type\":\"ImageObject\",\"inLanguage\":\"es\",\"@id\":\"https:\/\/www.inforesidencias.com\/blog\/#\/schema\/person\/image\/\",\"url\":\"https:\/\/secure.gravatar.com\/avatar\/de0302c4806c00c4cebff396a798c1ff?s=96&d=mm&r=g\",\"contentUrl\":\"https:\/\/secure.gravatar.com\/avatar\/de0302c4806c00c4cebff396a798c1ff?s=96&d=mm&r=g\",\"caption\":\"Josep de Mart\u00ed\"},\"sameAs\":[\"https:\/\/www.inforesidencias.com\",\"https:\/\/www.facebook.com\/josep.demarti\",\"https:\/\/twitter.com\/blog-ir\"],\"url\":\"https:\/\/www.inforesidencias.com\/blog\/index.php\/author\/josepdemarti\/\"}]}<\/script>\n<!-- \/ Yoast SEO plugin. -->","yoast_head_json":{"title":"Un centro de d\u00eda con vocacion intergeneracional en Barcelona - Blog Inforesidencias.com","description":"Descubtrimos m\u00e1s sobre el centro de d\u00eda Dia Actiu, con centro de d\u00eda reci\u00e9n inaugurado en Barcelona con una clara vocaci\u00f3n intergeneracional","robots":{"index":"index","follow":"follow","max-snippet":"max-snippet:-1","max-image-preview":"max-image-preview:large","max-video-preview":"max-video-preview:-1"},"canonical":"https:\/\/www.inforesidencias.com\/blog\/index.php\/2022\/07\/13\/un-centro-de-dia-con-vocacion-intergeneracional-en-barcelona\/","og_locale":"es_ES","og_type":"article","og_title":"Un centro de d\u00eda con vocacion intergeneracional en Barcelona - Blog Inforesidencias.com","og_description":"Descubtrimos m\u00e1s sobre el centro de d\u00eda Dia Actiu, con centro de d\u00eda reci\u00e9n inaugurado en Barcelona con una clara vocaci\u00f3n intergeneracional","og_url":"https:\/\/www.inforesidencias.com\/blog\/index.php\/2022\/07\/13\/un-centro-de-dia-con-vocacion-intergeneracional-en-barcelona\/","og_site_name":"Blog Inforesidencias.com","article_publisher":"https:\/\/www.facebook.com\/Inforesidencias\/","article_author":"https:\/\/www.facebook.com\/josep.demarti","article_published_time":"2022-07-13T06:26:00+00:00","article_modified_time":"2022-07-11T12:27:45+00:00","og_image":[{"width":700,"height":525,"url":"https:\/\/www.inforesidencias.com\/blog\/wp-content\/uploads\/2022\/07\/Dia-actiu-vocacio\u0301n-intergeneracional.jpeg","type":"image\/jpeg"}],"author":"Josep de Mart\u00ed","twitter_card":"summary_large_image","twitter_creator":"@blog-ir","twitter_site":"@inforesidencias","twitter_misc":{"Escrito por":"Josep de Mart\u00ed","Tiempo de lectura":"3 minutos"},"schema":{"@context":"https:\/\/schema.org","@graph":[{"@type":"WebPage","@id":"https:\/\/www.inforesidencias.com\/blog\/index.php\/2022\/07\/13\/un-centro-de-dia-con-vocacion-intergeneracional-en-barcelona\/","url":"https:\/\/www.inforesidencias.com\/blog\/index.php\/2022\/07\/13\/un-centro-de-dia-con-vocacion-intergeneracional-en-barcelona\/","name":"Un centro de d\u00eda con vocacion intergeneracional en Barcelona - Blog Inforesidencias.com","isPartOf":{"@id":"https:\/\/www.inforesidencias.com\/blog\/#website"},"datePublished":"2022-07-13T06:26:00+00:00","dateModified":"2022-07-11T12:27:45+00:00","author":{"@id":"https:\/\/www.inforesidencias.com\/blog\/#\/schema\/person\/9e146774d1eb3bc1c0316242a3898628"},"description":"Descubtrimos m\u00e1s sobre el centro de d\u00eda Dia Actiu, con centro de d\u00eda reci\u00e9n inaugurado en Barcelona con una clara vocaci\u00f3n intergeneracional","breadcrumb":{"@id":"https:\/\/www.inforesidencias.com\/blog\/index.php\/2022\/07\/13\/un-centro-de-dia-con-vocacion-intergeneracional-en-barcelona\/#breadcrumb"},"inLanguage":"es","potentialAction":[{"@type":"ReadAction","target":["https:\/\/www.inforesidencias.com\/blog\/index.php\/2022\/07\/13\/un-centro-de-dia-con-vocacion-intergeneracional-en-barcelona\/"]}]},{"@type":"BreadcrumbList","@id":"https:\/\/www.inforesidencias.com\/blog\/index.php\/2022\/07\/13\/un-centro-de-dia-con-vocacion-intergeneracional-en-barcelona\/#breadcrumb","itemListElement":[{"@type":"ListItem","position":1,"name":"Home","item":"https:\/\/www.inforesidencias.com\/blog\/"},{"@type":"ListItem","position":2,"name":"Un centro de d\u00eda con vocacion intergeneracional en Barcelona"}]},{"@type":"WebSite","@id":"https:\/\/www.inforesidencias.com\/blog\/#website","url":"https:\/\/www.inforesidencias.com\/blog\/","name":"Blog Inforesidencias.com","description":"El buscador de residencias de la 3\u00aa edad","potentialAction":[{"@type":"SearchAction","target":{"@type":"EntryPoint","urlTemplate":"https:\/\/www.inforesidencias.com\/blog\/?s={search_term_string}"},"query-input":"required name=search_term_string"}],"inLanguage":"es"},{"@type":"Person","@id":"https:\/\/www.inforesidencias.com\/blog\/#\/schema\/person\/9e146774d1eb3bc1c0316242a3898628","name":"Josep de Mart\u00ed","image":{"@type":"ImageObject","inLanguage":"es","@id":"https:\/\/www.inforesidencias.com\/blog\/#\/schema\/person\/image\/","url":"https:\/\/secure.gravatar.com\/avatar\/de0302c4806c00c4cebff396a798c1ff?s=96&d=mm&r=g","contentUrl":"https:\/\/secure.gravatar.com\/avatar\/de0302c4806c00c4cebff396a798c1ff?s=96&d=mm&r=g","caption":"Josep de Mart\u00ed"},"sameAs":["https:\/\/www.inforesidencias.com","https:\/\/www.facebook.com\/josep.demarti","https:\/\/twitter.com\/blog-ir"],"url":"https:\/\/www.inforesidencias.com\/blog\/index.php\/author\/josepdemarti\/"}]}},"_links":{"self":[{"href":"https:\/\/www.inforesidencias.com\/blog\/index.php\/wp-json\/wp\/v2\/posts\/5863"}],"collection":[{"href":"https:\/\/www.inforesidencias.com\/blog\/index.php\/wp-json\/wp\/v2\/posts"}],"about":[{"href":"https:\/\/www.inforesidencias.com\/blog\/index.php\/wp-json\/wp\/v2\/types\/post"}],"author":[{"embeddable":true,"href":"https:\/\/www.inforesidencias.com\/blog\/index.php\/wp-json\/wp\/v2\/users\/2"}],"replies":[{"embeddable":true,"href":"https:\/\/www.inforesidencias.com\/blog\/index.php\/wp-json\/wp\/v2\/comments?post=5863"}],"version-history":[{"count":9,"href":"https:\/\/www.inforesidencias.com\/blog\/index.php\/wp-json\/wp\/v2\/posts\/5863\/revisions"}],"predecessor-version":[{"id":5876,"href":"https:\/\/www.inforesidencias.com\/blog\/index.php\/wp-json\/wp\/v2\/posts\/5863\/revisions\/5876"}],"wp:featuredmedia":[{"embeddable":true,"href":"https:\/\/www.inforesidencias.com\/blog\/index.php\/wp-json\/wp\/v2\/media\/5867"}],"wp:attachment":[{"href":"https:\/\/www.inforesidencias.com\/blog\/index.php\/wp-json\/wp\/v2\/media?parent=5863"}],"wp:term":[{"taxonomy":"category","embeddable":true,"href":"https:\/\/www.inforesidencias.com\/blog\/index.php\/wp-json\/wp\/v2\/categories?post=5863"},{"taxonomy":"post_tag","embeddable":true,"href":"https:\/\/www.inforesidencias.com\/blog\/index.php\/wp-json\/wp\/v2\/tags?post=5863"}],"curies":[{"name":"wp","href":"https:\/\/api.w.org\/{rel}","templated":true}]}}