{"id":5897,"date":"2022-07-19T14:38:20","date_gmt":"2022-07-19T13:38:20","guid":{"rendered":"https:\/\/www.inforesidencias.com\/blog\/?p=5897"},"modified":"2022-07-19T14:38:22","modified_gmt":"2022-07-19T13:38:22","slug":"podologia-geriatrica-y-audifonos-para-mayores","status":"publish","type":"post","link":"https:\/\/www.inforesidencias.com\/blog\/index.php\/2022\/07\/19\/podologia-geriatrica-y-audifonos-para-mayores\/","title":{"rendered":"Podolog\u00eda geri\u00e1trica y aud\u00edfonos para mayores"},"content":{"rendered":"\n<p><\/p>\n\n\n\n<p><\/p>\n\n\n\n<p>El programa del <a href=\"https:\/\/www.estelfitxers.com\/audio\/2021-2022\/20220716-13_00TEMPSDEBENESTAR.MP3\" target=\"_blank\" rel=\"noreferrer noopener\">s\u00e1bado 16 de julio<\/a> de \u00ab\u00c9s gran ser gran\u00bb dio inicio con una reflexi\u00f3n inicial sobre las personas mayores y la tecnolog\u00eda de la mano del director del portal i<a href=\"https:\/\/www.infoelder.com\/\">nfoelder.com<\/a>, Juan Pablo Correa, quien puso en valor la perspectiva de los mayores a la hora de crear tecnolog\u00eda.<\/p>\n\n\n\n<p>En la entrevista, hablamos de un tema sobre el que todav\u00eda nunca hab\u00edamos hablado demasiado, la audici\u00f3n de las personas mayores. Para ello, contamos con Pablo Onieva, CEO de <a href=\"https:\/\/www.audifono.es\/\" target=\"_blank\" rel=\"noreferrer noopener\">audifono.es<\/a>. Con Pablo, hablamos primero de todo acerca del momento en que se empieza a perder la audici\u00f3n ya que la atenci\u00f3n precoz es fundamental. Seguidamente, charlamos sobre cu\u00e1les son las principales causas de p\u00e9rdida auditiva en mayores y las consecuencias.  Finalmente, en la recta final de la entrevista nos explic\u00f3 y nos dio algunos consejos sobre como detectar una posible p\u00e9rdida auditiva y que hacer para ayudar a un familiar que la padece.<\/p>\n\n\n\n<p>En la bolsa de trabajo, hablamos sobre esa situaci\u00f3n en la que a veces nos encontramos en esta vida en la que tenemos que decir \u00abno\u00bb a una oferta de trabajo. Sobre esto explicamos algunos de los motivos que nos pueden llevar a decir que no y al mismo tiempo proporcionamos algunos consejos sobre como comunicar esa decisi\u00f3n. Para acabar, en la consulta del trabajador social dimos algunas pautas, 8 en concreto, a tener en cuenta a la hora de comunicase con una persona con alzheimer.<\/p>\n\n\n\n<p>Al d\u00eda siguiente, en el programa del <a href=\"https:\/\/www.estelfitxers.com\/audio\/2021-2022\/20220717-13_00TEMPSDEBENESTAR.MP3\" target=\"_blank\" rel=\"noreferrer noopener\">domingo 17 de julio<\/a>, hablamos para empezar de un estudio de la Fundaci\u00f3n Mutua de propietarios que habla sobre las preocupaciones m\u00e1s comunes entre las personas de m\u00e1s de 75 a\u00f1os y de las preocupaciones de quienes viven con esas personas de m\u00e1s de 75 a\u00f1os.<\/p>\n\n\n\n<p>Para ese bonito domingo de verano, pensamos desde hacia semanas en tratar un tema del que en general como sociedad, se habla poco, y es la salud de nuestros pies, y en concreto cuando somos mayores. As\u00ed pues, para hablar de podolog\u00eda contamos con Carles Espinosa, vicepresidente del colegio de pod\u00f3logos de Catalu\u00f1a.<\/p>\n\n\n\n<div class=\"wp-block-image\"><figure class=\"alignleft size-large is-resized\"><img decoding=\"async\" loading=\"lazy\" src=\"https:\/\/www.inforesidencias.com\/blog\/wp-content\/uploads\/2022\/07\/podologi\u0301a-geria\u0301trica-1024x668.png\" alt=\"\" class=\"wp-image-5900\" width=\"348\" height=\"227\" srcset=\"https:\/\/www.inforesidencias.com\/blog\/wp-content\/uploads\/2022\/07\/podologi\u0301a-geria\u0301trica-1024x668.png 1024w, https:\/\/www.inforesidencias.com\/blog\/wp-content\/uploads\/2022\/07\/podologi\u0301a-geria\u0301trica-300x196.png 300w, https:\/\/www.inforesidencias.com\/blog\/wp-content\/uploads\/2022\/07\/podologi\u0301a-geria\u0301trica-768x501.png 768w, https:\/\/www.inforesidencias.com\/blog\/wp-content\/uploads\/2022\/07\/podologi\u0301a-geria\u0301trica.png 1410w\" sizes=\"(max-width: 348px) 100vw, 348px\" \/><\/figure><\/div>\n\n\n\n<p>La entrevista dio inicio con la explicaci\u00f3n de Carles sobre que es exactamente la podolog\u00eda geri\u00e1trica y las enfermedades m\u00e1s frecuentes que sufren las personas mayores, para luego enfocarnos en lo que se conoce como pie diab\u00e9tico. Fue esencial que para evitar dolencias, Carles tambi\u00e9n nos diera algunos consejos para mejorar nuestra salud podol\u00f3gica. Consejos especialmente \u00fatiles al hablar de podolog\u00eda geri\u00e1trica. Ya para acabar, hablamos sobre calzado y que tipo es el m\u00e1s adecuado para nuestro d\u00eda a d\u00eda.<\/p>\n\n\n\n<p>En la recta final del programa, en la consulta del trabajador social y despu\u00e9s de una bolsa de trabajo en la que comentamos an\u00e9cdotas curiosas de entrevistas de trabajo, hablamos de la historia del alzheimer para conocer como se empez\u00f3 a estudiarla.<\/p>\n\n\n\n<p>Otros temas relacionados con podolog\u00eda geri\u00e1trica:<\/p>\n\n\n\n<ul><li><a href=\"https:\/\/www.inforesidencias.com\/blog\/index.php\/2020\/03\/02\/onicomicosis-en-personas-mayores\/\">Omnicomicosis en personas mayores<\/a><\/li><\/ul>\n\n\n\n<ul><li><a href=\"https:\/\/www.inforesidencias.com\/centros\/buscador\/busquedas-predefinidas\/residencias-de-ancianos-en-la-costa-blanca\" target=\"_blank\" rel=\"noreferrer noopener\">residencias de la tercera edad en la Costa Blanca<\/a><\/li><\/ul>\n","protected":false},"excerpt":{"rendered":"<p>El programa del s\u00e1bado 16 de julio de \u00ab\u00c9s gran ser gran\u00bb dio inicio con una reflexi\u00f3n inicial sobre las personas mayores y la tecnolog\u00eda de la mano del director del portal infoelder.com, Juan Pablo Correa, quien puso en valor la perspectiva de los mayores a la hora de crear tecnolog\u00eda. En la entrevista, hablamos de un tema sobre el que todav\u00eda nunca hab\u00edamos hablado demasiado, la audici\u00f3n de las personas mayores. Para ello, contamos con Pablo Onieva, CEO de audifono.es. Con Pablo, hablamos primero de todo acerca del momento en que se empieza a perder la audici\u00f3n ya que la atenci\u00f3n precoz es fundamental. Seguidamente, charlamos sobre cu\u00e1les son las principales causas de p\u00e9rdida auditiva en mayores y las consecuencias. Finalmente, en la recta final de la entrevista nos explic\u00f3 y nos dio algunos consejos sobre como detectar una posible p\u00e9rdida auditiva y que hacer para ayudar a un [&hellip;]<\/p>\n","protected":false},"author":2,"featured_media":5900,"comment_status":"open","ping_status":"open","sticky":false,"template":"","format":"standard","meta":{"footnotes":""},"categories":[1],"tags":[],"yoast_head":"<!-- This site is optimized with the Yoast SEO plugin v21.7 - https:\/\/yoast.com\/wordpress\/plugins\/seo\/ -->\n<title>Podolog\u00eda geri\u00e1trica y aud\u00edfonos para mayores - Blog Inforesidencias.com<\/title>\n<meta name=\"description\" content=\"Hablamos de podolog\u00eda geri\u00e1trica con el vicepresidente del colegio de pod\u00f3logos de Catalu\u00f1a y con el CEO de audifono.es Pablo Onieva\" \/>\n<meta name=\"robots\" content=\"index, follow, max-snippet:-1, max-image-preview:large, max-video-preview:-1\" \/>\n<link rel=\"canonical\" href=\"https:\/\/www.inforesidencias.com\/blog\/index.php\/2022\/07\/19\/podologia-geriatrica-y-audifonos-para-mayores\/\" \/>\n<meta property=\"og:locale\" content=\"es_ES\" \/>\n<meta property=\"og:type\" content=\"article\" \/>\n<meta property=\"og:title\" content=\"Podolog\u00eda geri\u00e1trica y aud\u00edfonos para mayores - Blog Inforesidencias.com\" \/>\n<meta property=\"og:description\" content=\"Hablamos de podolog\u00eda geri\u00e1trica con el vicepresidente del colegio de pod\u00f3logos de Catalu\u00f1a y con el CEO de audifono.es Pablo Onieva\" \/>\n<meta property=\"og:url\" content=\"https:\/\/www.inforesidencias.com\/blog\/index.php\/2022\/07\/19\/podologia-geriatrica-y-audifonos-para-mayores\/\" \/>\n<meta property=\"og:site_name\" content=\"Blog Inforesidencias.com\" \/>\n<meta property=\"article:publisher\" content=\"https:\/\/www.facebook.com\/Inforesidencias\/\" \/>\n<meta property=\"article:author\" content=\"https:\/\/www.facebook.com\/josep.demarti\" \/>\n<meta property=\"article:published_time\" content=\"2022-07-19T13:38:20+00:00\" \/>\n<meta property=\"article:modified_time\" content=\"2022-07-19T13:38:22+00:00\" \/>\n<meta property=\"og:image\" content=\"https:\/\/www.inforesidencias.com\/blog\/wp-content\/uploads\/2022\/07\/podologi\u0301a-geria\u0301trica.png\" \/>\n\t<meta property=\"og:image:width\" content=\"1410\" \/>\n\t<meta property=\"og:image:height\" content=\"920\" \/>\n\t<meta property=\"og:image:type\" content=\"image\/png\" \/>\n<meta name=\"author\" content=\"Josep de Mart\u00ed\" \/>\n<meta name=\"twitter:card\" content=\"summary_large_image\" \/>\n<meta name=\"twitter:creator\" content=\"@blog-ir\" \/>\n<meta name=\"twitter:site\" content=\"@inforesidencias\" \/>\n<meta name=\"twitter:label1\" content=\"Escrito por\" \/>\n\t<meta name=\"twitter:data1\" content=\"Josep de Mart\u00ed\" \/>\n\t<meta name=\"twitter:label2\" content=\"Tiempo de lectura\" \/>\n\t<meta name=\"twitter:data2\" content=\"3 minutos\" \/>\n<script type=\"application\/ld+json\" class=\"yoast-schema-graph\">{\"@context\":\"https:\/\/schema.org\",\"@graph\":[{\"@type\":\"WebPage\",\"@id\":\"https:\/\/www.inforesidencias.com\/blog\/index.php\/2022\/07\/19\/podologia-geriatrica-y-audifonos-para-mayores\/\",\"url\":\"https:\/\/www.inforesidencias.com\/blog\/index.php\/2022\/07\/19\/podologia-geriatrica-y-audifonos-para-mayores\/\",\"name\":\"Podolog\u00eda geri\u00e1trica y aud\u00edfonos para mayores - Blog Inforesidencias.com\",\"isPartOf\":{\"@id\":\"https:\/\/www.inforesidencias.com\/blog\/#website\"},\"datePublished\":\"2022-07-19T13:38:20+00:00\",\"dateModified\":\"2022-07-19T13:38:22+00:00\",\"author\":{\"@id\":\"https:\/\/www.inforesidencias.com\/blog\/#\/schema\/person\/9e146774d1eb3bc1c0316242a3898628\"},\"description\":\"Hablamos de podolog\u00eda geri\u00e1trica con el vicepresidente del colegio de pod\u00f3logos de Catalu\u00f1a y con el CEO de audifono.es Pablo Onieva\",\"breadcrumb\":{\"@id\":\"https:\/\/www.inforesidencias.com\/blog\/index.php\/2022\/07\/19\/podologia-geriatrica-y-audifonos-para-mayores\/#breadcrumb\"},\"inLanguage\":\"es\",\"potentialAction\":[{\"@type\":\"ReadAction\",\"target\":[\"https:\/\/www.inforesidencias.com\/blog\/index.php\/2022\/07\/19\/podologia-geriatrica-y-audifonos-para-mayores\/\"]}]},{\"@type\":\"BreadcrumbList\",\"@id\":\"https:\/\/www.inforesidencias.com\/blog\/index.php\/2022\/07\/19\/podologia-geriatrica-y-audifonos-para-mayores\/#breadcrumb\",\"itemListElement\":[{\"@type\":\"ListItem\",\"position\":1,\"name\":\"Home\",\"item\":\"https:\/\/www.inforesidencias.com\/blog\/\"},{\"@type\":\"ListItem\",\"position\":2,\"name\":\"Podolog\u00eda geri\u00e1trica y aud\u00edfonos para mayores\"}]},{\"@type\":\"WebSite\",\"@id\":\"https:\/\/www.inforesidencias.com\/blog\/#website\",\"url\":\"https:\/\/www.inforesidencias.com\/blog\/\",\"name\":\"Blog Inforesidencias.com\",\"description\":\"El buscador de residencias de la 3\u00aa edad\",\"potentialAction\":[{\"@type\":\"SearchAction\",\"target\":{\"@type\":\"EntryPoint\",\"urlTemplate\":\"https:\/\/www.inforesidencias.com\/blog\/?s={search_term_string}\"},\"query-input\":\"required name=search_term_string\"}],\"inLanguage\":\"es\"},{\"@type\":\"Person\",\"@id\":\"https:\/\/www.inforesidencias.com\/blog\/#\/schema\/person\/9e146774d1eb3bc1c0316242a3898628\",\"name\":\"Josep de Mart\u00ed\",\"image\":{\"@type\":\"ImageObject\",\"inLanguage\":\"es\",\"@id\":\"https:\/\/www.inforesidencias.com\/blog\/#\/schema\/person\/image\/\",\"url\":\"https:\/\/secure.gravatar.com\/avatar\/de0302c4806c00c4cebff396a798c1ff?s=96&d=mm&r=g\",\"contentUrl\":\"https:\/\/secure.gravatar.com\/avatar\/de0302c4806c00c4cebff396a798c1ff?s=96&d=mm&r=g\",\"caption\":\"Josep de Mart\u00ed\"},\"sameAs\":[\"https:\/\/www.inforesidencias.com\",\"https:\/\/www.facebook.com\/josep.demarti\",\"https:\/\/twitter.com\/blog-ir\"],\"url\":\"https:\/\/www.inforesidencias.com\/blog\/index.php\/author\/josepdemarti\/\"}]}<\/script>\n<!-- \/ Yoast SEO plugin. -->","yoast_head_json":{"title":"Podolog\u00eda geri\u00e1trica y aud\u00edfonos para mayores - Blog Inforesidencias.com","description":"Hablamos de podolog\u00eda geri\u00e1trica con el vicepresidente del colegio de pod\u00f3logos de Catalu\u00f1a y con el CEO de audifono.es Pablo Onieva","robots":{"index":"index","follow":"follow","max-snippet":"max-snippet:-1","max-image-preview":"max-image-preview:large","max-video-preview":"max-video-preview:-1"},"canonical":"https:\/\/www.inforesidencias.com\/blog\/index.php\/2022\/07\/19\/podologia-geriatrica-y-audifonos-para-mayores\/","og_locale":"es_ES","og_type":"article","og_title":"Podolog\u00eda geri\u00e1trica y aud\u00edfonos para mayores - Blog Inforesidencias.com","og_description":"Hablamos de podolog\u00eda geri\u00e1trica con el vicepresidente del colegio de pod\u00f3logos de Catalu\u00f1a y con el CEO de audifono.es Pablo Onieva","og_url":"https:\/\/www.inforesidencias.com\/blog\/index.php\/2022\/07\/19\/podologia-geriatrica-y-audifonos-para-mayores\/","og_site_name":"Blog Inforesidencias.com","article_publisher":"https:\/\/www.facebook.com\/Inforesidencias\/","article_author":"https:\/\/www.facebook.com\/josep.demarti","article_published_time":"2022-07-19T13:38:20+00:00","article_modified_time":"2022-07-19T13:38:22+00:00","og_image":[{"width":1410,"height":920,"url":"https:\/\/www.inforesidencias.com\/blog\/wp-content\/uploads\/2022\/07\/podologi\u0301a-geria\u0301trica.png","type":"image\/png"}],"author":"Josep de Mart\u00ed","twitter_card":"summary_large_image","twitter_creator":"@blog-ir","twitter_site":"@inforesidencias","twitter_misc":{"Escrito por":"Josep de Mart\u00ed","Tiempo de lectura":"3 minutos"},"schema":{"@context":"https:\/\/schema.org","@graph":[{"@type":"WebPage","@id":"https:\/\/www.inforesidencias.com\/blog\/index.php\/2022\/07\/19\/podologia-geriatrica-y-audifonos-para-mayores\/","url":"https:\/\/www.inforesidencias.com\/blog\/index.php\/2022\/07\/19\/podologia-geriatrica-y-audifonos-para-mayores\/","name":"Podolog\u00eda geri\u00e1trica y aud\u00edfonos para mayores - Blog Inforesidencias.com","isPartOf":{"@id":"https:\/\/www.inforesidencias.com\/blog\/#website"},"datePublished":"2022-07-19T13:38:20+00:00","dateModified":"2022-07-19T13:38:22+00:00","author":{"@id":"https:\/\/www.inforesidencias.com\/blog\/#\/schema\/person\/9e146774d1eb3bc1c0316242a3898628"},"description":"Hablamos de podolog\u00eda geri\u00e1trica con el vicepresidente del colegio de pod\u00f3logos de Catalu\u00f1a y con el CEO de audifono.es Pablo Onieva","breadcrumb":{"@id":"https:\/\/www.inforesidencias.com\/blog\/index.php\/2022\/07\/19\/podologia-geriatrica-y-audifonos-para-mayores\/#breadcrumb"},"inLanguage":"es","potentialAction":[{"@type":"ReadAction","target":["https:\/\/www.inforesidencias.com\/blog\/index.php\/2022\/07\/19\/podologia-geriatrica-y-audifonos-para-mayores\/"]}]},{"@type":"BreadcrumbList","@id":"https:\/\/www.inforesidencias.com\/blog\/index.php\/2022\/07\/19\/podologia-geriatrica-y-audifonos-para-mayores\/#breadcrumb","itemListElement":[{"@type":"ListItem","position":1,"name":"Home","item":"https:\/\/www.inforesidencias.com\/blog\/"},{"@type":"ListItem","position":2,"name":"Podolog\u00eda geri\u00e1trica y aud\u00edfonos para mayores"}]},{"@type":"WebSite","@id":"https:\/\/www.inforesidencias.com\/blog\/#website","url":"https:\/\/www.inforesidencias.com\/blog\/","name":"Blog Inforesidencias.com","description":"El buscador de residencias de la 3\u00aa edad","potentialAction":[{"@type":"SearchAction","target":{"@type":"EntryPoint","urlTemplate":"https:\/\/www.inforesidencias.com\/blog\/?s={search_term_string}"},"query-input":"required name=search_term_string"}],"inLanguage":"es"},{"@type":"Person","@id":"https:\/\/www.inforesidencias.com\/blog\/#\/schema\/person\/9e146774d1eb3bc1c0316242a3898628","name":"Josep de Mart\u00ed","image":{"@type":"ImageObject","inLanguage":"es","@id":"https:\/\/www.inforesidencias.com\/blog\/#\/schema\/person\/image\/","url":"https:\/\/secure.gravatar.com\/avatar\/de0302c4806c00c4cebff396a798c1ff?s=96&d=mm&r=g","contentUrl":"https:\/\/secure.gravatar.com\/avatar\/de0302c4806c00c4cebff396a798c1ff?s=96&d=mm&r=g","caption":"Josep de Mart\u00ed"},"sameAs":["https:\/\/www.inforesidencias.com","https:\/\/www.facebook.com\/josep.demarti","https:\/\/twitter.com\/blog-ir"],"url":"https:\/\/www.inforesidencias.com\/blog\/index.php\/author\/josepdemarti\/"}]}},"_links":{"self":[{"href":"https:\/\/www.inforesidencias.com\/blog\/index.php\/wp-json\/wp\/v2\/posts\/5897"}],"collection":[{"href":"https:\/\/www.inforesidencias.com\/blog\/index.php\/wp-json\/wp\/v2\/posts"}],"about":[{"href":"https:\/\/www.inforesidencias.com\/blog\/index.php\/wp-json\/wp\/v2\/types\/post"}],"author":[{"embeddable":true,"href":"https:\/\/www.inforesidencias.com\/blog\/index.php\/wp-json\/wp\/v2\/users\/2"}],"replies":[{"embeddable":true,"href":"https:\/\/www.inforesidencias.com\/blog\/index.php\/wp-json\/wp\/v2\/comments?post=5897"}],"version-history":[{"count":5,"href":"https:\/\/www.inforesidencias.com\/blog\/index.php\/wp-json\/wp\/v2\/posts\/5897\/revisions"}],"predecessor-version":[{"id":5904,"href":"https:\/\/www.inforesidencias.com\/blog\/index.php\/wp-json\/wp\/v2\/posts\/5897\/revisions\/5904"}],"wp:featuredmedia":[{"embeddable":true,"href":"https:\/\/www.inforesidencias.com\/blog\/index.php\/wp-json\/wp\/v2\/media\/5900"}],"wp:attachment":[{"href":"https:\/\/www.inforesidencias.com\/blog\/index.php\/wp-json\/wp\/v2\/media?parent=5897"}],"wp:term":[{"taxonomy":"category","embeddable":true,"href":"https:\/\/www.inforesidencias.com\/blog\/index.php\/wp-json\/wp\/v2\/categories?post=5897"},{"taxonomy":"post_tag","embeddable":true,"href":"https:\/\/www.inforesidencias.com\/blog\/index.php\/wp-json\/wp\/v2\/tags?post=5897"}],"curies":[{"name":"wp","href":"https:\/\/api.w.org\/{rel}","templated":true}]}}