{"id":5917,"date":"2022-08-04T05:03:00","date_gmt":"2022-08-04T04:03:00","guid":{"rendered":"https:\/\/www.inforesidencias.com\/blog\/?p=5917"},"modified":"2022-08-01T12:04:17","modified_gmt":"2022-08-01T11:04:17","slug":"vacaciones-con-personas-mayores-que-hacemos-mal","status":"publish","type":"post","link":"https:\/\/www.inforesidencias.com\/blog\/index.php\/2022\/08\/04\/vacaciones-con-personas-mayores-que-hacemos-mal\/","title":{"rendered":"Vacaciones con personas mayores \u00bfQu\u00e9 hacemos mal?"},"content":{"rendered":"\n<p>Ha llegado agosto, el mes por excelencia de vacaciones en Espa\u00f1a y medio mundo. Para muchos de nosotros es normal pensar que nuestro pa\u00eds parece que en agosto se para el mundo. Si hablamos de sitios donde ir de vacaciones y como enfocarlas, desde inforesidencias pensamos que hay que darle un enfoque diferente cuando se trata de vacaciones con personas mayores.<\/p>\n\n\n\n<p>Son varias, los portales e internet en que se dan consejos sobre las personas mayores a la hora de viajar en coche, ir a la playa, ir a la monta\u00f1a, hacer un viaje en avi\u00f3n etc. De hecho, desde nuestro blog en varias ocasiones hemos dados consejos sobre, por ejemplo:<\/p>\n\n\n\n<ul><li><a href=\"https:\/\/www.inforesidencias.com\/blog\/index.php\/2021\/06\/30\/las-personas-mayores-durante-las-vacaciones\/\">Consejos clave para viajar con mayores<\/a><\/li><li><a href=\"https:\/\/www.inforesidencias.com\/contenidos\/mayores-y-familia\/nacional\/diez-consejos-para-viajar-con-enfermos-de-alzheimer\">Claves para viajar con adultos mayores con alzheimer<\/a><\/li><li><a href=\"https:\/\/www.inforesidencias.com\/contenidos\/noticias\/nacional\/los-beneficios-del-mar-en-la-tercera-edad\">Los beneficios del mar en la tercera edad<\/a><\/li><\/ul>\n\n\n\n<p>No obstante, en esta ocasi\u00f3n queremos tomar una direcci\u00f3n distinta y hablar sobre cosas que hacemos mal relacionadas con las vacaciones con personas mayores.  Algunas de ellas ser\u00edan<\/p>\n\n\n\n<ul><li>No preguntarles a ellos a d\u00f3nde quieren ir. Su opini\u00f3n tiene que valer lo mismo que la del resto de miembros de la familia<\/li><li>No respetar el hecho de que quiz\u00e1 prefieren quedarse en casa y no venir con nosotros. Si esto ocurre, hay que pensar alternativas como quiz\u00e1 una cuidadora si la necesitan, que vaya unos d\u00edas a una residencia etc. Cualquier decisi\u00f3n eso s\u00ed, que sea consensuada.<\/li><li>No llevar un control riguroso de la medicaci\u00f3n. Es normal que en vacaciones, no llevemos una dieta todo lo adecuada que deber\u00eda, hagamos excesos, no hagamos ejercicio con regularidad etc. No obstante, en lo que respeta a los mayores, ese relajamiento no puede verse reflejado en la <a href=\"https:\/\/dependencia.info\/noticia\/2201\/salud\/la-institucionalizacion-de-las-personas-mayores-reduce-el-uso-de-medicamentos.html\">toma de medicaci\u00f3n<\/a><\/li><li>No adaptar el recorrido a sus capacidades. Es importante que a los sitos a los que vayamos hay una f\u00e1cil accesibilidad, que no haya muchas escaleras o que no haya que caminar mucho rato para llegar. Para ello es tan sencillo como que por un lado la persona mayor tenga la informaci\u00f3n y decida y que por otro lado tengamos presente y conozcamos cual es su estado m\u00e9dico y condici\u00f3n f\u00edsica.<\/li><\/ul>\n\n\n\n<p>Como dec\u00edamos, estos aspectos son algunos de los errores habituales al hablar de vacaciones con personas mayores. Si crees que hay otros relevantes, te animamos a que nos escribas para a\u00f1adirlos<\/p>\n\n\n\n<p>\u00bfSab\u00edas que?<\/p>\n\n\n\n<ul><li>Hay <a href=\"https:\/\/www.inforesidencias.com\/contenidos\/noticias\/nacional\/podemos-planear-ya-el-verano-con-las-unidades-de-respiro-familiar\">residencias en tu zona que aceptan que una persona mayor est\u00e9 en el centro unos d\u00edas o semanas<\/a> en verano<\/li><\/ul>\n\n\n\n<ul><li>Puedes encontrar <a href=\"https:\/\/www.inforesidencias.com\/centros\/buscador\/busquedas-predefinidas\/residencias-geriatricas-en-la-costa-brava\">residencias geri\u00e1tricas en la Costa Brava<\/a><\/li><\/ul>\n\n\n\n<p>Autor: Carles Reixach<\/p>\n","protected":false},"excerpt":{"rendered":"<p>Ha llegado agosto, el mes por excelencia de vacaciones en Espa\u00f1a y medio mundo. Para muchos de nosotros es normal pensar que nuestro pa\u00eds parece que en agosto se para el mundo. Si hablamos de sitios donde ir de vacaciones y como enfocarlas, desde inforesidencias pensamos que hay que darle un enfoque diferente cuando se trata de vacaciones con personas mayores. Son varias, los portales e internet en que se dan consejos sobre las personas mayores a la hora de viajar en coche, ir a la playa, ir a la monta\u00f1a, hacer un viaje en avi\u00f3n etc. De hecho, desde nuestro blog en varias ocasiones hemos dados consejos sobre, por ejemplo: Consejos clave para viajar con mayores Claves para viajar con adultos mayores con alzheimer Los beneficios del mar en la tercera edad No obstante, en esta ocasi\u00f3n queremos tomar una direcci\u00f3n distinta y hablar sobre cosas que hacemos mal [&hellip;]<\/p>\n","protected":false},"author":2,"featured_media":5920,"comment_status":"open","ping_status":"open","sticky":false,"template":"","format":"standard","meta":{"footnotes":""},"categories":[1],"tags":[],"yoast_head":"<!-- This site is optimized with the Yoast SEO plugin v21.7 - https:\/\/yoast.com\/wordpress\/plugins\/seo\/ -->\n<title>Vacaciones con personas mayores \u00bfQu\u00e9 hacemos mal? - Blog Inforesidencias.com<\/title>\n<meta name=\"description\" content=\"Si hablamos de pasar las vacaciones con personas mayores, a veces hay una serie de errores que cometemos y que son f\u00e1ciles de evitar\" \/>\n<meta name=\"robots\" content=\"index, follow, max-snippet:-1, max-image-preview:large, max-video-preview:-1\" \/>\n<link rel=\"canonical\" href=\"https:\/\/www.inforesidencias.com\/blog\/index.php\/2022\/08\/04\/vacaciones-con-personas-mayores-que-hacemos-mal\/\" \/>\n<meta property=\"og:locale\" content=\"es_ES\" \/>\n<meta property=\"og:type\" content=\"article\" \/>\n<meta property=\"og:title\" content=\"Vacaciones con personas mayores \u00bfQu\u00e9 hacemos mal? - Blog Inforesidencias.com\" \/>\n<meta property=\"og:description\" content=\"Si hablamos de pasar las vacaciones con personas mayores, a veces hay una serie de errores que cometemos y que son f\u00e1ciles de evitar\" \/>\n<meta property=\"og:url\" content=\"https:\/\/www.inforesidencias.com\/blog\/index.php\/2022\/08\/04\/vacaciones-con-personas-mayores-que-hacemos-mal\/\" \/>\n<meta property=\"og:site_name\" content=\"Blog Inforesidencias.com\" \/>\n<meta property=\"article:publisher\" content=\"https:\/\/www.facebook.com\/Inforesidencias\/\" \/>\n<meta property=\"article:author\" content=\"https:\/\/www.facebook.com\/josep.demarti\" \/>\n<meta property=\"article:published_time\" content=\"2022-08-04T04:03:00+00:00\" \/>\n<meta property=\"article:modified_time\" content=\"2022-08-01T11:04:17+00:00\" \/>\n<meta property=\"og:image\" content=\"https:\/\/www.inforesidencias.com\/blog\/wp-content\/uploads\/2022\/08\/Vacaciones-con-personas-mayores.png\" \/>\n\t<meta property=\"og:image:width\" content=\"700\" \/>\n\t<meta property=\"og:image:height\" content=\"578\" \/>\n\t<meta property=\"og:image:type\" content=\"image\/png\" \/>\n<meta name=\"author\" content=\"Josep de Mart\u00ed\" \/>\n<meta name=\"twitter:card\" content=\"summary_large_image\" \/>\n<meta name=\"twitter:creator\" content=\"@blog-ir\" \/>\n<meta name=\"twitter:site\" content=\"@inforesidencias\" \/>\n<meta name=\"twitter:label1\" content=\"Escrito por\" \/>\n\t<meta name=\"twitter:data1\" content=\"Josep de Mart\u00ed\" \/>\n\t<meta name=\"twitter:label2\" content=\"Tiempo de lectura\" \/>\n\t<meta name=\"twitter:data2\" content=\"2 minutos\" \/>\n<script type=\"application\/ld+json\" class=\"yoast-schema-graph\">{\"@context\":\"https:\/\/schema.org\",\"@graph\":[{\"@type\":\"WebPage\",\"@id\":\"https:\/\/www.inforesidencias.com\/blog\/index.php\/2022\/08\/04\/vacaciones-con-personas-mayores-que-hacemos-mal\/\",\"url\":\"https:\/\/www.inforesidencias.com\/blog\/index.php\/2022\/08\/04\/vacaciones-con-personas-mayores-que-hacemos-mal\/\",\"name\":\"Vacaciones con personas mayores \u00bfQu\u00e9 hacemos mal? - Blog Inforesidencias.com\",\"isPartOf\":{\"@id\":\"https:\/\/www.inforesidencias.com\/blog\/#website\"},\"datePublished\":\"2022-08-04T04:03:00+00:00\",\"dateModified\":\"2022-08-01T11:04:17+00:00\",\"author\":{\"@id\":\"https:\/\/www.inforesidencias.com\/blog\/#\/schema\/person\/9e146774d1eb3bc1c0316242a3898628\"},\"description\":\"Si hablamos de pasar las vacaciones con personas mayores, a veces hay una serie de errores que cometemos y que son f\u00e1ciles de evitar\",\"breadcrumb\":{\"@id\":\"https:\/\/www.inforesidencias.com\/blog\/index.php\/2022\/08\/04\/vacaciones-con-personas-mayores-que-hacemos-mal\/#breadcrumb\"},\"inLanguage\":\"es\",\"potentialAction\":[{\"@type\":\"ReadAction\",\"target\":[\"https:\/\/www.inforesidencias.com\/blog\/index.php\/2022\/08\/04\/vacaciones-con-personas-mayores-que-hacemos-mal\/\"]}]},{\"@type\":\"BreadcrumbList\",\"@id\":\"https:\/\/www.inforesidencias.com\/blog\/index.php\/2022\/08\/04\/vacaciones-con-personas-mayores-que-hacemos-mal\/#breadcrumb\",\"itemListElement\":[{\"@type\":\"ListItem\",\"position\":1,\"name\":\"Home\",\"item\":\"https:\/\/www.inforesidencias.com\/blog\/\"},{\"@type\":\"ListItem\",\"position\":2,\"name\":\"Vacaciones con personas mayores \u00bfQu\u00e9 hacemos mal?\"}]},{\"@type\":\"WebSite\",\"@id\":\"https:\/\/www.inforesidencias.com\/blog\/#website\",\"url\":\"https:\/\/www.inforesidencias.com\/blog\/\",\"name\":\"Blog Inforesidencias.com\",\"description\":\"El buscador de residencias de la 3\u00aa edad\",\"potentialAction\":[{\"@type\":\"SearchAction\",\"target\":{\"@type\":\"EntryPoint\",\"urlTemplate\":\"https:\/\/www.inforesidencias.com\/blog\/?s={search_term_string}\"},\"query-input\":\"required name=search_term_string\"}],\"inLanguage\":\"es\"},{\"@type\":\"Person\",\"@id\":\"https:\/\/www.inforesidencias.com\/blog\/#\/schema\/person\/9e146774d1eb3bc1c0316242a3898628\",\"name\":\"Josep de Mart\u00ed\",\"image\":{\"@type\":\"ImageObject\",\"inLanguage\":\"es\",\"@id\":\"https:\/\/www.inforesidencias.com\/blog\/#\/schema\/person\/image\/\",\"url\":\"https:\/\/secure.gravatar.com\/avatar\/de0302c4806c00c4cebff396a798c1ff?s=96&d=mm&r=g\",\"contentUrl\":\"https:\/\/secure.gravatar.com\/avatar\/de0302c4806c00c4cebff396a798c1ff?s=96&d=mm&r=g\",\"caption\":\"Josep de Mart\u00ed\"},\"sameAs\":[\"https:\/\/www.inforesidencias.com\",\"https:\/\/www.facebook.com\/josep.demarti\",\"https:\/\/twitter.com\/blog-ir\"],\"url\":\"https:\/\/www.inforesidencias.com\/blog\/index.php\/author\/josepdemarti\/\"}]}<\/script>\n<!-- \/ Yoast SEO plugin. -->","yoast_head_json":{"title":"Vacaciones con personas mayores \u00bfQu\u00e9 hacemos mal? - Blog Inforesidencias.com","description":"Si hablamos de pasar las vacaciones con personas mayores, a veces hay una serie de errores que cometemos y que son f\u00e1ciles de evitar","robots":{"index":"index","follow":"follow","max-snippet":"max-snippet:-1","max-image-preview":"max-image-preview:large","max-video-preview":"max-video-preview:-1"},"canonical":"https:\/\/www.inforesidencias.com\/blog\/index.php\/2022\/08\/04\/vacaciones-con-personas-mayores-que-hacemos-mal\/","og_locale":"es_ES","og_type":"article","og_title":"Vacaciones con personas mayores \u00bfQu\u00e9 hacemos mal? - Blog Inforesidencias.com","og_description":"Si hablamos de pasar las vacaciones con personas mayores, a veces hay una serie de errores que cometemos y que son f\u00e1ciles de evitar","og_url":"https:\/\/www.inforesidencias.com\/blog\/index.php\/2022\/08\/04\/vacaciones-con-personas-mayores-que-hacemos-mal\/","og_site_name":"Blog Inforesidencias.com","article_publisher":"https:\/\/www.facebook.com\/Inforesidencias\/","article_author":"https:\/\/www.facebook.com\/josep.demarti","article_published_time":"2022-08-04T04:03:00+00:00","article_modified_time":"2022-08-01T11:04:17+00:00","og_image":[{"width":700,"height":578,"url":"https:\/\/www.inforesidencias.com\/blog\/wp-content\/uploads\/2022\/08\/Vacaciones-con-personas-mayores.png","type":"image\/png"}],"author":"Josep de Mart\u00ed","twitter_card":"summary_large_image","twitter_creator":"@blog-ir","twitter_site":"@inforesidencias","twitter_misc":{"Escrito por":"Josep de Mart\u00ed","Tiempo de lectura":"2 minutos"},"schema":{"@context":"https:\/\/schema.org","@graph":[{"@type":"WebPage","@id":"https:\/\/www.inforesidencias.com\/blog\/index.php\/2022\/08\/04\/vacaciones-con-personas-mayores-que-hacemos-mal\/","url":"https:\/\/www.inforesidencias.com\/blog\/index.php\/2022\/08\/04\/vacaciones-con-personas-mayores-que-hacemos-mal\/","name":"Vacaciones con personas mayores \u00bfQu\u00e9 hacemos mal? - Blog Inforesidencias.com","isPartOf":{"@id":"https:\/\/www.inforesidencias.com\/blog\/#website"},"datePublished":"2022-08-04T04:03:00+00:00","dateModified":"2022-08-01T11:04:17+00:00","author":{"@id":"https:\/\/www.inforesidencias.com\/blog\/#\/schema\/person\/9e146774d1eb3bc1c0316242a3898628"},"description":"Si hablamos de pasar las vacaciones con personas mayores, a veces hay una serie de errores que cometemos y que son f\u00e1ciles de evitar","breadcrumb":{"@id":"https:\/\/www.inforesidencias.com\/blog\/index.php\/2022\/08\/04\/vacaciones-con-personas-mayores-que-hacemos-mal\/#breadcrumb"},"inLanguage":"es","potentialAction":[{"@type":"ReadAction","target":["https:\/\/www.inforesidencias.com\/blog\/index.php\/2022\/08\/04\/vacaciones-con-personas-mayores-que-hacemos-mal\/"]}]},{"@type":"BreadcrumbList","@id":"https:\/\/www.inforesidencias.com\/blog\/index.php\/2022\/08\/04\/vacaciones-con-personas-mayores-que-hacemos-mal\/#breadcrumb","itemListElement":[{"@type":"ListItem","position":1,"name":"Home","item":"https:\/\/www.inforesidencias.com\/blog\/"},{"@type":"ListItem","position":2,"name":"Vacaciones con personas mayores \u00bfQu\u00e9 hacemos mal?"}]},{"@type":"WebSite","@id":"https:\/\/www.inforesidencias.com\/blog\/#website","url":"https:\/\/www.inforesidencias.com\/blog\/","name":"Blog Inforesidencias.com","description":"El buscador de residencias de la 3\u00aa edad","potentialAction":[{"@type":"SearchAction","target":{"@type":"EntryPoint","urlTemplate":"https:\/\/www.inforesidencias.com\/blog\/?s={search_term_string}"},"query-input":"required name=search_term_string"}],"inLanguage":"es"},{"@type":"Person","@id":"https:\/\/www.inforesidencias.com\/blog\/#\/schema\/person\/9e146774d1eb3bc1c0316242a3898628","name":"Josep de Mart\u00ed","image":{"@type":"ImageObject","inLanguage":"es","@id":"https:\/\/www.inforesidencias.com\/blog\/#\/schema\/person\/image\/","url":"https:\/\/secure.gravatar.com\/avatar\/de0302c4806c00c4cebff396a798c1ff?s=96&d=mm&r=g","contentUrl":"https:\/\/secure.gravatar.com\/avatar\/de0302c4806c00c4cebff396a798c1ff?s=96&d=mm&r=g","caption":"Josep de Mart\u00ed"},"sameAs":["https:\/\/www.inforesidencias.com","https:\/\/www.facebook.com\/josep.demarti","https:\/\/twitter.com\/blog-ir"],"url":"https:\/\/www.inforesidencias.com\/blog\/index.php\/author\/josepdemarti\/"}]}},"_links":{"self":[{"href":"https:\/\/www.inforesidencias.com\/blog\/index.php\/wp-json\/wp\/v2\/posts\/5917"}],"collection":[{"href":"https:\/\/www.inforesidencias.com\/blog\/index.php\/wp-json\/wp\/v2\/posts"}],"about":[{"href":"https:\/\/www.inforesidencias.com\/blog\/index.php\/wp-json\/wp\/v2\/types\/post"}],"author":[{"embeddable":true,"href":"https:\/\/www.inforesidencias.com\/blog\/index.php\/wp-json\/wp\/v2\/users\/2"}],"replies":[{"embeddable":true,"href":"https:\/\/www.inforesidencias.com\/blog\/index.php\/wp-json\/wp\/v2\/comments?post=5917"}],"version-history":[{"count":5,"href":"https:\/\/www.inforesidencias.com\/blog\/index.php\/wp-json\/wp\/v2\/posts\/5917\/revisions"}],"predecessor-version":[{"id":5923,"href":"https:\/\/www.inforesidencias.com\/blog\/index.php\/wp-json\/wp\/v2\/posts\/5917\/revisions\/5923"}],"wp:featuredmedia":[{"embeddable":true,"href":"https:\/\/www.inforesidencias.com\/blog\/index.php\/wp-json\/wp\/v2\/media\/5920"}],"wp:attachment":[{"href":"https:\/\/www.inforesidencias.com\/blog\/index.php\/wp-json\/wp\/v2\/media?parent=5917"}],"wp:term":[{"taxonomy":"category","embeddable":true,"href":"https:\/\/www.inforesidencias.com\/blog\/index.php\/wp-json\/wp\/v2\/categories?post=5917"},{"taxonomy":"post_tag","embeddable":true,"href":"https:\/\/www.inforesidencias.com\/blog\/index.php\/wp-json\/wp\/v2\/tags?post=5917"}],"curies":[{"name":"wp","href":"https:\/\/api.w.org\/{rel}","templated":true}]}}