{"id":5969,"date":"2022-09-14T03:28:00","date_gmt":"2022-09-14T02:28:00","guid":{"rendered":"https:\/\/www.inforesidencias.com\/blog\/?p=5969"},"modified":"2022-08-26T15:30:11","modified_gmt":"2022-08-26T14:30:11","slug":"discriminacion-por-edad","status":"publish","type":"post","link":"https:\/\/www.inforesidencias.com\/blog\/index.php\/2022\/09\/14\/discriminacion-por-edad\/","title":{"rendered":"Discriminaci\u00f3n por edad"},"content":{"rendered":"\n<p><\/p>\n\n\n\n<p><\/p>\n\n\n\n<p>El <strong>edadismo <\/strong>es la discriminaci\u00f3n hacia una persona o grupo de personas por motivos de edad. En este caso, hablamos de cualquier edad, aunque es m\u00e1s frecuente encontrar conductas discriminatorias hacia las personas adultas mayores (<strong>viejismo<\/strong>).<\/p>\n\n\n\n<p>Existen cantidad de <strong>estereotipos<\/strong> hacia las personas adultas mayores, los cuales, nos generan <strong>prejuicios<\/strong> hacia ellas y, por ende, comportamientos discriminatorios como el viejismo.<br>Algunos de los estereotipos m\u00e1s frecuentes son:<\/p>\n\n\n\n<ul><li>Asociar la vejez a enfermedad y discapacidad.<\/li><li>Relacionar vejez con debilidad y fragilidad.<\/li><li>Atribuir cambios de personalidad, conducta y emocionalidad (por ejemplo, apat\u00eda o tristeza, tozudez, \u201ccascarrabias\u201d, falta de higiene, rigidez de pensamiento\u2026).<\/li><li>Asumir que el envejecimiento conlleva demencia y\/o deterioro cognitivo.<\/li><li>Creer que las personas adultas mayores no tienen capacidad de aprendizaje y son improductivas.<\/li><\/ul>\n\n\n\n<p>Adem\u00e1s, de manera inconsciente, en muchas ocasiones, llamamos a las personas adultas mayores \u201cabuelos\u201d o \u201cabuelas\u201d, sin embargo, no todos tienen nietos, por lo tanto, estamos alterando su identidad.<\/p>\n\n\n\n<p>En otras ocasiones, usamos detractores que pueden clasificarse como una Psicolog\u00eda Social Maligna (Kitwood, 1997), como por ejemplo la infantilizaci\u00f3n.<\/p>\n\n\n\n<p>La infantilizaci\u00f3n se refiere al comportamiento paternalista de tratar a las personas como si fueran ni\u00f1os\/as peque\u00f1os\/as.<\/p>\n\n\n\n<p>En muchas ocasiones lo hacemos sin maldad alguna, como muestra de afecto, pero debemos respetar y tener en cuenta las preferencias de la persona en cuanto a referencia e identidad personal.<\/p>\n\n\n\n<h2 class=\"wp-block-heading\">Un ejemplo<\/h2>\n\n\n\n<p>Si llamamos \u201cAnita\u201d a una se\u00f1ora llamada Ana, y nunca le gust\u00f3 que la llamaran en diminutivo ni que la tutearan, estamos infantilizando y alterando su identidad personal. Si Ana puede comunicarse, quiz\u00e1s nos haga saber que no le gusta, pero si Ana padece una demencia, quiz\u00e1s no es capaz de expresar sus deseos y\/o decide no hacerlo por X motivos (inseguridad, miedo a represalias\u2026).<\/p>\n\n\n\n<p>\u00bfC\u00f3mo podemos saber c\u00f3mo le gusta a Ana ser llamada\/tratada? Muy sencillo, pregunt\u00e1ndole a ella, o en defecto, a sus familiares o personas cercanas que la conozcan.<\/p>\n\n\n\n<p>Otro ejemplo de PSM que se realiza habitualmente es ignorar. Ignorar se refiere, por ejemplo, a hablar de la persona o de aspectos relacionados con la persona, en su presencia, como si esta no estuviera presente.<\/p>\n\n\n\n<p><\/p>\n\n\n\n<div class=\"wp-block-image\"><figure class=\"alignleft size-large is-resized\"><img decoding=\"async\" loading=\"lazy\" src=\"https:\/\/www.inforesidencias.com\/blog\/wp-content\/uploads\/2022\/08\/discriminacio\u0301n-por-edad.png\" alt=\"\" class=\"wp-image-5976\" width=\"246\" height=\"369\" srcset=\"https:\/\/www.inforesidencias.com\/blog\/wp-content\/uploads\/2022\/08\/discriminacio\u0301n-por-edad.png 654w, https:\/\/www.inforesidencias.com\/blog\/wp-content\/uploads\/2022\/08\/discriminacio\u0301n-por-edad-200x300.png 200w\" sizes=\"(max-width: 246px) 100vw, 246px\" \/><figcaption>discriminaci\u00f3n tecnol\u00f3gica<\/figcaption><\/figure><\/div>\n\n\n\n<p>Estamos ignorando cuando un\/a profesional le da indicaciones a otro\/a en torno al cuidado de la persona adulta mayor, estando esta presente, sin tener en cuenta su opini\u00f3n ni preguntarle directamente.<br>En muchos casos, si la persona padece una demencia avanzada, no ser\u00e1 capaz de expresar sus deseos y\/o preferencias. Por eso es importante, cuanto antes, realizar una <a rel=\"noreferrer noopener\" href=\"https:\/\/seniorcoach.es\/productos-y-servicios\/elaboracion-de-historias-de-vida\/\" target=\"_blank\">entrevista de historia de vida <\/a>con la propia persona (o familiares\/personas cercanas) para recopilar el m\u00e1ximo de informaci\u00f3n posible, con el objetivo de conocerla\/comprenderla y, por lo tanto, poder atenderla de la mejor manera posible.<\/p>\n\n\n\n<p>Otro ejemplo de sobras conocido por todos es la discriminaci\u00f3n por edad que se hace cuando se desarrolla la tecnolog\u00eda sin pensar en como van hacerlo las personas mayores para desenvolverse en su uso. Un ejemplo muy particular podr\u00eda ser el de los cajeros y ciudades<\/p>\n\n\n\n<p><\/p>\n\n\n\n<p><\/p>\n\n\n\n<h3 class=\"wp-block-heading\">Las conductas edadistas y viejistas son un problema que se debe erradicar mediante la educaci\u00f3n. <\/h3>\n\n\n\n<p>Continuamente recibimos informaci\u00f3n tanto de los medios de comunicaci\u00f3n como de los m\u00faltiples servicios que existen en nuestra sociedad, que se refieren a la vejez como algo negativo, algo que hay que evitar. \u00bfCu\u00e1ntas veces vemos anuncios y encontramos en las tiendas productos que venden como antienvejecimiento, antiarrugas, rejuvenecimiento\u2026?<\/p>\n\n\n\n<p>Todo esto es discriminaci\u00f3n por edad  y nos lleva a querer evitar crecer y envejecer. \u00bfA cu\u00e1ntas personas les gusta cumplir a\u00f1os? \u00bfY cu\u00e1ntas esconden su edad?<\/p>\n\n\n\n<p>Sin embargo, no podemos ir en contra de la naturaleza. La vejez es una etapa de la vida en la que podemos disfrutar como cualquier otra. Si evitamos los aspectos inherentes a esta etapa, como las arrugas, las canas y todos los cambios que se producen naturalmente, lo m\u00e1s probable es que vivamos esta etapa con impotencia, resignaci\u00f3n y depresi\u00f3n. <\/p>\n\n\n\n<p><strong>Para vivir una vejez tranquila y feliz, debemos aceptar nuestro proceso de envejecimiento<\/strong>, ser resilientes y ajustarnos a las necesidades que puedan ir surgiendo mediante mecanismos de compensaci\u00f3n y optimizaci\u00f3n de manera continuada.<\/p>\n\n\n\n<p>As\u00ed que la pr\u00f3xima vez que cumplas a\u00f1os, te salga una cana o una arruga nueva, en vez de rechazarlo, te animo a celebrarlo.<\/p>\n\n\n\n<p><strong>Autora:<\/strong><\/p>\n\n\n\n<p>S\u00f2nia Shah Llois<br>Psicogeront\u00f3loga<br>Fundadora\/Gerente de <a href=\"https:\/\/www.instagram.com\/seniorcoach_spain\/\">Senior Coach<\/a> y <a href=\"https:\/\/www.inforesidencias.com\/centros\/residencia\/12157\/centre-de-dia-vincles\">Centre de Dia Vincles<\/a><\/p>\n\n\n\n<p>Te puede interesar:<\/p>\n\n\n\n<ul><li><a href=\"https:\/\/www.inforesidencias.com\/blog\/index.php\/2019\/06\/26\/una-residencia-de-la-tercera-edad-en-tordera-y-el-maltrato-a-los-mayores\/\">Entrevista a Eima<\/a>, una asociaci\u00f3n que lucha contra la discriminaci\u00f3n por edad y el maltrato a las personas mayores<\/li><\/ul>\n\n\n\n<p><\/p>\n\n\n\n<p><\/p>\n\n\n\n<p><\/p>\n\n\n\n<p><\/p>\n\n\n\n<p><\/p>\n","protected":false},"excerpt":{"rendered":"<p>El edadismo es la discriminaci\u00f3n hacia una persona o grupo de personas por motivos de edad. En este caso, hablamos de cualquier edad, aunque es m\u00e1s frecuente encontrar conductas discriminatorias hacia las personas adultas mayores (viejismo). Existen cantidad de estereotipos hacia las personas adultas mayores, los cuales, nos generan prejuicios hacia ellas y, por ende, comportamientos discriminatorios como el viejismo.Algunos de los estereotipos m\u00e1s frecuentes son: Asociar la vejez a enfermedad y discapacidad. Relacionar vejez con debilidad y fragilidad. Atribuir cambios de personalidad, conducta y emocionalidad (por ejemplo, apat\u00eda o tristeza, tozudez, \u201ccascarrabias\u201d, falta de higiene, rigidez de pensamiento\u2026). Asumir que el envejecimiento conlleva demencia y\/o deterioro cognitivo. Creer que las personas adultas mayores no tienen capacidad de aprendizaje y son improductivas. Adem\u00e1s, de manera inconsciente, en muchas ocasiones, llamamos a las personas adultas mayores \u201cabuelos\u201d o \u201cabuelas\u201d, sin embargo, no todos tienen nietos, por lo tanto, estamos alterando su [&hellip;]<\/p>\n","protected":false},"author":2,"featured_media":5976,"comment_status":"open","ping_status":"open","sticky":false,"template":"","format":"standard","meta":{"footnotes":""},"categories":[1],"tags":[],"yoast_head":"<!-- This site is optimized with the Yoast SEO plugin v21.7 - https:\/\/yoast.com\/wordpress\/plugins\/seo\/ -->\n<title>Discriminaci\u00f3n por edad - Blog Inforesidencias.com<\/title>\n<meta name=\"description\" content=\"La discriminacion por edad es algo muy habitual y muchas veces lo llevamos a la pr\u00e1ctica sin apenas darnos cuenta en situacionres cotidianas\" \/>\n<meta name=\"robots\" content=\"index, follow, max-snippet:-1, max-image-preview:large, max-video-preview:-1\" \/>\n<link rel=\"canonical\" href=\"https:\/\/www.inforesidencias.com\/blog\/index.php\/2022\/09\/14\/discriminacion-por-edad\/\" \/>\n<meta property=\"og:locale\" content=\"es_ES\" \/>\n<meta property=\"og:type\" content=\"article\" \/>\n<meta property=\"og:title\" content=\"Discriminaci\u00f3n por edad - Blog Inforesidencias.com\" \/>\n<meta property=\"og:description\" content=\"La discriminacion por edad es algo muy habitual y muchas veces lo llevamos a la pr\u00e1ctica sin apenas darnos cuenta en situacionres cotidianas\" \/>\n<meta property=\"og:url\" content=\"https:\/\/www.inforesidencias.com\/blog\/index.php\/2022\/09\/14\/discriminacion-por-edad\/\" \/>\n<meta property=\"og:site_name\" content=\"Blog Inforesidencias.com\" \/>\n<meta property=\"article:publisher\" content=\"https:\/\/www.facebook.com\/Inforesidencias\/\" \/>\n<meta property=\"article:author\" content=\"https:\/\/www.facebook.com\/josep.demarti\" \/>\n<meta property=\"article:published_time\" content=\"2022-09-14T02:28:00+00:00\" \/>\n<meta property=\"article:modified_time\" content=\"2022-08-26T14:30:11+00:00\" \/>\n<meta property=\"og:image\" content=\"https:\/\/www.inforesidencias.com\/blog\/wp-content\/uploads\/2022\/08\/discriminacio\u0301n-por-edad.png\" \/>\n\t<meta property=\"og:image:width\" content=\"654\" \/>\n\t<meta property=\"og:image:height\" content=\"982\" \/>\n\t<meta property=\"og:image:type\" content=\"image\/png\" \/>\n<meta name=\"author\" content=\"Josep de Mart\u00ed\" \/>\n<meta name=\"twitter:card\" content=\"summary_large_image\" \/>\n<meta name=\"twitter:creator\" content=\"@blog-ir\" \/>\n<meta name=\"twitter:site\" content=\"@inforesidencias\" \/>\n<meta name=\"twitter:label1\" content=\"Escrito por\" \/>\n\t<meta name=\"twitter:data1\" content=\"Josep de Mart\u00ed\" \/>\n\t<meta name=\"twitter:label2\" content=\"Tiempo de lectura\" \/>\n\t<meta name=\"twitter:data2\" content=\"4 minutos\" \/>\n<script type=\"application\/ld+json\" class=\"yoast-schema-graph\">{\"@context\":\"https:\/\/schema.org\",\"@graph\":[{\"@type\":\"WebPage\",\"@id\":\"https:\/\/www.inforesidencias.com\/blog\/index.php\/2022\/09\/14\/discriminacion-por-edad\/\",\"url\":\"https:\/\/www.inforesidencias.com\/blog\/index.php\/2022\/09\/14\/discriminacion-por-edad\/\",\"name\":\"Discriminaci\u00f3n por edad - Blog Inforesidencias.com\",\"isPartOf\":{\"@id\":\"https:\/\/www.inforesidencias.com\/blog\/#website\"},\"datePublished\":\"2022-09-14T02:28:00+00:00\",\"dateModified\":\"2022-08-26T14:30:11+00:00\",\"author\":{\"@id\":\"https:\/\/www.inforesidencias.com\/blog\/#\/schema\/person\/9e146774d1eb3bc1c0316242a3898628\"},\"description\":\"La discriminacion por edad es algo muy habitual y muchas veces lo llevamos a la pr\u00e1ctica sin apenas darnos cuenta en situacionres cotidianas\",\"breadcrumb\":{\"@id\":\"https:\/\/www.inforesidencias.com\/blog\/index.php\/2022\/09\/14\/discriminacion-por-edad\/#breadcrumb\"},\"inLanguage\":\"es\",\"potentialAction\":[{\"@type\":\"ReadAction\",\"target\":[\"https:\/\/www.inforesidencias.com\/blog\/index.php\/2022\/09\/14\/discriminacion-por-edad\/\"]}]},{\"@type\":\"BreadcrumbList\",\"@id\":\"https:\/\/www.inforesidencias.com\/blog\/index.php\/2022\/09\/14\/discriminacion-por-edad\/#breadcrumb\",\"itemListElement\":[{\"@type\":\"ListItem\",\"position\":1,\"name\":\"Home\",\"item\":\"https:\/\/www.inforesidencias.com\/blog\/\"},{\"@type\":\"ListItem\",\"position\":2,\"name\":\"Discriminaci\u00f3n por edad\"}]},{\"@type\":\"WebSite\",\"@id\":\"https:\/\/www.inforesidencias.com\/blog\/#website\",\"url\":\"https:\/\/www.inforesidencias.com\/blog\/\",\"name\":\"Blog Inforesidencias.com\",\"description\":\"El buscador de residencias de la 3\u00aa edad\",\"potentialAction\":[{\"@type\":\"SearchAction\",\"target\":{\"@type\":\"EntryPoint\",\"urlTemplate\":\"https:\/\/www.inforesidencias.com\/blog\/?s={search_term_string}\"},\"query-input\":\"required name=search_term_string\"}],\"inLanguage\":\"es\"},{\"@type\":\"Person\",\"@id\":\"https:\/\/www.inforesidencias.com\/blog\/#\/schema\/person\/9e146774d1eb3bc1c0316242a3898628\",\"name\":\"Josep de Mart\u00ed\",\"image\":{\"@type\":\"ImageObject\",\"inLanguage\":\"es\",\"@id\":\"https:\/\/www.inforesidencias.com\/blog\/#\/schema\/person\/image\/\",\"url\":\"https:\/\/secure.gravatar.com\/avatar\/de0302c4806c00c4cebff396a798c1ff?s=96&d=mm&r=g\",\"contentUrl\":\"https:\/\/secure.gravatar.com\/avatar\/de0302c4806c00c4cebff396a798c1ff?s=96&d=mm&r=g\",\"caption\":\"Josep de Mart\u00ed\"},\"sameAs\":[\"https:\/\/www.inforesidencias.com\",\"https:\/\/www.facebook.com\/josep.demarti\",\"https:\/\/twitter.com\/blog-ir\"],\"url\":\"https:\/\/www.inforesidencias.com\/blog\/index.php\/author\/josepdemarti\/\"}]}<\/script>\n<!-- \/ Yoast SEO plugin. -->","yoast_head_json":{"title":"Discriminaci\u00f3n por edad - Blog Inforesidencias.com","description":"La discriminacion por edad es algo muy habitual y muchas veces lo llevamos a la pr\u00e1ctica sin apenas darnos cuenta en situacionres cotidianas","robots":{"index":"index","follow":"follow","max-snippet":"max-snippet:-1","max-image-preview":"max-image-preview:large","max-video-preview":"max-video-preview:-1"},"canonical":"https:\/\/www.inforesidencias.com\/blog\/index.php\/2022\/09\/14\/discriminacion-por-edad\/","og_locale":"es_ES","og_type":"article","og_title":"Discriminaci\u00f3n por edad - Blog Inforesidencias.com","og_description":"La discriminacion por edad es algo muy habitual y muchas veces lo llevamos a la pr\u00e1ctica sin apenas darnos cuenta en situacionres cotidianas","og_url":"https:\/\/www.inforesidencias.com\/blog\/index.php\/2022\/09\/14\/discriminacion-por-edad\/","og_site_name":"Blog Inforesidencias.com","article_publisher":"https:\/\/www.facebook.com\/Inforesidencias\/","article_author":"https:\/\/www.facebook.com\/josep.demarti","article_published_time":"2022-09-14T02:28:00+00:00","article_modified_time":"2022-08-26T14:30:11+00:00","og_image":[{"width":654,"height":982,"url":"https:\/\/www.inforesidencias.com\/blog\/wp-content\/uploads\/2022\/08\/discriminacio\u0301n-por-edad.png","type":"image\/png"}],"author":"Josep de Mart\u00ed","twitter_card":"summary_large_image","twitter_creator":"@blog-ir","twitter_site":"@inforesidencias","twitter_misc":{"Escrito por":"Josep de Mart\u00ed","Tiempo de lectura":"4 minutos"},"schema":{"@context":"https:\/\/schema.org","@graph":[{"@type":"WebPage","@id":"https:\/\/www.inforesidencias.com\/blog\/index.php\/2022\/09\/14\/discriminacion-por-edad\/","url":"https:\/\/www.inforesidencias.com\/blog\/index.php\/2022\/09\/14\/discriminacion-por-edad\/","name":"Discriminaci\u00f3n por edad - Blog Inforesidencias.com","isPartOf":{"@id":"https:\/\/www.inforesidencias.com\/blog\/#website"},"datePublished":"2022-09-14T02:28:00+00:00","dateModified":"2022-08-26T14:30:11+00:00","author":{"@id":"https:\/\/www.inforesidencias.com\/blog\/#\/schema\/person\/9e146774d1eb3bc1c0316242a3898628"},"description":"La discriminacion por edad es algo muy habitual y muchas veces lo llevamos a la pr\u00e1ctica sin apenas darnos cuenta en situacionres cotidianas","breadcrumb":{"@id":"https:\/\/www.inforesidencias.com\/blog\/index.php\/2022\/09\/14\/discriminacion-por-edad\/#breadcrumb"},"inLanguage":"es","potentialAction":[{"@type":"ReadAction","target":["https:\/\/www.inforesidencias.com\/blog\/index.php\/2022\/09\/14\/discriminacion-por-edad\/"]}]},{"@type":"BreadcrumbList","@id":"https:\/\/www.inforesidencias.com\/blog\/index.php\/2022\/09\/14\/discriminacion-por-edad\/#breadcrumb","itemListElement":[{"@type":"ListItem","position":1,"name":"Home","item":"https:\/\/www.inforesidencias.com\/blog\/"},{"@type":"ListItem","position":2,"name":"Discriminaci\u00f3n por edad"}]},{"@type":"WebSite","@id":"https:\/\/www.inforesidencias.com\/blog\/#website","url":"https:\/\/www.inforesidencias.com\/blog\/","name":"Blog Inforesidencias.com","description":"El buscador de residencias de la 3\u00aa edad","potentialAction":[{"@type":"SearchAction","target":{"@type":"EntryPoint","urlTemplate":"https:\/\/www.inforesidencias.com\/blog\/?s={search_term_string}"},"query-input":"required name=search_term_string"}],"inLanguage":"es"},{"@type":"Person","@id":"https:\/\/www.inforesidencias.com\/blog\/#\/schema\/person\/9e146774d1eb3bc1c0316242a3898628","name":"Josep de Mart\u00ed","image":{"@type":"ImageObject","inLanguage":"es","@id":"https:\/\/www.inforesidencias.com\/blog\/#\/schema\/person\/image\/","url":"https:\/\/secure.gravatar.com\/avatar\/de0302c4806c00c4cebff396a798c1ff?s=96&d=mm&r=g","contentUrl":"https:\/\/secure.gravatar.com\/avatar\/de0302c4806c00c4cebff396a798c1ff?s=96&d=mm&r=g","caption":"Josep de Mart\u00ed"},"sameAs":["https:\/\/www.inforesidencias.com","https:\/\/www.facebook.com\/josep.demarti","https:\/\/twitter.com\/blog-ir"],"url":"https:\/\/www.inforesidencias.com\/blog\/index.php\/author\/josepdemarti\/"}]}},"_links":{"self":[{"href":"https:\/\/www.inforesidencias.com\/blog\/index.php\/wp-json\/wp\/v2\/posts\/5969"}],"collection":[{"href":"https:\/\/www.inforesidencias.com\/blog\/index.php\/wp-json\/wp\/v2\/posts"}],"about":[{"href":"https:\/\/www.inforesidencias.com\/blog\/index.php\/wp-json\/wp\/v2\/types\/post"}],"author":[{"embeddable":true,"href":"https:\/\/www.inforesidencias.com\/blog\/index.php\/wp-json\/wp\/v2\/users\/2"}],"replies":[{"embeddable":true,"href":"https:\/\/www.inforesidencias.com\/blog\/index.php\/wp-json\/wp\/v2\/comments?post=5969"}],"version-history":[{"count":14,"href":"https:\/\/www.inforesidencias.com\/blog\/index.php\/wp-json\/wp\/v2\/posts\/5969\/revisions"}],"predecessor-version":[{"id":5984,"href":"https:\/\/www.inforesidencias.com\/blog\/index.php\/wp-json\/wp\/v2\/posts\/5969\/revisions\/5984"}],"wp:featuredmedia":[{"embeddable":true,"href":"https:\/\/www.inforesidencias.com\/blog\/index.php\/wp-json\/wp\/v2\/media\/5976"}],"wp:attachment":[{"href":"https:\/\/www.inforesidencias.com\/blog\/index.php\/wp-json\/wp\/v2\/media?parent=5969"}],"wp:term":[{"taxonomy":"category","embeddable":true,"href":"https:\/\/www.inforesidencias.com\/blog\/index.php\/wp-json\/wp\/v2\/categories?post=5969"},{"taxonomy":"post_tag","embeddable":true,"href":"https:\/\/www.inforesidencias.com\/blog\/index.php\/wp-json\/wp\/v2\/tags?post=5969"}],"curies":[{"name":"wp","href":"https:\/\/api.w.org\/{rel}","templated":true}]}}