{"id":6003,"date":"2022-09-23T04:06:00","date_gmt":"2022-09-23T03:06:00","guid":{"rendered":"https:\/\/www.inforesidencias.com\/blog\/?p=6003"},"modified":"2022-10-05T11:43:01","modified_gmt":"2022-10-05T10:43:01","slug":"el-comienzo-de-la-dependencia","status":"publish","type":"post","link":"https:\/\/www.inforesidencias.com\/blog\/index.php\/2022\/09\/23\/el-comienzo-de-la-dependencia\/","title":{"rendered":"El comienzo de la dependencia"},"content":{"rendered":"\n<p><\/p>\n\n\n\n<h2 class=\"wp-block-heading\">El inicio<\/h2>\n\n\n\n<p>La dependencia puede llamar a nuestra puerta de distintas maneras. Dos ejemplos claros son la dependencia sobrevenida y la dependencia progresiva. La sobrevenida o abrupta es aquella que aparece en nuestra vida debido a una causa fortuita como una ca\u00edda, un golpe o una enfermedad repentina fuerte. La dependencia progresiva, es aquella que normalmente va asociada a la edad. Es decir, cuanto mayores nos hacemos, m\u00e1s ayuda necesitamos por parte de terceras personas para llevar a cabo las actividades b\u00e1sicas de la vida diaria (ABVD).<\/p>\n\n\n\n<p>Sea como sea, es una situaci\u00f3n que nunca es bienvenida pero es bien cierto que, si es progresiva, al menos nos da tiempo a prepararnos. En ambos casos ,siempre contamos entre otros, con servicios de residencia geri\u00e1trica o atenci\u00f3n domiciliaria de car\u00e1cter privado. Estos, pueden darnos soporte o soluciones, casi de manera inmediata. El problema surge cuando solo podemos costearnos este tipo de servicios privados durante un tiempo limitado o bien directamente no podemos pagarlos. Aqu\u00ed es cuando entra en escena la ley de dependencia.<\/p>\n\n\n\n<div class=\"wp-block-image\"><figure class=\"aligncenter size-large is-resized\"><img decoding=\"async\" loading=\"lazy\" src=\"https:\/\/www.inforesidencias.com\/blog\/wp-content\/uploads\/2022\/09\/persona-con-dependencia.png\" alt=\"\" class=\"wp-image-6012\" width=\"393\" height=\"304\" srcset=\"https:\/\/www.inforesidencias.com\/blog\/wp-content\/uploads\/2022\/09\/persona-con-dependencia.png 700w, https:\/\/www.inforesidencias.com\/blog\/wp-content\/uploads\/2022\/09\/persona-con-dependencia-300x232.png 300w\" sizes=\"(max-width: 393px) 100vw, 393px\" \/><\/figure><\/div>\n\n\n\n<p>La ley de dependencia (cuyo nombre completo es ley de la promoci\u00f3n de la Autonom\u00eda Personal y Atenci\u00f3n a las personas en situaci\u00f3n de dependencia) es la puerta de acceso a los servicios p\u00fablicos (o privados financiados por la administraci\u00f3n) para aquellas personas que precisamente necesitan soporte en su d\u00eda a d\u00eda. Dicho de otra manera, si necesitas una plaza p\u00fablica de residencia o bien que una trabajadora familiar acuda a tu domicilio para, por ejemplo, ayudarte a vestir o asearte, necesitas que primero te hayan concedido un grado de dependencia, ya sea I,II o III. <\/p>\n\n\n\n<h2 class=\"wp-block-heading\">El grado de dependencia importa<\/h2>\n\n\n\n<p>El grado que te concedan a trav\u00e9s de la ley de dependencia marcar\u00e1 el tipo de servicio al que puedes optar y su intensidad. Decimos intensidad porque en servicios como la atenci\u00f3n domiciliaria,  no corresponden el mismo n\u00famero de horas semanales de servicio a un usuario que tenga un grado I que a otro con un grado II. En otros servicios como el de residencia, tener un grado II o III te dar\u00e1 derecho a apuntarte a una lista de espera en las 3 residencias con plazas p\u00fablicas que m\u00e1s te gusten o bien solicitar el cheque servicio. El cheque servicio sirve para pagar parte del precio la plaza privada de una residencia acreditada, a priori hasta que tengas en plaza p\u00fablica.<\/p>\n\n\n\n<p>El proceso de la ley de dependencia, aunque puede acelerarse en casos de urgencia, generalmente dura unos meses entre que contamos que cumplimentamos la solicitud, se tramita, nos valoran y nos dan la resoluci\u00f3n. Para evitar errores, siempre recomiendo pedir cita la trabajadora social de nuestro municipio o barrio para que nos ayude con el tr\u00e1mite. La valoraci\u00f3n se suele hacer en nuestro domicilio por un equipo de personas que estar\u00e1 formado por algunos profesionales de las disciplinas de la enfermer\u00eda, la terapia ocupacional, la fisioterapia, el trabajo social, la psicolog\u00eda y la medicina. Nos har\u00e1n algunas preguntas y nos pedir\u00e1n que hagamos un conjunto de acciones para ver como nos desenvolvemos.<\/p>\n\n\n\n<p>Siempre aconsejamos paciencia porque como decimos no es algo que se tramite de la noche a la ma\u00f1ana. No obstante, si quieres, en inforesidencias disponemos de una <a href=\"https:\/\/www.inforesidencias.com\/servicios\/calculadora-dependencia\" target=\"_blank\" rel=\"noreferrer noopener\">calculadora de la dependencia<\/a>,. Esta calculadora puede servirte para orientarte sobre cual ser\u00eda tu grado de dependencia actual.<\/p>\n\n\n\n<p>Si lo prefieres, te dejamos una lista de las <a href=\"https:\/\/www.inforesidencias.com\/centros\/buscador\/busquedas-predefinidas\/residencias-de-ancianos-transparentes\" target=\"_blank\" rel=\"noreferrer noopener\">residencias de ancianos m\u00e1s transparentes<\/a>.<\/p>\n\n\n\n<p><\/p>\n\n\n\n<p>Carles Reixach, trabajador social<\/p>\n","protected":false},"excerpt":{"rendered":"<p>El inicio La dependencia puede llamar a nuestra puerta de distintas maneras. Dos ejemplos claros son la dependencia sobrevenida y la dependencia progresiva. La sobrevenida o abrupta es aquella que aparece en nuestra vida debido a una causa fortuita como una ca\u00edda, un golpe o una enfermedad repentina fuerte. La dependencia progresiva, es aquella que normalmente va asociada a la edad. Es decir, cuanto mayores nos hacemos, m\u00e1s ayuda necesitamos por parte de terceras personas para llevar a cabo las actividades b\u00e1sicas de la vida diaria (ABVD). Sea como sea, es una situaci\u00f3n que nunca es bienvenida pero es bien cierto que, si es progresiva, al menos nos da tiempo a prepararnos. En ambos casos ,siempre contamos entre otros, con servicios de residencia geri\u00e1trica o atenci\u00f3n domiciliaria de car\u00e1cter privado. Estos, pueden darnos soporte o soluciones, casi de manera inmediata. El problema surge cuando solo podemos costearnos este tipo de [&hellip;]<\/p>\n","protected":false},"author":2,"featured_media":6012,"comment_status":"open","ping_status":"open","sticky":false,"template":"","format":"standard","meta":{"footnotes":""},"categories":[1],"tags":[],"yoast_head":"<!-- This site is optimized with the Yoast SEO plugin v21.7 - https:\/\/yoast.com\/wordpress\/plugins\/seo\/ -->\n<title>El comienzo de la dependencia - Blog Inforesidencias.com<\/title>\n<meta name=\"description\" content=\"El momento en que la dependencia aparece en nuestra vida marca un antes y despu\u00e9s en nuestro d\u00eda ad\u00eda. Saber que hacer es clave.\" \/>\n<meta name=\"robots\" content=\"index, follow, max-snippet:-1, max-image-preview:large, max-video-preview:-1\" \/>\n<link rel=\"canonical\" href=\"https:\/\/www.inforesidencias.com\/blog\/index.php\/2022\/09\/23\/el-comienzo-de-la-dependencia\/\" \/>\n<meta property=\"og:locale\" content=\"es_ES\" \/>\n<meta property=\"og:type\" content=\"article\" \/>\n<meta property=\"og:title\" content=\"El comienzo de la dependencia - Blog Inforesidencias.com\" \/>\n<meta property=\"og:description\" content=\"El momento en que la dependencia aparece en nuestra vida marca un antes y despu\u00e9s en nuestro d\u00eda ad\u00eda. Saber que hacer es clave.\" \/>\n<meta property=\"og:url\" content=\"https:\/\/www.inforesidencias.com\/blog\/index.php\/2022\/09\/23\/el-comienzo-de-la-dependencia\/\" \/>\n<meta property=\"og:site_name\" content=\"Blog Inforesidencias.com\" \/>\n<meta property=\"article:publisher\" content=\"https:\/\/www.facebook.com\/Inforesidencias\/\" \/>\n<meta property=\"article:author\" content=\"https:\/\/www.facebook.com\/josep.demarti\" \/>\n<meta property=\"article:published_time\" content=\"2022-09-23T03:06:00+00:00\" \/>\n<meta property=\"article:modified_time\" content=\"2022-10-05T10:43:01+00:00\" \/>\n<meta property=\"og:image\" content=\"https:\/\/www.inforesidencias.com\/blog\/wp-content\/uploads\/2022\/09\/persona-con-dependencia.png\" \/>\n\t<meta property=\"og:image:width\" content=\"700\" \/>\n\t<meta property=\"og:image:height\" content=\"542\" \/>\n\t<meta property=\"og:image:type\" content=\"image\/png\" \/>\n<meta name=\"author\" content=\"Josep de Mart\u00ed\" \/>\n<meta name=\"twitter:card\" content=\"summary_large_image\" \/>\n<meta name=\"twitter:creator\" content=\"@blog-ir\" \/>\n<meta name=\"twitter:site\" content=\"@inforesidencias\" \/>\n<meta name=\"twitter:label1\" content=\"Escrito por\" \/>\n\t<meta name=\"twitter:data1\" content=\"Josep de Mart\u00ed\" \/>\n\t<meta name=\"twitter:label2\" content=\"Tiempo de lectura\" \/>\n\t<meta name=\"twitter:data2\" content=\"3 minutos\" \/>\n<script type=\"application\/ld+json\" class=\"yoast-schema-graph\">{\"@context\":\"https:\/\/schema.org\",\"@graph\":[{\"@type\":\"WebPage\",\"@id\":\"https:\/\/www.inforesidencias.com\/blog\/index.php\/2022\/09\/23\/el-comienzo-de-la-dependencia\/\",\"url\":\"https:\/\/www.inforesidencias.com\/blog\/index.php\/2022\/09\/23\/el-comienzo-de-la-dependencia\/\",\"name\":\"El comienzo de la dependencia - Blog Inforesidencias.com\",\"isPartOf\":{\"@id\":\"https:\/\/www.inforesidencias.com\/blog\/#website\"},\"datePublished\":\"2022-09-23T03:06:00+00:00\",\"dateModified\":\"2022-10-05T10:43:01+00:00\",\"author\":{\"@id\":\"https:\/\/www.inforesidencias.com\/blog\/#\/schema\/person\/9e146774d1eb3bc1c0316242a3898628\"},\"description\":\"El momento en que la dependencia aparece en nuestra vida marca un antes y despu\u00e9s en nuestro d\u00eda ad\u00eda. Saber que hacer es clave.\",\"breadcrumb\":{\"@id\":\"https:\/\/www.inforesidencias.com\/blog\/index.php\/2022\/09\/23\/el-comienzo-de-la-dependencia\/#breadcrumb\"},\"inLanguage\":\"es\",\"potentialAction\":[{\"@type\":\"ReadAction\",\"target\":[\"https:\/\/www.inforesidencias.com\/blog\/index.php\/2022\/09\/23\/el-comienzo-de-la-dependencia\/\"]}]},{\"@type\":\"BreadcrumbList\",\"@id\":\"https:\/\/www.inforesidencias.com\/blog\/index.php\/2022\/09\/23\/el-comienzo-de-la-dependencia\/#breadcrumb\",\"itemListElement\":[{\"@type\":\"ListItem\",\"position\":1,\"name\":\"Home\",\"item\":\"https:\/\/www.inforesidencias.com\/blog\/\"},{\"@type\":\"ListItem\",\"position\":2,\"name\":\"El comienzo de la dependencia\"}]},{\"@type\":\"WebSite\",\"@id\":\"https:\/\/www.inforesidencias.com\/blog\/#website\",\"url\":\"https:\/\/www.inforesidencias.com\/blog\/\",\"name\":\"Blog Inforesidencias.com\",\"description\":\"El buscador de residencias de la 3\u00aa edad\",\"potentialAction\":[{\"@type\":\"SearchAction\",\"target\":{\"@type\":\"EntryPoint\",\"urlTemplate\":\"https:\/\/www.inforesidencias.com\/blog\/?s={search_term_string}\"},\"query-input\":\"required name=search_term_string\"}],\"inLanguage\":\"es\"},{\"@type\":\"Person\",\"@id\":\"https:\/\/www.inforesidencias.com\/blog\/#\/schema\/person\/9e146774d1eb3bc1c0316242a3898628\",\"name\":\"Josep de Mart\u00ed\",\"image\":{\"@type\":\"ImageObject\",\"inLanguage\":\"es\",\"@id\":\"https:\/\/www.inforesidencias.com\/blog\/#\/schema\/person\/image\/\",\"url\":\"https:\/\/secure.gravatar.com\/avatar\/de0302c4806c00c4cebff396a798c1ff?s=96&d=mm&r=g\",\"contentUrl\":\"https:\/\/secure.gravatar.com\/avatar\/de0302c4806c00c4cebff396a798c1ff?s=96&d=mm&r=g\",\"caption\":\"Josep de Mart\u00ed\"},\"sameAs\":[\"https:\/\/www.inforesidencias.com\",\"https:\/\/www.facebook.com\/josep.demarti\",\"https:\/\/twitter.com\/blog-ir\"],\"url\":\"https:\/\/www.inforesidencias.com\/blog\/index.php\/author\/josepdemarti\/\"}]}<\/script>\n<!-- \/ Yoast SEO plugin. -->","yoast_head_json":{"title":"El comienzo de la dependencia - Blog Inforesidencias.com","description":"El momento en que la dependencia aparece en nuestra vida marca un antes y despu\u00e9s en nuestro d\u00eda ad\u00eda. Saber que hacer es clave.","robots":{"index":"index","follow":"follow","max-snippet":"max-snippet:-1","max-image-preview":"max-image-preview:large","max-video-preview":"max-video-preview:-1"},"canonical":"https:\/\/www.inforesidencias.com\/blog\/index.php\/2022\/09\/23\/el-comienzo-de-la-dependencia\/","og_locale":"es_ES","og_type":"article","og_title":"El comienzo de la dependencia - Blog Inforesidencias.com","og_description":"El momento en que la dependencia aparece en nuestra vida marca un antes y despu\u00e9s en nuestro d\u00eda ad\u00eda. Saber que hacer es clave.","og_url":"https:\/\/www.inforesidencias.com\/blog\/index.php\/2022\/09\/23\/el-comienzo-de-la-dependencia\/","og_site_name":"Blog Inforesidencias.com","article_publisher":"https:\/\/www.facebook.com\/Inforesidencias\/","article_author":"https:\/\/www.facebook.com\/josep.demarti","article_published_time":"2022-09-23T03:06:00+00:00","article_modified_time":"2022-10-05T10:43:01+00:00","og_image":[{"width":700,"height":542,"url":"https:\/\/www.inforesidencias.com\/blog\/wp-content\/uploads\/2022\/09\/persona-con-dependencia.png","type":"image\/png"}],"author":"Josep de Mart\u00ed","twitter_card":"summary_large_image","twitter_creator":"@blog-ir","twitter_site":"@inforesidencias","twitter_misc":{"Escrito por":"Josep de Mart\u00ed","Tiempo de lectura":"3 minutos"},"schema":{"@context":"https:\/\/schema.org","@graph":[{"@type":"WebPage","@id":"https:\/\/www.inforesidencias.com\/blog\/index.php\/2022\/09\/23\/el-comienzo-de-la-dependencia\/","url":"https:\/\/www.inforesidencias.com\/blog\/index.php\/2022\/09\/23\/el-comienzo-de-la-dependencia\/","name":"El comienzo de la dependencia - Blog Inforesidencias.com","isPartOf":{"@id":"https:\/\/www.inforesidencias.com\/blog\/#website"},"datePublished":"2022-09-23T03:06:00+00:00","dateModified":"2022-10-05T10:43:01+00:00","author":{"@id":"https:\/\/www.inforesidencias.com\/blog\/#\/schema\/person\/9e146774d1eb3bc1c0316242a3898628"},"description":"El momento en que la dependencia aparece en nuestra vida marca un antes y despu\u00e9s en nuestro d\u00eda ad\u00eda. Saber que hacer es clave.","breadcrumb":{"@id":"https:\/\/www.inforesidencias.com\/blog\/index.php\/2022\/09\/23\/el-comienzo-de-la-dependencia\/#breadcrumb"},"inLanguage":"es","potentialAction":[{"@type":"ReadAction","target":["https:\/\/www.inforesidencias.com\/blog\/index.php\/2022\/09\/23\/el-comienzo-de-la-dependencia\/"]}]},{"@type":"BreadcrumbList","@id":"https:\/\/www.inforesidencias.com\/blog\/index.php\/2022\/09\/23\/el-comienzo-de-la-dependencia\/#breadcrumb","itemListElement":[{"@type":"ListItem","position":1,"name":"Home","item":"https:\/\/www.inforesidencias.com\/blog\/"},{"@type":"ListItem","position":2,"name":"El comienzo de la dependencia"}]},{"@type":"WebSite","@id":"https:\/\/www.inforesidencias.com\/blog\/#website","url":"https:\/\/www.inforesidencias.com\/blog\/","name":"Blog Inforesidencias.com","description":"El buscador de residencias de la 3\u00aa edad","potentialAction":[{"@type":"SearchAction","target":{"@type":"EntryPoint","urlTemplate":"https:\/\/www.inforesidencias.com\/blog\/?s={search_term_string}"},"query-input":"required name=search_term_string"}],"inLanguage":"es"},{"@type":"Person","@id":"https:\/\/www.inforesidencias.com\/blog\/#\/schema\/person\/9e146774d1eb3bc1c0316242a3898628","name":"Josep de Mart\u00ed","image":{"@type":"ImageObject","inLanguage":"es","@id":"https:\/\/www.inforesidencias.com\/blog\/#\/schema\/person\/image\/","url":"https:\/\/secure.gravatar.com\/avatar\/de0302c4806c00c4cebff396a798c1ff?s=96&d=mm&r=g","contentUrl":"https:\/\/secure.gravatar.com\/avatar\/de0302c4806c00c4cebff396a798c1ff?s=96&d=mm&r=g","caption":"Josep de Mart\u00ed"},"sameAs":["https:\/\/www.inforesidencias.com","https:\/\/www.facebook.com\/josep.demarti","https:\/\/twitter.com\/blog-ir"],"url":"https:\/\/www.inforesidencias.com\/blog\/index.php\/author\/josepdemarti\/"}]}},"_links":{"self":[{"href":"https:\/\/www.inforesidencias.com\/blog\/index.php\/wp-json\/wp\/v2\/posts\/6003"}],"collection":[{"href":"https:\/\/www.inforesidencias.com\/blog\/index.php\/wp-json\/wp\/v2\/posts"}],"about":[{"href":"https:\/\/www.inforesidencias.com\/blog\/index.php\/wp-json\/wp\/v2\/types\/post"}],"author":[{"embeddable":true,"href":"https:\/\/www.inforesidencias.com\/blog\/index.php\/wp-json\/wp\/v2\/users\/2"}],"replies":[{"embeddable":true,"href":"https:\/\/www.inforesidencias.com\/blog\/index.php\/wp-json\/wp\/v2\/comments?post=6003"}],"version-history":[{"count":11,"href":"https:\/\/www.inforesidencias.com\/blog\/index.php\/wp-json\/wp\/v2\/posts\/6003\/revisions"}],"predecessor-version":[{"id":6040,"href":"https:\/\/www.inforesidencias.com\/blog\/index.php\/wp-json\/wp\/v2\/posts\/6003\/revisions\/6040"}],"wp:featuredmedia":[{"embeddable":true,"href":"https:\/\/www.inforesidencias.com\/blog\/index.php\/wp-json\/wp\/v2\/media\/6012"}],"wp:attachment":[{"href":"https:\/\/www.inforesidencias.com\/blog\/index.php\/wp-json\/wp\/v2\/media?parent=6003"}],"wp:term":[{"taxonomy":"category","embeddable":true,"href":"https:\/\/www.inforesidencias.com\/blog\/index.php\/wp-json\/wp\/v2\/categories?post=6003"},{"taxonomy":"post_tag","embeddable":true,"href":"https:\/\/www.inforesidencias.com\/blog\/index.php\/wp-json\/wp\/v2\/tags?post=6003"}],"curies":[{"name":"wp","href":"https:\/\/api.w.org\/{rel}","templated":true}]}}