{"id":6028,"date":"2022-10-04T04:52:00","date_gmt":"2022-10-04T03:52:00","guid":{"rendered":"https:\/\/www.inforesidencias.com\/blog\/?p=6028"},"modified":"2022-09-30T13:52:29","modified_gmt":"2022-09-30T12:52:29","slug":"dormir-en-una-residencia-de-ancianos-una-experiencia","status":"publish","type":"post","link":"https:\/\/www.inforesidencias.com\/blog\/index.php\/2022\/10\/04\/dormir-en-una-residencia-de-ancianos-una-experiencia\/","title":{"rendered":"Dormir en una residencia de ancianos. Una experiencia"},"content":{"rendered":"\n<p>Desde el canal de youtube de inforesidencias, intentamos hacer videos de las diferentes cosas que probamos, vemos o pensamos. Los viajes videos de los geroasistenciales son una muestra de ello, pero tambi\u00e9n lo son los videos de objetos, productos, por ejemplo. Por otro lado tampoco podemos olvidar los videos sobre noticias o creencias del sector, que intentamos explicar o desmentir.<\/p>\n\n\n\n<p>Sea como sea, en esta ocasi\u00f3n hemos hecho un paso m\u00e1s hac\u00eda esta direcci\u00f3n de la diversidad en el contenido que hacemos y os dejamos este video en el que Josep ha tenido la oportunidad de dormir en una residencia de ancianos. Para empezar, Josep explica donde se encuentra y nos muestra la habitaci\u00f3n as\u00ed como las vistas para que veamos lo mismo que \u00e9l. Seguidamente da detalles sobre la cama y sobre el ba\u00f1o adaptado que hay dentro de la habitaci\u00f3n<\/p>\n\n\n\n<p>M\u00b4\u00e1s adelante, el video continua al d\u00eda siguiente. Podemos ver a Josep en pijama comentar como ha dormido y explic\u00f3 que antes de dormir estuvo probando las diferentes posiciones de la cama<\/p>\n\n\n\n<p><\/p>\n\n\n\n<figure class=\"wp-block-embed-youtube wp-block-embed is-type-video is-provider-youtube wp-embed-aspect-16-9 wp-has-aspect-ratio\"><div class=\"wp-block-embed__wrapper\">\n<iframe loading=\"lazy\" title=\"Me quedo a dormir en una residencia de mayores\" width=\"500\" height=\"281\" src=\"https:\/\/www.youtube.com\/embed\/sVYAxvq4La8?feature=oembed\" frameborder=\"0\" allow=\"accelerometer; autoplay; clipboard-write; encrypted-media; gyroscope; picture-in-picture\" allowfullscreen><\/iframe>\n<\/div><\/figure>\n\n\n\n<p><\/p>\n\n\n\n<p>Intentaremos en un futuro ,no limitarnos a decir que hemos podido dormir en una residencia de ancianos sino que esperamos contar con la oportunidad de dormir por ejemplo en unidades de convivencia o cohousing. O quiz\u00e1 poder dormir en m\u00e1s residencias<\/p>\n\n\n\n<p>A vosotros os gustar\u00eda probar el hecho de dormir en una residencia? \u00bfCre\u00e9is que se parece a dormir por ejemplo, en un hotel? \u00bfOs gustar\u00eda dormir en la residencia en donde duerme o podr\u00eda adormir un familiar vuestro ? <\/p>\n\n\n\n<p><\/p>\n\n\n\n<p>Os animamos a entrar en youtube y dejar vuestro comentario para responder a estas preguntas<\/p>\n\n\n\n<p>Si te interesa, te dejamos unos enlaces a entradas anteriores de este blog con otros videos:<\/p>\n\n\n\n<ul><li><a href=\"https:\/\/www.inforesidencias.com\/blog\/index.php\/2022\/08\/22\/una-cama-robot-para-personas-mayores\/\">Probando una cama robot<\/a><\/li><\/ul>\n\n\n\n<ul><li><a href=\"https:\/\/www.youtube.com\/watch?v=TH6Hl_6WsNM\" target=\"_blank\" rel=\"noreferrer noopener\">Suelo interactivo para residencias geri\u00e1tricas<\/a><\/li><\/ul>\n\n\n\n<p>No olvides de que si est\u00e1s buscando residencias para personas mayores nosotros podemos <a href=\"https:\/\/www.inforesidencias.com\/particulares\/buscamos-por-ti\">buscar por t\u00ed<\/a><\/p>\n","protected":false},"excerpt":{"rendered":"<p>Desde el canal de youtube de inforesidencias, intentamos hacer videos de las diferentes cosas que probamos, vemos o pensamos. Los viajes videos de los geroasistenciales son una muestra de ello, pero tambi\u00e9n lo son los videos de objetos, productos, por ejemplo. Por otro lado tampoco podemos olvidar los videos sobre noticias o creencias del sector, que intentamos explicar o desmentir. Sea como sea, en esta ocasi\u00f3n hemos hecho un paso m\u00e1s hac\u00eda esta direcci\u00f3n de la diversidad en el contenido que hacemos y os dejamos este video en el que Josep ha tenido la oportunidad de dormir en una residencia de ancianos. Para empezar, Josep explica donde se encuentra y nos muestra la habitaci\u00f3n as\u00ed como las vistas para que veamos lo mismo que \u00e9l. Seguidamente da detalles sobre la cama y sobre el ba\u00f1o adaptado que hay dentro de la habitaci\u00f3n M\u00b4\u00e1s adelante, el video continua al d\u00eda siguiente. [&hellip;]<\/p>\n","protected":false},"author":2,"featured_media":6032,"comment_status":"open","ping_status":"open","sticky":false,"template":"","format":"standard","meta":{"footnotes":""},"categories":[1],"tags":[],"yoast_head":"<!-- This site is optimized with the Yoast SEO plugin v21.7 - https:\/\/yoast.com\/wordpress\/plugins\/seo\/ -->\n<title>Dormir en una residencia de ancianos. Una experiencia - Blog Inforesidencias.com<\/title>\n<meta name=\"description\" content=\"Josep de Marti explica su \u00faltima experiencia en el sector gerosasistencial que consiste en dormir en una residencia de ancianos\" \/>\n<meta name=\"robots\" content=\"index, follow, max-snippet:-1, max-image-preview:large, max-video-preview:-1\" \/>\n<link rel=\"canonical\" href=\"https:\/\/www.inforesidencias.com\/blog\/index.php\/2022\/10\/04\/dormir-en-una-residencia-de-ancianos-una-experiencia\/\" \/>\n<meta property=\"og:locale\" content=\"es_ES\" \/>\n<meta property=\"og:type\" content=\"article\" \/>\n<meta property=\"og:title\" content=\"Dormir en una residencia de ancianos. Una experiencia - Blog Inforesidencias.com\" \/>\n<meta property=\"og:description\" content=\"Josep de Marti explica su \u00faltima experiencia en el sector gerosasistencial que consiste en dormir en una residencia de ancianos\" \/>\n<meta property=\"og:url\" content=\"https:\/\/www.inforesidencias.com\/blog\/index.php\/2022\/10\/04\/dormir-en-una-residencia-de-ancianos-una-experiencia\/\" \/>\n<meta property=\"og:site_name\" content=\"Blog Inforesidencias.com\" \/>\n<meta property=\"article:publisher\" content=\"https:\/\/www.facebook.com\/Inforesidencias\/\" \/>\n<meta property=\"article:author\" content=\"https:\/\/www.facebook.com\/josep.demarti\" \/>\n<meta property=\"article:published_time\" content=\"2022-10-04T03:52:00+00:00\" \/>\n<meta property=\"article:modified_time\" content=\"2022-09-30T12:52:29+00:00\" \/>\n<meta property=\"og:image\" content=\"https:\/\/www.inforesidencias.com\/blog\/wp-content\/uploads\/2022\/09\/dormir-en-una-residencia-de-ancianos.png\" \/>\n\t<meta property=\"og:image:width\" content=\"700\" \/>\n\t<meta property=\"og:image:height\" content=\"632\" \/>\n\t<meta property=\"og:image:type\" content=\"image\/png\" \/>\n<meta name=\"author\" content=\"Josep de Mart\u00ed\" \/>\n<meta name=\"twitter:card\" content=\"summary_large_image\" \/>\n<meta name=\"twitter:creator\" content=\"@blog-ir\" \/>\n<meta name=\"twitter:site\" content=\"@inforesidencias\" \/>\n<meta name=\"twitter:label1\" content=\"Escrito por\" \/>\n\t<meta name=\"twitter:data1\" content=\"Josep de Mart\u00ed\" \/>\n\t<meta name=\"twitter:label2\" content=\"Tiempo de lectura\" \/>\n\t<meta name=\"twitter:data2\" content=\"2 minutos\" \/>\n<script type=\"application\/ld+json\" class=\"yoast-schema-graph\">{\"@context\":\"https:\/\/schema.org\",\"@graph\":[{\"@type\":\"WebPage\",\"@id\":\"https:\/\/www.inforesidencias.com\/blog\/index.php\/2022\/10\/04\/dormir-en-una-residencia-de-ancianos-una-experiencia\/\",\"url\":\"https:\/\/www.inforesidencias.com\/blog\/index.php\/2022\/10\/04\/dormir-en-una-residencia-de-ancianos-una-experiencia\/\",\"name\":\"Dormir en una residencia de ancianos. Una experiencia - Blog Inforesidencias.com\",\"isPartOf\":{\"@id\":\"https:\/\/www.inforesidencias.com\/blog\/#website\"},\"datePublished\":\"2022-10-04T03:52:00+00:00\",\"dateModified\":\"2022-09-30T12:52:29+00:00\",\"author\":{\"@id\":\"https:\/\/www.inforesidencias.com\/blog\/#\/schema\/person\/9e146774d1eb3bc1c0316242a3898628\"},\"description\":\"Josep de Marti explica su \u00faltima experiencia en el sector gerosasistencial que consiste en dormir en una residencia de ancianos\",\"breadcrumb\":{\"@id\":\"https:\/\/www.inforesidencias.com\/blog\/index.php\/2022\/10\/04\/dormir-en-una-residencia-de-ancianos-una-experiencia\/#breadcrumb\"},\"inLanguage\":\"es\",\"potentialAction\":[{\"@type\":\"ReadAction\",\"target\":[\"https:\/\/www.inforesidencias.com\/blog\/index.php\/2022\/10\/04\/dormir-en-una-residencia-de-ancianos-una-experiencia\/\"]}]},{\"@type\":\"BreadcrumbList\",\"@id\":\"https:\/\/www.inforesidencias.com\/blog\/index.php\/2022\/10\/04\/dormir-en-una-residencia-de-ancianos-una-experiencia\/#breadcrumb\",\"itemListElement\":[{\"@type\":\"ListItem\",\"position\":1,\"name\":\"Home\",\"item\":\"https:\/\/www.inforesidencias.com\/blog\/\"},{\"@type\":\"ListItem\",\"position\":2,\"name\":\"Dormir en una residencia de ancianos. Una experiencia\"}]},{\"@type\":\"WebSite\",\"@id\":\"https:\/\/www.inforesidencias.com\/blog\/#website\",\"url\":\"https:\/\/www.inforesidencias.com\/blog\/\",\"name\":\"Blog Inforesidencias.com\",\"description\":\"El buscador de residencias de la 3\u00aa edad\",\"potentialAction\":[{\"@type\":\"SearchAction\",\"target\":{\"@type\":\"EntryPoint\",\"urlTemplate\":\"https:\/\/www.inforesidencias.com\/blog\/?s={search_term_string}\"},\"query-input\":\"required name=search_term_string\"}],\"inLanguage\":\"es\"},{\"@type\":\"Person\",\"@id\":\"https:\/\/www.inforesidencias.com\/blog\/#\/schema\/person\/9e146774d1eb3bc1c0316242a3898628\",\"name\":\"Josep de Mart\u00ed\",\"image\":{\"@type\":\"ImageObject\",\"inLanguage\":\"es\",\"@id\":\"https:\/\/www.inforesidencias.com\/blog\/#\/schema\/person\/image\/\",\"url\":\"https:\/\/secure.gravatar.com\/avatar\/de0302c4806c00c4cebff396a798c1ff?s=96&d=mm&r=g\",\"contentUrl\":\"https:\/\/secure.gravatar.com\/avatar\/de0302c4806c00c4cebff396a798c1ff?s=96&d=mm&r=g\",\"caption\":\"Josep de Mart\u00ed\"},\"sameAs\":[\"https:\/\/www.inforesidencias.com\",\"https:\/\/www.facebook.com\/josep.demarti\",\"https:\/\/twitter.com\/blog-ir\"],\"url\":\"https:\/\/www.inforesidencias.com\/blog\/index.php\/author\/josepdemarti\/\"}]}<\/script>\n<!-- \/ Yoast SEO plugin. -->","yoast_head_json":{"title":"Dormir en una residencia de ancianos. Una experiencia - Blog Inforesidencias.com","description":"Josep de Marti explica su \u00faltima experiencia en el sector gerosasistencial que consiste en dormir en una residencia de ancianos","robots":{"index":"index","follow":"follow","max-snippet":"max-snippet:-1","max-image-preview":"max-image-preview:large","max-video-preview":"max-video-preview:-1"},"canonical":"https:\/\/www.inforesidencias.com\/blog\/index.php\/2022\/10\/04\/dormir-en-una-residencia-de-ancianos-una-experiencia\/","og_locale":"es_ES","og_type":"article","og_title":"Dormir en una residencia de ancianos. Una experiencia - Blog Inforesidencias.com","og_description":"Josep de Marti explica su \u00faltima experiencia en el sector gerosasistencial que consiste en dormir en una residencia de ancianos","og_url":"https:\/\/www.inforesidencias.com\/blog\/index.php\/2022\/10\/04\/dormir-en-una-residencia-de-ancianos-una-experiencia\/","og_site_name":"Blog Inforesidencias.com","article_publisher":"https:\/\/www.facebook.com\/Inforesidencias\/","article_author":"https:\/\/www.facebook.com\/josep.demarti","article_published_time":"2022-10-04T03:52:00+00:00","article_modified_time":"2022-09-30T12:52:29+00:00","og_image":[{"width":700,"height":632,"url":"https:\/\/www.inforesidencias.com\/blog\/wp-content\/uploads\/2022\/09\/dormir-en-una-residencia-de-ancianos.png","type":"image\/png"}],"author":"Josep de Mart\u00ed","twitter_card":"summary_large_image","twitter_creator":"@blog-ir","twitter_site":"@inforesidencias","twitter_misc":{"Escrito por":"Josep de Mart\u00ed","Tiempo de lectura":"2 minutos"},"schema":{"@context":"https:\/\/schema.org","@graph":[{"@type":"WebPage","@id":"https:\/\/www.inforesidencias.com\/blog\/index.php\/2022\/10\/04\/dormir-en-una-residencia-de-ancianos-una-experiencia\/","url":"https:\/\/www.inforesidencias.com\/blog\/index.php\/2022\/10\/04\/dormir-en-una-residencia-de-ancianos-una-experiencia\/","name":"Dormir en una residencia de ancianos. Una experiencia - Blog Inforesidencias.com","isPartOf":{"@id":"https:\/\/www.inforesidencias.com\/blog\/#website"},"datePublished":"2022-10-04T03:52:00+00:00","dateModified":"2022-09-30T12:52:29+00:00","author":{"@id":"https:\/\/www.inforesidencias.com\/blog\/#\/schema\/person\/9e146774d1eb3bc1c0316242a3898628"},"description":"Josep de Marti explica su \u00faltima experiencia en el sector gerosasistencial que consiste en dormir en una residencia de ancianos","breadcrumb":{"@id":"https:\/\/www.inforesidencias.com\/blog\/index.php\/2022\/10\/04\/dormir-en-una-residencia-de-ancianos-una-experiencia\/#breadcrumb"},"inLanguage":"es","potentialAction":[{"@type":"ReadAction","target":["https:\/\/www.inforesidencias.com\/blog\/index.php\/2022\/10\/04\/dormir-en-una-residencia-de-ancianos-una-experiencia\/"]}]},{"@type":"BreadcrumbList","@id":"https:\/\/www.inforesidencias.com\/blog\/index.php\/2022\/10\/04\/dormir-en-una-residencia-de-ancianos-una-experiencia\/#breadcrumb","itemListElement":[{"@type":"ListItem","position":1,"name":"Home","item":"https:\/\/www.inforesidencias.com\/blog\/"},{"@type":"ListItem","position":2,"name":"Dormir en una residencia de ancianos. Una experiencia"}]},{"@type":"WebSite","@id":"https:\/\/www.inforesidencias.com\/blog\/#website","url":"https:\/\/www.inforesidencias.com\/blog\/","name":"Blog Inforesidencias.com","description":"El buscador de residencias de la 3\u00aa edad","potentialAction":[{"@type":"SearchAction","target":{"@type":"EntryPoint","urlTemplate":"https:\/\/www.inforesidencias.com\/blog\/?s={search_term_string}"},"query-input":"required name=search_term_string"}],"inLanguage":"es"},{"@type":"Person","@id":"https:\/\/www.inforesidencias.com\/blog\/#\/schema\/person\/9e146774d1eb3bc1c0316242a3898628","name":"Josep de Mart\u00ed","image":{"@type":"ImageObject","inLanguage":"es","@id":"https:\/\/www.inforesidencias.com\/blog\/#\/schema\/person\/image\/","url":"https:\/\/secure.gravatar.com\/avatar\/de0302c4806c00c4cebff396a798c1ff?s=96&d=mm&r=g","contentUrl":"https:\/\/secure.gravatar.com\/avatar\/de0302c4806c00c4cebff396a798c1ff?s=96&d=mm&r=g","caption":"Josep de Mart\u00ed"},"sameAs":["https:\/\/www.inforesidencias.com","https:\/\/www.facebook.com\/josep.demarti","https:\/\/twitter.com\/blog-ir"],"url":"https:\/\/www.inforesidencias.com\/blog\/index.php\/author\/josepdemarti\/"}]}},"_links":{"self":[{"href":"https:\/\/www.inforesidencias.com\/blog\/index.php\/wp-json\/wp\/v2\/posts\/6028"}],"collection":[{"href":"https:\/\/www.inforesidencias.com\/blog\/index.php\/wp-json\/wp\/v2\/posts"}],"about":[{"href":"https:\/\/www.inforesidencias.com\/blog\/index.php\/wp-json\/wp\/v2\/types\/post"}],"author":[{"embeddable":true,"href":"https:\/\/www.inforesidencias.com\/blog\/index.php\/wp-json\/wp\/v2\/users\/2"}],"replies":[{"embeddable":true,"href":"https:\/\/www.inforesidencias.com\/blog\/index.php\/wp-json\/wp\/v2\/comments?post=6028"}],"version-history":[{"count":4,"href":"https:\/\/www.inforesidencias.com\/blog\/index.php\/wp-json\/wp\/v2\/posts\/6028\/revisions"}],"predecessor-version":[{"id":6034,"href":"https:\/\/www.inforesidencias.com\/blog\/index.php\/wp-json\/wp\/v2\/posts\/6028\/revisions\/6034"}],"wp:featuredmedia":[{"embeddable":true,"href":"https:\/\/www.inforesidencias.com\/blog\/index.php\/wp-json\/wp\/v2\/media\/6032"}],"wp:attachment":[{"href":"https:\/\/www.inforesidencias.com\/blog\/index.php\/wp-json\/wp\/v2\/media?parent=6028"}],"wp:term":[{"taxonomy":"category","embeddable":true,"href":"https:\/\/www.inforesidencias.com\/blog\/index.php\/wp-json\/wp\/v2\/categories?post=6028"},{"taxonomy":"post_tag","embeddable":true,"href":"https:\/\/www.inforesidencias.com\/blog\/index.php\/wp-json\/wp\/v2\/tags?post=6028"}],"curies":[{"name":"wp","href":"https:\/\/api.w.org\/{rel}","templated":true}]}}