{"id":6056,"date":"2022-10-18T04:07:00","date_gmt":"2022-10-18T03:07:00","guid":{"rendered":"https:\/\/www.inforesidencias.com\/blog\/?p=6056"},"modified":"2022-10-10T14:15:04","modified_gmt":"2022-10-10T13:15:04","slug":"una-residencia-de-mayores-en-construccion","status":"publish","type":"post","link":"https:\/\/www.inforesidencias.com\/blog\/index.php\/2022\/10\/18\/una-residencia-de-mayores-en-construccion\/","title":{"rendered":"Una residencia de mayores en construcci\u00f3n"},"content":{"rendered":"\n<p>Del segundo viaje geroasistencial realizado este 2022 por parte de inforesidencias, os mostramos este video de una residencia de mayores en construcci\u00f3n. Se trata de un video realizado por Josep de Marti en el que se muestra una residencia en construcci\u00f3n en la zona de Nuremberg y que esperemos que est\u00e9 lista en poco m\u00e1s de un a\u00f1o.<\/p>\n\n\n\n<p>Explicamos en el video que se tratar\u00e1 de una residencia que contar\u00e1 con 149 plazas pero que estar\u00e1 estructurada en unidades de convivencia de entre 11 y 15 personas. De este modo, nos explicaron que no es relevante el n\u00famero total de personas que vivan en esta residencia ya que cada usuario estar\u00e1 en su unidad de convivencia. Llama tambi\u00e9n la atenci\u00f3n, la importancia que se da a las zonas exteriores como por ejemplo las terrazas en este tipo de proyectos.<\/p>\n\n\n\n<h2 class=\"wp-block-heading\">El punto de vista de un arquitecto<\/h2>\n\n\n\n<p>Hacia la mitad del video, Josep hace una breve entrevista a Xavier Garcia Mil\u00e0, un arquitecto que nos ha acompa\u00f1ado en este viaje y que da su visi\u00f3n sobre el que ser\u00e1 este centro. Xavier comenta su visi\u00f3n sobre la estructura de las unidades y la importancia de la arquitectura a la hora de facilitar la vida de las personas y de su movilidad.  Para ello, pone ejemplos de la construcci\u00f3n de otros centros en los que ha participado. Como otro aspecto curioso, hay que destacar que esta residencia se encuentra situada la lado de otra que ya hab\u00eda en funcionamiento. Sobre esto, es bastante chocante ver la diferencia desde fuera  a nivel visual de los dos centros<\/p>\n\n\n\n<p>Hacia el final, podemos ver varios rincones de la que es todav\u00eda nueva residencia de mayores en construcci\u00f3n y de forma sucinta, Stephan Biel nos da un par de pinceladas sobre la importancia de los espacios privados y de la intimidad de los residentes en este proyecto.<\/p>\n\n\n\n<figure class=\"wp-block-embed-youtube wp-block-embed is-type-video is-provider-youtube wp-embed-aspect-16-9 wp-has-aspect-ratio\"><div class=\"wp-block-embed__wrapper\">\n<iframe loading=\"lazy\" title=\"Una residencia de mayores en construcci\u00f3n en Nuremberg (Alemania)\" width=\"500\" height=\"281\" src=\"https:\/\/www.youtube.com\/embed\/ydasOPmRzxY?feature=oembed\" frameborder=\"0\" allow=\"accelerometer; autoplay; clipboard-write; encrypted-media; gyroscope; picture-in-picture\" allowfullscreen><\/iframe>\n<\/div><\/figure>\n\n\n\n<p><\/p>\n\n\n\n<p>Te puede interesar:<\/p>\n\n\n\n<ul><li><a href=\"https:\/\/www.inforesidencias.com\/blog\/index.php\/2022\/10\/04\/dormir-en-una-residencia-de-ancianos-una-experiencia\/\">Me quedo a dormir en una residencia geri\u00e1trica<\/a><\/li><\/ul>\n\n\n\n<ul><li><a href=\"https:\/\/www.inforesidencias.com\/contenidos\/viajes\" target=\"_blank\" rel=\"noreferrer noopener\">Pr\u00f3ximos viajes geroasitenciales<\/a><\/li><\/ul>\n","protected":false},"excerpt":{"rendered":"<p>Del segundo viaje geroasistencial realizado este 2022 por parte de inforesidencias, os mostramos este video de una residencia de mayores en construcci\u00f3n. Se trata de un video realizado por Josep de Marti en el que se muestra una residencia en construcci\u00f3n en la zona de Nuremberg y que esperemos que est\u00e9 lista en poco m\u00e1s de un a\u00f1o. Explicamos en el video que se tratar\u00e1 de una residencia que contar\u00e1 con 149 plazas pero que estar\u00e1 estructurada en unidades de convivencia de entre 11 y 15 personas. De este modo, nos explicaron que no es relevante el n\u00famero total de personas que vivan en esta residencia ya que cada usuario estar\u00e1 en su unidad de convivencia. Llama tambi\u00e9n la atenci\u00f3n, la importancia que se da a las zonas exteriores como por ejemplo las terrazas en este tipo de proyectos. El punto de vista de un arquitecto Hacia la mitad del [&hellip;]<\/p>\n","protected":false},"author":2,"featured_media":6060,"comment_status":"open","ping_status":"open","sticky":false,"template":"","format":"standard","meta":{"footnotes":""},"categories":[1],"tags":[],"yoast_head":"<!-- This site is optimized with the Yoast SEO plugin v21.7 - https:\/\/yoast.com\/wordpress\/plugins\/seo\/ -->\n<title>Una residencia de mayores en construcci\u00f3n - Blog Inforesidencias.com<\/title>\n<meta name=\"description\" content=\"Articulo sobre el video de una residencia de mayores en construcci\u00f3n que hemos realizado en el viaje geroasistencial de Nuremberg 2022\" \/>\n<meta name=\"robots\" content=\"index, follow, max-snippet:-1, max-image-preview:large, max-video-preview:-1\" \/>\n<link rel=\"canonical\" href=\"https:\/\/www.inforesidencias.com\/blog\/index.php\/2022\/10\/18\/una-residencia-de-mayores-en-construccion\/\" \/>\n<meta property=\"og:locale\" content=\"es_ES\" \/>\n<meta property=\"og:type\" content=\"article\" \/>\n<meta property=\"og:title\" content=\"Una residencia de mayores en construcci\u00f3n - Blog Inforesidencias.com\" \/>\n<meta property=\"og:description\" content=\"Articulo sobre el video de una residencia de mayores en construcci\u00f3n que hemos realizado en el viaje geroasistencial de Nuremberg 2022\" \/>\n<meta property=\"og:url\" content=\"https:\/\/www.inforesidencias.com\/blog\/index.php\/2022\/10\/18\/una-residencia-de-mayores-en-construccion\/\" \/>\n<meta property=\"og:site_name\" content=\"Blog Inforesidencias.com\" \/>\n<meta property=\"article:publisher\" content=\"https:\/\/www.facebook.com\/Inforesidencias\/\" \/>\n<meta property=\"article:author\" content=\"https:\/\/www.facebook.com\/josep.demarti\" \/>\n<meta property=\"article:published_time\" content=\"2022-10-18T03:07:00+00:00\" \/>\n<meta property=\"article:modified_time\" content=\"2022-10-10T13:15:04+00:00\" \/>\n<meta property=\"og:image\" content=\"https:\/\/www.inforesidencias.com\/blog\/wp-content\/uploads\/2022\/10\/residencia-de-mayores-en-construccio\u0301n.png\" \/>\n\t<meta property=\"og:image:width\" content=\"700\" \/>\n\t<meta property=\"og:image:height\" content=\"473\" \/>\n\t<meta property=\"og:image:type\" content=\"image\/png\" \/>\n<meta name=\"author\" content=\"Josep de Mart\u00ed\" \/>\n<meta name=\"twitter:card\" content=\"summary_large_image\" \/>\n<meta name=\"twitter:creator\" content=\"@blog-ir\" \/>\n<meta name=\"twitter:site\" content=\"@inforesidencias\" \/>\n<meta name=\"twitter:label1\" content=\"Escrito por\" \/>\n\t<meta name=\"twitter:data1\" content=\"Josep de Mart\u00ed\" \/>\n\t<meta name=\"twitter:label2\" content=\"Tiempo de lectura\" \/>\n\t<meta name=\"twitter:data2\" content=\"2 minutos\" \/>\n<script type=\"application\/ld+json\" class=\"yoast-schema-graph\">{\"@context\":\"https:\/\/schema.org\",\"@graph\":[{\"@type\":\"WebPage\",\"@id\":\"https:\/\/www.inforesidencias.com\/blog\/index.php\/2022\/10\/18\/una-residencia-de-mayores-en-construccion\/\",\"url\":\"https:\/\/www.inforesidencias.com\/blog\/index.php\/2022\/10\/18\/una-residencia-de-mayores-en-construccion\/\",\"name\":\"Una residencia de mayores en construcci\u00f3n - Blog Inforesidencias.com\",\"isPartOf\":{\"@id\":\"https:\/\/www.inforesidencias.com\/blog\/#website\"},\"datePublished\":\"2022-10-18T03:07:00+00:00\",\"dateModified\":\"2022-10-10T13:15:04+00:00\",\"author\":{\"@id\":\"https:\/\/www.inforesidencias.com\/blog\/#\/schema\/person\/9e146774d1eb3bc1c0316242a3898628\"},\"description\":\"Articulo sobre el video de una residencia de mayores en construcci\u00f3n que hemos realizado en el viaje geroasistencial de Nuremberg 2022\",\"breadcrumb\":{\"@id\":\"https:\/\/www.inforesidencias.com\/blog\/index.php\/2022\/10\/18\/una-residencia-de-mayores-en-construccion\/#breadcrumb\"},\"inLanguage\":\"es\",\"potentialAction\":[{\"@type\":\"ReadAction\",\"target\":[\"https:\/\/www.inforesidencias.com\/blog\/index.php\/2022\/10\/18\/una-residencia-de-mayores-en-construccion\/\"]}]},{\"@type\":\"BreadcrumbList\",\"@id\":\"https:\/\/www.inforesidencias.com\/blog\/index.php\/2022\/10\/18\/una-residencia-de-mayores-en-construccion\/#breadcrumb\",\"itemListElement\":[{\"@type\":\"ListItem\",\"position\":1,\"name\":\"Home\",\"item\":\"https:\/\/www.inforesidencias.com\/blog\/\"},{\"@type\":\"ListItem\",\"position\":2,\"name\":\"Una residencia de mayores en construcci\u00f3n\"}]},{\"@type\":\"WebSite\",\"@id\":\"https:\/\/www.inforesidencias.com\/blog\/#website\",\"url\":\"https:\/\/www.inforesidencias.com\/blog\/\",\"name\":\"Blog Inforesidencias.com\",\"description\":\"El buscador de residencias de la 3\u00aa edad\",\"potentialAction\":[{\"@type\":\"SearchAction\",\"target\":{\"@type\":\"EntryPoint\",\"urlTemplate\":\"https:\/\/www.inforesidencias.com\/blog\/?s={search_term_string}\"},\"query-input\":\"required name=search_term_string\"}],\"inLanguage\":\"es\"},{\"@type\":\"Person\",\"@id\":\"https:\/\/www.inforesidencias.com\/blog\/#\/schema\/person\/9e146774d1eb3bc1c0316242a3898628\",\"name\":\"Josep de Mart\u00ed\",\"image\":{\"@type\":\"ImageObject\",\"inLanguage\":\"es\",\"@id\":\"https:\/\/www.inforesidencias.com\/blog\/#\/schema\/person\/image\/\",\"url\":\"https:\/\/secure.gravatar.com\/avatar\/de0302c4806c00c4cebff396a798c1ff?s=96&d=mm&r=g\",\"contentUrl\":\"https:\/\/secure.gravatar.com\/avatar\/de0302c4806c00c4cebff396a798c1ff?s=96&d=mm&r=g\",\"caption\":\"Josep de Mart\u00ed\"},\"sameAs\":[\"https:\/\/www.inforesidencias.com\",\"https:\/\/www.facebook.com\/josep.demarti\",\"https:\/\/twitter.com\/blog-ir\"],\"url\":\"https:\/\/www.inforesidencias.com\/blog\/index.php\/author\/josepdemarti\/\"}]}<\/script>\n<!-- \/ Yoast SEO plugin. -->","yoast_head_json":{"title":"Una residencia de mayores en construcci\u00f3n - Blog Inforesidencias.com","description":"Articulo sobre el video de una residencia de mayores en construcci\u00f3n que hemos realizado en el viaje geroasistencial de Nuremberg 2022","robots":{"index":"index","follow":"follow","max-snippet":"max-snippet:-1","max-image-preview":"max-image-preview:large","max-video-preview":"max-video-preview:-1"},"canonical":"https:\/\/www.inforesidencias.com\/blog\/index.php\/2022\/10\/18\/una-residencia-de-mayores-en-construccion\/","og_locale":"es_ES","og_type":"article","og_title":"Una residencia de mayores en construcci\u00f3n - Blog Inforesidencias.com","og_description":"Articulo sobre el video de una residencia de mayores en construcci\u00f3n que hemos realizado en el viaje geroasistencial de Nuremberg 2022","og_url":"https:\/\/www.inforesidencias.com\/blog\/index.php\/2022\/10\/18\/una-residencia-de-mayores-en-construccion\/","og_site_name":"Blog Inforesidencias.com","article_publisher":"https:\/\/www.facebook.com\/Inforesidencias\/","article_author":"https:\/\/www.facebook.com\/josep.demarti","article_published_time":"2022-10-18T03:07:00+00:00","article_modified_time":"2022-10-10T13:15:04+00:00","og_image":[{"width":700,"height":473,"url":"https:\/\/www.inforesidencias.com\/blog\/wp-content\/uploads\/2022\/10\/residencia-de-mayores-en-construccio\u0301n.png","type":"image\/png"}],"author":"Josep de Mart\u00ed","twitter_card":"summary_large_image","twitter_creator":"@blog-ir","twitter_site":"@inforesidencias","twitter_misc":{"Escrito por":"Josep de Mart\u00ed","Tiempo de lectura":"2 minutos"},"schema":{"@context":"https:\/\/schema.org","@graph":[{"@type":"WebPage","@id":"https:\/\/www.inforesidencias.com\/blog\/index.php\/2022\/10\/18\/una-residencia-de-mayores-en-construccion\/","url":"https:\/\/www.inforesidencias.com\/blog\/index.php\/2022\/10\/18\/una-residencia-de-mayores-en-construccion\/","name":"Una residencia de mayores en construcci\u00f3n - Blog Inforesidencias.com","isPartOf":{"@id":"https:\/\/www.inforesidencias.com\/blog\/#website"},"datePublished":"2022-10-18T03:07:00+00:00","dateModified":"2022-10-10T13:15:04+00:00","author":{"@id":"https:\/\/www.inforesidencias.com\/blog\/#\/schema\/person\/9e146774d1eb3bc1c0316242a3898628"},"description":"Articulo sobre el video de una residencia de mayores en construcci\u00f3n que hemos realizado en el viaje geroasistencial de Nuremberg 2022","breadcrumb":{"@id":"https:\/\/www.inforesidencias.com\/blog\/index.php\/2022\/10\/18\/una-residencia-de-mayores-en-construccion\/#breadcrumb"},"inLanguage":"es","potentialAction":[{"@type":"ReadAction","target":["https:\/\/www.inforesidencias.com\/blog\/index.php\/2022\/10\/18\/una-residencia-de-mayores-en-construccion\/"]}]},{"@type":"BreadcrumbList","@id":"https:\/\/www.inforesidencias.com\/blog\/index.php\/2022\/10\/18\/una-residencia-de-mayores-en-construccion\/#breadcrumb","itemListElement":[{"@type":"ListItem","position":1,"name":"Home","item":"https:\/\/www.inforesidencias.com\/blog\/"},{"@type":"ListItem","position":2,"name":"Una residencia de mayores en construcci\u00f3n"}]},{"@type":"WebSite","@id":"https:\/\/www.inforesidencias.com\/blog\/#website","url":"https:\/\/www.inforesidencias.com\/blog\/","name":"Blog Inforesidencias.com","description":"El buscador de residencias de la 3\u00aa edad","potentialAction":[{"@type":"SearchAction","target":{"@type":"EntryPoint","urlTemplate":"https:\/\/www.inforesidencias.com\/blog\/?s={search_term_string}"},"query-input":"required name=search_term_string"}],"inLanguage":"es"},{"@type":"Person","@id":"https:\/\/www.inforesidencias.com\/blog\/#\/schema\/person\/9e146774d1eb3bc1c0316242a3898628","name":"Josep de Mart\u00ed","image":{"@type":"ImageObject","inLanguage":"es","@id":"https:\/\/www.inforesidencias.com\/blog\/#\/schema\/person\/image\/","url":"https:\/\/secure.gravatar.com\/avatar\/de0302c4806c00c4cebff396a798c1ff?s=96&d=mm&r=g","contentUrl":"https:\/\/secure.gravatar.com\/avatar\/de0302c4806c00c4cebff396a798c1ff?s=96&d=mm&r=g","caption":"Josep de Mart\u00ed"},"sameAs":["https:\/\/www.inforesidencias.com","https:\/\/www.facebook.com\/josep.demarti","https:\/\/twitter.com\/blog-ir"],"url":"https:\/\/www.inforesidencias.com\/blog\/index.php\/author\/josepdemarti\/"}]}},"_links":{"self":[{"href":"https:\/\/www.inforesidencias.com\/blog\/index.php\/wp-json\/wp\/v2\/posts\/6056"}],"collection":[{"href":"https:\/\/www.inforesidencias.com\/blog\/index.php\/wp-json\/wp\/v2\/posts"}],"about":[{"href":"https:\/\/www.inforesidencias.com\/blog\/index.php\/wp-json\/wp\/v2\/types\/post"}],"author":[{"embeddable":true,"href":"https:\/\/www.inforesidencias.com\/blog\/index.php\/wp-json\/wp\/v2\/users\/2"}],"replies":[{"embeddable":true,"href":"https:\/\/www.inforesidencias.com\/blog\/index.php\/wp-json\/wp\/v2\/comments?post=6056"}],"version-history":[{"count":7,"href":"https:\/\/www.inforesidencias.com\/blog\/index.php\/wp-json\/wp\/v2\/posts\/6056\/revisions"}],"predecessor-version":[{"id":6065,"href":"https:\/\/www.inforesidencias.com\/blog\/index.php\/wp-json\/wp\/v2\/posts\/6056\/revisions\/6065"}],"wp:featuredmedia":[{"embeddable":true,"href":"https:\/\/www.inforesidencias.com\/blog\/index.php\/wp-json\/wp\/v2\/media\/6060"}],"wp:attachment":[{"href":"https:\/\/www.inforesidencias.com\/blog\/index.php\/wp-json\/wp\/v2\/media?parent=6056"}],"wp:term":[{"taxonomy":"category","embeddable":true,"href":"https:\/\/www.inforesidencias.com\/blog\/index.php\/wp-json\/wp\/v2\/categories?post=6056"},{"taxonomy":"post_tag","embeddable":true,"href":"https:\/\/www.inforesidencias.com\/blog\/index.php\/wp-json\/wp\/v2\/tags?post=6056"}],"curies":[{"name":"wp","href":"https:\/\/api.w.org\/{rel}","templated":true}]}}