{"id":6066,"date":"2022-10-23T04:37:00","date_gmt":"2022-10-23T03:37:00","guid":{"rendered":"https:\/\/www.inforesidencias.com\/blog\/?p=6066"},"modified":"2022-10-17T15:38:40","modified_gmt":"2022-10-17T14:38:40","slug":"vocacion-tardia-no-es-suficiente","status":"publish","type":"post","link":"https:\/\/www.inforesidencias.com\/blog\/index.php\/2022\/10\/23\/vocacion-tardia-no-es-suficiente\/","title":{"rendered":"Vocaci\u00f3n tard\u00eda. No es suficiente"},"content":{"rendered":"\n<p><\/p>\n\n\n\n<p><\/p>\n\n\n\n<p>Una de las mesas redondas de las recientes jornadas profesionales de Fira Gran se centr\u00f3 en como encontrar y fidelizar el personal que trabaja en el \u00e1mbito de la atenci\u00f3n a las personas mayores, y en particular en las residencias. Se habl\u00f3 (y se hablar\u00e1) de los sueldos y contra quien competimos. Y es que a un lado en el mismo nivel salarial encontramos a los supermercados y al otro lado, las cl\u00ednicas privadas y hospitales, aunque estos mejor pagados que las residencias, por supuesto.<\/p>\n\n\n\n<p>No pretendo en este art\u00edculo hablar demasiado del perfil profesional m\u00e1s demandado con diferencia, los graduados en enfermer\u00eda, ni de como a esa dificultad se le suman poco a poco otros perfiles como las profesionales de terapia ocupacional o educaci\u00f3n social, por ejemplo. As\u00ed pues, quiero centrarme en las auxiliares de enfermer\u00eda o gerocultoras, el alma mater de las residencias. Esas trabajadoras que deber\u00edan cobrar m\u00e1s por el trabajo tan esencial que hacen. No obstante, tampoco ese el mel\u00f3n que quiero abrir ahora con ellas. Me gustar\u00eda hablar de la vocaci\u00f3n tard\u00eda de parte de las nuevas hornadas de estas profesionales.<\/p>\n\n\n\n<p>En inforesidencias vemos ya desde la crisis que empez\u00f3 en 2008 que en Espa\u00f1a somos un pa\u00eds al que nos cuesta poco reciclarnos. Cuando el sector en el que hemos trabajado gran parte de nuestras vidas va de baj\u00f3n, buscamos y nos informamos de que sectores necesitan mano de obra y si podemos encajar all\u00ed. Y un sector en donde siempre reciben a los trabajadores con los brazos abiertos es el de la atenci\u00f3n a mayores.<\/p>\n\n\n\n<figure class=\"wp-block-image size-large\"><img decoding=\"async\" loading=\"lazy\" width=\"1024\" height=\"700\" src=\"https:\/\/www.inforesidencias.com\/blog\/wp-content\/uploads\/2022\/10\/vocacio\u0301n-tardi\u0301a-1024x700.png\" alt=\"\" class=\"wp-image-6071\" srcset=\"https:\/\/www.inforesidencias.com\/blog\/wp-content\/uploads\/2022\/10\/vocacio\u0301n-tardi\u0301a-1024x700.png 1024w, https:\/\/www.inforesidencias.com\/blog\/wp-content\/uploads\/2022\/10\/vocacio\u0301n-tardi\u0301a-300x205.png 300w, https:\/\/www.inforesidencias.com\/blog\/wp-content\/uploads\/2022\/10\/vocacio\u0301n-tardi\u0301a-768x525.png 768w, https:\/\/www.inforesidencias.com\/blog\/wp-content\/uploads\/2022\/10\/vocacio\u0301n-tardi\u0301a.png 1328w\" sizes=\"(max-width: 1024px) 100vw, 1024px\" \/><\/figure>\n\n\n\n<h2 class=\"wp-block-heading\">\u00bfCu\u00e1l es la realidad?<\/h2>\n\n\n\n<p>Como dec\u00eda, muestra de ello es la edad con la que cada vez m\u00e1s personas se sacan alg\u00fan t\u00edtulo acreditativo con el que puedan trabajar en residencias, en servicios de atenci\u00f3n domiciliaria o alg\u00fan otro como los <a href=\"https:\/\/www.inforesidencias.com\/centros\/buscador\/centros-de-dia-para-mayores\/castilla-la-mancha\" target=\"_blank\" rel=\"noreferrer noopener\">centros de d\u00eda<\/a>. Me encanta leer experiencias de personas que empezaron a trabajar en una residencia por necesidad de tener un empleo estable y que ven\u00edan de haber trabajado en sectores como la construcci\u00f3n o la hosteler\u00eda, que queramos o no, son fuertes motores econ\u00f3micos en nuestro pa\u00eds. <\/p>\n\n\n\n<p>Me refiero a personas que con el tiempo acaban descubriendo que les gusta mucho m\u00e1s de lo que habr\u00edan imaginado. Aunque no nos enga\u00f1emos, muchas veces esto no ocurre y aunque estoy convencido que la inmensa mayor\u00eda ejerce su trabajo con gran profesionalidad, siempre tendr\u00e1n el ojo puesto hac\u00eda otros sectores para ver si pueden ganar lo mismo o m\u00e1s, sin las cargas de trabajo con los que se encuentran en las residencias.<\/p>\n\n\n\n<p>El problema est\u00e1 en que, aunque de est\u00e1s vocaciones tard\u00edas una parte se queden mucho tiempo trabajando en la atenci\u00f3n a mayores, esto no es suficiente ni de lejos para solventar el heterog\u00e9neo problema de la dificultad para encontrar personal. Sin embargo, dentro de las diferentes iniciativas que se est\u00e1n tomando para luchar contra esa problem\u00e1tica, adem\u00e1s de seguir hablando de los salarios lo cual es uno de los factores clave, tiene que estar siempre si o s\u00ed mimar y motivar a esos trabajadores con vocaci\u00f3n tard\u00eda y hacerles ver la importancia de su trabajo (y tambi\u00e9n a los que tienen vocaci\u00f3n \u00abtemprana\u00bb por supuesto).<\/p>\n\n\n\n<p>Autor: Carles Reixach, inforesidencias.com <\/p>\n\n\n\n<p>A parte de este art\u00edculo sobre la vocaci\u00f3n tard\u00eda, tambi\u00e9n te puede interesar:<\/p>\n\n\n\n<ul><li>El <a href=\"https:\/\/dependencia.info\/noticia\/5535\/opinion\/el-negocio-de-las-residencias.html\" target=\"_blank\" rel=\"noreferrer noopener\">negocio de las residencias<\/a><\/li><li><a href=\"https:\/\/www.inforesidencias.com\/blog\/index.php\/2022\/10\/04\/dormir-en-una-residencia-de-ancianos-una-experiencia\/\" target=\"_blank\" rel=\"noreferrer noopener\">Dormir en una residencia de ancianos<\/a>, una experiencia<\/li><\/ul>\n\n\n\n<p><\/p>\n","protected":false},"excerpt":{"rendered":"<p>Una de las mesas redondas de las recientes jornadas profesionales de Fira Gran se centr\u00f3 en como encontrar y fidelizar el personal que trabaja en el \u00e1mbito de la atenci\u00f3n a las personas mayores, y en particular en las residencias. Se habl\u00f3 (y se hablar\u00e1) de los sueldos y contra quien competimos. Y es que a un lado en el mismo nivel salarial encontramos a los supermercados y al otro lado, las cl\u00ednicas privadas y hospitales, aunque estos mejor pagados que las residencias, por supuesto. No pretendo en este art\u00edculo hablar demasiado del perfil profesional m\u00e1s demandado con diferencia, los graduados en enfermer\u00eda, ni de como a esa dificultad se le suman poco a poco otros perfiles como las profesionales de terapia ocupacional o educaci\u00f3n social, por ejemplo. As\u00ed pues, quiero centrarme en las auxiliares de enfermer\u00eda o gerocultoras, el alma mater de las residencias. Esas trabajadoras que deber\u00edan cobrar [&hellip;]<\/p>\n","protected":false},"author":2,"featured_media":6071,"comment_status":"open","ping_status":"open","sticky":false,"template":"","format":"standard","meta":{"footnotes":""},"categories":[1],"tags":[],"yoast_head":"<!-- This site is optimized with the Yoast SEO plugin v21.7 - https:\/\/yoast.com\/wordpress\/plugins\/seo\/ -->\n<title>Vocaci\u00f3n tard\u00eda. No es suficiente - Blog Inforesidencias.com<\/title>\n<meta name=\"description\" content=\"La falta de personal en los servicios de atenci\u00f3n a mayores no se puede aliviar solo con quienes encuentran su vocaci\u00f3n tard\u00eda en este sector\" \/>\n<meta name=\"robots\" content=\"index, follow, max-snippet:-1, max-image-preview:large, max-video-preview:-1\" \/>\n<link rel=\"canonical\" href=\"https:\/\/www.inforesidencias.com\/blog\/index.php\/2022\/10\/23\/vocacion-tardia-no-es-suficiente\/\" \/>\n<meta property=\"og:locale\" content=\"es_ES\" \/>\n<meta property=\"og:type\" content=\"article\" \/>\n<meta property=\"og:title\" content=\"Vocaci\u00f3n tard\u00eda. No es suficiente - Blog Inforesidencias.com\" \/>\n<meta property=\"og:description\" content=\"La falta de personal en los servicios de atenci\u00f3n a mayores no se puede aliviar solo con quienes encuentran su vocaci\u00f3n tard\u00eda en este sector\" \/>\n<meta property=\"og:url\" content=\"https:\/\/www.inforesidencias.com\/blog\/index.php\/2022\/10\/23\/vocacion-tardia-no-es-suficiente\/\" \/>\n<meta property=\"og:site_name\" content=\"Blog Inforesidencias.com\" \/>\n<meta property=\"article:publisher\" content=\"https:\/\/www.facebook.com\/Inforesidencias\/\" \/>\n<meta property=\"article:author\" content=\"https:\/\/www.facebook.com\/josep.demarti\" \/>\n<meta property=\"article:published_time\" content=\"2022-10-23T03:37:00+00:00\" \/>\n<meta property=\"article:modified_time\" content=\"2022-10-17T14:38:40+00:00\" \/>\n<meta property=\"og:image\" content=\"https:\/\/www.inforesidencias.com\/blog\/wp-content\/uploads\/2022\/10\/vocacio\u0301n-tardi\u0301a.png\" \/>\n\t<meta property=\"og:image:width\" content=\"1328\" \/>\n\t<meta property=\"og:image:height\" content=\"908\" \/>\n\t<meta property=\"og:image:type\" content=\"image\/png\" \/>\n<meta name=\"author\" content=\"Josep de Mart\u00ed\" \/>\n<meta name=\"twitter:card\" content=\"summary_large_image\" \/>\n<meta name=\"twitter:creator\" content=\"@blog-ir\" \/>\n<meta name=\"twitter:site\" content=\"@inforesidencias\" \/>\n<meta name=\"twitter:label1\" content=\"Escrito por\" \/>\n\t<meta name=\"twitter:data1\" content=\"Josep de Mart\u00ed\" \/>\n\t<meta name=\"twitter:label2\" content=\"Tiempo de lectura\" \/>\n\t<meta name=\"twitter:data2\" content=\"3 minutos\" \/>\n<script type=\"application\/ld+json\" class=\"yoast-schema-graph\">{\"@context\":\"https:\/\/schema.org\",\"@graph\":[{\"@type\":\"WebPage\",\"@id\":\"https:\/\/www.inforesidencias.com\/blog\/index.php\/2022\/10\/23\/vocacion-tardia-no-es-suficiente\/\",\"url\":\"https:\/\/www.inforesidencias.com\/blog\/index.php\/2022\/10\/23\/vocacion-tardia-no-es-suficiente\/\",\"name\":\"Vocaci\u00f3n tard\u00eda. No es suficiente - Blog Inforesidencias.com\",\"isPartOf\":{\"@id\":\"https:\/\/www.inforesidencias.com\/blog\/#website\"},\"datePublished\":\"2022-10-23T03:37:00+00:00\",\"dateModified\":\"2022-10-17T14:38:40+00:00\",\"author\":{\"@id\":\"https:\/\/www.inforesidencias.com\/blog\/#\/schema\/person\/9e146774d1eb3bc1c0316242a3898628\"},\"description\":\"La falta de personal en los servicios de atenci\u00f3n a mayores no se puede aliviar solo con quienes encuentran su vocaci\u00f3n tard\u00eda en este sector\",\"breadcrumb\":{\"@id\":\"https:\/\/www.inforesidencias.com\/blog\/index.php\/2022\/10\/23\/vocacion-tardia-no-es-suficiente\/#breadcrumb\"},\"inLanguage\":\"es\",\"potentialAction\":[{\"@type\":\"ReadAction\",\"target\":[\"https:\/\/www.inforesidencias.com\/blog\/index.php\/2022\/10\/23\/vocacion-tardia-no-es-suficiente\/\"]}]},{\"@type\":\"BreadcrumbList\",\"@id\":\"https:\/\/www.inforesidencias.com\/blog\/index.php\/2022\/10\/23\/vocacion-tardia-no-es-suficiente\/#breadcrumb\",\"itemListElement\":[{\"@type\":\"ListItem\",\"position\":1,\"name\":\"Home\",\"item\":\"https:\/\/www.inforesidencias.com\/blog\/\"},{\"@type\":\"ListItem\",\"position\":2,\"name\":\"Vocaci\u00f3n tard\u00eda. No es suficiente\"}]},{\"@type\":\"WebSite\",\"@id\":\"https:\/\/www.inforesidencias.com\/blog\/#website\",\"url\":\"https:\/\/www.inforesidencias.com\/blog\/\",\"name\":\"Blog Inforesidencias.com\",\"description\":\"El buscador de residencias de la 3\u00aa edad\",\"potentialAction\":[{\"@type\":\"SearchAction\",\"target\":{\"@type\":\"EntryPoint\",\"urlTemplate\":\"https:\/\/www.inforesidencias.com\/blog\/?s={search_term_string}\"},\"query-input\":\"required name=search_term_string\"}],\"inLanguage\":\"es\"},{\"@type\":\"Person\",\"@id\":\"https:\/\/www.inforesidencias.com\/blog\/#\/schema\/person\/9e146774d1eb3bc1c0316242a3898628\",\"name\":\"Josep de Mart\u00ed\",\"image\":{\"@type\":\"ImageObject\",\"inLanguage\":\"es\",\"@id\":\"https:\/\/www.inforesidencias.com\/blog\/#\/schema\/person\/image\/\",\"url\":\"https:\/\/secure.gravatar.com\/avatar\/de0302c4806c00c4cebff396a798c1ff?s=96&d=mm&r=g\",\"contentUrl\":\"https:\/\/secure.gravatar.com\/avatar\/de0302c4806c00c4cebff396a798c1ff?s=96&d=mm&r=g\",\"caption\":\"Josep de Mart\u00ed\"},\"sameAs\":[\"https:\/\/www.inforesidencias.com\",\"https:\/\/www.facebook.com\/josep.demarti\",\"https:\/\/twitter.com\/blog-ir\"],\"url\":\"https:\/\/www.inforesidencias.com\/blog\/index.php\/author\/josepdemarti\/\"}]}<\/script>\n<!-- \/ Yoast SEO plugin. -->","yoast_head_json":{"title":"Vocaci\u00f3n tard\u00eda. No es suficiente - Blog Inforesidencias.com","description":"La falta de personal en los servicios de atenci\u00f3n a mayores no se puede aliviar solo con quienes encuentran su vocaci\u00f3n tard\u00eda en este sector","robots":{"index":"index","follow":"follow","max-snippet":"max-snippet:-1","max-image-preview":"max-image-preview:large","max-video-preview":"max-video-preview:-1"},"canonical":"https:\/\/www.inforesidencias.com\/blog\/index.php\/2022\/10\/23\/vocacion-tardia-no-es-suficiente\/","og_locale":"es_ES","og_type":"article","og_title":"Vocaci\u00f3n tard\u00eda. No es suficiente - Blog Inforesidencias.com","og_description":"La falta de personal en los servicios de atenci\u00f3n a mayores no se puede aliviar solo con quienes encuentran su vocaci\u00f3n tard\u00eda en este sector","og_url":"https:\/\/www.inforesidencias.com\/blog\/index.php\/2022\/10\/23\/vocacion-tardia-no-es-suficiente\/","og_site_name":"Blog Inforesidencias.com","article_publisher":"https:\/\/www.facebook.com\/Inforesidencias\/","article_author":"https:\/\/www.facebook.com\/josep.demarti","article_published_time":"2022-10-23T03:37:00+00:00","article_modified_time":"2022-10-17T14:38:40+00:00","og_image":[{"width":1328,"height":908,"url":"https:\/\/www.inforesidencias.com\/blog\/wp-content\/uploads\/2022\/10\/vocacio\u0301n-tardi\u0301a.png","type":"image\/png"}],"author":"Josep de Mart\u00ed","twitter_card":"summary_large_image","twitter_creator":"@blog-ir","twitter_site":"@inforesidencias","twitter_misc":{"Escrito por":"Josep de Mart\u00ed","Tiempo de lectura":"3 minutos"},"schema":{"@context":"https:\/\/schema.org","@graph":[{"@type":"WebPage","@id":"https:\/\/www.inforesidencias.com\/blog\/index.php\/2022\/10\/23\/vocacion-tardia-no-es-suficiente\/","url":"https:\/\/www.inforesidencias.com\/blog\/index.php\/2022\/10\/23\/vocacion-tardia-no-es-suficiente\/","name":"Vocaci\u00f3n tard\u00eda. No es suficiente - Blog Inforesidencias.com","isPartOf":{"@id":"https:\/\/www.inforesidencias.com\/blog\/#website"},"datePublished":"2022-10-23T03:37:00+00:00","dateModified":"2022-10-17T14:38:40+00:00","author":{"@id":"https:\/\/www.inforesidencias.com\/blog\/#\/schema\/person\/9e146774d1eb3bc1c0316242a3898628"},"description":"La falta de personal en los servicios de atenci\u00f3n a mayores no se puede aliviar solo con quienes encuentran su vocaci\u00f3n tard\u00eda en este sector","breadcrumb":{"@id":"https:\/\/www.inforesidencias.com\/blog\/index.php\/2022\/10\/23\/vocacion-tardia-no-es-suficiente\/#breadcrumb"},"inLanguage":"es","potentialAction":[{"@type":"ReadAction","target":["https:\/\/www.inforesidencias.com\/blog\/index.php\/2022\/10\/23\/vocacion-tardia-no-es-suficiente\/"]}]},{"@type":"BreadcrumbList","@id":"https:\/\/www.inforesidencias.com\/blog\/index.php\/2022\/10\/23\/vocacion-tardia-no-es-suficiente\/#breadcrumb","itemListElement":[{"@type":"ListItem","position":1,"name":"Home","item":"https:\/\/www.inforesidencias.com\/blog\/"},{"@type":"ListItem","position":2,"name":"Vocaci\u00f3n tard\u00eda. No es suficiente"}]},{"@type":"WebSite","@id":"https:\/\/www.inforesidencias.com\/blog\/#website","url":"https:\/\/www.inforesidencias.com\/blog\/","name":"Blog Inforesidencias.com","description":"El buscador de residencias de la 3\u00aa edad","potentialAction":[{"@type":"SearchAction","target":{"@type":"EntryPoint","urlTemplate":"https:\/\/www.inforesidencias.com\/blog\/?s={search_term_string}"},"query-input":"required name=search_term_string"}],"inLanguage":"es"},{"@type":"Person","@id":"https:\/\/www.inforesidencias.com\/blog\/#\/schema\/person\/9e146774d1eb3bc1c0316242a3898628","name":"Josep de Mart\u00ed","image":{"@type":"ImageObject","inLanguage":"es","@id":"https:\/\/www.inforesidencias.com\/blog\/#\/schema\/person\/image\/","url":"https:\/\/secure.gravatar.com\/avatar\/de0302c4806c00c4cebff396a798c1ff?s=96&d=mm&r=g","contentUrl":"https:\/\/secure.gravatar.com\/avatar\/de0302c4806c00c4cebff396a798c1ff?s=96&d=mm&r=g","caption":"Josep de Mart\u00ed"},"sameAs":["https:\/\/www.inforesidencias.com","https:\/\/www.facebook.com\/josep.demarti","https:\/\/twitter.com\/blog-ir"],"url":"https:\/\/www.inforesidencias.com\/blog\/index.php\/author\/josepdemarti\/"}]}},"_links":{"self":[{"href":"https:\/\/www.inforesidencias.com\/blog\/index.php\/wp-json\/wp\/v2\/posts\/6066"}],"collection":[{"href":"https:\/\/www.inforesidencias.com\/blog\/index.php\/wp-json\/wp\/v2\/posts"}],"about":[{"href":"https:\/\/www.inforesidencias.com\/blog\/index.php\/wp-json\/wp\/v2\/types\/post"}],"author":[{"embeddable":true,"href":"https:\/\/www.inforesidencias.com\/blog\/index.php\/wp-json\/wp\/v2\/users\/2"}],"replies":[{"embeddable":true,"href":"https:\/\/www.inforesidencias.com\/blog\/index.php\/wp-json\/wp\/v2\/comments?post=6066"}],"version-history":[{"count":10,"href":"https:\/\/www.inforesidencias.com\/blog\/index.php\/wp-json\/wp\/v2\/posts\/6066\/revisions"}],"predecessor-version":[{"id":6077,"href":"https:\/\/www.inforesidencias.com\/blog\/index.php\/wp-json\/wp\/v2\/posts\/6066\/revisions\/6077"}],"wp:featuredmedia":[{"embeddable":true,"href":"https:\/\/www.inforesidencias.com\/blog\/index.php\/wp-json\/wp\/v2\/media\/6071"}],"wp:attachment":[{"href":"https:\/\/www.inforesidencias.com\/blog\/index.php\/wp-json\/wp\/v2\/media?parent=6066"}],"wp:term":[{"taxonomy":"category","embeddable":true,"href":"https:\/\/www.inforesidencias.com\/blog\/index.php\/wp-json\/wp\/v2\/categories?post=6066"},{"taxonomy":"post_tag","embeddable":true,"href":"https:\/\/www.inforesidencias.com\/blog\/index.php\/wp-json\/wp\/v2\/tags?post=6066"}],"curies":[{"name":"wp","href":"https:\/\/api.w.org\/{rel}","templated":true}]}}