{"id":6079,"date":"2022-10-28T05:24:00","date_gmt":"2022-10-28T04:24:00","guid":{"rendered":"https:\/\/www.inforesidencias.com\/blog\/?p=6079"},"modified":"2022-10-25T13:26:59","modified_gmt":"2022-10-25T12:26:59","slug":"el-programa-de-actividades-en-una-residencia","status":"publish","type":"post","link":"https:\/\/www.inforesidencias.com\/blog\/index.php\/2022\/10\/28\/el-programa-de-actividades-en-una-residencia\/","title":{"rendered":"El programa de actividades en una residencia"},"content":{"rendered":"\n<p><\/p>\n\n\n\n<p><\/p>\n\n\n\n<p>Cuando ingresa una persona en un centro residencial nos encontramos que su estado an\u00edmico, f\u00edsico y mental es muy vulnerable. Se encuentran en una situaci\u00f3n de fragilidad y falta de ilusi\u00f3n (en muchos casos) para enfrentar su presente en la residencia.<\/p>\n\n\n\n<p>Todo el equipo del centro ha de trabajar de manera coordinada para poder ofrecer y cuidar a los residentes. Para ello, todo importa, desde los aspectos de salud y cuidado en las actividades de la vida diaria hasta la estimulaci\u00f3n cognitiva, la rehabilitaci\u00f3n funcional, el apoyo psicol\u00f3gico y los tr\u00e1mites con la Administraci\u00f3n y las familias para el acceso a las plazas. Es b\u00e1sico la coordinaci\u00f3n con todas las \u00e1reas del centro para ofrecer el apoyo necesario en estos momentos tan cruciales para la persona y la familia.<\/p>\n\n\n\n<p>Tener un buen programa de actividades ayuda a que los residentes puedan crear su proyecto de vida, se vuelva a ilusionar y sean participes de su futuro, por esta raz\u00f3n es imprescindible disponer de los profesionales adecuados y formados.<\/p>\n\n\n\n<h2 class=\"wp-block-heading\">Ejemplos de actividades en residencias<\/h2>\n\n\n\n<p>Cada centro y cada unidad de convivencia y cada persona es singular pero los beneficios que proporcionan algunas acciones, requieren de una menci\u00f3n especial. Y es que los beneficios de disponer de un buen programa de actividades en una residencia son m\u00faltiples. El motivo es que cada actividad se encarga de reforzar un \u00e1rea b\u00e1sica, por ejemplo:<\/p>\n\n\n\n<p>-La estimulaci\u00f3n cognitiva estimula el cerebro a mantener las habilidades cognitivas y preservar su funcionalidad en todas las actividades de su vida diaria, potencia la autonomia y mejora la autoestima rebajando la ansiedad y el estr\u00e9s.<\/p>\n\n\n\n<div class=\"wp-block-image\"><figure class=\"aligncenter size-large is-resized\"><img decoding=\"async\" loading=\"lazy\" src=\"https:\/\/www.inforesidencias.com\/blog\/wp-content\/uploads\/2022\/10\/programa-de-actividades-en-una-residencia.png\" alt=\"\" class=\"wp-image-6087\" width=\"411\" height=\"263\" srcset=\"https:\/\/www.inforesidencias.com\/blog\/wp-content\/uploads\/2022\/10\/programa-de-actividades-en-una-residencia.png 1000w, https:\/\/www.inforesidencias.com\/blog\/wp-content\/uploads\/2022\/10\/programa-de-actividades-en-una-residencia-300x193.png 300w, https:\/\/www.inforesidencias.com\/blog\/wp-content\/uploads\/2022\/10\/programa-de-actividades-en-una-residencia-768x494.png 768w\" sizes=\"(max-width: 411px) 100vw, 411px\" \/><\/figure><\/div>\n\n\n\n<p>-La musicoterpia es un b\u00e1lsamo para las emociones y la atenci\u00f3n, ayuda a en la memoria y podentencia la integraci\u00f3n grupal mejorando el lenguaje.<\/p>\n\n\n\n<p>-La horticultura ayuda a mantener la concentraci\u00f3n, el contacto con la tierra y la naturaleza nos relaja y nos orienta a la realidad, recuperando recuerdos biogr\u00e1ficos.<\/p>\n\n\n\n<p>-La arteterapia es la gran aliada para dar rienda suelta a los sentimientos que son dif\u00edcilies de verbalizar, de expresar y sotar. Mejora la confianza y potencia la comunciaci\u00f3n con los dem\u00e1s y el entorno.<\/p>\n\n\n\n<p>El clima en la residencia mejora cuando los residentes se encuentran atendidos y felices, el equipo de profesionales se implica y mejora el trabajo en equipo, las familias conf\u00edan y colaboran.<\/p>\n\n\n\n<p>Tener a los residentes activos y creativos se beneficia tanto el residente, como el equipo y la familia.<\/p>\n\n\n\n<p><\/p>\n\n\n\n<p>A parte de este art\u00edculo sobre el programa de actividades de en una residencia, tambi\u00e9n te puede interesar:<\/p>\n\n\n\n<ul><li><a href=\"https:\/\/www.inforesidencias.com\/centros\/buscador\/busquedas-predefinidas\/contratos-ingreso-residencias-de-mayores\">residencias de mayores con el modelo de contrato de ingreso publicado<\/a><\/li><li><a href=\"https:\/\/www.inforesidencias.com\/blog\/index.php\/2022\/10\/23\/vocacion-tardia-no-es-suficiente\/\">Vocaci\u00f3n en las residencias. No es suficiente<\/a><\/li><\/ul>\n\n\n\n<p><strong>Autora de este art\u00edculo<\/strong><\/p>\n\n\n\n<div class=\"wp-block-image\"><figure class=\"alignleft size-large is-resized\"><img decoding=\"async\" loading=\"lazy\" src=\"https:\/\/www.inforesidencias.com\/blog\/wp-content\/uploads\/2022\/10\/marta-tadeo.jpg\" alt=\"\" class=\"wp-image-6083\" width=\"141\" height=\"159\" \/><\/figure><\/div>\n\n\n\n<p>Marta Tadeo<br>Directora Serveis Psicogeriatrics<br><a href=\"http:\/\/serveispsicogeriatrics.com\/\">www.serveispsicogeriatrics.com<\/a><\/p>\n\n\n\n<p><\/p>\n","protected":false},"excerpt":{"rendered":"<p>Cuando ingresa una persona en un centro residencial nos encontramos que su estado an\u00edmico, f\u00edsico y mental es muy vulnerable. Se encuentran en una situaci\u00f3n de fragilidad y falta de ilusi\u00f3n (en muchos casos) para enfrentar su presente en la residencia. Todo el equipo del centro ha de trabajar de manera coordinada para poder ofrecer y cuidar a los residentes. Para ello, todo importa, desde los aspectos de salud y cuidado en las actividades de la vida diaria hasta la estimulaci\u00f3n cognitiva, la rehabilitaci\u00f3n funcional, el apoyo psicol\u00f3gico y los tr\u00e1mites con la Administraci\u00f3n y las familias para el acceso a las plazas. Es b\u00e1sico la coordinaci\u00f3n con todas las \u00e1reas del centro para ofrecer el apoyo necesario en estos momentos tan cruciales para la persona y la familia. Tener un buen programa de actividades ayuda a que los residentes puedan crear su proyecto de vida, se vuelva a ilusionar [&hellip;]<\/p>\n","protected":false},"author":2,"featured_media":6087,"comment_status":"open","ping_status":"open","sticky":false,"template":"","format":"standard","meta":{"footnotes":""},"categories":[1],"tags":[],"yoast_head":"<!-- This site is optimized with the Yoast SEO plugin v21.7 - https:\/\/yoast.com\/wordpress\/plugins\/seo\/ -->\n<title>El programa de actividades en una residencia - Blog Inforesidencias.com<\/title>\n<meta name=\"description\" content=\"El programa de actividades en una residencia requiere de diferentes actividades estimulantes que promuevan el bienestar fisico-cerebral\" \/>\n<meta name=\"robots\" content=\"index, follow, max-snippet:-1, max-image-preview:large, max-video-preview:-1\" \/>\n<link rel=\"canonical\" href=\"https:\/\/www.inforesidencias.com\/blog\/index.php\/2022\/10\/28\/el-programa-de-actividades-en-una-residencia\/\" \/>\n<meta property=\"og:locale\" content=\"es_ES\" \/>\n<meta property=\"og:type\" content=\"article\" \/>\n<meta property=\"og:title\" content=\"El programa de actividades en una residencia - Blog Inforesidencias.com\" \/>\n<meta property=\"og:description\" content=\"El programa de actividades en una residencia requiere de diferentes actividades estimulantes que promuevan el bienestar fisico-cerebral\" \/>\n<meta property=\"og:url\" content=\"https:\/\/www.inforesidencias.com\/blog\/index.php\/2022\/10\/28\/el-programa-de-actividades-en-una-residencia\/\" \/>\n<meta property=\"og:site_name\" content=\"Blog Inforesidencias.com\" \/>\n<meta property=\"article:publisher\" content=\"https:\/\/www.facebook.com\/Inforesidencias\/\" \/>\n<meta property=\"article:author\" content=\"https:\/\/www.facebook.com\/josep.demarti\" \/>\n<meta property=\"article:published_time\" content=\"2022-10-28T04:24:00+00:00\" \/>\n<meta property=\"article:modified_time\" content=\"2022-10-25T12:26:59+00:00\" \/>\n<meta property=\"og:image\" content=\"https:\/\/www.inforesidencias.com\/blog\/wp-content\/uploads\/2022\/10\/programa-de-actividades-en-una-residencia.png\" \/>\n\t<meta property=\"og:image:width\" content=\"1000\" \/>\n\t<meta property=\"og:image:height\" content=\"643\" \/>\n\t<meta property=\"og:image:type\" content=\"image\/png\" \/>\n<meta name=\"author\" content=\"Josep de Mart\u00ed\" \/>\n<meta name=\"twitter:card\" content=\"summary_large_image\" \/>\n<meta name=\"twitter:creator\" content=\"@blog-ir\" \/>\n<meta name=\"twitter:site\" content=\"@inforesidencias\" \/>\n<meta name=\"twitter:label1\" content=\"Escrito por\" \/>\n\t<meta name=\"twitter:data1\" content=\"Josep de Mart\u00ed\" \/>\n\t<meta name=\"twitter:label2\" content=\"Tiempo de lectura\" \/>\n\t<meta name=\"twitter:data2\" content=\"2 minutos\" \/>\n<script type=\"application\/ld+json\" class=\"yoast-schema-graph\">{\"@context\":\"https:\/\/schema.org\",\"@graph\":[{\"@type\":\"WebPage\",\"@id\":\"https:\/\/www.inforesidencias.com\/blog\/index.php\/2022\/10\/28\/el-programa-de-actividades-en-una-residencia\/\",\"url\":\"https:\/\/www.inforesidencias.com\/blog\/index.php\/2022\/10\/28\/el-programa-de-actividades-en-una-residencia\/\",\"name\":\"El programa de actividades en una residencia - Blog Inforesidencias.com\",\"isPartOf\":{\"@id\":\"https:\/\/www.inforesidencias.com\/blog\/#website\"},\"datePublished\":\"2022-10-28T04:24:00+00:00\",\"dateModified\":\"2022-10-25T12:26:59+00:00\",\"author\":{\"@id\":\"https:\/\/www.inforesidencias.com\/blog\/#\/schema\/person\/9e146774d1eb3bc1c0316242a3898628\"},\"description\":\"El programa de actividades en una residencia requiere de diferentes actividades estimulantes que promuevan el bienestar fisico-cerebral\",\"breadcrumb\":{\"@id\":\"https:\/\/www.inforesidencias.com\/blog\/index.php\/2022\/10\/28\/el-programa-de-actividades-en-una-residencia\/#breadcrumb\"},\"inLanguage\":\"es\",\"potentialAction\":[{\"@type\":\"ReadAction\",\"target\":[\"https:\/\/www.inforesidencias.com\/blog\/index.php\/2022\/10\/28\/el-programa-de-actividades-en-una-residencia\/\"]}]},{\"@type\":\"BreadcrumbList\",\"@id\":\"https:\/\/www.inforesidencias.com\/blog\/index.php\/2022\/10\/28\/el-programa-de-actividades-en-una-residencia\/#breadcrumb\",\"itemListElement\":[{\"@type\":\"ListItem\",\"position\":1,\"name\":\"Home\",\"item\":\"https:\/\/www.inforesidencias.com\/blog\/\"},{\"@type\":\"ListItem\",\"position\":2,\"name\":\"El programa de actividades en una residencia\"}]},{\"@type\":\"WebSite\",\"@id\":\"https:\/\/www.inforesidencias.com\/blog\/#website\",\"url\":\"https:\/\/www.inforesidencias.com\/blog\/\",\"name\":\"Blog Inforesidencias.com\",\"description\":\"El buscador de residencias de la 3\u00aa edad\",\"potentialAction\":[{\"@type\":\"SearchAction\",\"target\":{\"@type\":\"EntryPoint\",\"urlTemplate\":\"https:\/\/www.inforesidencias.com\/blog\/?s={search_term_string}\"},\"query-input\":\"required name=search_term_string\"}],\"inLanguage\":\"es\"},{\"@type\":\"Person\",\"@id\":\"https:\/\/www.inforesidencias.com\/blog\/#\/schema\/person\/9e146774d1eb3bc1c0316242a3898628\",\"name\":\"Josep de Mart\u00ed\",\"image\":{\"@type\":\"ImageObject\",\"inLanguage\":\"es\",\"@id\":\"https:\/\/www.inforesidencias.com\/blog\/#\/schema\/person\/image\/\",\"url\":\"https:\/\/secure.gravatar.com\/avatar\/de0302c4806c00c4cebff396a798c1ff?s=96&d=mm&r=g\",\"contentUrl\":\"https:\/\/secure.gravatar.com\/avatar\/de0302c4806c00c4cebff396a798c1ff?s=96&d=mm&r=g\",\"caption\":\"Josep de Mart\u00ed\"},\"sameAs\":[\"https:\/\/www.inforesidencias.com\",\"https:\/\/www.facebook.com\/josep.demarti\",\"https:\/\/twitter.com\/blog-ir\"],\"url\":\"https:\/\/www.inforesidencias.com\/blog\/index.php\/author\/josepdemarti\/\"}]}<\/script>\n<!-- \/ Yoast SEO plugin. -->","yoast_head_json":{"title":"El programa de actividades en una residencia - Blog Inforesidencias.com","description":"El programa de actividades en una residencia requiere de diferentes actividades estimulantes que promuevan el bienestar fisico-cerebral","robots":{"index":"index","follow":"follow","max-snippet":"max-snippet:-1","max-image-preview":"max-image-preview:large","max-video-preview":"max-video-preview:-1"},"canonical":"https:\/\/www.inforesidencias.com\/blog\/index.php\/2022\/10\/28\/el-programa-de-actividades-en-una-residencia\/","og_locale":"es_ES","og_type":"article","og_title":"El programa de actividades en una residencia - Blog Inforesidencias.com","og_description":"El programa de actividades en una residencia requiere de diferentes actividades estimulantes que promuevan el bienestar fisico-cerebral","og_url":"https:\/\/www.inforesidencias.com\/blog\/index.php\/2022\/10\/28\/el-programa-de-actividades-en-una-residencia\/","og_site_name":"Blog Inforesidencias.com","article_publisher":"https:\/\/www.facebook.com\/Inforesidencias\/","article_author":"https:\/\/www.facebook.com\/josep.demarti","article_published_time":"2022-10-28T04:24:00+00:00","article_modified_time":"2022-10-25T12:26:59+00:00","og_image":[{"width":1000,"height":643,"url":"https:\/\/www.inforesidencias.com\/blog\/wp-content\/uploads\/2022\/10\/programa-de-actividades-en-una-residencia.png","type":"image\/png"}],"author":"Josep de Mart\u00ed","twitter_card":"summary_large_image","twitter_creator":"@blog-ir","twitter_site":"@inforesidencias","twitter_misc":{"Escrito por":"Josep de Mart\u00ed","Tiempo de lectura":"2 minutos"},"schema":{"@context":"https:\/\/schema.org","@graph":[{"@type":"WebPage","@id":"https:\/\/www.inforesidencias.com\/blog\/index.php\/2022\/10\/28\/el-programa-de-actividades-en-una-residencia\/","url":"https:\/\/www.inforesidencias.com\/blog\/index.php\/2022\/10\/28\/el-programa-de-actividades-en-una-residencia\/","name":"El programa de actividades en una residencia - Blog Inforesidencias.com","isPartOf":{"@id":"https:\/\/www.inforesidencias.com\/blog\/#website"},"datePublished":"2022-10-28T04:24:00+00:00","dateModified":"2022-10-25T12:26:59+00:00","author":{"@id":"https:\/\/www.inforesidencias.com\/blog\/#\/schema\/person\/9e146774d1eb3bc1c0316242a3898628"},"description":"El programa de actividades en una residencia requiere de diferentes actividades estimulantes que promuevan el bienestar fisico-cerebral","breadcrumb":{"@id":"https:\/\/www.inforesidencias.com\/blog\/index.php\/2022\/10\/28\/el-programa-de-actividades-en-una-residencia\/#breadcrumb"},"inLanguage":"es","potentialAction":[{"@type":"ReadAction","target":["https:\/\/www.inforesidencias.com\/blog\/index.php\/2022\/10\/28\/el-programa-de-actividades-en-una-residencia\/"]}]},{"@type":"BreadcrumbList","@id":"https:\/\/www.inforesidencias.com\/blog\/index.php\/2022\/10\/28\/el-programa-de-actividades-en-una-residencia\/#breadcrumb","itemListElement":[{"@type":"ListItem","position":1,"name":"Home","item":"https:\/\/www.inforesidencias.com\/blog\/"},{"@type":"ListItem","position":2,"name":"El programa de actividades en una residencia"}]},{"@type":"WebSite","@id":"https:\/\/www.inforesidencias.com\/blog\/#website","url":"https:\/\/www.inforesidencias.com\/blog\/","name":"Blog Inforesidencias.com","description":"El buscador de residencias de la 3\u00aa edad","potentialAction":[{"@type":"SearchAction","target":{"@type":"EntryPoint","urlTemplate":"https:\/\/www.inforesidencias.com\/blog\/?s={search_term_string}"},"query-input":"required name=search_term_string"}],"inLanguage":"es"},{"@type":"Person","@id":"https:\/\/www.inforesidencias.com\/blog\/#\/schema\/person\/9e146774d1eb3bc1c0316242a3898628","name":"Josep de Mart\u00ed","image":{"@type":"ImageObject","inLanguage":"es","@id":"https:\/\/www.inforesidencias.com\/blog\/#\/schema\/person\/image\/","url":"https:\/\/secure.gravatar.com\/avatar\/de0302c4806c00c4cebff396a798c1ff?s=96&d=mm&r=g","contentUrl":"https:\/\/secure.gravatar.com\/avatar\/de0302c4806c00c4cebff396a798c1ff?s=96&d=mm&r=g","caption":"Josep de Mart\u00ed"},"sameAs":["https:\/\/www.inforesidencias.com","https:\/\/www.facebook.com\/josep.demarti","https:\/\/twitter.com\/blog-ir"],"url":"https:\/\/www.inforesidencias.com\/blog\/index.php\/author\/josepdemarti\/"}]}},"_links":{"self":[{"href":"https:\/\/www.inforesidencias.com\/blog\/index.php\/wp-json\/wp\/v2\/posts\/6079"}],"collection":[{"href":"https:\/\/www.inforesidencias.com\/blog\/index.php\/wp-json\/wp\/v2\/posts"}],"about":[{"href":"https:\/\/www.inforesidencias.com\/blog\/index.php\/wp-json\/wp\/v2\/types\/post"}],"author":[{"embeddable":true,"href":"https:\/\/www.inforesidencias.com\/blog\/index.php\/wp-json\/wp\/v2\/users\/2"}],"replies":[{"embeddable":true,"href":"https:\/\/www.inforesidencias.com\/blog\/index.php\/wp-json\/wp\/v2\/comments?post=6079"}],"version-history":[{"count":13,"href":"https:\/\/www.inforesidencias.com\/blog\/index.php\/wp-json\/wp\/v2\/posts\/6079\/revisions"}],"predecessor-version":[{"id":6095,"href":"https:\/\/www.inforesidencias.com\/blog\/index.php\/wp-json\/wp\/v2\/posts\/6079\/revisions\/6095"}],"wp:featuredmedia":[{"embeddable":true,"href":"https:\/\/www.inforesidencias.com\/blog\/index.php\/wp-json\/wp\/v2\/media\/6087"}],"wp:attachment":[{"href":"https:\/\/www.inforesidencias.com\/blog\/index.php\/wp-json\/wp\/v2\/media?parent=6079"}],"wp:term":[{"taxonomy":"category","embeddable":true,"href":"https:\/\/www.inforesidencias.com\/blog\/index.php\/wp-json\/wp\/v2\/categories?post=6079"},{"taxonomy":"post_tag","embeddable":true,"href":"https:\/\/www.inforesidencias.com\/blog\/index.php\/wp-json\/wp\/v2\/tags?post=6079"}],"curies":[{"name":"wp","href":"https:\/\/api.w.org\/{rel}","templated":true}]}}