{"id":6148,"date":"2022-11-21T13:19:55","date_gmt":"2022-11-21T12:19:55","guid":{"rendered":"https:\/\/www.inforesidencias.com\/blog\/?p=6148"},"modified":"2022-11-21T13:19:58","modified_gmt":"2022-11-21T12:19:58","slug":"revision-del-grado-de-dependencia","status":"publish","type":"post","link":"https:\/\/www.inforesidencias.com\/blog\/index.php\/2022\/11\/21\/revision-del-grado-de-dependencia\/","title":{"rendered":"Revisi\u00f3n del grado de dependencia"},"content":{"rendered":"\n<p><\/p>\n\n\n\n<p><\/p>\n\n\n\n<p>Cuando una persona se hace mayor es habitual que poco a poco necesite de ayuda de terceras personas para realizar sus actividades b\u00e1sicas de la vida diaria. Por eso, debemos saber que existe la posibilidad de pedir una revisi\u00f3n del grado de dependencia si ya nos han concedido uno hace un tiempo. Lo que pasa es que aunque hay que tener en cuenta algunos aspectos importantes. <\/p>\n\n\n\n<h2 class=\"wp-block-heading\">M\u00e1s de 6 meses o menos de 6 meses<\/h2>\n\n\n\n<p>Si la \u00faltima resoluci\u00f3n de grado es de hace <strong>menos de 6 meses <\/strong>y ha habido un claro empeoramiento de la situaci\u00f3n, \u00fanicamente se puede pedir revisi\u00f3n con un informe m\u00e9dico donde quede claro el empeoramiento reciente.<\/p>\n\n\n\n<p>Por el contrario, si <strong>han pasado m\u00e1s de 6 meses<\/strong> no hay ning\u00fan requisito especial siempre que se considere claramente que hay un empeoramiento. Se\u00f1alo este punto porque nos podr\u00edan dejar el grado tal cual est\u00e1 o subirlo, pero tambi\u00e9n pueden bajarlo.  Aqu\u00ed hay un matiz importante: Se puede bajar siempre que no se est\u00e9 disfrutando de un servicio de los disponibles y que la bajada suponga el dejar de tener derecho a \u00e9l.<\/p>\n\n\n\n<div class=\"wp-block-image\"><figure class=\"aligncenter size-large is-resized\"><img decoding=\"async\" loading=\"lazy\" src=\"https:\/\/www.inforesidencias.com\/blog\/wp-content\/uploads\/2022\/11\/Revisio\u0301n-del-grado-de-dependencia-1024x743.png\" alt=\"\" class=\"wp-image-6154\" width=\"362\" height=\"262\" srcset=\"https:\/\/www.inforesidencias.com\/blog\/wp-content\/uploads\/2022\/11\/Revisio\u0301n-del-grado-de-dependencia-1024x743.png 1024w, https:\/\/www.inforesidencias.com\/blog\/wp-content\/uploads\/2022\/11\/Revisio\u0301n-del-grado-de-dependencia-300x218.png 300w, https:\/\/www.inforesidencias.com\/blog\/wp-content\/uploads\/2022\/11\/Revisio\u0301n-del-grado-de-dependencia-768x557.png 768w, https:\/\/www.inforesidencias.com\/blog\/wp-content\/uploads\/2022\/11\/Revisio\u0301n-del-grado-de-dependencia.png 1240w\" sizes=\"(max-width: 362px) 100vw, 362px\" \/><\/figure><\/div>\n\n\n\n<p>Por otro lado, hay que tener en cuenta la posibilidad de bajarlo sobre todo si nos concedieron el grado antes de 2012 puesto que en este a\u00f1o hubo una modificaci\u00f3n. Ahora ya no hay grados y niveles, solo hay grados. Si se pide una revisi\u00f3n el resultado (sea cual sea el grado se adaptar\u00e1 a las cuant\u00edas econ\u00f3micas y horas de servicio actuales).<\/p>\n\n\n\n<p>No obstante, si la familia o tu mismo tienes la sensaci\u00f3n de que necesitas m\u00e1s soporte en tu d\u00eda a d\u00eda del que necesitabas hace pocos a\u00f1os, te animamos que hagas la solicitud para revisar tu situaci\u00f3n. Esto puede suponer el acceso a un nuevo servicio como la <a href=\"https:\/\/www.inforesidencias.com\/blog\/index.php\/2022\/09\/10\/elegir-la-mejor-residencia-de-la-tercera-edad-diez-consideraciones\/\" target=\"_blank\" rel=\"noreferrer noopener\">residencia para mayores<\/a> o m\u00e1s horas de atenci\u00f3n domiciliaria.<\/p>\n\n\n\n<p> A parte de este art\u00edculo sobre la revisi\u00f3n del grado de dependencia, te puede interesar:<\/p>\n\n\n\n<ul><li>\u00bf<a href=\"https:\/\/www.inforesidencias.com\/contenidos\/mayores-y-familia\/nacional\/calculadora-del-grado-de-dependencia\" target=\"_blank\" rel=\"noreferrer noopener\">Tu dependencia ha cambiado<\/a>? Desc\u00fabrelo<\/li><\/ul>\n\n\n\n<ul><li>\u00bf<a href=\"https:\/\/dependencia.info\/noticia\/5685\/opinion\/es-la-falta-de-personal-una-excusa-para-el-recorte-del-gasto-en-sanidad.html\">Falta de personal como excusa del recorte en Sanidad<\/a>?<\/li><\/ul>\n","protected":false},"excerpt":{"rendered":"<p>Cuando una persona se hace mayor es habitual que poco a poco necesite de ayuda de terceras personas para realizar sus actividades b\u00e1sicas de la vida diaria. Por eso, debemos saber que existe la posibilidad de pedir una revisi\u00f3n del grado de dependencia si ya nos han concedido uno hace un tiempo. Lo que pasa es que aunque hay que tener en cuenta algunos aspectos importantes. M\u00e1s de 6 meses o menos de 6 meses Si la \u00faltima resoluci\u00f3n de grado es de hace menos de 6 meses y ha habido un claro empeoramiento de la situaci\u00f3n, \u00fanicamente se puede pedir revisi\u00f3n con un informe m\u00e9dico donde quede claro el empeoramiento reciente. Por el contrario, si han pasado m\u00e1s de 6 meses no hay ning\u00fan requisito especial siempre que se considere claramente que hay un empeoramiento. Se\u00f1alo este punto porque nos podr\u00edan dejar el grado tal cual est\u00e1 o subirlo, [&hellip;]<\/p>\n","protected":false},"author":2,"featured_media":6154,"comment_status":"open","ping_status":"open","sticky":false,"template":"","format":"standard","meta":{"footnotes":""},"categories":[1],"tags":[],"yoast_head":"<!-- This site is optimized with the Yoast SEO plugin v21.7 - https:\/\/yoast.com\/wordpress\/plugins\/seo\/ -->\n<title>Revisi\u00f3n del grado de dependencia - Blog Inforesidencias.com<\/title>\n<meta name=\"description\" content=\"Al envejecer nuestras necesidades y posibilidades cambian. Por eso ,es posile pedir una revisi\u00f3n del grado de dependencia si lo neceesitamos\" \/>\n<meta name=\"robots\" content=\"index, follow, max-snippet:-1, max-image-preview:large, max-video-preview:-1\" \/>\n<link rel=\"canonical\" href=\"https:\/\/www.inforesidencias.com\/blog\/index.php\/2022\/11\/21\/revision-del-grado-de-dependencia\/\" \/>\n<meta property=\"og:locale\" content=\"es_ES\" \/>\n<meta property=\"og:type\" content=\"article\" \/>\n<meta property=\"og:title\" content=\"Revisi\u00f3n del grado de dependencia - Blog Inforesidencias.com\" \/>\n<meta property=\"og:description\" content=\"Al envejecer nuestras necesidades y posibilidades cambian. Por eso ,es posile pedir una revisi\u00f3n del grado de dependencia si lo neceesitamos\" \/>\n<meta property=\"og:url\" content=\"https:\/\/www.inforesidencias.com\/blog\/index.php\/2022\/11\/21\/revision-del-grado-de-dependencia\/\" \/>\n<meta property=\"og:site_name\" content=\"Blog Inforesidencias.com\" \/>\n<meta property=\"article:publisher\" content=\"https:\/\/www.facebook.com\/Inforesidencias\/\" \/>\n<meta property=\"article:author\" content=\"https:\/\/www.facebook.com\/josep.demarti\" \/>\n<meta property=\"article:published_time\" content=\"2022-11-21T12:19:55+00:00\" \/>\n<meta property=\"article:modified_time\" content=\"2022-11-21T12:19:58+00:00\" \/>\n<meta property=\"og:image\" content=\"https:\/\/www.inforesidencias.com\/blog\/wp-content\/uploads\/2022\/11\/Revisio\u0301n-del-grado-de-dependencia-1024x743.png\" \/>\n\t<meta property=\"og:image:width\" content=\"1024\" \/>\n\t<meta property=\"og:image:height\" content=\"743\" \/>\n\t<meta property=\"og:image:type\" content=\"image\/png\" \/>\n<meta name=\"author\" content=\"Josep de Mart\u00ed\" \/>\n<meta name=\"twitter:card\" content=\"summary_large_image\" \/>\n<meta name=\"twitter:creator\" content=\"@blog-ir\" \/>\n<meta name=\"twitter:site\" content=\"@inforesidencias\" \/>\n<meta name=\"twitter:label1\" content=\"Escrito por\" \/>\n\t<meta name=\"twitter:data1\" content=\"Josep de Mart\u00ed\" \/>\n\t<meta name=\"twitter:label2\" content=\"Tiempo de lectura\" \/>\n\t<meta name=\"twitter:data2\" content=\"2 minutos\" \/>\n<script type=\"application\/ld+json\" class=\"yoast-schema-graph\">{\"@context\":\"https:\/\/schema.org\",\"@graph\":[{\"@type\":\"WebPage\",\"@id\":\"https:\/\/www.inforesidencias.com\/blog\/index.php\/2022\/11\/21\/revision-del-grado-de-dependencia\/\",\"url\":\"https:\/\/www.inforesidencias.com\/blog\/index.php\/2022\/11\/21\/revision-del-grado-de-dependencia\/\",\"name\":\"Revisi\u00f3n del grado de dependencia - Blog Inforesidencias.com\",\"isPartOf\":{\"@id\":\"https:\/\/www.inforesidencias.com\/blog\/#website\"},\"datePublished\":\"2022-11-21T12:19:55+00:00\",\"dateModified\":\"2022-11-21T12:19:58+00:00\",\"author\":{\"@id\":\"https:\/\/www.inforesidencias.com\/blog\/#\/schema\/person\/9e146774d1eb3bc1c0316242a3898628\"},\"description\":\"Al envejecer nuestras necesidades y posibilidades cambian. Por eso ,es posile pedir una revisi\u00f3n del grado de dependencia si lo neceesitamos\",\"breadcrumb\":{\"@id\":\"https:\/\/www.inforesidencias.com\/blog\/index.php\/2022\/11\/21\/revision-del-grado-de-dependencia\/#breadcrumb\"},\"inLanguage\":\"es\",\"potentialAction\":[{\"@type\":\"ReadAction\",\"target\":[\"https:\/\/www.inforesidencias.com\/blog\/index.php\/2022\/11\/21\/revision-del-grado-de-dependencia\/\"]}]},{\"@type\":\"BreadcrumbList\",\"@id\":\"https:\/\/www.inforesidencias.com\/blog\/index.php\/2022\/11\/21\/revision-del-grado-de-dependencia\/#breadcrumb\",\"itemListElement\":[{\"@type\":\"ListItem\",\"position\":1,\"name\":\"Home\",\"item\":\"https:\/\/www.inforesidencias.com\/blog\/\"},{\"@type\":\"ListItem\",\"position\":2,\"name\":\"Revisi\u00f3n del grado de dependencia\"}]},{\"@type\":\"WebSite\",\"@id\":\"https:\/\/www.inforesidencias.com\/blog\/#website\",\"url\":\"https:\/\/www.inforesidencias.com\/blog\/\",\"name\":\"Blog Inforesidencias.com\",\"description\":\"El buscador de residencias de la 3\u00aa edad\",\"potentialAction\":[{\"@type\":\"SearchAction\",\"target\":{\"@type\":\"EntryPoint\",\"urlTemplate\":\"https:\/\/www.inforesidencias.com\/blog\/?s={search_term_string}\"},\"query-input\":\"required name=search_term_string\"}],\"inLanguage\":\"es\"},{\"@type\":\"Person\",\"@id\":\"https:\/\/www.inforesidencias.com\/blog\/#\/schema\/person\/9e146774d1eb3bc1c0316242a3898628\",\"name\":\"Josep de Mart\u00ed\",\"image\":{\"@type\":\"ImageObject\",\"inLanguage\":\"es\",\"@id\":\"https:\/\/www.inforesidencias.com\/blog\/#\/schema\/person\/image\/\",\"url\":\"https:\/\/secure.gravatar.com\/avatar\/de0302c4806c00c4cebff396a798c1ff?s=96&d=mm&r=g\",\"contentUrl\":\"https:\/\/secure.gravatar.com\/avatar\/de0302c4806c00c4cebff396a798c1ff?s=96&d=mm&r=g\",\"caption\":\"Josep de Mart\u00ed\"},\"sameAs\":[\"https:\/\/www.inforesidencias.com\",\"https:\/\/www.facebook.com\/josep.demarti\",\"https:\/\/twitter.com\/blog-ir\"],\"url\":\"https:\/\/www.inforesidencias.com\/blog\/index.php\/author\/josepdemarti\/\"}]}<\/script>\n<!-- \/ Yoast SEO plugin. -->","yoast_head_json":{"title":"Revisi\u00f3n del grado de dependencia - Blog Inforesidencias.com","description":"Al envejecer nuestras necesidades y posibilidades cambian. Por eso ,es posile pedir una revisi\u00f3n del grado de dependencia si lo neceesitamos","robots":{"index":"index","follow":"follow","max-snippet":"max-snippet:-1","max-image-preview":"max-image-preview:large","max-video-preview":"max-video-preview:-1"},"canonical":"https:\/\/www.inforesidencias.com\/blog\/index.php\/2022\/11\/21\/revision-del-grado-de-dependencia\/","og_locale":"es_ES","og_type":"article","og_title":"Revisi\u00f3n del grado de dependencia - Blog Inforesidencias.com","og_description":"Al envejecer nuestras necesidades y posibilidades cambian. Por eso ,es posile pedir una revisi\u00f3n del grado de dependencia si lo neceesitamos","og_url":"https:\/\/www.inforesidencias.com\/blog\/index.php\/2022\/11\/21\/revision-del-grado-de-dependencia\/","og_site_name":"Blog Inforesidencias.com","article_publisher":"https:\/\/www.facebook.com\/Inforesidencias\/","article_author":"https:\/\/www.facebook.com\/josep.demarti","article_published_time":"2022-11-21T12:19:55+00:00","article_modified_time":"2022-11-21T12:19:58+00:00","og_image":[{"width":1024,"height":743,"url":"https:\/\/www.inforesidencias.com\/blog\/wp-content\/uploads\/2022\/11\/Revisio\u0301n-del-grado-de-dependencia-1024x743.png","type":"image\/png"}],"author":"Josep de Mart\u00ed","twitter_card":"summary_large_image","twitter_creator":"@blog-ir","twitter_site":"@inforesidencias","twitter_misc":{"Escrito por":"Josep de Mart\u00ed","Tiempo de lectura":"2 minutos"},"schema":{"@context":"https:\/\/schema.org","@graph":[{"@type":"WebPage","@id":"https:\/\/www.inforesidencias.com\/blog\/index.php\/2022\/11\/21\/revision-del-grado-de-dependencia\/","url":"https:\/\/www.inforesidencias.com\/blog\/index.php\/2022\/11\/21\/revision-del-grado-de-dependencia\/","name":"Revisi\u00f3n del grado de dependencia - Blog Inforesidencias.com","isPartOf":{"@id":"https:\/\/www.inforesidencias.com\/blog\/#website"},"datePublished":"2022-11-21T12:19:55+00:00","dateModified":"2022-11-21T12:19:58+00:00","author":{"@id":"https:\/\/www.inforesidencias.com\/blog\/#\/schema\/person\/9e146774d1eb3bc1c0316242a3898628"},"description":"Al envejecer nuestras necesidades y posibilidades cambian. Por eso ,es posile pedir una revisi\u00f3n del grado de dependencia si lo neceesitamos","breadcrumb":{"@id":"https:\/\/www.inforesidencias.com\/blog\/index.php\/2022\/11\/21\/revision-del-grado-de-dependencia\/#breadcrumb"},"inLanguage":"es","potentialAction":[{"@type":"ReadAction","target":["https:\/\/www.inforesidencias.com\/blog\/index.php\/2022\/11\/21\/revision-del-grado-de-dependencia\/"]}]},{"@type":"BreadcrumbList","@id":"https:\/\/www.inforesidencias.com\/blog\/index.php\/2022\/11\/21\/revision-del-grado-de-dependencia\/#breadcrumb","itemListElement":[{"@type":"ListItem","position":1,"name":"Home","item":"https:\/\/www.inforesidencias.com\/blog\/"},{"@type":"ListItem","position":2,"name":"Revisi\u00f3n del grado de dependencia"}]},{"@type":"WebSite","@id":"https:\/\/www.inforesidencias.com\/blog\/#website","url":"https:\/\/www.inforesidencias.com\/blog\/","name":"Blog Inforesidencias.com","description":"El buscador de residencias de la 3\u00aa edad","potentialAction":[{"@type":"SearchAction","target":{"@type":"EntryPoint","urlTemplate":"https:\/\/www.inforesidencias.com\/blog\/?s={search_term_string}"},"query-input":"required name=search_term_string"}],"inLanguage":"es"},{"@type":"Person","@id":"https:\/\/www.inforesidencias.com\/blog\/#\/schema\/person\/9e146774d1eb3bc1c0316242a3898628","name":"Josep de Mart\u00ed","image":{"@type":"ImageObject","inLanguage":"es","@id":"https:\/\/www.inforesidencias.com\/blog\/#\/schema\/person\/image\/","url":"https:\/\/secure.gravatar.com\/avatar\/de0302c4806c00c4cebff396a798c1ff?s=96&d=mm&r=g","contentUrl":"https:\/\/secure.gravatar.com\/avatar\/de0302c4806c00c4cebff396a798c1ff?s=96&d=mm&r=g","caption":"Josep de Mart\u00ed"},"sameAs":["https:\/\/www.inforesidencias.com","https:\/\/www.facebook.com\/josep.demarti","https:\/\/twitter.com\/blog-ir"],"url":"https:\/\/www.inforesidencias.com\/blog\/index.php\/author\/josepdemarti\/"}]}},"_links":{"self":[{"href":"https:\/\/www.inforesidencias.com\/blog\/index.php\/wp-json\/wp\/v2\/posts\/6148"}],"collection":[{"href":"https:\/\/www.inforesidencias.com\/blog\/index.php\/wp-json\/wp\/v2\/posts"}],"about":[{"href":"https:\/\/www.inforesidencias.com\/blog\/index.php\/wp-json\/wp\/v2\/types\/post"}],"author":[{"embeddable":true,"href":"https:\/\/www.inforesidencias.com\/blog\/index.php\/wp-json\/wp\/v2\/users\/2"}],"replies":[{"embeddable":true,"href":"https:\/\/www.inforesidencias.com\/blog\/index.php\/wp-json\/wp\/v2\/comments?post=6148"}],"version-history":[{"count":8,"href":"https:\/\/www.inforesidencias.com\/blog\/index.php\/wp-json\/wp\/v2\/posts\/6148\/revisions"}],"predecessor-version":[{"id":6157,"href":"https:\/\/www.inforesidencias.com\/blog\/index.php\/wp-json\/wp\/v2\/posts\/6148\/revisions\/6157"}],"wp:featuredmedia":[{"embeddable":true,"href":"https:\/\/www.inforesidencias.com\/blog\/index.php\/wp-json\/wp\/v2\/media\/6154"}],"wp:attachment":[{"href":"https:\/\/www.inforesidencias.com\/blog\/index.php\/wp-json\/wp\/v2\/media?parent=6148"}],"wp:term":[{"taxonomy":"category","embeddable":true,"href":"https:\/\/www.inforesidencias.com\/blog\/index.php\/wp-json\/wp\/v2\/categories?post=6148"},{"taxonomy":"post_tag","embeddable":true,"href":"https:\/\/www.inforesidencias.com\/blog\/index.php\/wp-json\/wp\/v2\/tags?post=6148"}],"curies":[{"name":"wp","href":"https:\/\/api.w.org\/{rel}","templated":true}]}}