{"id":6159,"date":"2022-11-26T05:16:00","date_gmt":"2022-11-26T04:16:00","guid":{"rendered":"https:\/\/www.inforesidencias.com\/blog\/?p=6159"},"modified":"2022-11-24T15:18:45","modified_gmt":"2022-11-24T14:18:45","slug":"la-narrativa-de-los-medios-sobre-residencias-de-mayores","status":"publish","type":"post","link":"https:\/\/www.inforesidencias.com\/blog\/index.php\/2022\/11\/26\/la-narrativa-de-los-medios-sobre-residencias-de-mayores\/","title":{"rendered":"La narrativa de los medios sobre residencias de mayores"},"content":{"rendered":"\n<p>La narrativa en algunos medios de comunicaci\u00f3n, sobre todo durante la pandemia,  sobre las residencias de mayores ha sido con la intenci\u00f3n de identificarlas como sitios tristes, deprimentes y que hay que evitar ir a toda costa.&nbsp; Tambi\u00e9n estos mismos medios nos continuan brindando el mensaje de que en el caso de ingresar una persona en una residencia hay que entender que esos familiares son unos fracasados. Adem\u00e1s, se intenta crear una sensaci\u00f3n de culpabilidad hacia la familia que deja a su ser querido en una residencia. &nbsp;En resumen, la sociedad (y los medios) nos est\u00e1n diciendo que deber\u00eda ser la familia quien debe cuidar a las personas mayores dependientes &nbsp;(seamos realistas: esta responsabilidad vuelve a caer en las mujeres de la familia).<\/p>\n\n\n\n<p>Sorprende que en esta sociedad actual que se considera tan progresista, los medios de comunicaci\u00f3n siguen persistiendo en esta idea de \u201cculpabilizar\u201d a la familia de llevar a una persona mayor a una residencia.  La narrativa de los medios sobre las residencias es que son unos sitios que hay que evitar ir ya que no son buenos.   <\/p>\n\n\n\n<h3 class=\"wp-block-heading\">\u00bfPor qu\u00e9 les gusta culpabilizar a las familias?<\/h3>\n\n\n\n<p>Curiosamente antes pasaba lo mismo con los beb\u00e9s cuando los dejabas en la guarder\u00eda, hace 30 a\u00f1os nos llamaban malas madres por dejarles en la guarder\u00eda e ir a trabajar. Ahora \u00bfsomos malas hijas por utilizar una residencia para nuestros padres?  La narrativa actual en algunos medios de comunicaci\u00f3n sobre residencias de mayores es sensacionalista, ya que esto llama la atenci\u00f3n. Debemos aprender a cuestionarlo.<\/p>\n\n\n\n<div class=\"wp-block-cover has-background-dim\" style=\"background-image:url(https:\/\/www.inforesidencias.com\/blog\/wp-content\/uploads\/2022\/11\/Captura-de-Pantalla-2022-11-24-a-las-11.39.56.png);background-position:50% 0%\"><div class=\"wp-block-cover__inner-container is-layout-flow wp-block-cover-is-layout-flow\">\n<p class=\"has-text-align-center has-large-font-size\"><\/p>\n<\/div><\/div>\n\n\n\n<p>Y respecto a lo que dicen que son malas las residencias&#8230;. como en todas partes y como todo en la vida, un 80% de las residencias son buenas, un 10% son malas y un 10% son excelentes. Seg\u00fan los expertos, solamente un 5% de la poblaci\u00f3n de m\u00e1s de 65 a\u00f1os necesitar\u00e1 ir a una residencia.&nbsp; El 95% restante no lo necesitar\u00e1. <\/p>\n\n\n\n<p>Adem\u00e1s, depende del grado de dependencia que tenga la persona se necesitar\u00e1 un tipo de servicio u otro. <a href=\"https:\/\/www.inforesidencias.com\/blog\/\">En este art\u00edculo hablamos de ello.<\/a><\/p>\n\n\n\n<h3 class=\"wp-block-heading\">\u00bfPor qu\u00e9 nos gustan los estereotipos?<\/h3>\n\n\n\n<p>Contrariamente al estereotipo, las familias no abandonan a sus seres queridos coloc\u00e1ndolos en una residencia, al contrario, <a href=\"https:\/\/www.inforesidencias.com\/contenidos\/mayores-y-familia\/nacional\/-quien-puede-ingresar-en-una-residencia-geriatrica\" target=\"_blank\" rel=\"noreferrer noopener\">en la residencia los familiares encuentran que su ser querido tiene un mayor apoyo<\/a> en las actividades de la vida diaria, y que est\u00e1n en manos de profesionales.&nbsp;&nbsp; De hecho, los familiares pueden disfrutar de un tiempo de m\u00e1s calidad y estar m\u00e1s presente cuando est\u00e1n de visita con su ser querido.   Ahora no tienen que encargarse de las tareas de cuidado (comidas, limpieza, medicaci\u00f3n, etc) y puede dedicar ese tiempo simplemente a estar con ella y disfrutar juntas del momento presente.  Sin nervios, y sin prisas.  <\/p>\n\n\n\n<p>En una residencia las personas mayores tienen mayor relaci\u00f3n social y, en muchos casos, una mejor estimulaci\u00f3n cognitiva que estando solas en su casa o en casa de familiares.&nbsp; Hay muchas personas mayores que cada \u201cx\u201d meses tienen que ir cambiando de casa a casa (de sus diferentes hijos que se reparten al \u201cabuelo\/a\u201d), y esto tampoco es lo mejor para una persona mayor.  Estas necesitan una cierta estabilidad en su d\u00eda a d\u00eda y le gusta la rutina es sus actividades de la vida diaria y tener sus amistades.<\/p>\n\n\n\n<h3 class=\"wp-block-heading\">\u00bfSon importantes las visitas?<\/h3>\n\n\n\n<p>La mayor\u00eda de las personas que est\u00e1n en residencias tienen familia y se anima a las mismas a visitar a los residentes con regularidad y a participar en su cuidado. Los miembros de la familia pueden ofrecer compa\u00f1\u00eda y ayuda con las actividades b\u00e1sicas de la vida diaria, y pueden comunicar mejor las necesidades del residente. Adem\u00e1s, los familiares y amigos que conocen a la persona mayor pueden ayudar a <a href=\"https:\/\/www.inforesidencias.com\/blog\/index.php\/2018\/06\/07\/el-manejo-de-la-persona-mayor-agitada\/\">redirigir los problemas de comportamiento en casos de s\u00edntomas de demencia<\/a> y a brindar tranquilidad a la persona mayor que ha experimentado el cambio de su casa a una residencia.&nbsp;<\/p>\n\n\n\n<p>Por desgracia en muchos casos este cambio de su casa a una residencia, se da tras una circunstancia grave, por ejemplo, tras una hospitalizaci\u00f3n, tras la rotura de alg\u00fan hueso que le impide la movilidad, etc. Es decir, cuando la persona est\u00e1 a nivel f\u00edsico y an\u00edmico en una situaci\u00f3n de gran fragilidad, y es cuando tiene que dejar su casa y todo su mundo conocido para ir a una residencia.&nbsp; El cambio se da en las peores circunstancias posibles, ya que ni lo ha elegido, ni planificado y tiene muchas incertidumbres respecto a su futuro inmediato.&nbsp;&nbsp; <\/p>\n\n\n\n<h3 class=\"wp-block-heading\">Preparaci\u00f3n previa<\/h3>\n\n\n\n<p>Es importante que a una determinada edad se hable de ello en la familia y con la persona mayor. Incluso que se visiten varias residencias para que si se da el caso de necesitar irse a una, por una estancia temporal, o ya definitivamente, esta persona ya este informada y haya tenido tiempo de procesar esa situaci\u00f3n, y sobre todo, ser consciente de la necesidad de realizar ese cambio de hogar.\u00a0 La residencia ser\u00e1 su nuevo hogar y es importante que participe en la decisi\u00f3n ya que le afecta a ella y a su familia de forma directa y es mejor tenerlo pensado de antemano  a la hora de afrontarlo y aceptarlo a nivel emocional y psicol\u00f3gico.<\/p>\n\n\n\n<p>A parte de este art\u00edculo sobre la narrativa en los medios sobre residencias de mayoreste puede interesar otros art\u00edculos al respecto:<\/p>\n\n\n\n<ul><li><a href=\"https:\/\/dependencia.info\/noticia\/5719\/opinion\/la-realidad-es-que-quien-no-llora-no-mama.html\" target=\"_blank\" rel=\"noreferrer noopener\">Quien no llora no mama<\/a><\/li><li>\u00bf<a href=\"https:\/\/www.inforesidencias.com\/blog\/index.php\/2020\/03\/24\/ancianos-que-conviven-con-cadaveres-no-me-lo-creo\/\" target=\"_blank\" rel=\"noreferrer noopener\">Ancianos que conviven con cad\u00e1veres<\/a>? NO me lo creo<\/li><\/ul>\n\n\n\n<p><\/p>\n","protected":false},"excerpt":{"rendered":"<p>La narrativa en algunos medios de comunicaci\u00f3n, sobre todo durante la pandemia, sobre las residencias de mayores ha sido con la intenci\u00f3n de identificarlas como sitios tristes, deprimentes y que hay que evitar ir a toda costa.&nbsp; Tambi\u00e9n estos mismos medios nos continuan brindando el mensaje de que en el caso de ingresar una persona en una residencia hay que entender que esos familiares son unos fracasados. Adem\u00e1s, se intenta crear una sensaci\u00f3n de culpabilidad hacia la familia que deja a su ser querido en una residencia. &nbsp;En resumen, la sociedad (y los medios) nos est\u00e1n diciendo que deber\u00eda ser la familia quien debe cuidar a las personas mayores dependientes &nbsp;(seamos realistas: esta responsabilidad vuelve a caer en las mujeres de la familia). Sorprende que en esta sociedad actual que se considera tan progresista, los medios de comunicaci\u00f3n siguen persistiendo en esta idea de \u201cculpabilizar\u201d a la familia de llevar [&hellip;]<\/p>\n","protected":false},"author":2,"featured_media":6168,"comment_status":"open","ping_status":"open","sticky":false,"template":"","format":"standard","meta":{"footnotes":""},"categories":[1],"tags":[],"yoast_head":"<!-- This site is optimized with the Yoast SEO plugin v21.7 - https:\/\/yoast.com\/wordpress\/plugins\/seo\/ -->\n<title>La narrativa de los medios sobre residencias de mayores - Blog Inforesidencias.com<\/title>\n<meta name=\"description\" content=\"La narrativa en algunos medios de comunicaci\u00f3n sobre las residencias de mayores ha sido identificarlas como sitios tristes y deprimentes.\" \/>\n<meta name=\"robots\" content=\"index, follow, max-snippet:-1, max-image-preview:large, max-video-preview:-1\" \/>\n<link rel=\"canonical\" href=\"https:\/\/www.inforesidencias.com\/blog\/index.php\/2022\/11\/26\/la-narrativa-de-los-medios-sobre-residencias-de-mayores\/\" \/>\n<meta property=\"og:locale\" content=\"es_ES\" \/>\n<meta property=\"og:type\" content=\"article\" \/>\n<meta property=\"og:title\" content=\"La narrativa de los medios sobre residencias de mayores - Blog Inforesidencias.com\" \/>\n<meta property=\"og:description\" content=\"La narrativa en algunos medios de comunicaci\u00f3n sobre las residencias de mayores ha sido identificarlas como sitios tristes y deprimentes.\" \/>\n<meta property=\"og:url\" content=\"https:\/\/www.inforesidencias.com\/blog\/index.php\/2022\/11\/26\/la-narrativa-de-los-medios-sobre-residencias-de-mayores\/\" \/>\n<meta property=\"og:site_name\" content=\"Blog Inforesidencias.com\" \/>\n<meta property=\"article:publisher\" content=\"https:\/\/www.facebook.com\/Inforesidencias\/\" \/>\n<meta property=\"article:author\" content=\"https:\/\/www.facebook.com\/josep.demarti\" \/>\n<meta property=\"article:published_time\" content=\"2022-11-26T04:16:00+00:00\" \/>\n<meta property=\"article:modified_time\" content=\"2022-11-24T14:18:45+00:00\" \/>\n<meta property=\"og:image\" content=\"https:\/\/www.inforesidencias.com\/blog\/wp-content\/uploads\/2022\/11\/Captura-de-Pantalla-2022-11-24-a-las-11.39.56.png\" \/>\n\t<meta property=\"og:image:width\" content=\"560\" \/>\n\t<meta property=\"og:image:height\" content=\"700\" \/>\n\t<meta property=\"og:image:type\" content=\"image\/png\" \/>\n<meta name=\"author\" content=\"Josep de Mart\u00ed\" \/>\n<meta name=\"twitter:card\" content=\"summary_large_image\" \/>\n<meta name=\"twitter:creator\" content=\"@blog-ir\" \/>\n<meta name=\"twitter:site\" content=\"@inforesidencias\" \/>\n<meta name=\"twitter:label1\" content=\"Escrito por\" \/>\n\t<meta name=\"twitter:data1\" content=\"Josep de Mart\u00ed\" \/>\n\t<meta name=\"twitter:label2\" content=\"Tiempo de lectura\" \/>\n\t<meta name=\"twitter:data2\" content=\"5 minutos\" \/>\n<script type=\"application\/ld+json\" class=\"yoast-schema-graph\">{\"@context\":\"https:\/\/schema.org\",\"@graph\":[{\"@type\":\"WebPage\",\"@id\":\"https:\/\/www.inforesidencias.com\/blog\/index.php\/2022\/11\/26\/la-narrativa-de-los-medios-sobre-residencias-de-mayores\/\",\"url\":\"https:\/\/www.inforesidencias.com\/blog\/index.php\/2022\/11\/26\/la-narrativa-de-los-medios-sobre-residencias-de-mayores\/\",\"name\":\"La narrativa de los medios sobre residencias de mayores - Blog Inforesidencias.com\",\"isPartOf\":{\"@id\":\"https:\/\/www.inforesidencias.com\/blog\/#website\"},\"datePublished\":\"2022-11-26T04:16:00+00:00\",\"dateModified\":\"2022-11-24T14:18:45+00:00\",\"author\":{\"@id\":\"https:\/\/www.inforesidencias.com\/blog\/#\/schema\/person\/9e146774d1eb3bc1c0316242a3898628\"},\"description\":\"La narrativa en algunos medios de comunicaci\u00f3n sobre las residencias de mayores ha sido identificarlas como sitios tristes y deprimentes.\",\"breadcrumb\":{\"@id\":\"https:\/\/www.inforesidencias.com\/blog\/index.php\/2022\/11\/26\/la-narrativa-de-los-medios-sobre-residencias-de-mayores\/#breadcrumb\"},\"inLanguage\":\"es\",\"potentialAction\":[{\"@type\":\"ReadAction\",\"target\":[\"https:\/\/www.inforesidencias.com\/blog\/index.php\/2022\/11\/26\/la-narrativa-de-los-medios-sobre-residencias-de-mayores\/\"]}]},{\"@type\":\"BreadcrumbList\",\"@id\":\"https:\/\/www.inforesidencias.com\/blog\/index.php\/2022\/11\/26\/la-narrativa-de-los-medios-sobre-residencias-de-mayores\/#breadcrumb\",\"itemListElement\":[{\"@type\":\"ListItem\",\"position\":1,\"name\":\"Home\",\"item\":\"https:\/\/www.inforesidencias.com\/blog\/\"},{\"@type\":\"ListItem\",\"position\":2,\"name\":\"La narrativa de los medios sobre residencias de mayores\"}]},{\"@type\":\"WebSite\",\"@id\":\"https:\/\/www.inforesidencias.com\/blog\/#website\",\"url\":\"https:\/\/www.inforesidencias.com\/blog\/\",\"name\":\"Blog Inforesidencias.com\",\"description\":\"El buscador de residencias de la 3\u00aa edad\",\"potentialAction\":[{\"@type\":\"SearchAction\",\"target\":{\"@type\":\"EntryPoint\",\"urlTemplate\":\"https:\/\/www.inforesidencias.com\/blog\/?s={search_term_string}\"},\"query-input\":\"required name=search_term_string\"}],\"inLanguage\":\"es\"},{\"@type\":\"Person\",\"@id\":\"https:\/\/www.inforesidencias.com\/blog\/#\/schema\/person\/9e146774d1eb3bc1c0316242a3898628\",\"name\":\"Josep de Mart\u00ed\",\"image\":{\"@type\":\"ImageObject\",\"inLanguage\":\"es\",\"@id\":\"https:\/\/www.inforesidencias.com\/blog\/#\/schema\/person\/image\/\",\"url\":\"https:\/\/secure.gravatar.com\/avatar\/de0302c4806c00c4cebff396a798c1ff?s=96&d=mm&r=g\",\"contentUrl\":\"https:\/\/secure.gravatar.com\/avatar\/de0302c4806c00c4cebff396a798c1ff?s=96&d=mm&r=g\",\"caption\":\"Josep de Mart\u00ed\"},\"sameAs\":[\"https:\/\/www.inforesidencias.com\",\"https:\/\/www.facebook.com\/josep.demarti\",\"https:\/\/twitter.com\/blog-ir\"],\"url\":\"https:\/\/www.inforesidencias.com\/blog\/index.php\/author\/josepdemarti\/\"}]}<\/script>\n<!-- \/ Yoast SEO plugin. -->","yoast_head_json":{"title":"La narrativa de los medios sobre residencias de mayores - Blog Inforesidencias.com","description":"La narrativa en algunos medios de comunicaci\u00f3n sobre las residencias de mayores ha sido identificarlas como sitios tristes y deprimentes.","robots":{"index":"index","follow":"follow","max-snippet":"max-snippet:-1","max-image-preview":"max-image-preview:large","max-video-preview":"max-video-preview:-1"},"canonical":"https:\/\/www.inforesidencias.com\/blog\/index.php\/2022\/11\/26\/la-narrativa-de-los-medios-sobre-residencias-de-mayores\/","og_locale":"es_ES","og_type":"article","og_title":"La narrativa de los medios sobre residencias de mayores - Blog Inforesidencias.com","og_description":"La narrativa en algunos medios de comunicaci\u00f3n sobre las residencias de mayores ha sido identificarlas como sitios tristes y deprimentes.","og_url":"https:\/\/www.inforesidencias.com\/blog\/index.php\/2022\/11\/26\/la-narrativa-de-los-medios-sobre-residencias-de-mayores\/","og_site_name":"Blog Inforesidencias.com","article_publisher":"https:\/\/www.facebook.com\/Inforesidencias\/","article_author":"https:\/\/www.facebook.com\/josep.demarti","article_published_time":"2022-11-26T04:16:00+00:00","article_modified_time":"2022-11-24T14:18:45+00:00","og_image":[{"width":560,"height":700,"url":"https:\/\/www.inforesidencias.com\/blog\/wp-content\/uploads\/2022\/11\/Captura-de-Pantalla-2022-11-24-a-las-11.39.56.png","type":"image\/png"}],"author":"Josep de Mart\u00ed","twitter_card":"summary_large_image","twitter_creator":"@blog-ir","twitter_site":"@inforesidencias","twitter_misc":{"Escrito por":"Josep de Mart\u00ed","Tiempo de lectura":"5 minutos"},"schema":{"@context":"https:\/\/schema.org","@graph":[{"@type":"WebPage","@id":"https:\/\/www.inforesidencias.com\/blog\/index.php\/2022\/11\/26\/la-narrativa-de-los-medios-sobre-residencias-de-mayores\/","url":"https:\/\/www.inforesidencias.com\/blog\/index.php\/2022\/11\/26\/la-narrativa-de-los-medios-sobre-residencias-de-mayores\/","name":"La narrativa de los medios sobre residencias de mayores - Blog Inforesidencias.com","isPartOf":{"@id":"https:\/\/www.inforesidencias.com\/blog\/#website"},"datePublished":"2022-11-26T04:16:00+00:00","dateModified":"2022-11-24T14:18:45+00:00","author":{"@id":"https:\/\/www.inforesidencias.com\/blog\/#\/schema\/person\/9e146774d1eb3bc1c0316242a3898628"},"description":"La narrativa en algunos medios de comunicaci\u00f3n sobre las residencias de mayores ha sido identificarlas como sitios tristes y deprimentes.","breadcrumb":{"@id":"https:\/\/www.inforesidencias.com\/blog\/index.php\/2022\/11\/26\/la-narrativa-de-los-medios-sobre-residencias-de-mayores\/#breadcrumb"},"inLanguage":"es","potentialAction":[{"@type":"ReadAction","target":["https:\/\/www.inforesidencias.com\/blog\/index.php\/2022\/11\/26\/la-narrativa-de-los-medios-sobre-residencias-de-mayores\/"]}]},{"@type":"BreadcrumbList","@id":"https:\/\/www.inforesidencias.com\/blog\/index.php\/2022\/11\/26\/la-narrativa-de-los-medios-sobre-residencias-de-mayores\/#breadcrumb","itemListElement":[{"@type":"ListItem","position":1,"name":"Home","item":"https:\/\/www.inforesidencias.com\/blog\/"},{"@type":"ListItem","position":2,"name":"La narrativa de los medios sobre residencias de mayores"}]},{"@type":"WebSite","@id":"https:\/\/www.inforesidencias.com\/blog\/#website","url":"https:\/\/www.inforesidencias.com\/blog\/","name":"Blog Inforesidencias.com","description":"El buscador de residencias de la 3\u00aa edad","potentialAction":[{"@type":"SearchAction","target":{"@type":"EntryPoint","urlTemplate":"https:\/\/www.inforesidencias.com\/blog\/?s={search_term_string}"},"query-input":"required name=search_term_string"}],"inLanguage":"es"},{"@type":"Person","@id":"https:\/\/www.inforesidencias.com\/blog\/#\/schema\/person\/9e146774d1eb3bc1c0316242a3898628","name":"Josep de Mart\u00ed","image":{"@type":"ImageObject","inLanguage":"es","@id":"https:\/\/www.inforesidencias.com\/blog\/#\/schema\/person\/image\/","url":"https:\/\/secure.gravatar.com\/avatar\/de0302c4806c00c4cebff396a798c1ff?s=96&d=mm&r=g","contentUrl":"https:\/\/secure.gravatar.com\/avatar\/de0302c4806c00c4cebff396a798c1ff?s=96&d=mm&r=g","caption":"Josep de Mart\u00ed"},"sameAs":["https:\/\/www.inforesidencias.com","https:\/\/www.facebook.com\/josep.demarti","https:\/\/twitter.com\/blog-ir"],"url":"https:\/\/www.inforesidencias.com\/blog\/index.php\/author\/josepdemarti\/"}]}},"_links":{"self":[{"href":"https:\/\/www.inforesidencias.com\/blog\/index.php\/wp-json\/wp\/v2\/posts\/6159"}],"collection":[{"href":"https:\/\/www.inforesidencias.com\/blog\/index.php\/wp-json\/wp\/v2\/posts"}],"about":[{"href":"https:\/\/www.inforesidencias.com\/blog\/index.php\/wp-json\/wp\/v2\/types\/post"}],"author":[{"embeddable":true,"href":"https:\/\/www.inforesidencias.com\/blog\/index.php\/wp-json\/wp\/v2\/users\/2"}],"replies":[{"embeddable":true,"href":"https:\/\/www.inforesidencias.com\/blog\/index.php\/wp-json\/wp\/v2\/comments?post=6159"}],"version-history":[{"count":15,"href":"https:\/\/www.inforesidencias.com\/blog\/index.php\/wp-json\/wp\/v2\/posts\/6159\/revisions"}],"predecessor-version":[{"id":6179,"href":"https:\/\/www.inforesidencias.com\/blog\/index.php\/wp-json\/wp\/v2\/posts\/6159\/revisions\/6179"}],"wp:featuredmedia":[{"embeddable":true,"href":"https:\/\/www.inforesidencias.com\/blog\/index.php\/wp-json\/wp\/v2\/media\/6168"}],"wp:attachment":[{"href":"https:\/\/www.inforesidencias.com\/blog\/index.php\/wp-json\/wp\/v2\/media?parent=6159"}],"wp:term":[{"taxonomy":"category","embeddable":true,"href":"https:\/\/www.inforesidencias.com\/blog\/index.php\/wp-json\/wp\/v2\/categories?post=6159"},{"taxonomy":"post_tag","embeddable":true,"href":"https:\/\/www.inforesidencias.com\/blog\/index.php\/wp-json\/wp\/v2\/tags?post=6159"}],"curies":[{"name":"wp","href":"https:\/\/api.w.org\/{rel}","templated":true}]}}